{"id":23216,"date":"2024-02-29T15:14:32","date_gmt":"2024-02-29T13:14:32","guid":{"rendered":"https:\/\/www.eagora.app\/kit-digital-a-eagora-impulsant-la-transformacio-digital-de-les-empreses\/"},"modified":"2024-03-06T18:03:08","modified_gmt":"2024-03-06T16:03:08","slug":"kit-digital-a-eagora-impulsant-la-transformacio-digital-de-les-empreses","status":"publish","type":"post","link":"https:\/\/www.eagora.app\/ca\/conocimiento\/kit-digital-a-eagora-impulsant-la-transformacio-digital-de-les-empreses\/","title":{"rendered":"Kit Digital a eAgora?: Impulsant la Transformaci\u00f3 Digital de les Empreses"},"content":{"rendered":"<h2><b>Impulsant la Transformaci\u00f3 Digital de les Empreses amb el Kit Digital eAgora<\/b><\/h2>\n<p><span style=\"font-weight: 400;\">En plena era digital, les empreses busquen constantment maneres d&#8217;adaptar-se i prosperar. Aqu\u00ed \u00e9s on eAgora i el Kit Digital es converteixen en protagonistes indiscutibles d&#8217;aquest canvi. En aquest article descobrir\u00e0s com el Kit Digital eAgora pot ser el catalitzador que necessites per a transformar digitalment la teva empresa.<\/span><\/p>\n<ul>\n<li style=\"font-weight: 400;\" aria-level=\"1\"><span style=\"font-weight: 400;\">1. Qu\u00e8 \u00e9s el Kit Digital?<\/span><\/li>\n<li style=\"font-weight: 400;\" aria-level=\"1\"><span style=\"font-weight: 400;\">2. Explicaci\u00f3 del Kit Digital<\/span><\/li>\n<li style=\"font-weight: 400;\" aria-level=\"1\"><span style=\"font-weight: 400;\">3. En qu\u00e8 consisteixen les ajudes del Kit Digital?<\/span><\/li>\n<li style=\"font-weight: 400;\" aria-level=\"1\"><span style=\"font-weight: 400;\">4. Qu\u00e8 \u00e9s Espanya Digital 2025?<\/span><\/li>\n<li style=\"font-weight: 400;\" aria-level=\"1\"><span style=\"font-weight: 400;\">5. Vols sol\u00b7licitar el Kit Digital amb eAgora?<\/span><\/li>\n<li style=\"font-weight: 400;\" aria-level=\"1\"><span style=\"font-weight: 400;\">6. Qui pot sol\u00b7licitar l&#8217;ajuda i quins tipus de segments hi ha?<\/span><\/li>\n<li style=\"font-weight: 400;\" aria-level=\"1\"><span style=\"font-weight: 400;\">7. Requisits per a poder sol\u00b7licitar el Kit Digital<\/span><\/li>\n<li style=\"font-weight: 400;\" aria-level=\"1\"><span style=\"font-weight: 400;\">8. Preguntes freq\u00fcents sobre Kit Digital<\/span><\/li>\n<\/ul>\n<h2><b>1. Qu\u00e8 \u00e9s el Kit Digital?<\/b><\/h2>\n<p><span style=\"font-weight: 400;\">El Kit Digital, en el marc de la iniciativa eAgora, es presenta com una soluci\u00f3 governamental pionera destinada a impulsar la digitalitzaci\u00f3 de petites i mitjanes empreses, aut\u00f2noms, i ara, estenent el seu abast, tamb\u00e9 a empreses. <\/span><\/p>\n<p><span style=\"font-weight: 400;\">Aquesta iniciativa \u00e9s molt m\u00e9s que un simple programa de subvencions; \u00e9s un pont cap a la modernitzaci\u00f3 i l&#8217;efici\u00e8ncia operativa, dissenyat per a adaptar-se a les necessitats canviants de la nostra societat digital.<\/span><\/p>\n<p><span style=\"font-weight: 400;\">La digitalitzaci\u00f3, en el context actual, \u00e9s una necessitat imperant m\u00e9s que un luxe. Les empreses o entitats que es mantenen al marge d&#8217;aquesta transformaci\u00f3 digital corren el risc de quedar-se obsoletes, perdent competitivitat i rellev\u00e0ncia en un mercat cada vegada m\u00e9s interconnectat. <\/span><\/p>\n<p><span style=\"font-weight: 400;\">El Kit Digital, per tant, no sols ofereix un mitj\u00e0 per a actualitzar les eines tecnol\u00f2giques d&#8217;una empresa, sin\u00f3 que tamb\u00e9 representa un comprom\u00eds amb el futur, un pas endavant cap a la integraci\u00f3 digital plena.<\/span><\/p>\n<p><span style=\"font-weight: 400;\">L&#8217;ess\u00e8ncia del Kit Digital radica en la seva flexibilitat i en la seva capacitat per a oferir solucions a mesura. Ja sigui millorant la pres\u00e8ncia en l\u00ednia d&#8217;una empresa, optimitzant els seus processos interns amb programari avan\u00e7at, o assegurant les seves operacions digitals contra ciberatacs, el programa es configura com un catalitzador de canvi. <\/span><\/p>\n<p><span style=\"font-weight: 400;\">Aquest canvi no sols \u00e9s tecnol\u00f2gic sin\u00f3 tamb\u00e9 cultural, impulsant a les organitzacions a pensar i operar de manera m\u00e9s din\u00e0mica i eficient.<\/span><\/p>\n<p><span style=\"font-weight: 400;\">Les ajudes ofertes pel Kit Digital, que varien segons la grand\u00e0ria i les necessitats espec\u00edfiques de cada empresa, no s\u00f3n simplement incentius econ\u00f2mics; s\u00f3n una inversi\u00f3 en el futur digital de les nostres comunitats. <\/span><\/p>\n<p><span style=\"font-weight: 400;\">Amb sumes que poden aconseguir fins als 12.000 euros, aquestes subvencions es converteixen en el recurs ideal per a adoptar tecnologies que abans podien semblar inassolibles. Per tant, el Kit Digital s&#8217;estableix no sols com un programa d&#8217;ajuda, sin\u00f3 com un veritable soci en el cam\u00ed cap a la digitalitzaci\u00f3.<\/span><\/p>\n<h2><b>2. Explicaci\u00f3 i Entorn del Kit Digital<\/b><\/h2>\n<p><span style=\"font-weight: 400;\">El Kit Digital emergeix com una eina crucial, especialment en una \u00e8poca on la transformaci\u00f3 digital no \u00e9s una opci\u00f3, sin\u00f3 una necessitat imperant per a sobreviure i prosperar. La iniciativa s&#8217;enfoca a eliminar les barreres que impedeixen a les petites i mitjanes empreses i aut\u00f2noms integrar-se plenament en l&#8217;ecosistema digital. <\/span><\/p>\n<p><span style=\"font-weight: 400;\">En fer-ho, no sols es facilita la seva transici\u00f3 cap a operacions m\u00e9s eficients i modernes, sin\u00f3 que tamb\u00e9 es potencia la seva competitivitat en un mercat global cada vegada m\u00e9s dependent de la tecnologia.<\/span><\/p>\n<p><span style=\"font-weight: 400;\"><strong>La gamma de solucions digitals que abasta el Kit Digital \u00e9s \u00e0mplia<\/strong> i abasta des de la implementaci\u00f3 d&#8217;estrat\u00e8gies de m\u00e0rqueting digital per a enfortir la pres\u00e8ncia en l\u00ednia fins a l&#8217;adopci\u00f3 de sistemes de gesti\u00f3 interna que automatitzen i optimitzen els processos operatius. <\/span><\/p>\n<p><span style=\"font-weight: 400;\">Aquesta diversitat assegura que cada empresa pugui trobar i adaptar les eines que millor s&#8217;ajustin a les seves necessitats espec\u00edfiques, permetent-los no sols aconseguir sin\u00f3 superar els seus objectius de digitalitzaci\u00f3. <\/span><\/p>\n<p><span style=\"font-weight: 400;\">La rellev\u00e0ncia del Kit Digital es magnifica encara m\u00e9s quan considerem el marc d&#8217;acci\u00f3 de eAgora, un agent digitalitzador que es posiciona com un aliat estrat\u00e8gic en aquest viatge cap a la digitalitzaci\u00f3. <\/span><\/p>\n<p><span style=\"font-weight: 400;\">La col\u00b7laboraci\u00f3 amb eAgora permet a les empreses accedir a una orientaci\u00f3 experta i personalitzada, assegurant que la transici\u00f3 digital es realitzi de manera fluida i efica\u00e7 <\/span><\/p>\n<p><span style=\"font-weight: 400;\">eAgora no sols facilita el proc\u00e9s de sol\u00b7licitud de les subvencions del Kit Digital sin\u00f3 que tamb\u00e9 proveeix un cat\u00e0leg de solucions digitals que poden ser integrades de manera cohesiva en les operacions di\u00e0ries de les empreses, promovent aix\u00ed una veritable transformaci\u00f3 digital.<\/span><\/p>\n<h2><b>3. En qu\u00e8 consisteixen les ajudes del Kit Digital?<\/b><\/h2>\n<p><span style=\"font-weight: 400;\">En el cor del Pla de Recuperaci\u00f3, Transformaci\u00f3 i Resili\u00e8ncia es troba el Kit Digital, una iniciativa clau en l&#8217;agenda Espanya Digital 2025 i el Pla de Digitalitzaci\u00f3 de Pimes 2021-2025, dissenyada per a catalitzar la transici\u00f3 digital de petites empreses, microempreses i treballadors aut\u00f2noms. <\/span><\/p>\n<p><span style=\"font-weight: 400;\">A trav\u00e9s d&#8217;aquest programa, es busca anivellar el terreny de joc digital, oferint ajudes econ\u00f2miques que facilitin l&#8217;adopci\u00f3 de tecnologies avan\u00e7ades, des de la gesti\u00f3 de xarxes socials fins a solucions de seguretat cibern\u00e8tica, cadascuna seleccionada amb la finalitat de maximitzar el potencial de digitalitzaci\u00f3 de les empreses beneficiades.<\/span><\/p>\n<h3><span style=\"font-weight: 400;\"><strong>L&#8217;estructura del Kit Digital:<\/strong><\/span><\/h3>\n<p><span style=\"font-weight: 400;\">Amb ajudes que oscil\u00b7len entre els 2.000 i els 12.000 euros, \u00e9s testimoniatge del comprom\u00eds governamental amb la digitalitzaci\u00f3 inclusiva. Aquests bons digitals estan meticulosament calibrats per a abordar les necessitats espec\u00edfiques de digitalitzaci\u00f3 de cada empresa, permetent una personalitzaci\u00f3 sense precedents en la selecci\u00f3 de solucions tecnol\u00f2giques. <\/span><\/p>\n<p><span style=\"font-weight: 400;\">Tal flexibilitat assegura que tant les petites empreses com els aut\u00f2noms puguin aprofitar al m\u00e0xim la digitalitzaci\u00f3, adaptant les eines tecnol\u00f2giques a les seves operacions \u00faniques i objectius de negoci.<\/span><\/p>\n<h3><span style=\"font-weight: 400;\"><strong>Les categories de solucions digitals:<\/strong><\/span><\/h3>\n<p><span style=\"font-weight: 400;\">Disponibles sota el Kit Digital abasten un ampli espectre, des de l&#8217;enfortiment de la pres\u00e8ncia en internet i el comer\u00e7 electr\u00f2nic fins a la implementaci\u00f3 de sistemes de gesti\u00f3 de processos i l&#8217;adopci\u00f3 de mesures de ciberseguretat. <\/span><\/p>\n<p><span style=\"font-weight: 400;\">Disponibles sota el Kit Digital abasten un ampli espectre, des de l&#8217;enfortiment de la pres\u00e8ncia en internet i el comer\u00e7 electr\u00f2nic fins a la implementaci\u00f3 de sistemes de gesti\u00f3 de processos i l&#8217;adopci\u00f3 de mesures de ciberseguretat. <\/span><\/p>\n<p><span style=\"font-weight: 400;\">Amb eAgora emergint com un nou agent digitalitzador, les entitats i empreses tenen ara acc\u00e9s a un aliat estrat\u00e8gic capa\u00e7 de guiar-los a trav\u00e9s del proc\u00e9s de digitalitzaci\u00f3, assegurant que seleccionin les solucions que millor s&#8217;ajustin a les seves necessitats i ambicions.<\/span><\/p>\n<p><span style=\"font-weight: 400;\">L&#8217;impacte d&#8217;aquestes ajudes s&#8217;est\u00e9n m\u00e9s enll\u00e0 de la simple adopci\u00f3 de noves tecnologies; es tracta d&#8217;una transformaci\u00f3 fonamental en la forma en qu\u00e8 les empreses operen, interactuen amb els seus clients i competeixen en el mercat. <\/span><\/p>\n<p><span style=\"font-weight: 400;\">En democratitzar l&#8217;acc\u00e9s a la digitalitzaci\u00f3, el Kit Digital no sols impulsa la<strong>efici\u00e8ncia operativa i la innovaci\u00f3<\/strong> sin\u00f3 que tamb\u00e9 fomenta un ecosistema empresarial m\u00e9s resilient i adaptable.<\/span><\/p>\n<p><span style=\"font-weight: 400;\">Finalment, la durada de la prestaci\u00f3 del servei de 12 mesos assegura que les empreses no sols implementin les solucions digitals, sin\u00f3 que tamb\u00e9 s&#8217;integrin plenament en les seves operacions, permetent una transici\u00f3 suau cap a pr\u00e0ctiques de negoci digitalitzades i sostenibles. <\/span><\/p>\n<p><span style=\"font-weight: 400;\">En aquest context, el Kit Digital es posiciona com una pedra angular en l&#8217;estrat\u00e8gia nacional per a impulsar la digitalitzaci\u00f3, representant un pas decisiu cap a la realitzaci\u00f3 de la visi\u00f3 d&#8217;Espanya Digital 2025.<\/span><\/p>\n<h2><b>4. Qu\u00e8 \u00e9s Espanya Digital 2025 amb el Kit Digital?<\/b><\/h2>\n<p><span style=\"font-weight: 400;\">Espanya Digital 2025 s&#8217;erigeix com el far que guia cap a una transformaci\u00f3 integral, marcant el rumb cap a l&#8217;excel\u00b7l\u00e8ncia digital en el continent europeu. <\/span><\/p>\n<p><span style=\"font-weight: 400;\"><strong>Espanya Digital 2025 s&#8217;erigeix com el far que guia cap a una Aquesta estrat\u00e8gia nacional no \u00e9s nom\u00e9s un conjunt d&#8217;objectius a aconseguir<\/strong>; \u00e9s una declaraci\u00f3 d&#8217;intencions, un comprom\u00eds ferm amb el futur digital del pa\u00eds, que abasta tots els sectors de l&#8217;economia i la societat. <\/span><\/p>\n<p><span style=\"font-weight: 400;\">Mitjan\u00e7ant un enfocament hol\u00edstic i col\u00b7laboratiu, es pret\u00e9n no sols aconseguir, sin\u00f3 liderar l&#8217;avantguarda de la innovaci\u00f3 i la digitalitzaci\u00f3, establint a Espanya com un referent indiscutible en la mat\u00e8ria.<\/span><\/p>\n<p><span style=\"font-weight: 400;\">El cor d&#8217;Espanya Digital 2025 batega al ritme de diverses prioritats estrat\u00e8giques, cadascuna dissenyada per a catalitzar canvis significatius i duradors. <\/span><\/p>\n<h3><b>Millora de la connectivitat.<\/b><span style=\"font-weight: 400;\"> <\/span><\/h3>\n<p><span style=\"font-weight: 400;\">Reconeixent que l&#8217;acc\u00e9s a internet d&#8217;alta velocitat \u00e9s un dret b\u00e0sic en l&#8217;era moderna, es busquen implementar infraestructures que assegurin una cobertura universal, eliminant aix\u00ed les bretxes digitals entre \u00e0rees urbanes i rurals, i garantint que tots els ciutadans i empreses puguin participar plenament en l&#8217;economia digital.<\/span><\/p>\n<h3><b>Desenvolupament de compet\u00e8ncies digitals<\/b><\/h3>\n<p><span style=\"font-weight: 400;\"> En un m\u00f3n on la tecnologia evoluciona a un ritme vertigin\u00f3s, la capacitaci\u00f3 i actualitzaci\u00f3 constants es converteixen en eines essencials per a la inclusi\u00f3 i la competitivitat. <\/span><\/p>\n<p><span style=\"font-weight: 400;\">Per aix\u00f2, Espanya Digital 2025 posa un especial \u00e8mfasi en la formaci\u00f3 digital, des del sistema educatiu fins a la formaci\u00f3 cont\u00ednua de la for\u00e7a laboral, assegurant aix\u00ed que tots els espanyols estiguin equipats amb les habilitats necess\u00e0ries per a prosperar en el nou panorama digital.<\/span><\/p>\n<h3><b>Transformaci\u00f3 digital de l&#8217;economia i la societat<\/b><\/h3>\n<p><span style=\"font-weight: 400;\">Impulsant la digitalitzaci\u00f3 de les empreses, especialment les pimes, i la incorporaci\u00f3 de tecnologies emergents en tots els sectors productius. Aix\u00f2 no sols millorar\u00e0 l&#8217;efici\u00e8ncia i la sostenibilitat de les empreses sin\u00f3 que tamb\u00e9 fomentar\u00e0 la innovaci\u00f3 i l&#8217;emprenedoria, pilars fonamentals per al creixement econ\u00f2mic i la creaci\u00f3 d&#8217;ocupaci\u00f3 de qualitat.<\/span><\/p>\n<h2><b>5. Vols sol\u00b7licitar el Kit Digital amb eAgora?<\/b><\/h2>\n<p><span style=\"font-weight: 400;\">Optar pel Kit Digital a trav\u00e9s de eAgora representa una decisi\u00f3 estrat\u00e8gica per a qualsevol empresa que desitgi embarcar-se en el viatge de la transformaci\u00f3 digital. <\/span><\/p>\n<p><span style=\"font-weight: 400;\">eAgora, distingint-se com un agent digitalitzador destacat, ofereix una guia experta i personalitzada al llarg de tot el proc\u00e9s de sol\u00b7licitud, assegurant que cada pas es prengui amb el major enteniment i precisi\u00f3. <\/span><\/p>\n<p><span style=\"font-weight: 400;\">Aquest acompanyament \u00e9s vital, considerant la diversitat i complexitat de les solucions digitals disponibles en el mercat actual.<\/span><\/p>\n<h3><strong>En col\u00b7laborar amb eAgora:<\/strong><\/h3>\n<p><span style=\"font-weight: 400;\">Les empreses no sols reben assist\u00e8ncia en la selecci\u00f3 d&#8217;eines tecnol\u00f2giques que millor s&#8217;adapten a les seves necessitats espec\u00edfiques, sin\u00f3 que tamb\u00e9 es beneficien d&#8217;un assessorament detallat sobre com integrar aquestes solucions per a obtenir el m\u00e0xim impacte. <\/span><\/p>\n<p><span style=\"font-weight: 400;\">L&#8217;experi\u00e8ncia i el coneixement de eAgora en l&#8217;ecosistema digital permeten a les empreses aprofitar les subvencions del Kit Digital de manera que realment transformi les seves operacions, comunicacions i serveis.<\/span><\/p>\n<p><span style=\"font-weight: 400;\">El proc\u00e9s de sol\u00b7licitud, encara que pot semblar descoratjador al principi, se simplifica considerablement amb l&#8217;ajuda de eAgora. Des de la comprensi\u00f3 dels requisits fins a la preparaci\u00f3 de la documentaci\u00f3 necess\u00e0ria i el seguiment de la sol\u00b7licitud, eAgora s&#8217;assegura que les empreses puguin navegar pel proc\u00e9s amb facilitat i confian\u00e7a. <\/span><\/p>\n<p><span style=\"font-weight: 400;\">Aquest nivell de suport \u00e9s inavaluable, especialment per a aquelles organitzacions que poden ser noves en la digitalitzaci\u00f3 o que no tenen els recursos interns per a gestionar el proc\u00e9s de sol\u00b7licitud per si mateixes.<\/span><\/p>\n<h3><strong>Aquest agent digitalitzador:<\/strong><\/h3>\n<p><span style=\"font-weight: 400;\">Facilita un ventall de serveis essencials per a la modernitzaci\u00f3 de qualsevol negoci, abastant des de la creaci\u00f3 d&#8217;un lloc web i l&#8217;enfortiment de la pres\u00e8ncia en l\u00ednia fins a l&#8217;optimitzaci\u00f3 de processos interns i la implementaci\u00f3 d&#8217;oficines virtuals.<\/span><\/p>\n<p><span style=\"font-weight: 400;\">Amb una inversi\u00f3 que pot aconseguir fins a els<strong>2000\u20ac per al desenvolupament i millora de la pres\u00e8ncia en internet<\/strong> i fins a<strong>6000\u20ac per a la gesti\u00f3 de processos<\/strong>, que inclou llic\u00e8ncies per a fins a deu usuaris, eAgora es posiciona com un aliat clau per a la digitalitzaci\u00f3 de les operacions empresarials. <\/span><\/p>\n<p><span style=\"font-weight: 400;\">Ofereix solucions per a <strong>oficines virtuals a 250\u20ac per usuari<\/strong>, permetent una flexibilitat i adaptabilitat sense precedents per a equips de qualsevol grand\u00e0ria.<\/span><\/p>\n<p><span style=\"font-weight: 400;\">\u00c9s important destacar que les sumes esmentades representen el l\u00edmit m\u00e0xim que es pot sol\u00b7licitar per cada segment del Kit Digital que eAgora est\u00e0 capacitat per a oferir. <\/span><\/p>\n<p><span style=\"font-weight: 400;\">Brinda a les empreses la llibertat de triar i adaptar les solucions que millor s&#8217;ajustin a les seves necessitats espec\u00edfiques, assegurant una inversi\u00f3 intel\u00b7ligent i dirigida cap a la digitalitzaci\u00f3 efectiva de les seves operacions. <\/span><\/p>\n<p><span style=\"font-weight: 400;\">Amb <a href=\"https:\/\/www.eagora.app\">eAgora<\/a>, la transformaci\u00f3 digital est\u00e0 a l&#8217;abast de tots, obrint portes a noves oportunitats de creixement i competitivitat en el mercat digital.<\/span><\/p>\n<h2><b>6. Qui pot sol\u00b7licitar l&#8217;ajuda i quins tipus de segments hi ha?<\/b><\/h2>\n<p><span style=\"font-weight: 400;\"><strong>La iniciativa del Kit Digital<\/strong>, dissenyada per a estimular la digitalitzaci\u00f3 de diversos sectors de l&#8217;economia espanyola, obre les seves portes a un ampli ventall de beneficiaris. <\/span><\/p>\n<p><span style=\"font-weight: 400;\">Des de petites empreses fins a microempreses, passant per aut\u00f2noms i estenent-se a empreses i aut\u00f2noms, el programa busca ser un catalitzador en la transformaci\u00f3 digital de la societat.<\/span><\/p>\n<p><span style=\"font-weight: 400;\">Aquesta inclusivitat reflecteix un <strong>enfocament estrat\u00e8gic<\/strong> i considerat, destinat a abra\u00e7ar i elevar el teixit empresarial i comunitari en el seu conjunt, assegurant que ning\u00fa quedi enrere en l&#8217;era digital.<\/span><\/p>\n<p><span style=\"font-weight: 400;\">Els segments dins del programa estan acuradament definits per a atendre les variades dimensions i necessitats espec\u00edfiques dels sol\u00b7licitants, garantint aix\u00ed que l&#8217;ajuda proporcionada sigui tant pertinent com efectiva. <\/span><\/p>\n<p><span style=\"font-weight: 400;\">Per a les <strong>petites empreses<\/strong>, que constitueixen una part vital de l&#8217;economia, les ajudes es dissenyen per a abordar els desafiaments \u00fanics que enfronten en la digitalitzaci\u00f3 de les seves operacions. <\/span><\/p>\n<p><span style=\"font-weight: 400;\">Aix\u00f2 inclou des de la implementaci\u00f3 de noves tecnologies fins a la capacitaci\u00f3 de la seva for\u00e7a laboral en compet\u00e8ncies digitals, facilitant aix\u00ed un cam\u00ed m\u00e9s suau cap a la seva transformaci\u00f3 digital.<\/span><\/p>\n<p><strong>Les<\/strong> <strong style=\"font-weight: 400;\">microempreses i els aut\u00f2noms<\/strong>, que sovint operen amb recursos limitats, troben en el Kit Digital una oportunitat inavaluable per a accedir a eines i serveis que d&#8217;una altra manera podrien estar fos del seu abast.<\/p>\n<p>La personalitzaci\u00f3 de les ajudes per a aquest segment assegura que puguin maximitzar la seva efici\u00e8ncia operativa i competitivitat en el mercat, sense imposar una c\u00e0rrega financera insostenible.<\/p>\n<p><span style=\"font-weight: 400;\">Recentment, l&#8217;expansi\u00f3 del programa per a incloure empreses i aut\u00f2noms marca un reconeixement de la import\u00e0ncia de la digitalitzaci\u00f3 a nivell comunitari i municipal. <\/span><\/p>\n<p><span style=\"font-weight: 400;\">Aquest enfocament hol\u00edstic no sols millora la prestaci\u00f3 de serveis p\u00fablics mitjan\u00e7ant l&#8217;adopci\u00f3 de solucions digitals sin\u00f3 que tamb\u00e9 fomenta una major participaci\u00f3 ciutadana i transpar\u00e8ncia en la gesti\u00f3 comunit\u00e0ria. En fer-ho, el Kit Digital es posiciona com un motor de canvi positiu, promovent la cohesi\u00f3 social i el desenvolupament sostenible.<\/span><\/p>\n<h2><b>7. Requisits per a poder sol\u00b7licitar el Kit Digital eAgora<\/b><\/h2>\n<p><span style=\"font-weight: 400;\">La sol\u00b7licitud del Kit Digital, un programa dissenyat per a accelerar la digitalitzaci\u00f3 de les pimes i aut\u00f2noms espanyols, est\u00e0 subjecta a una s\u00e8rie de criteris meticulosament establerts per a garantir que les ajudes es canalitzen cap a empreses que realment es beneficiaran de la transformaci\u00f3 digital. Aquest conjunt de requisits no sols busca fomentar una transici\u00f3 equitativa cap a la digitalitzaci\u00f3 sin\u00f3 tamb\u00e9 assegurar la integritat i l&#8217;efic\u00e0cia del programa.<\/span><\/p>\n<h3><b>Els sol\u00b7licitants han de ser petites empreses, microempreses o aut\u00f2noms<\/b><\/h3>\n<p><span style=\"font-weight: 400;\">Ja que el programa est\u00e0 espec\u00edficament orientat a fer costat a aquest segment del teixit empresarial. Aquesta classificaci\u00f3 garanteix que les ajudes es dirigeixin a aquells que, per la seva grand\u00e0ria, enfronten majors desafiaments per a integrar solucions digitals per compte propi.<\/span><\/p>\n<h3><b>Demostrar solidesa financera i operativa<\/b><\/h3>\n<p><span style=\"font-weight: 400;\">Evidenciada per no estar en situaci\u00f3 de crisi segons els criteris de la Uni\u00f3 Europea. Aix\u00f2 implica una gesti\u00f3 sostenible i responsable, condicions pr\u00e8vies essencials per a assegurar que la inversi\u00f3 en digitalitzaci\u00f3 s&#8217;aprofiti de manera efectiva. <\/span><\/p>\n<p><span style=\"font-weight: 400;\">La salut financera es complementa amb l&#8217;obligaci\u00f3 d&#8217;estar al corrent amb les obligacions tribut\u00e0ries i de la Seguretat Social, assegurant que les empreses que busquen beneficiar-se del programa contribueixen justament al sistema que les recolza.<\/span><\/p>\n<h3><b>Complir amb la legislaci\u00f3 europea i nacional en mat\u00e8ria d&#8217;ajudes estatals.<\/b><\/h3>\n<p><span style=\"font-weight: 400;\">Aix\u00f2 inclou no estar subjecte a una ordre de recuperaci\u00f3 per part de la Comissi\u00f3 Europea i no inc\u00f3rrer en les prohibicions previstes en la Llei General de Subvencions. <\/span><\/p>\n<p><span style=\"font-weight: 400;\">Aquestes condicions busquen promoure l&#8217;equitat i la legalitat en la distribuci\u00f3 dels fons p\u00fablics.<\/span><\/p>\n<h3><b>El registre en el cens d&#8217;empresaris, professionals i retenidors<\/b><\/h3>\n<p><span style=\"font-weight: 400;\">Proporciona una confirmaci\u00f3 oficial de l&#8217;activitat econ\u00f2mica dels sol\u00b7licitants. <\/span><\/p>\n<p><span style=\"font-weight: 400;\">De la mateixa manera, el programa estableix un l\u00edmit en les ajudes m\u00ednimes, assegurant que les subvencions es distribueixen de manera que no distorsionin la compet\u00e8ncia dins del mercat \u00fanic europeu.<\/span><\/p>\n<h3><b>L&#8217;avaluaci\u00f3 del Nivell de Maduresa Digital i tenir el domicili fiscal a Espanya<\/b><\/h3>\n<p><span style=\"font-weight: 400;\">S\u00f3n criteris que reflecteixen el comprom\u00eds del programa amb la millora cont\u00ednua i la rellev\u00e0ncia local de les iniciatives de digitalitzaci\u00f3.<\/span><\/p>\n<p><span style=\"font-weight: 400;\">En conjunt, aquests requisits no sols configuren el perfil del beneficiari ideal del Kit Digital sin\u00f3 que tamb\u00e9 subratllen el comprom\u00eds del programa amb principis d&#8217;equitat, transpar\u00e8ncia i millora cont\u00ednua. <\/span><\/p>\n<p><span style=\"font-weight: 400;\">S&#8217;assegura que les ajudes del Kit Digital s&#8217;atorguin a empreses que no sols necessiten el suport sin\u00f3 que tamb\u00e9 estan preparades per a embarcar-se en el cam\u00ed cap a la digitalitzaci\u00f3 de manera responsable i sostenible.<\/span><\/p>\n<h2><a href=\"https:\/\/blog.eagora.app\"><b>Preguntes freq\u00fcents sobre Kit Digital eAgora per a empreses<\/b><\/a><\/h2>\n<ul>\n<li aria-level=\"1\">\n<h3><b>Quines solucions digitals ofereix eAgora per a Empreses i aut\u00f2noms?<\/b><\/h3>\n<\/li>\n<\/ul>\n<p><span style=\"font-weight: 400;\">eAgora, com a agent digitalitzador, ofereix un ventall de solucions digitals pensades espec\u00edficament per a empreses i aut\u00f2noms. <\/span><\/p>\n<p><span style=\"font-weight: 400;\">Aquestes solucions abasten des de la digitalitzaci\u00f3 de processos interns fins a eines de m\u00e0rqueting digital i plataformes digitals, passant per sistemes de seguretat en l\u00ednia i programari de gesti\u00f3.<\/span><\/p>\n<ul>\n<li aria-level=\"1\">\n<h3><b>\u00c9s complicat sol\u00b7licitar el Kit Digital per a Empreses i aut\u00f2noms?<\/b><\/h3>\n<\/li>\n<\/ul>\n<p><span style=\"font-weight: 400;\">Sol\u00b7licitar el Kit Digital, encara que pugui semblar un proc\u00e9s complex, \u00e9s facilitat considerablement per plataformes com eAgora. <\/span><\/p>\n<p><span style=\"font-weight: 400;\">Amb assessorament expert i guies pas a pas, empreses i aut\u00f2noms poden navegar el proc\u00e9s de sol\u00b7licitud amb claredat i confian\u00e7a, assegurant que compleixen amb tots els requisits i maximitzen les seves possibilitats d&#8217;obtenir les ajudes.<\/span><\/p>\n<ul>\n<li aria-level=\"1\">\n<h3><b>Quines millores concretes pot esperar una comunitat en digitalitzar-se?<\/b><\/h3>\n<\/li>\n<\/ul>\n<p><span style=\"font-weight: 400;\">La digitalitzaci\u00f3 comporta una s\u00e8rie de millores tangibles per a les comunitats empresarials. Aix\u00f2 inclou una major efici\u00e8ncia operativa, l&#8217;obertura de nous canals de vendes en l\u00ednia, una comunicaci\u00f3 m\u00e9s efectiva amb els clients i una millor recol\u00b7lecci\u00f3 i an\u00e0lisi de dades per a la presa de decisions estrat\u00e8giques.<\/span><\/p>\n<ul>\n<li aria-level=\"1\">\n<h3><b>Poden les empreses triar les solucions que necessiten?<\/b><\/h3>\n<\/li>\n<\/ul>\n<p><span style=\"font-weight: 400;\">Un avantatge significatiu del Kit Digital \u00e9s la possibilitat que cada empresa tri\u00ef les solucions que millor s&#8217;adaptin a les seves necessitats. Aix\u00f2 assegura que la inversi\u00f3 en digitalitzaci\u00f3 sigui rellevant i directament aplicable als desafiaments i objectius espec\u00edfics de cada negoci.<\/span><\/p>\n<ul>\n<li aria-level=\"1\">\n<h3><b>Qu\u00e8 passa despr\u00e9s de sol\u00b7licitar el Kit Digital?<\/b><\/h3>\n<\/li>\n<\/ul>\n<p><span style=\"font-weight: 400;\">Despr\u00e9s de sol\u00b7licitar el Kit Digital, les empreses entren en un proc\u00e9s d&#8217;avaluaci\u00f3. <\/span><\/p>\n<p><span style=\"font-weight: 400;\">Una vegada aprovades, tenen acc\u00e9s a les subvencions i poden comen\u00e7ar el proc\u00e9s d&#8217;integraci\u00f3 de les solucions digitals triades, amb el suport continu d&#8217;agents digitalitzadors com eAgora.<\/span><\/p>\n<ul>\n<li aria-level=\"1\">\n<h3><b>Com afecta la digitalitzaci\u00f3 a la gesti\u00f3 di\u00e0ria d&#8217;Empreses i aut\u00f2noms?<\/b><\/h3>\n<\/li>\n<\/ul>\n<p><span style=\"font-weight: 400;\">La digitalitzaci\u00f3 transforma la gesti\u00f3 di\u00e0ria d&#8217;empreses i aut\u00f2noms, facilitant processos m\u00e9s \u00e0gils, una millor gesti\u00f3 del temps i recursos, i proporcionant eines per a un servei al client m\u00e9s personalitzat i eficient.<\/span><\/p>\n<ul>\n<li aria-level=\"1\">\n<h3><b>Quin tipus de formaci\u00f3 ofereix eAgora per als usuaris de les seves solucions?<\/b><\/h3>\n<\/li>\n<\/ul>\n<p><span style=\"font-weight: 400;\">eAgora compr\u00e8n la import\u00e0ncia de no sols oferir eines digitals sin\u00f3 tamb\u00e9 assegurar que els seus usuaris puguin aprofitar-les al m\u00e0xim. Per aix\u00f2, ofereix formacions adaptades a les diferents solucions, assegurant que els equips puguin integrar efica\u00e7ment les noves tecnologies en els seus fluxos de treball.<\/span><\/p>\n<ul>\n<li aria-level=\"1\">\n<h3><b>\u00c9s possible integrar el Kit Digital amb altres eines digitals ja en \u00fas?<\/b><\/h3>\n<\/li>\n<\/ul>\n<p><span style=\"font-weight: 400;\">El Kit Digital i les solucions de eAgora estan dissenyats per a ser compatibles amb eines digitals ja en \u00fas, permetent una integraci\u00f3 fluida que minimitza les interrupcions i maximitza l&#8217;efici\u00e8ncia operativa.<\/span><\/p>\n<ul>\n<li aria-level=\"1\">\n<h3><b>Com es facilita la comunicaci\u00f3 dins de la comunitat amb aquestes eines i quin suport t\u00e8cnic ofereix eAgora a les Empreses i aut\u00f2noms?<\/b><\/h3>\n<\/li>\n<\/ul>\n<p><span style=\"font-weight: 400;\">La implementaci\u00f3 d&#8217;aquestes eines digitals millora significativament la comunicaci\u00f3 dins de la comunitat empresarial, facilitant la col\u00b7laboraci\u00f3 i l&#8217;intercanvi d&#8217;informaci\u00f3. <\/span><\/p>\n<p><span style=\"font-weight: 400;\">eAgora ofereix suport t\u00e8cnic integral per a resoldre qualsevol dubte o incid\u00e8ncia, assegurant que les empreses i aut\u00f2noms puguin mantenir les seves operacions sense interrupcions.<\/span><\/p>\n<p>&nbsp;<\/p>\n<p><span style=\"font-weight: 400;\">Transforma la teva comunitat a trav\u00e9s de <a href=\"https:\/\/www.eagora.app\">eAgora, la plataforma all-in-one<\/a> que et connecta amb el teu municipi i entitats de manera innovadora. <\/span><\/p>\n<p><span style=\"font-weight: 400;\">Amb eAgora, obtens una soluci\u00f3 integral per a gestionar la teva comunitat eficientment, des del ticketing i la comunicaci\u00f3 fins a la gesti\u00f3 de quotes i grups. <\/span><\/p>\n<p><span style=\"font-weight: 400;\">En contractar el Kit Digital amb eAgora:<\/span><\/p>\n<p><span style=\"font-weight: 400;\">No sols modernitzes la teva comunitat, associaci\u00f3 o empresa, sin\u00f3 que tamb\u00e9 fomentes una participaci\u00f3 m\u00e9s activa i una gesti\u00f3 m\u00e9s transparent i efica\u00e7.<\/span><\/p>\n<p style=\"text-align: center;\"><strong><a href=\"https:\/\/share-eu1.hsforms.com\/1d9g1JsUuRPiR0QoKdrfJLQex9k6\">Registra&#8217;t eAgora<\/a> i comen\u00e7a a transformar la teva entitat o empresa avui mateix!<\/strong><\/p>\n<p style=\"text-align: center;\"><span style=\"font-weight: 400;\">Amb eAgora, canviar\u00e0s la manera de connectar amb el teu entorn, portant la teva comunitat a nous horitzons d&#8217;efici\u00e8ncia i col\u00b7laboraci\u00f3. No et quedis enrere en la transformaci\u00f3 digital; uneix-te a eAgora i porta la teva comunitat cap al futur.<\/span><\/p>\n<h3><\/h3>\n","protected":false},"excerpt":{"rendered":"<p>Impulsant la Transformaci\u00f3 Digital de les Empreses amb el Kit Digital eAgora En plena era digital, les empreses busquen constantment maneres d&#8217;adaptar-se i prosperar. Aqu\u00ed \u00e9s on eAgora i el Kit Digital es converteixen en protagonistes indiscutibles d&#8217;aquest canvi. En aquest article descobrir\u00e0s com el Kit Digital eAgora pot ser el catalitzador que necessites per [&hellip;]<\/p>\n","protected":false},"author":1486,"featured_media":23092,"comment_status":"closed","ping_status":"open","sticky":false,"template":"","format":"standard","meta":{"content-type":"","_jetpack_memberships_contains_paid_content":false,"_joinchat":[],"footnotes":""},"categories":[115],"tags":[],"class_list":["post-23216","post","type-post","status-publish","format-standard","has-post-thumbnail","hentry","category-articles-ca"],"yoast_head":"<!-- This site is optimized with the Yoast SEO Premium plugin v27.0 (Yoast SEO v27.0) - https:\/\/yoast.com\/product\/yoast-seo-premium-wordpress\/ -->\n<title>Kit Digital eAgora i Revoluciona la teva Empresa<\/title>\n<meta name=\"description\" content=\"Descobreix com el Kit Digital d&#039;eAgora pot impulsar la teva empresa. Fes clic i comen\u00e7a el teu viatge digital ara!\" \/>\n<meta name=\"robots\" content=\"index, follow, max-snippet:-1, max-image-preview:large, max-video-preview:-1\" \/>\n<link rel=\"canonical\" href=\"https:\/\/www.eagora.app\/ca\/conocimiento\/kit-digital-a-eagora-impulsant-la-transformacio-digital-de-les-empreses\/\" \/>\n<meta property=\"og:locale\" content=\"ca_ES\" \/>\n<meta property=\"og:type\" content=\"article\" \/>\n<meta property=\"og:title\" content=\"Kit Digital a eAgora?: Impulsant la Transformaci\u00f3 Digital de les Empreses\" \/>\n<meta property=\"og:description\" content=\"Descobreix com el Kit Digital d&#039;eAgora pot impulsar la teva empresa. Fes clic i comen\u00e7a el teu viatge digital ara!\" \/>\n<meta property=\"og:url\" content=\"https:\/\/www.eagora.app\/ca\/conocimiento\/kit-digital-a-eagora-impulsant-la-transformacio-digital-de-les-empreses\/\" \/>\n<meta property=\"og:site_name\" content=\"eAgora\" \/>\n<meta property=\"article:publisher\" content=\"https:\/\/www.facebook.com\/eAgoraApp\" \/>\n<meta property=\"article:published_time\" content=\"2024-02-29T13:14:32+00:00\" \/>\n<meta property=\"article:modified_time\" content=\"2024-03-06T16:03:08+00:00\" \/>\n<meta property=\"og:image\" content=\"https:\/\/www.eagora.app\/wp-content\/uploads\/2024\/02\/KIT_DIGITAL_EAGORA.jpg\" \/>\n\t<meta property=\"og:image:width\" content=\"2030\" \/>\n\t<meta property=\"og:image:height\" content=\"952\" \/>\n\t<meta property=\"og:image:type\" content=\"image\/jpeg\" \/>\n<meta name=\"author\" content=\"Rafa Cadavieco\" \/>\n<meta name=\"twitter:card\" content=\"summary_large_image\" \/>\n<meta name=\"twitter:creator\" content=\"@EagoraApp\" \/>\n<meta name=\"twitter:site\" content=\"@EagoraApp\" \/>\n<meta name=\"twitter:label1\" content=\"Escrit per\" \/>\n\t<meta name=\"twitter:data1\" content=\"Rafa Cadavieco\" \/>\n\t<meta name=\"twitter:label2\" content=\"Temps estimat de lectura\" \/>\n\t<meta name=\"twitter:data2\" content=\"17 minuts\" \/>\n<script type=\"application\/ld+json\" class=\"yoast-schema-graph\">{\"@context\":\"https:\/\/schema.org\",\"@graph\":[{\"@type\":\"Article\",\"@id\":\"https:\/\/www.eagora.app\/ca\/conocimiento\/kit-digital-a-eagora-impulsant-la-transformacio-digital-de-les-empreses\/#article\",\"isPartOf\":{\"@id\":\"https:\/\/www.eagora.app\/ca\/conocimiento\/kit-digital-a-eagora-impulsant-la-transformacio-digital-de-les-empreses\/\"},\"author\":{\"name\":\"Rafa Cadavieco\",\"@id\":\"https:\/\/www.eagora.app\/ca\/#\/schema\/person\/a923161b89715785aea6243ed61a3b13\"},\"headline\":\"Kit Digital a eAgora?: Impulsant la Transformaci\u00f3 Digital de les Empreses\",\"datePublished\":\"2024-02-29T13:14:32+00:00\",\"dateModified\":\"2024-03-06T16:03:08+00:00\",\"mainEntityOfPage\":{\"@id\":\"https:\/\/www.eagora.app\/ca\/conocimiento\/kit-digital-a-eagora-impulsant-la-transformacio-digital-de-les-empreses\/\"},\"wordCount\":3602,\"publisher\":{\"@id\":\"https:\/\/www.eagora.app\/ca\/#organization\"},\"image\":{\"@id\":\"https:\/\/www.eagora.app\/ca\/conocimiento\/kit-digital-a-eagora-impulsant-la-transformacio-digital-de-les-empreses\/#primaryimage\"},\"thumbnailUrl\":\"https:\/\/www.eagora.app\/wp-content\/uploads\/2024\/02\/KIT_DIGITAL_EAGORA.jpg\",\"articleSection\":[\"Articles\"],\"inLanguage\":\"ca\"},{\"@type\":\"WebPage\",\"@id\":\"https:\/\/www.eagora.app\/ca\/conocimiento\/kit-digital-a-eagora-impulsant-la-transformacio-digital-de-les-empreses\/\",\"url\":\"https:\/\/www.eagora.app\/ca\/conocimiento\/kit-digital-a-eagora-impulsant-la-transformacio-digital-de-les-empreses\/\",\"name\":\"Kit Digital eAgora i Revoluciona la teva Empresa\",\"isPartOf\":{\"@id\":\"https:\/\/www.eagora.app\/ca\/#website\"},\"primaryImageOfPage\":{\"@id\":\"https:\/\/www.eagora.app\/ca\/conocimiento\/kit-digital-a-eagora-impulsant-la-transformacio-digital-de-les-empreses\/#primaryimage\"},\"image\":{\"@id\":\"https:\/\/www.eagora.app\/ca\/conocimiento\/kit-digital-a-eagora-impulsant-la-transformacio-digital-de-les-empreses\/#primaryimage\"},\"thumbnailUrl\":\"https:\/\/www.eagora.app\/wp-content\/uploads\/2024\/02\/KIT_DIGITAL_EAGORA.jpg\",\"datePublished\":\"2024-02-29T13:14:32+00:00\",\"dateModified\":\"2024-03-06T16:03:08+00:00\",\"description\":\"Descobreix com el Kit Digital d'eAgora pot impulsar la teva empresa. Fes clic i comen\u00e7a el teu viatge digital ara!\",\"breadcrumb\":{\"@id\":\"https:\/\/www.eagora.app\/ca\/conocimiento\/kit-digital-a-eagora-impulsant-la-transformacio-digital-de-les-empreses\/#breadcrumb\"},\"inLanguage\":\"ca\",\"potentialAction\":[{\"@type\":\"ReadAction\",\"target\":[\"https:\/\/www.eagora.app\/ca\/conocimiento\/kit-digital-a-eagora-impulsant-la-transformacio-digital-de-les-empreses\/\"]}]},{\"@type\":\"ImageObject\",\"inLanguage\":\"ca\",\"@id\":\"https:\/\/www.eagora.app\/ca\/conocimiento\/kit-digital-a-eagora-impulsant-la-transformacio-digital-de-les-empreses\/#primaryimage\",\"url\":\"https:\/\/www.eagora.app\/wp-content\/uploads\/2024\/02\/KIT_DIGITAL_EAGORA.jpg\",\"contentUrl\":\"https:\/\/www.eagora.app\/wp-content\/uploads\/2024\/02\/KIT_DIGITAL_EAGORA.jpg\",\"width\":2030,\"height\":952,\"caption\":\"Kit Digital\"},{\"@type\":\"BreadcrumbList\",\"@id\":\"https:\/\/www.eagora.app\/ca\/conocimiento\/kit-digital-a-eagora-impulsant-la-transformacio-digital-de-les-empreses\/#breadcrumb\",\"itemListElement\":[{\"@type\":\"ListItem\",\"position\":1,\"name\":\"Inicio\",\"item\":\"https:\/\/www.eagora.app\/ca\/\"},{\"@type\":\"ListItem\",\"position\":2,\"name\":\"Coneixement\",\"item\":\"https:\/\/www.eagora.app\/ca\/coneixement\/\"},{\"@type\":\"ListItem\",\"position\":3,\"name\":\"Kit Digital a eAgora?: Impulsant la Transformaci\u00f3 Digital de les Empreses\"}]},{\"@type\":\"WebSite\",\"@id\":\"https:\/\/www.eagora.app\/ca\/#website\",\"url\":\"https:\/\/www.eagora.app\/ca\/\",\"name\":\"eAgora\",\"description\":\"La plataforma que nos conecta\",\"publisher\":{\"@id\":\"https:\/\/www.eagora.app\/ca\/#organization\"},\"potentialAction\":[{\"@type\":\"SearchAction\",\"target\":{\"@type\":\"EntryPoint\",\"urlTemplate\":\"https:\/\/www.eagora.app\/ca\/?s={search_term_string}\"},\"query-input\":{\"@type\":\"PropertyValueSpecification\",\"valueRequired\":true,\"valueName\":\"search_term_string\"}}],\"inLanguage\":\"ca\"},{\"@type\":\"Organization\",\"@id\":\"https:\/\/www.eagora.app\/ca\/#organization\",\"name\":\"eAgora\",\"url\":\"https:\/\/www.eagora.app\/ca\/\",\"logo\":{\"@type\":\"ImageObject\",\"inLanguage\":\"ca\",\"@id\":\"https:\/\/www.eagora.app\/ca\/#\/schema\/logo\/image\/\",\"url\":\"https:\/\/www.eagora.app\/wp-content\/uploads\/2023\/02\/logo-eagora-emails.jpg\",\"contentUrl\":\"https:\/\/www.eagora.app\/wp-content\/uploads\/2023\/02\/logo-eagora-emails.jpg\",\"width\":550,\"height\":146,\"caption\":\"eAgora\"},\"image\":{\"@id\":\"https:\/\/www.eagora.app\/ca\/#\/schema\/logo\/image\/\"},\"sameAs\":[\"https:\/\/www.facebook.com\/eAgoraApp\",\"https:\/\/x.com\/EagoraApp\",\"https:\/\/www.instagram.com\/eagora.app\/\",\"https:\/\/www.linkedin.com\/company\/eagora\",\"https:\/\/www.youtube.com\/@eAgoraApp\"]},{\"@type\":\"Person\",\"@id\":\"https:\/\/www.eagora.app\/ca\/#\/schema\/person\/a923161b89715785aea6243ed61a3b13\",\"name\":\"Rafa Cadavieco\",\"image\":{\"@type\":\"ImageObject\",\"inLanguage\":\"ca\",\"@id\":\"https:\/\/www.eagora.app\/ca\/#\/schema\/person\/image\/\",\"url\":\"https:\/\/secure.gravatar.com\/avatar\/e2cdbdabca83df6fd2d4a1b564ac8a8a34a244dae78f290107d543d09161e665?s=96&d=mm&r=g\",\"contentUrl\":\"https:\/\/secure.gravatar.com\/avatar\/e2cdbdabca83df6fd2d4a1b564ac8a8a34a244dae78f290107d543d09161e665?s=96&d=mm&r=g\",\"caption\":\"Rafa Cadavieco\"}}]}<\/script>\n<!-- \/ Yoast SEO Premium plugin. -->","yoast_head_json":{"title":"Kit Digital eAgora i Revoluciona la teva Empresa","description":"Descobreix com el Kit Digital d'eAgora pot impulsar la teva empresa. Fes clic i comen\u00e7a el teu viatge digital ara!","robots":{"index":"index","follow":"follow","max-snippet":"max-snippet:-1","max-image-preview":"max-image-preview:large","max-video-preview":"max-video-preview:-1"},"canonical":"https:\/\/www.eagora.app\/ca\/conocimiento\/kit-digital-a-eagora-impulsant-la-transformacio-digital-de-les-empreses\/","og_locale":"ca_ES","og_type":"article","og_title":"Kit Digital a eAgora?: Impulsant la Transformaci\u00f3 Digital de les Empreses","og_description":"Descobreix com el Kit Digital d'eAgora pot impulsar la teva empresa. Fes clic i comen\u00e7a el teu viatge digital ara!","og_url":"https:\/\/www.eagora.app\/ca\/conocimiento\/kit-digital-a-eagora-impulsant-la-transformacio-digital-de-les-empreses\/","og_site_name":"eAgora","article_publisher":"https:\/\/www.facebook.com\/eAgoraApp","article_published_time":"2024-02-29T13:14:32+00:00","article_modified_time":"2024-03-06T16:03:08+00:00","og_image":[{"width":2030,"height":952,"url":"https:\/\/www.eagora.app\/wp-content\/uploads\/2024\/02\/KIT_DIGITAL_EAGORA.jpg","type":"image\/jpeg"}],"author":"Rafa Cadavieco","twitter_card":"summary_large_image","twitter_creator":"@EagoraApp","twitter_site":"@EagoraApp","twitter_misc":{"Escrit per":"Rafa Cadavieco","Temps estimat de lectura":"17 minuts"},"schema":{"@context":"https:\/\/schema.org","@graph":[{"@type":"Article","@id":"https:\/\/www.eagora.app\/ca\/conocimiento\/kit-digital-a-eagora-impulsant-la-transformacio-digital-de-les-empreses\/#article","isPartOf":{"@id":"https:\/\/www.eagora.app\/ca\/conocimiento\/kit-digital-a-eagora-impulsant-la-transformacio-digital-de-les-empreses\/"},"author":{"name":"Rafa Cadavieco","@id":"https:\/\/www.eagora.app\/ca\/#\/schema\/person\/a923161b89715785aea6243ed61a3b13"},"headline":"Kit Digital a eAgora?: Impulsant la Transformaci\u00f3 Digital de les Empreses","datePublished":"2024-02-29T13:14:32+00:00","dateModified":"2024-03-06T16:03:08+00:00","mainEntityOfPage":{"@id":"https:\/\/www.eagora.app\/ca\/conocimiento\/kit-digital-a-eagora-impulsant-la-transformacio-digital-de-les-empreses\/"},"wordCount":3602,"publisher":{"@id":"https:\/\/www.eagora.app\/ca\/#organization"},"image":{"@id":"https:\/\/www.eagora.app\/ca\/conocimiento\/kit-digital-a-eagora-impulsant-la-transformacio-digital-de-les-empreses\/#primaryimage"},"thumbnailUrl":"https:\/\/www.eagora.app\/wp-content\/uploads\/2024\/02\/KIT_DIGITAL_EAGORA.jpg","articleSection":["Articles"],"inLanguage":"ca"},{"@type":"WebPage","@id":"https:\/\/www.eagora.app\/ca\/conocimiento\/kit-digital-a-eagora-impulsant-la-transformacio-digital-de-les-empreses\/","url":"https:\/\/www.eagora.app\/ca\/conocimiento\/kit-digital-a-eagora-impulsant-la-transformacio-digital-de-les-empreses\/","name":"Kit Digital eAgora i Revoluciona la teva Empresa","isPartOf":{"@id":"https:\/\/www.eagora.app\/ca\/#website"},"primaryImageOfPage":{"@id":"https:\/\/www.eagora.app\/ca\/conocimiento\/kit-digital-a-eagora-impulsant-la-transformacio-digital-de-les-empreses\/#primaryimage"},"image":{"@id":"https:\/\/www.eagora.app\/ca\/conocimiento\/kit-digital-a-eagora-impulsant-la-transformacio-digital-de-les-empreses\/#primaryimage"},"thumbnailUrl":"https:\/\/www.eagora.app\/wp-content\/uploads\/2024\/02\/KIT_DIGITAL_EAGORA.jpg","datePublished":"2024-02-29T13:14:32+00:00","dateModified":"2024-03-06T16:03:08+00:00","description":"Descobreix com el Kit Digital d'eAgora pot impulsar la teva empresa. Fes clic i comen\u00e7a el teu viatge digital ara!","breadcrumb":{"@id":"https:\/\/www.eagora.app\/ca\/conocimiento\/kit-digital-a-eagora-impulsant-la-transformacio-digital-de-les-empreses\/#breadcrumb"},"inLanguage":"ca","potentialAction":[{"@type":"ReadAction","target":["https:\/\/www.eagora.app\/ca\/conocimiento\/kit-digital-a-eagora-impulsant-la-transformacio-digital-de-les-empreses\/"]}]},{"@type":"ImageObject","inLanguage":"ca","@id":"https:\/\/www.eagora.app\/ca\/conocimiento\/kit-digital-a-eagora-impulsant-la-transformacio-digital-de-les-empreses\/#primaryimage","url":"https:\/\/www.eagora.app\/wp-content\/uploads\/2024\/02\/KIT_DIGITAL_EAGORA.jpg","contentUrl":"https:\/\/www.eagora.app\/wp-content\/uploads\/2024\/02\/KIT_DIGITAL_EAGORA.jpg","width":2030,"height":952,"caption":"Kit Digital"},{"@type":"BreadcrumbList","@id":"https:\/\/www.eagora.app\/ca\/conocimiento\/kit-digital-a-eagora-impulsant-la-transformacio-digital-de-les-empreses\/#breadcrumb","itemListElement":[{"@type":"ListItem","position":1,"name":"Inicio","item":"https:\/\/www.eagora.app\/ca\/"},{"@type":"ListItem","position":2,"name":"Coneixement","item":"https:\/\/www.eagora.app\/ca\/coneixement\/"},{"@type":"ListItem","position":3,"name":"Kit Digital a eAgora?: Impulsant la Transformaci\u00f3 Digital de les Empreses"}]},{"@type":"WebSite","@id":"https:\/\/www.eagora.app\/ca\/#website","url":"https:\/\/www.eagora.app\/ca\/","name":"eAgora","description":"La plataforma que nos conecta","publisher":{"@id":"https:\/\/www.eagora.app\/ca\/#organization"},"potentialAction":[{"@type":"SearchAction","target":{"@type":"EntryPoint","urlTemplate":"https:\/\/www.eagora.app\/ca\/?s={search_term_string}"},"query-input":{"@type":"PropertyValueSpecification","valueRequired":true,"valueName":"search_term_string"}}],"inLanguage":"ca"},{"@type":"Organization","@id":"https:\/\/www.eagora.app\/ca\/#organization","name":"eAgora","url":"https:\/\/www.eagora.app\/ca\/","logo":{"@type":"ImageObject","inLanguage":"ca","@id":"https:\/\/www.eagora.app\/ca\/#\/schema\/logo\/image\/","url":"https:\/\/www.eagora.app\/wp-content\/uploads\/2023\/02\/logo-eagora-emails.jpg","contentUrl":"https:\/\/www.eagora.app\/wp-content\/uploads\/2023\/02\/logo-eagora-emails.jpg","width":550,"height":146,"caption":"eAgora"},"image":{"@id":"https:\/\/www.eagora.app\/ca\/#\/schema\/logo\/image\/"},"sameAs":["https:\/\/www.facebook.com\/eAgoraApp","https:\/\/x.com\/EagoraApp","https:\/\/www.instagram.com\/eagora.app\/","https:\/\/www.linkedin.com\/company\/eagora","https:\/\/www.youtube.com\/@eAgoraApp"]},{"@type":"Person","@id":"https:\/\/www.eagora.app\/ca\/#\/schema\/person\/a923161b89715785aea6243ed61a3b13","name":"Rafa Cadavieco","image":{"@type":"ImageObject","inLanguage":"ca","@id":"https:\/\/www.eagora.app\/ca\/#\/schema\/person\/image\/","url":"https:\/\/secure.gravatar.com\/avatar\/e2cdbdabca83df6fd2d4a1b564ac8a8a34a244dae78f290107d543d09161e665?s=96&d=mm&r=g","contentUrl":"https:\/\/secure.gravatar.com\/avatar\/e2cdbdabca83df6fd2d4a1b564ac8a8a34a244dae78f290107d543d09161e665?s=96&d=mm&r=g","caption":"Rafa Cadavieco"}}]}},"jetpack_featured_media_url":"https:\/\/www.eagora.app\/wp-content\/uploads\/2024\/02\/KIT_DIGITAL_EAGORA.jpg","jetpack_sharing_enabled":true,"_links":{"self":[{"href":"https:\/\/www.eagora.app\/ca\/wp-json\/wp\/v2\/posts\/23216","targetHints":{"allow":["GET"]}}],"collection":[{"href":"https:\/\/www.eagora.app\/ca\/wp-json\/wp\/v2\/posts"}],"about":[{"href":"https:\/\/www.eagora.app\/ca\/wp-json\/wp\/v2\/types\/post"}],"author":[{"embeddable":true,"href":"https:\/\/www.eagora.app\/ca\/wp-json\/wp\/v2\/users\/1486"}],"replies":[{"embeddable":true,"href":"https:\/\/www.eagora.app\/ca\/wp-json\/wp\/v2\/comments?post=23216"}],"version-history":[{"count":0,"href":"https:\/\/www.eagora.app\/ca\/wp-json\/wp\/v2\/posts\/23216\/revisions"}],"wp:featuredmedia":[{"embeddable":true,"href":"https:\/\/www.eagora.app\/ca\/wp-json\/wp\/v2\/media\/23092"}],"wp:attachment":[{"href":"https:\/\/www.eagora.app\/ca\/wp-json\/wp\/v2\/media?parent=23216"}],"wp:term":[{"taxonomy":"category","embeddable":true,"href":"https:\/\/www.eagora.app\/ca\/wp-json\/wp\/v2\/categories?post=23216"},{"taxonomy":"post_tag","embeddable":true,"href":"https:\/\/www.eagora.app\/ca\/wp-json\/wp\/v2\/tags?post=23216"}],"curies":[{"name":"wp","href":"https:\/\/api.w.org\/{rel}","templated":true}]}}