{"id":21095,"date":"2023-11-23T10:26:18","date_gmt":"2023-11-23T08:26:18","guid":{"rendered":"https:\/\/www.eagora.app\/el-problema-de-la-despoblacio-rural-solucions-i-tendencies\/"},"modified":"2023-11-24T13:38:39","modified_gmt":"2023-11-24T11:38:39","slug":"el-problema-de-la-despoblacio-rural-solucions-i-tendencies","status":"publish","type":"post","link":"https:\/\/www.eagora.app\/ca\/conocimiento\/el-problema-de-la-despoblacio-rural-solucions-i-tendencies\/","title":{"rendered":"El problema de la despoblaci\u00f3 rural: solucions i tend\u00e8ncies"},"content":{"rendered":"<p style=\"text-align: center;\"><em>El problema de la despoblaci\u00f3 rural: solucions i tend\u00e8ncies<\/em><\/p>\n<p>&nbsp;<\/p>\n<p>&nbsp;<\/p>\n<p>&nbsp;<\/p>\n<p><strong>El problema de la despoblaci\u00f3 rural: solucions i tend\u00e8ncies<\/strong><\/p>\n<p>La despoblaci\u00f3 rural representa un dels <strong>desafiaments m\u00e9s urgents a la societat contempor\u00e0nia<\/strong>, amb implicacions profundes per a les comunitats locals i el teixit social. En aquest context, \u00e9s essencial comprendre la magnitud del problema i la seva rellev\u00e0ncia al panorama global.<\/p>\n<p>La despoblaci\u00f3 rural es manifesta com un fenomen complex, influ\u00eft per diversos <strong>factors econ\u00f2mics, socials i demogr\u00e0fics<\/strong>. La migraci\u00f3 constant d&#8217;habitants des de les zones rurals cap a entorns urbans ha deixat nombroses comunitats en un estat de declivi, amb <strong>conseq\u00fc\u00e8ncies que van m\u00e9s enll\u00e0 de la p\u00e8rdua de poblaci\u00f3<\/strong>. La disminuci\u00f3 d&#8217;oportunitats laborals, la transformaci\u00f3 en els models econ\u00f2mics agr\u00edcoles i la manca de serveis b\u00e0sics s\u00f3n nom\u00e9s alguns dels components que contribueixen a aquesta problem\u00e0tica.<\/p>\n<p>Abordar la despoblaci\u00f3 rural ha esdevingut una prioritat. Les <strong>comunitats rurals tenen un paper fonamental<\/strong> en la preservaci\u00f3 de la <strong>diversitat cultural, la producci\u00f3 aliment\u00e0ria i la sostenibilitat ambiental<\/strong>. El seu declivi amena\u00e7a de desequilibrar l&#8217;equilibri entre all\u00f2 rural i all\u00f2 urb\u00e0, generant impactes negatius en la societat en el seu conjunt. A m\u00e9s, la despoblaci\u00f3 rural t\u00e9 implicacions directes en la qualitat de vida dels que resideixen en aquestes \u00e0rees, afectant l&#8217;accessibilitat a serveis essencials i l&#8217;arrelament cultural.<\/p>\n<p>Aquest panorama estableix la necessitat explorar <strong>solucions innovadores i comprendre les tend\u00e8ncies emergents <\/strong>que poden revertir aquest fenomen i promoure la revitalitzaci\u00f3 de les comunitats rurals. En aquest bloc, examinarem detingudament les solucions existents i les tend\u00e8ncies en desenvolupament que ofereixen <strong>esperan\u00e7a per mitigar el problema de la despoblaci\u00f3 rural<\/strong>.<\/p>\n<p>&nbsp;<\/p>\n<h3><strong>Despoblaci\u00f3 rural: les seues causes i conseq\u00fc\u00e8ncies<\/strong><\/h3>\n<h4><strong>Factors que contribueixen a la despoblaci\u00f3<\/strong><\/h4>\n<ol>\n<li><strong>Canvis a l&#8217;economia agr\u00edcola:<\/strong> La transformaci\u00f3 en els models econ\u00f2mics agr\u00edcoles ha generat una disminuci\u00f3 en la demanda de m\u00e0 d&#8217;obra rural. La modernitzaci\u00f3 de les pr\u00e0ctiques agr\u00edcoles, impulsada per la tecnologia i la mecanitzaci\u00f3, ha redu\u00eft la necessitat de poblaci\u00f3 en aquestes \u00e0rees i ha portat a una migraci\u00f3 constant cap a entorns urbans a la recerca d&#8217;oportunitats econ\u00f2miques m\u00e9s diversificades.<\/li>\n<li><strong>Manca d&#8217;oportunitats laborals:<\/strong> L&#8217;escassetat de llocs de treball en sectors no agr\u00edcoles dins de les zones rurals limita les opcions de desenvolupament professional per als habitants locals. La manca de diversificaci\u00f3 econ\u00f2mica contribueix significativament a la despoblaci\u00f3, ja que els residents busquen millors perspectives laborals en \u00e0rees urbanes.<\/li>\n<li><strong>Migraci\u00f3 cap a \u00e0rees urbanes:<\/strong> L&#8217;atracci\u00f3 d&#8217;oportunitats laborals, educatives i de serveis a entorns urbans ha desencadenat un flux constant de migraci\u00f3 des de les \u00e0rees rurals. Aquest \u00e8xode comporta la p\u00e8rdua duna part significativa de la poblaci\u00f3 rural, afectant la vitalitat i la sostenibilitat de les comunitats.<\/li>\n<\/ol>\n<p>&nbsp;<\/p>\n<h4><strong>Conseq\u00fc\u00e8ncies per a les comunitats rurals<\/strong><\/h4>\n<ol>\n<li><strong>P\u00e8rdua de serveis:<\/strong> La despoblaci\u00f3 rural comporta la reducci\u00f3 i, en alguns casos, la desaparici\u00f3 de serveis b\u00e0sics com a centres de salut, escoles i serveis de transport. La manca d&#8217;una infraestructura s\u00f2lida afecta la qualitat de vida dels que es mantenen en aquestes \u00e0rees, creant barreres addicionals per a l&#8217;arrelament i el desenvolupament sostenible.<\/li>\n<li><strong>Envelliment de la poblaci\u00f3:<\/strong> Amb la joventut migrant cap a \u00e0rees urbanes, les comunitats rurals experimenten un envelliment demogr\u00e0fic accelerat. Aquest fenomen presenta reptes particulars, ja que una poblaci\u00f3 envellida pot tenir dificultats per mantenir la productivitat econ\u00f2mica i la cohesi\u00f3 social.<\/li>\n<li><strong>Impacte en la cultura local:<\/strong> La despoblaci\u00f3 tamb\u00e9 amena\u00e7a la rica diversitat cultural arrelada a les comunitats rurals. La migraci\u00f3 constant pot donar lloc a la p\u00e8rdua de tradicions, dialectes i pr\u00e0ctiques culturals \u00faniques, impactant negativament a la identitat local i al patrimoni cultural d&#8217;aquestes regions.<\/li>\n<\/ol>\n<p>&nbsp;<\/p>\n<h3><strong>Solucions actuals per combatre la despoblaci\u00f3 rural<\/strong><\/h3>\n<div class=\"flex-1 overflow-hidden\">\n<div class=\"react-scroll-to-bottom--css-auxip-79elbk h-full\">\n<div class=\"react-scroll-to-bottom--css-auxip-1n7m0yu\">\n<div class=\"flex flex-col text-sm gizmo:pb-9 dark:bg-gray-800 gizmo:dark:bg-transparent\">\n<div class=\"w-full text-token-text-primary border-b border-black\/10 gizmo:border-0 dark:border-gray-900\/50 gizmo:dark:border-0 bg-gray-50 gizmo:bg-transparent dark:bg-[#444654] gizmo:dark:bg-transparent\" data-testid=\"conversation-turn-9\">\n<div class=\"p-4 gizmo:py-2 justify-center text-base md:gap-6 md:py-6 m-auto\">\n<div class=\"flex flex-1 gap-4 text-base mx-auto md:gap-6 gizmo:gap-3 gizmo:md:px-5 gizmo:lg:px-1 gizmo:xl:px-5 md:max-w-2xl lg:max-w-[38rem] gizmo:md:max-w-3xl gizmo:lg:max-w-[40rem] gizmo:xl:max-w-[48rem] xl:max-w-3xl } group final-completion\">\n<div class=\"relative flex w-[calc(100%-50px)] flex-col gizmo:w-full lg:w-[calc(100%-115px)] agent-turn\">\n<div class=\"flex-col gap-1 md:gap-3\">\n<div class=\"flex flex-grow flex-col max-w-full gap-3 gizmo:gap-0\">\n<div class=\"min-h-[20px] text-message flex flex-col items-start gap-3 whitespace-pre-wrap break-words [.text-message+&amp;]:mt-5 overflow-x-auto\" data-message-author-role=\"assistant\" data-message-id=\"448d6128-8a40-42c7-9966-942f47a807b4\">\n<div class=\"markdown prose w-full break-words dark:prose-invert light\">\n<h4><strong>Programes governamentals<\/strong><\/h4>\n<ol>\n<li><strong>Incentius fiscals:<\/strong> Els governs poden implementar pol\u00edtiques que ofereixin i<strong>ncentius fiscals a empreses i residents<\/strong> que elegeixin establir-se o mantenir-se en zones rurals. Aquests incentius poden incloure reduccions d&#8217;impostos, cr\u00e8dits fiscals i altres mesures dissenyades per fomentar la inversi\u00f3 i arrelament de la poblaci\u00f3.<\/li>\n<li><strong>Desenvolupament d&#8217;infraestructures:<\/strong> Millorar la infraestructura en \u00e0rees rurals \u00e9s fonamental per atraure i retenir poblaci\u00f3. Aix\u00f2 inclou l&#8217;<strong>expansi\u00f3 de xarxes de transport, acc\u00e9s a serveis de salut i educaci\u00f3 de qualitat<\/strong>, aix\u00ed com la implementaci\u00f3 de <strong>tecnologies de la informaci\u00f3<\/strong> per millorar la connectivitat digital. El desenvolupament d\u201finfraestructures s\u00f2lides crea un entorn propici per al creixement econ\u00f2mic i la millora de la qualitat de vida.<\/li>\n<\/ol>\n<p>&nbsp;<\/p>\n<h4><strong>Iniciatives comunit\u00e0ries<\/strong><\/h4>\n<ol>\n<li><strong>Projectes d&#8217;emprenedoria local:<\/strong> Fomentar l&#8217;emprenedoria local mitjan\u00e7ant la creaci\u00f3 de projectes que aprofitin els recursos i les habilitats espec\u00edfics de cada comunitat. Aquests projectes poden incloure <strong>iniciatives agr\u00edcoles, artesanals o tur\u00edstiques,<\/strong> generant feina i promovent l&#8217;autosufici\u00e8ncia econ\u00f2mica.<\/li>\n<li><strong>Cooperatives agr\u00edcoles:<\/strong> La formaci\u00f3 de cooperatives agr\u00edcoles permet als agricultors locals unir forces per millorar la producci\u00f3, comercialitzaci\u00f3 i distribuci\u00f3 dels seus productes. Aix\u00f2 no nom\u00e9s enforteix l&#8217;<strong>economia local<\/strong>, sin\u00f3 que tamb\u00e9 crea un <strong>sentit de comunitat i de col\u00b7laboraci\u00f3<\/strong> entre els residents rurals.<\/li>\n<\/ol>\n<p>&nbsp;<\/p>\n<\/div>\n<h4><strong>Digitalitzaci\u00f3<\/strong><\/h4>\n<div class=\"markdown prose w-full break-words dark:prose-invert light\">\n<p>La formaci\u00f3 de xarxes de col\u00b7laboraci\u00f3 digital permet als residents rurals interconnectar-se, mantenir-se informats en temps i forma, i compartir recursos i coneixements en l\u00ednia. Esto no solo fortalece la cohesi\u00f3n social, sino que tambi\u00e9n facilita el acceso a oportunidades econ\u00f3micas y educativas a trav\u00e9s de la conectividad digital.<\/p>\n<ol>\n<li><strong>Connectivitat Digital:<\/strong> Millorar la connectivitat digital en \u00e0rees rurals \u00e9s essencial per poder interconnectar les persones i mantenir-les informades en temps i forma. Aix\u00f2 implica l&#8217;expansi\u00f3 de xarxes d&#8217;alta velocitat i la garantia d&#8217;acc\u00e9s a la tecnologia digital per a tots els membres de la comunitat.<\/li>\n<li><strong>Plataformes d&#8217;informaci\u00f3 local:<\/strong> Desenvolupar plataformes digitals espec\u00edfiques que proporcionin informaci\u00f3 local rellevant, des d&#8217;esdeveniments comunitaris fins a oportunitats d&#8217;ocupaci\u00f3. Aquestes plataformes no nom\u00e9s faciliten la comunicaci\u00f3 interna a la comunitat, sin\u00f3 que tamb\u00e9 fomenten la participaci\u00f3 activa dels residents en la presa de decisions locals.<\/li>\n<\/ol>\n<div class=\"flex-1 overflow-hidden\">\n<div class=\"react-scroll-to-bottom--css-bdjrk-79elbk h-full\">\n<div class=\"react-scroll-to-bottom--css-bdjrk-1n7m0yu\">\n<div class=\"flex flex-col text-sm gizmo:pb-9 dark:bg-gray-800 gizmo:dark:bg-transparent\">\n<div class=\"w-full text-token-text-primary border-b border-black\/10 gizmo:border-0 dark:border-gray-900\/50 gizmo:dark:border-0 bg-gray-50 gizmo:bg-transparent dark:bg-[#444654] gizmo:dark:bg-transparent\" data-testid=\"conversation-turn-5\">\n<div class=\"p-4 gizmo:py-2 justify-center text-base md:gap-6 md:py-6 m-auto\">\n<div class=\"flex flex-1 gap-4 text-base mx-auto md:gap-6 gizmo:gap-3 gizmo:md:px-5 gizmo:lg:px-1 gizmo:xl:px-5 md:max-w-2xl lg:max-w-[38rem] gizmo:md:max-w-3xl gizmo:lg:max-w-[40rem] gizmo:xl:max-w-[48rem] xl:max-w-3xl } group final-completion\">\n<div class=\"relative flex w-[calc(100%-50px)] flex-col gizmo:w-full lg:w-[calc(100%-115px)] agent-turn\">\n<div class=\"flex-col gap-1 md:gap-3\">\n<div class=\"flex flex-grow flex-col max-w-full gap-3 gizmo:gap-0\">\n<div class=\"min-h-[20px] text-message flex flex-col items-start gap-3 whitespace-pre-wrap break-words [.text-message+&amp;]:mt-5 overflow-x-auto\" data-message-author-role=\"assistant\" data-message-id=\"9dffb00e-4ad7-428b-984f-4cd6f6b1fab5\">\n<div class=\"markdown prose w-full break-words dark:prose-invert light\">\n<p>&nbsp;<\/p>\n<\/div>\n<\/div>\n<\/div>\n<\/div>\n<\/div>\n<\/div>\n<\/div>\n<\/div>\n<\/div>\n<\/div>\n<div><\/div>\n<div class=\"react-scroll-to-bottom--css-bdjrk-1n7m0yu\">\n<div class=\"flex flex-col text-sm gizmo:pb-9 dark:bg-gray-800 gizmo:dark:bg-transparent\">Aquestes solucions actuals, tant a nivell governamental com a comunitari, busquen abordar de manera integral el problema de la despoblaci\u00f3 rural, proporcionant incentius per a l&#8217;arrelament i promovent el desenvolupament sostenible d&#8217;aquestes comunitats.<\/div>\n<\/div>\n<\/div>\n<\/div>\n<p>&nbsp;<\/p>\n<\/div>\n<\/div>\n<\/div>\n<\/div>\n<\/div>\n<\/div>\n<\/div>\n<\/div>\n<\/div>\n<\/div>\n<\/div>\n<\/div>\n<div class=\"w-full pt-2 md:pt-0 border-t md:border-t-0 gizmo:border-t-0 dark:border-white\/20 md:border-transparent md:dark:border-transparent md:pl-2 gizmo:pl-0 gizmo:md:pl-0 md:w-[calc(100%-.5rem)]\">\n<form class=\"stretch mx-2 flex flex-row gap-3 last:mb-2 md:mx-4 md:last:mb-6 lg:mx-auto lg:max-w-2xl xl:max-w-3xl\">\n<div class=\"flex w-full items-center\">\n<h3 data-block-id=\"block-5c8ff20a-69b9-4e0d-a9fd-0f17df96bd35\"><strong>La import\u00e0ncia d&#8217;interconnectar zones rurals<\/strong><\/h3>\n<p class=\"ql-align-justify\" data-block-id=\"block-40fadabc-355a-4963-bfc5-cc0a9a4df96b\">Per a les zones rurals i aconseguir que siguin atractives a talent i noves fam\u00edlies, \u00e9s important donar <strong>visibilitat i millorar la seva interconnexi\u00f3<\/strong>. No nom\u00e9s parlem d&#8217;infraestructures de telecomunicacions, sin\u00f3 tamb\u00e9 la import\u00e0ncia que les persones formin part d&#8217;una <strong>xarxa local interconnectada<\/strong>, que els ajudi a trobar oportunitats, a sumar, generar sinergies.<\/p>\n<p class=\"ql-align-justify\" data-block-id=\"block-29d0a609-444d-42ad-97fc-eb4cd951f417\">Per aix\u00f2 \u00e9s important que les <strong>noves tecnologies puguin estar al servei<\/strong> d&#8217;aquestes zones, generalment molt disseminades i que tenen una clara necessitat de millorar la comunicaci\u00f3 entre si.<\/p>\n<p class=\"ql-align-justify\" data-block-id=\"block-da8f6479-a8f1-4f71-9f40-15b9d74512f3\">Les plataformes digitals aqu\u00ed poden aportar el seu gra de sorra, fent possible espais interactius on els seus habitants puguin estar millor connectats, ia m\u00e9s <strong>enfortir la col\u00b7laboraci\u00f3 i la presa de decisions a la teva comunitat<\/strong>.<\/p>\n<p class=\"ql-align-justify\" data-block-id=\"block-e8ca8bdd-5cba-4683-a305-81f6091c2da3\">Per a aquestes comunitats \u00e9s molt important saber quan acudir\u00e0 el metge o si hi ha alguna incid\u00e8ncia amb la parada de fruites i verdures que est\u00e0 prevista per a cada dimecres. S\u00f3n q\u00fcestions del dia a dia, detalls que expliquen.<\/p>\n<p class=\"ql-align-justify\" data-block-id=\"block-4172d3b6-72e4-470c-9102-3e4486453304\">Per aquest motiu <strong><a href=\"https:\/\/www.eagora.app\">eAgora<\/a> fa realitat una xarxa de petits pobles i municipis<\/strong>, en qu\u00e8 els seus habitants estan al dia de tot el que passa, de les <strong>incid\u00e8ncies, talls de llum o aigua, imprevistos als seus serveis<\/strong> diaris,.. i on a m\u00e9s, tenen un espai on <strong>connectar<\/strong> amb altres ve\u00efns i ve\u00efnes, <strong>fer gestions i participar<\/strong>.<\/p>\n<p class=\"ql-align-justify\" data-block-id=\"block-910ed407-487d-4533-acc6-88bfbc676093\">Quan un nou habitant decideix iniciar una nova vida en una zona rural, valora molt poder estar ben informat, saber qu\u00e8 passa a la zona, quines activitats hi ha,&#8230; i per aix\u00f2 la<strong> tecnologia es converteix en una eina b\u00e0sica al servei de les persones<\/strong>. Ja no cal empaperar les parades de bus, gastant paper, tinta i CO2&#8230; ara amb un simple bot\u00f3 al tel\u00e8fon, ho pots trobar tot, tot all\u00f2 local, all\u00f2 proper, all\u00f2 que realment interessa.<\/p>\n<\/div>\n<p>&nbsp;<\/p>\n<\/form>\n<\/div>\n<div class=\"flex-1 overflow-hidden\">\n<div class=\"react-scroll-to-bottom--css-xgumz-79elbk h-full\">\n<div class=\"react-scroll-to-bottom--css-xgumz-1n7m0yu\">\n<div class=\"flex flex-col text-sm gizmo:pb-9 dark:bg-gray-800 gizmo:dark:bg-transparent\">\n<div class=\"w-full text-token-text-primary border-b border-black\/10 gizmo:border-0 dark:border-gray-900\/50 gizmo:dark:border-0 bg-gray-50 gizmo:bg-transparent dark:bg-[#444654] gizmo:dark:bg-transparent\" data-testid=\"conversation-turn-35\">\n<div class=\"p-4 gizmo:py-2 justify-center text-base md:gap-6 md:py-6 m-auto\">\n<div class=\"flex flex-1 gap-4 text-base mx-auto md:gap-6 gizmo:gap-3 gizmo:md:px-5 gizmo:lg:px-1 gizmo:xl:px-5 md:max-w-2xl lg:max-w-[38rem] gizmo:md:max-w-3xl gizmo:lg:max-w-[40rem] gizmo:xl:max-w-[48rem] xl:max-w-3xl } group final-completion\">\n<div class=\"relative flex w-[calc(100%-50px)] flex-col gizmo:w-full lg:w-[calc(100%-115px)] agent-turn\">\n<div class=\"flex-col gap-1 md:gap-3\">\n<div class=\"flex flex-grow flex-col max-w-full gap-3 gizmo:gap-0\">\n<div class=\"min-h-[20px] text-message flex flex-col items-start gap-3 whitespace-pre-wrap break-words [.text-message+&amp;]:mt-5 overflow-x-auto\" data-message-author-role=\"assistant\" data-message-id=\"a92226e5-0878-49ee-91bb-802481462234\">\n<div class=\"markdown prose w-full break-words dark:prose-invert light\">\n<h3><strong>Tend\u00e8ncies Emergents contra el Despoblament Rural<\/strong><\/h3>\n<p>Les estrat\u00e8gies per contrarestar el despoblament rural han evolucionat amb el temps, i entre les tend\u00e8ncies emergents destaquen:<\/p>\n<p>&nbsp;<\/p>\n<p><strong>Teletreball a Zones Rurals<\/strong><\/p>\n<p>El teletreball en \u00e0rees rurals experimenta un apogeu impulsat per aven\u00e7os tecnol\u00f2gics i canvis en les din\u00e0miques laborals.<\/p>\n<p>a. <strong>Flexibilitat laboral:<\/strong> L&#8217;adopci\u00f3 d&#8217;horaris flexibles i models de treball no convencionals es converteix en norma i permet als professionals rurals gestionar el seu temps de manera eficient.<\/p>\n<p>b. <strong>Coworking Rural:<\/strong> El sorgiment d&#8217;espais de coworking a entorns rurals fomenta la col\u00b7laboraci\u00f3, la innovaci\u00f3 i la creaci\u00f3 de xarxes professionals.<\/p>\n<p>c. <strong>Programes de Descentralitzaci\u00f3 Empresarial:<\/strong> Incentius governamentals busquen descentralitzar empreses i generar ocupaci\u00f3 en \u00e0rees rurals, propiciant un desenvolupament m\u00e9s equitatiu.<\/p>\n<p>&nbsp;<\/p>\n<p><strong>Turisme Sostenible<\/strong><\/p>\n<p>El turisme sostenible va m\u00e9s enll\u00e0 de pr\u00e0ctiques respectuoses amb el medi ambient i presenta tend\u00e8ncies que impulsen un desenvolupament integral.<\/p>\n<p>a. <strong>Turisme Digital i Experi\u00e8ncies Virtuals:<\/strong> Oferir experi\u00e8ncies tur\u00edstiques virtuals ressalta els atractius naturals i culturals de les zones rurals, atraient nous p\u00fablics.<\/p>\n<p>b. <strong>Turisme Agrotur\u00edstic:<\/strong> S&#8217;enfoca en activitats que connecten els visitants amb la vida agr\u00edcola i rural, brindant experi\u00e8ncies aut\u00e8ntiques.<\/p>\n<p>c. <strong>Turisme Educatiu Ambiental:<\/strong> Programes educatius destaquen la import\u00e0ncia de la conservaci\u00f3 ambiental i la biodiversitat, sensibilitzant els turistes.<\/p>\n<p>d. <strong>Turisme de Benestar:<\/strong> Oferta de serveis que promouen el benestar, com ara recessos de salut i activitats centrades en l&#8217;equilibri mental i f\u00edsic.<\/p>\n<p>&nbsp;<\/p>\n<p><strong>Aprofitament de Recursos Naturals<\/strong><\/p>\n<p>Enfocament en l&#8217;aprofitament sostenible dels recursos naturals a zones rurals, amb \u00e8mfasi en:<\/p>\n<p>a. <strong>Agroecologia i Agricultura Sostenible:<\/strong> Implementaci\u00f3 de pr\u00e0ctiques agr\u00edcoles respectuoses amb el medi ambient.<\/p>\n<p>b. <strong>Gesti\u00f3 Responsable de Recursos H\u00eddrics:<\/strong> Desenvolupament de programes per a la conservaci\u00f3 i l&#8217;\u00fas eficient de l&#8217;aigua.<\/p>\n<p>c. <strong>Turisme d\u00b4Observaci\u00f3 de Fauna i Flora:<\/strong> Potenciaci\u00f3 del turisme centrat en l\u00b4observaci\u00f3 de la biodiversitat local, destacant la import\u00e0ncia de la conservaci\u00f3.<\/p>\n<p>&nbsp;<\/p>\n<p><strong>Desenvolupament d&#8217;Activitats Ecoamigables<\/strong><\/p>\n<p>L&#8217;enfocament en activitats sostenibles s&#8217;expandeix a noves dimensions, incorporant-hi:<\/p>\n<p>a. <strong>Ecoturisme i Biodiversitat:<\/strong> Destacar la biodiversitat local en experi\u00e8ncies tur\u00edstiques i rutes de senderisme.<\/p>\n<p>b. <strong>Promoci\u00f3 de la Identitat Local:<\/strong> Incentius per a empreses locals amb certificacions ecoamigables.<\/p>\n<p>c. <strong>Transport Sostenible:<\/strong> Foment de mitjans de transport sostenibles per reduir la petjada de carboni.<\/p>\n<p>&nbsp;<\/p>\n<p><strong>Promoci\u00f3 de la identitat local i preservaci\u00f3 cultural<\/strong><\/p>\n<p>Enfortiment de la identitat i singularitat cultural:<\/p>\n<p>a. <strong>Certificaci\u00f3 Eco-Friendly per a Empreses Locals:<\/strong> Incentiu per a empreses locals amb certificacions ecoamigables.<\/p>\n<p>b. <strong>Transport Sostenible:<\/strong> Foment de mitjans de transport sostenibles per reduir la petjada de carboni.<\/p>\n<p>c. <strong>Educaci\u00f3 Ambiental Local:<\/strong> Programes educatius que sensibilitzin la comunitat sobre la import\u00e0ncia de la sostenibilitat.<\/p>\n<p>d. <strong>Marques Locals i Etiquetatge Geogr\u00e0fic:<\/strong> Creaci\u00f3 de marques i etiquetatge geogr\u00e0fic destacant la proced\u00e8ncia i qualitat de productes locals.<\/p>\n<p>&nbsp;<\/p>\n<p><strong>Preservaci\u00f3 Cultural<\/strong><\/p>\n<p>Salvaguarda de tradicions i formes de vida:<\/p>\n<p>a. <strong>Museus Comunitaris:<\/strong> Espais muse\u00edstics que allotgen la hist\u00f2ria i l&#8217;her\u00e8ncia cultural.<\/p>\n<p>b. <strong>Programes dEducaci\u00f3 Cultural:<\/strong> Desenvolupament de programes educatius que transmetin coneixements culturals.<\/p>\n<p>c. <strong>Restauraci\u00f3 de Llocs Hist\u00f2rics:<\/strong> Inversi\u00f3 en la restauraci\u00f3 i conservaci\u00f3 de llocs hist\u00f2rics per mantenir viva la hist\u00f2ria local.<\/p>\n<p>&nbsp;<\/p>\n<p><strong>Esdeveniments i Festivals Culturals<\/strong><\/p>\n<p>La celebraci\u00f3 d&#8217;esdeveniments contribueix a dinamitzar la vida cultural:<\/p>\n<p>a. <strong>Festivals de M\u00fasica i Arts:<\/strong> Organitzaci\u00f3 d&#8217;esdeveniments que destaquen la m\u00fasica, les arts visuals i les esc\u00e8niques locals.<\/p>\n<p>b. <strong>Celebracions Tradicionals:<\/strong> Manteniment de festivitats arrelades a la cultura local, compartint-les amb visitants.<\/p>\n<p>c. <strong>Fires d&#8217;Artesania i Productes Locals:<\/strong> Organitzaci\u00f3 de fires que exhibeixin i venguin productes artesanals i locals, impulsant l&#8217;economia regional.<\/p>\n<p>&nbsp;<\/p>\n<p>Aquestes tend\u00e8ncies emergents busquen noves maneres d&#8217;aprofitar els recursos i les caracter\u00edstiques \u00faniques de les zones rurals, no nom\u00e9s per oferir oportunitats econ\u00f2miques sin\u00f3 tamb\u00e9 per preservar i enfortir la identitat i atractiu d&#8217;aquestes comunitats. La integraci\u00f3 d&#8217;aquestes pr\u00e0ctiques no sols enforteix l&#8217;economia local, sin\u00f3 que tamb\u00e9 crea experi\u00e8ncies aut\u00e8ntiques i enriquidores tant per a la comunitat com per als visitants.<\/p>\n<\/div>\n<\/div>\n<\/div>\n<\/div>\n<\/div>\n<\/div>\n<\/div>\n<\/div>\n<\/div>\n<\/div>\n<\/div>\n<\/div>\n<p>&nbsp;<\/p>\n<h3><strong>Descobreix el Poder de la Participaci\u00f3 Comunit\u00e0ria amb eAgora: Impulsant el Canvi per Combatre el Despoblament Rural<\/strong><\/h3>\n<p>En aquest bloc, hem explorat a fons els desafiaments i les solucions que enfronten les comunitats rurals. eAgora \u00e9s una plataforma dissenyada per enfortir la col\u00b7laboraci\u00f3 i la presa de decisions a la teva comunitat. Transforma la teva comunitat, fomenta la participaci\u00f3 i crea un espai on cada veu compta.<\/p>\n<p>Descobreix el poder de la participaci\u00f3 comunit\u00e0ria amb eAgora, la plataforma dissenyada per <strong>enfortir la col\u00b7laboraci\u00f3 i la presa de decisions a la teva comunitat<\/strong>. <strong>Impulsa el canvi per combatre la despoblaci\u00f3 rural!<\/strong><\/p>\n<p>&nbsp;<\/p>\n<p style=\"text-align: center;\"><strong>Llesta per al canvi?<\/strong><\/p>\n<p style=\"text-align: center;\"><strong>Transforma la teva Comunitat amb eAgora!<\/strong><\/p>\n<h3><span id=\"hs-cta-wrapper-853d4503-fcbb-4d34-a346-60f4ad805caf\" class=\"hs-cta-wrapper\"><span id=\"hs-cta-853d4503-fcbb-4d34-a346-60f4ad805caf\" class=\"hs-cta-node hs-cta-853d4503-fcbb-4d34-a346-60f4ad805caf\"><a href=\"https:\/\/hubspot-cta-redirect-eu1-prod.s3.amazonaws.com\/cta\/redirect\/25066662\/853d4503-fcbb-4d34-a346-60f4ad805caf\"><img decoding=\"async\" id=\"hs-cta-img-853d4503-fcbb-4d34-a346-60f4ad805caf\" class=\"hs-cta-img aligncenter\" style=\"border-width: 0px;\" src=\"https:\/\/hubspot-no-cache-eu1-prod.s3.amazonaws.com\/cta\/default\/25066662\/853d4503-fcbb-4d34-a346-60f4ad805caf.png\" alt=\"Comen\u00e7a gratis\"><\/a><\/span><\/span><\/h3>\n","protected":false},"excerpt":{"rendered":"<p>El problema de la despoblaci\u00f3 rural: solucions i tend\u00e8ncies &nbsp; &nbsp; &nbsp; El problema de la despoblaci\u00f3 rural: solucions i tend\u00e8ncies La despoblaci\u00f3 rural representa un dels desafiaments m\u00e9s urgents a la societat contempor\u00e0nia, amb implicacions profundes per a les comunitats locals i el teixit social. En aquest context, \u00e9s essencial comprendre la magnitud del [&hellip;]<\/p>\n","protected":false},"author":872,"featured_media":21058,"comment_status":"closed","ping_status":"open","sticky":false,"template":"","format":"standard","meta":{"content-type":"","_jetpack_memberships_contains_paid_content":false,"_joinchat":[],"footnotes":""},"categories":[115],"tags":[],"class_list":["post-21095","post","type-post","status-publish","format-standard","has-post-thumbnail","hentry","category-articles-ca"],"yoast_head":"<!-- This site is optimized with the Yoast SEO Premium plugin v27.0 (Yoast SEO v27.0) - https:\/\/yoast.com\/product\/yoast-seo-premium-wordpress\/ -->\n<title>El problema de la despoblaci\u00f3 rural: solucions i tend\u00e8ncies<\/title>\n<meta name=\"description\" content=\"Explorem el problema de la despoblaci\u00f3 rural: solucions i tend\u00e8ncies innovadores per impulsar el canvi.\" \/>\n<meta name=\"robots\" content=\"index, follow, max-snippet:-1, max-image-preview:large, max-video-preview:-1\" \/>\n<link rel=\"canonical\" href=\"https:\/\/www.eagora.app\/ca\/conocimiento\/el-problema-de-la-despoblacio-rural-solucions-i-tendencies\/\" \/>\n<meta property=\"og:locale\" content=\"ca_ES\" \/>\n<meta property=\"og:type\" content=\"article\" \/>\n<meta property=\"og:title\" content=\"El problema de la despoblaci\u00f3 rural: solucions i tend\u00e8ncies\" \/>\n<meta property=\"og:description\" content=\"Explorem el problema de la despoblaci\u00f3 rural: solucions i tend\u00e8ncies innovadores per impulsar el canvi.\" \/>\n<meta property=\"og:url\" content=\"https:\/\/www.eagora.app\/ca\/conocimiento\/el-problema-de-la-despoblacio-rural-solucions-i-tendencies\/\" \/>\n<meta property=\"og:site_name\" content=\"eAgora\" \/>\n<meta property=\"article:publisher\" content=\"https:\/\/www.facebook.com\/eAgoraApp\" \/>\n<meta property=\"article:published_time\" content=\"2023-11-23T08:26:18+00:00\" \/>\n<meta property=\"article:modified_time\" content=\"2023-11-24T11:38:39+00:00\" \/>\n<meta property=\"og:image\" content=\"https:\/\/www.eagora.app\/wp-content\/uploads\/2023\/11\/BLOG-portadas-posts-36.jpg\" \/>\n\t<meta property=\"og:image:width\" content=\"1920\" \/>\n\t<meta property=\"og:image:height\" content=\"1080\" \/>\n\t<meta property=\"og:image:type\" content=\"image\/jpeg\" \/>\n<meta name=\"author\" content=\"Roser Vallve\" \/>\n<meta name=\"twitter:card\" content=\"summary_large_image\" \/>\n<meta name=\"twitter:creator\" content=\"@EagoraApp\" \/>\n<meta name=\"twitter:site\" content=\"@EagoraApp\" \/>\n<meta name=\"twitter:label1\" content=\"Escrit per\" \/>\n\t<meta name=\"twitter:data1\" content=\"Roser Vallve\" \/>\n\t<meta name=\"twitter:label2\" content=\"Temps estimat de lectura\" \/>\n\t<meta name=\"twitter:data2\" content=\"11 minuts\" \/>\n<script type=\"application\/ld+json\" class=\"yoast-schema-graph\">{\"@context\":\"https:\/\/schema.org\",\"@graph\":[{\"@type\":\"Article\",\"@id\":\"https:\/\/www.eagora.app\/ca\/conocimiento\/el-problema-de-la-despoblacio-rural-solucions-i-tendencies\/#article\",\"isPartOf\":{\"@id\":\"https:\/\/www.eagora.app\/ca\/conocimiento\/el-problema-de-la-despoblacio-rural-solucions-i-tendencies\/\"},\"author\":{\"name\":\"Roser Vallve\",\"@id\":\"https:\/\/www.eagora.app\/ca\/#\/schema\/person\/f1036a22998d81569495936c2aa9cb32\"},\"headline\":\"El problema de la despoblaci\u00f3 rural: solucions i tend\u00e8ncies\",\"datePublished\":\"2023-11-23T08:26:18+00:00\",\"dateModified\":\"2023-11-24T11:38:39+00:00\",\"mainEntityOfPage\":{\"@id\":\"https:\/\/www.eagora.app\/ca\/conocimiento\/el-problema-de-la-despoblacio-rural-solucions-i-tendencies\/\"},\"wordCount\":2208,\"publisher\":{\"@id\":\"https:\/\/www.eagora.app\/ca\/#organization\"},\"image\":{\"@id\":\"https:\/\/www.eagora.app\/ca\/conocimiento\/el-problema-de-la-despoblacio-rural-solucions-i-tendencies\/#primaryimage\"},\"thumbnailUrl\":\"https:\/\/www.eagora.app\/wp-content\/uploads\/2023\/11\/BLOG-portadas-posts-36.jpg\",\"articleSection\":[\"Articles\"],\"inLanguage\":\"ca\"},{\"@type\":\"WebPage\",\"@id\":\"https:\/\/www.eagora.app\/ca\/conocimiento\/el-problema-de-la-despoblacio-rural-solucions-i-tendencies\/\",\"url\":\"https:\/\/www.eagora.app\/ca\/conocimiento\/el-problema-de-la-despoblacio-rural-solucions-i-tendencies\/\",\"name\":\"El problema de la despoblaci\u00f3 rural: solucions i tend\u00e8ncies\",\"isPartOf\":{\"@id\":\"https:\/\/www.eagora.app\/ca\/#website\"},\"primaryImageOfPage\":{\"@id\":\"https:\/\/www.eagora.app\/ca\/conocimiento\/el-problema-de-la-despoblacio-rural-solucions-i-tendencies\/#primaryimage\"},\"image\":{\"@id\":\"https:\/\/www.eagora.app\/ca\/conocimiento\/el-problema-de-la-despoblacio-rural-solucions-i-tendencies\/#primaryimage\"},\"thumbnailUrl\":\"https:\/\/www.eagora.app\/wp-content\/uploads\/2023\/11\/BLOG-portadas-posts-36.jpg\",\"datePublished\":\"2023-11-23T08:26:18+00:00\",\"dateModified\":\"2023-11-24T11:38:39+00:00\",\"description\":\"Explorem el problema de la despoblaci\u00f3 rural: solucions i tend\u00e8ncies innovadores per impulsar el canvi.\",\"breadcrumb\":{\"@id\":\"https:\/\/www.eagora.app\/ca\/conocimiento\/el-problema-de-la-despoblacio-rural-solucions-i-tendencies\/#breadcrumb\"},\"inLanguage\":\"ca\",\"potentialAction\":[{\"@type\":\"ReadAction\",\"target\":[\"https:\/\/www.eagora.app\/ca\/conocimiento\/el-problema-de-la-despoblacio-rural-solucions-i-tendencies\/\"]}]},{\"@type\":\"ImageObject\",\"inLanguage\":\"ca\",\"@id\":\"https:\/\/www.eagora.app\/ca\/conocimiento\/el-problema-de-la-despoblacio-rural-solucions-i-tendencies\/#primaryimage\",\"url\":\"https:\/\/www.eagora.app\/wp-content\/uploads\/2023\/11\/BLOG-portadas-posts-36.jpg\",\"contentUrl\":\"https:\/\/www.eagora.app\/wp-content\/uploads\/2023\/11\/BLOG-portadas-posts-36.jpg\",\"width\":1920,\"height\":1080},{\"@type\":\"BreadcrumbList\",\"@id\":\"https:\/\/www.eagora.app\/ca\/conocimiento\/el-problema-de-la-despoblacio-rural-solucions-i-tendencies\/#breadcrumb\",\"itemListElement\":[{\"@type\":\"ListItem\",\"position\":1,\"name\":\"Inicio\",\"item\":\"https:\/\/www.eagora.app\/ca\/\"},{\"@type\":\"ListItem\",\"position\":2,\"name\":\"Coneixement\",\"item\":\"https:\/\/www.eagora.app\/ca\/coneixement\/\"},{\"@type\":\"ListItem\",\"position\":3,\"name\":\"El problema de la despoblaci\u00f3 rural: solucions i tend\u00e8ncies\"}]},{\"@type\":\"WebSite\",\"@id\":\"https:\/\/www.eagora.app\/ca\/#website\",\"url\":\"https:\/\/www.eagora.app\/ca\/\",\"name\":\"eAgora\",\"description\":\"La plataforma que nos conecta\",\"publisher\":{\"@id\":\"https:\/\/www.eagora.app\/ca\/#organization\"},\"potentialAction\":[{\"@type\":\"SearchAction\",\"target\":{\"@type\":\"EntryPoint\",\"urlTemplate\":\"https:\/\/www.eagora.app\/ca\/?s={search_term_string}\"},\"query-input\":{\"@type\":\"PropertyValueSpecification\",\"valueRequired\":true,\"valueName\":\"search_term_string\"}}],\"inLanguage\":\"ca\"},{\"@type\":\"Organization\",\"@id\":\"https:\/\/www.eagora.app\/ca\/#organization\",\"name\":\"eAgora\",\"url\":\"https:\/\/www.eagora.app\/ca\/\",\"logo\":{\"@type\":\"ImageObject\",\"inLanguage\":\"ca\",\"@id\":\"https:\/\/www.eagora.app\/ca\/#\/schema\/logo\/image\/\",\"url\":\"https:\/\/www.eagora.app\/wp-content\/uploads\/2023\/02\/logo-eagora-emails.jpg\",\"contentUrl\":\"https:\/\/www.eagora.app\/wp-content\/uploads\/2023\/02\/logo-eagora-emails.jpg\",\"width\":550,\"height\":146,\"caption\":\"eAgora\"},\"image\":{\"@id\":\"https:\/\/www.eagora.app\/ca\/#\/schema\/logo\/image\/\"},\"sameAs\":[\"https:\/\/www.facebook.com\/eAgoraApp\",\"https:\/\/x.com\/EagoraApp\",\"https:\/\/www.instagram.com\/eagora.app\/\",\"https:\/\/www.linkedin.com\/company\/eagora\",\"https:\/\/www.youtube.com\/@eAgoraApp\"]},{\"@type\":\"Person\",\"@id\":\"https:\/\/www.eagora.app\/ca\/#\/schema\/person\/f1036a22998d81569495936c2aa9cb32\",\"name\":\"Roser Vallve\",\"image\":{\"@type\":\"ImageObject\",\"inLanguage\":\"ca\",\"@id\":\"https:\/\/www.eagora.app\/ca\/#\/schema\/person\/image\/\",\"url\":\"https:\/\/secure.gravatar.com\/avatar\/0399a104ac4b8ad3b6f7161df883d725e4edadfe16802877923fe80093335413?s=96&d=mm&r=g\",\"contentUrl\":\"https:\/\/secure.gravatar.com\/avatar\/0399a104ac4b8ad3b6f7161df883d725e4edadfe16802877923fe80093335413?s=96&d=mm&r=g\",\"caption\":\"Roser Vallve\"}}]}<\/script>\n<!-- \/ Yoast SEO Premium plugin. -->","yoast_head_json":{"title":"El problema de la despoblaci\u00f3 rural: solucions i tend\u00e8ncies","description":"Explorem el problema de la despoblaci\u00f3 rural: solucions i tend\u00e8ncies innovadores per impulsar el canvi.","robots":{"index":"index","follow":"follow","max-snippet":"max-snippet:-1","max-image-preview":"max-image-preview:large","max-video-preview":"max-video-preview:-1"},"canonical":"https:\/\/www.eagora.app\/ca\/conocimiento\/el-problema-de-la-despoblacio-rural-solucions-i-tendencies\/","og_locale":"ca_ES","og_type":"article","og_title":"El problema de la despoblaci\u00f3 rural: solucions i tend\u00e8ncies","og_description":"Explorem el problema de la despoblaci\u00f3 rural: solucions i tend\u00e8ncies innovadores per impulsar el canvi.","og_url":"https:\/\/www.eagora.app\/ca\/conocimiento\/el-problema-de-la-despoblacio-rural-solucions-i-tendencies\/","og_site_name":"eAgora","article_publisher":"https:\/\/www.facebook.com\/eAgoraApp","article_published_time":"2023-11-23T08:26:18+00:00","article_modified_time":"2023-11-24T11:38:39+00:00","og_image":[{"width":1920,"height":1080,"url":"https:\/\/www.eagora.app\/wp-content\/uploads\/2023\/11\/BLOG-portadas-posts-36.jpg","type":"image\/jpeg"}],"author":"Roser Vallve","twitter_card":"summary_large_image","twitter_creator":"@EagoraApp","twitter_site":"@EagoraApp","twitter_misc":{"Escrit per":"Roser Vallve","Temps estimat de lectura":"11 minuts"},"schema":{"@context":"https:\/\/schema.org","@graph":[{"@type":"Article","@id":"https:\/\/www.eagora.app\/ca\/conocimiento\/el-problema-de-la-despoblacio-rural-solucions-i-tendencies\/#article","isPartOf":{"@id":"https:\/\/www.eagora.app\/ca\/conocimiento\/el-problema-de-la-despoblacio-rural-solucions-i-tendencies\/"},"author":{"name":"Roser Vallve","@id":"https:\/\/www.eagora.app\/ca\/#\/schema\/person\/f1036a22998d81569495936c2aa9cb32"},"headline":"El problema de la despoblaci\u00f3 rural: solucions i tend\u00e8ncies","datePublished":"2023-11-23T08:26:18+00:00","dateModified":"2023-11-24T11:38:39+00:00","mainEntityOfPage":{"@id":"https:\/\/www.eagora.app\/ca\/conocimiento\/el-problema-de-la-despoblacio-rural-solucions-i-tendencies\/"},"wordCount":2208,"publisher":{"@id":"https:\/\/www.eagora.app\/ca\/#organization"},"image":{"@id":"https:\/\/www.eagora.app\/ca\/conocimiento\/el-problema-de-la-despoblacio-rural-solucions-i-tendencies\/#primaryimage"},"thumbnailUrl":"https:\/\/www.eagora.app\/wp-content\/uploads\/2023\/11\/BLOG-portadas-posts-36.jpg","articleSection":["Articles"],"inLanguage":"ca"},{"@type":"WebPage","@id":"https:\/\/www.eagora.app\/ca\/conocimiento\/el-problema-de-la-despoblacio-rural-solucions-i-tendencies\/","url":"https:\/\/www.eagora.app\/ca\/conocimiento\/el-problema-de-la-despoblacio-rural-solucions-i-tendencies\/","name":"El problema de la despoblaci\u00f3 rural: solucions i tend\u00e8ncies","isPartOf":{"@id":"https:\/\/www.eagora.app\/ca\/#website"},"primaryImageOfPage":{"@id":"https:\/\/www.eagora.app\/ca\/conocimiento\/el-problema-de-la-despoblacio-rural-solucions-i-tendencies\/#primaryimage"},"image":{"@id":"https:\/\/www.eagora.app\/ca\/conocimiento\/el-problema-de-la-despoblacio-rural-solucions-i-tendencies\/#primaryimage"},"thumbnailUrl":"https:\/\/www.eagora.app\/wp-content\/uploads\/2023\/11\/BLOG-portadas-posts-36.jpg","datePublished":"2023-11-23T08:26:18+00:00","dateModified":"2023-11-24T11:38:39+00:00","description":"Explorem el problema de la despoblaci\u00f3 rural: solucions i tend\u00e8ncies innovadores per impulsar el canvi.","breadcrumb":{"@id":"https:\/\/www.eagora.app\/ca\/conocimiento\/el-problema-de-la-despoblacio-rural-solucions-i-tendencies\/#breadcrumb"},"inLanguage":"ca","potentialAction":[{"@type":"ReadAction","target":["https:\/\/www.eagora.app\/ca\/conocimiento\/el-problema-de-la-despoblacio-rural-solucions-i-tendencies\/"]}]},{"@type":"ImageObject","inLanguage":"ca","@id":"https:\/\/www.eagora.app\/ca\/conocimiento\/el-problema-de-la-despoblacio-rural-solucions-i-tendencies\/#primaryimage","url":"https:\/\/www.eagora.app\/wp-content\/uploads\/2023\/11\/BLOG-portadas-posts-36.jpg","contentUrl":"https:\/\/www.eagora.app\/wp-content\/uploads\/2023\/11\/BLOG-portadas-posts-36.jpg","width":1920,"height":1080},{"@type":"BreadcrumbList","@id":"https:\/\/www.eagora.app\/ca\/conocimiento\/el-problema-de-la-despoblacio-rural-solucions-i-tendencies\/#breadcrumb","itemListElement":[{"@type":"ListItem","position":1,"name":"Inicio","item":"https:\/\/www.eagora.app\/ca\/"},{"@type":"ListItem","position":2,"name":"Coneixement","item":"https:\/\/www.eagora.app\/ca\/coneixement\/"},{"@type":"ListItem","position":3,"name":"El problema de la despoblaci\u00f3 rural: solucions i tend\u00e8ncies"}]},{"@type":"WebSite","@id":"https:\/\/www.eagora.app\/ca\/#website","url":"https:\/\/www.eagora.app\/ca\/","name":"eAgora","description":"La plataforma que nos conecta","publisher":{"@id":"https:\/\/www.eagora.app\/ca\/#organization"},"potentialAction":[{"@type":"SearchAction","target":{"@type":"EntryPoint","urlTemplate":"https:\/\/www.eagora.app\/ca\/?s={search_term_string}"},"query-input":{"@type":"PropertyValueSpecification","valueRequired":true,"valueName":"search_term_string"}}],"inLanguage":"ca"},{"@type":"Organization","@id":"https:\/\/www.eagora.app\/ca\/#organization","name":"eAgora","url":"https:\/\/www.eagora.app\/ca\/","logo":{"@type":"ImageObject","inLanguage":"ca","@id":"https:\/\/www.eagora.app\/ca\/#\/schema\/logo\/image\/","url":"https:\/\/www.eagora.app\/wp-content\/uploads\/2023\/02\/logo-eagora-emails.jpg","contentUrl":"https:\/\/www.eagora.app\/wp-content\/uploads\/2023\/02\/logo-eagora-emails.jpg","width":550,"height":146,"caption":"eAgora"},"image":{"@id":"https:\/\/www.eagora.app\/ca\/#\/schema\/logo\/image\/"},"sameAs":["https:\/\/www.facebook.com\/eAgoraApp","https:\/\/x.com\/EagoraApp","https:\/\/www.instagram.com\/eagora.app\/","https:\/\/www.linkedin.com\/company\/eagora","https:\/\/www.youtube.com\/@eAgoraApp"]},{"@type":"Person","@id":"https:\/\/www.eagora.app\/ca\/#\/schema\/person\/f1036a22998d81569495936c2aa9cb32","name":"Roser Vallve","image":{"@type":"ImageObject","inLanguage":"ca","@id":"https:\/\/www.eagora.app\/ca\/#\/schema\/person\/image\/","url":"https:\/\/secure.gravatar.com\/avatar\/0399a104ac4b8ad3b6f7161df883d725e4edadfe16802877923fe80093335413?s=96&d=mm&r=g","contentUrl":"https:\/\/secure.gravatar.com\/avatar\/0399a104ac4b8ad3b6f7161df883d725e4edadfe16802877923fe80093335413?s=96&d=mm&r=g","caption":"Roser Vallve"}}]}},"jetpack_featured_media_url":"https:\/\/www.eagora.app\/wp-content\/uploads\/2023\/11\/BLOG-portadas-posts-36.jpg","jetpack_sharing_enabled":true,"_links":{"self":[{"href":"https:\/\/www.eagora.app\/ca\/wp-json\/wp\/v2\/posts\/21095","targetHints":{"allow":["GET"]}}],"collection":[{"href":"https:\/\/www.eagora.app\/ca\/wp-json\/wp\/v2\/posts"}],"about":[{"href":"https:\/\/www.eagora.app\/ca\/wp-json\/wp\/v2\/types\/post"}],"author":[{"embeddable":true,"href":"https:\/\/www.eagora.app\/ca\/wp-json\/wp\/v2\/users\/872"}],"replies":[{"embeddable":true,"href":"https:\/\/www.eagora.app\/ca\/wp-json\/wp\/v2\/comments?post=21095"}],"version-history":[{"count":0,"href":"https:\/\/www.eagora.app\/ca\/wp-json\/wp\/v2\/posts\/21095\/revisions"}],"wp:featuredmedia":[{"embeddable":true,"href":"https:\/\/www.eagora.app\/ca\/wp-json\/wp\/v2\/media\/21058"}],"wp:attachment":[{"href":"https:\/\/www.eagora.app\/ca\/wp-json\/wp\/v2\/media?parent=21095"}],"wp:term":[{"taxonomy":"category","embeddable":true,"href":"https:\/\/www.eagora.app\/ca\/wp-json\/wp\/v2\/categories?post=21095"},{"taxonomy":"post_tag","embeddable":true,"href":"https:\/\/www.eagora.app\/ca\/wp-json\/wp\/v2\/tags?post=21095"}],"curies":[{"name":"wp","href":"https:\/\/api.w.org\/{rel}","templated":true}]}}