{"id":50299,"date":"2025-02-05T13:58:32","date_gmt":"2025-02-05T11:58:32","guid":{"rendered":"https:\/\/www.eagora.app\/carnestoltes-i-setmana-santa-sense-complicacions-gestio-entrades-i-comunicacio-en-eagora\/"},"modified":"2025-02-06T13:49:32","modified_gmt":"2025-02-06T11:49:32","slug":"carnestoltes-i-setmana-santa-sense-complicacions-gestio-entrades-i-comunicacio-en-eagora","status":"publish","type":"post","link":"https:\/\/www.eagora.app\/ca\/carnestoltes-setmanasanta\/","title":{"rendered":"Carnestoltes i Setmana Santa sense complicacions: gesti\u00f3, entrades i comunicaci\u00f3 en eAgora"},"content":{"rendered":"\t\t<div data-elementor-type=\"wp-post\" data-elementor-id=\"50299\" class=\"elementor elementor-50299 elementor-50206\" data-elementor-post-type=\"post\">\n\t\t\t\t<div class=\"elementor-element elementor-element-2281b9ea e-flex e-con-boxed e-con e-parent\" data-id=\"2281b9ea\" data-element_type=\"container\" data-e-type=\"container\">\n\t\t\t\t\t<div class=\"e-con-inner\">\n\t\t\t\t<div class=\"elementor-element elementor-element-520c948f elementor-widget elementor-widget-text-editor\" data-id=\"520c948f\" data-element_type=\"widget\" data-e-type=\"widget\" data-widget_type=\"text-editor.default\">\n\t\t\t\t<div class=\"elementor-widget-container\">\n\t\t\t\t\t\t\t\t\t<p>Les grans festivitats com a <strong>Carnestoltes i Setmana Santa <\/strong>no sols atreuen la ciutadania, sin\u00f3 tamb\u00e9 a turistes i visitants. Gestionar tota la informaci\u00f3, coordinar activitats i manejar la venda d&#8217;entrades pot ser un repte log\u00edstic important\u2026 per\u00f2 amb eAgora, \u00e9s m\u00e9s f\u00e0cil que mai! <\/p>\n<p>Des de la <strong>promoci\u00f3 d&#8217;esdeveniments fins a la gesti\u00f3 de reserves i venda d&#8217;entrades<\/strong>, eAgora permet que els ajuntaments organitzin les seves festivitats de manera eficient, sense perdre detall i garantint una experi\u00e8ncia \u00f2ptima per a tots.<\/p>\n<p><img fetchpriority=\"high\" decoding=\"async\" class=\" wp-image-50207 aligncenter\" src=\"https:\/\/www.eagora.app\/wp-content\/uploads\/2025\/02\/Blog-Festivitats-1-300x200.webp\" alt=\"\" width=\"300\" height=\"200\" srcset=\"https:\/\/www.eagora.app\/wp-content\/uploads\/2025\/02\/Blog-Festivitats-1-300x200.webp 300w, https:\/\/www.eagora.app\/wp-content\/uploads\/2025\/02\/Blog-Festivitats-1-768x512.webp 768w, https:\/\/www.eagora.app\/wp-content\/uploads\/2025\/02\/Blog-Festivitats-1-600x400.webp 600w, https:\/\/www.eagora.app\/wp-content\/uploads\/2025\/02\/Blog-Festivitats-1.webp 900w\" sizes=\"(max-width: 300px) 100vw, 300px\" \/><\/p>\n<h4><b>Qu\u00e8 t&#8217;oferim per a aquestes festes?<\/b><\/h4>\n<ul>\n<li><strong>Venda d&#8217;entrades sense complicacions<\/strong><br \/>Gestionem la venda d&#8217;entrades per a desfilades, concerts, representacions i qualsevol esdeveniment amb aforament limitat. Aix\u00ed, locals i visitants poden accedir f\u00e0cilment als seus esdeveniments favorits sense cues ni complicacions.\n<\/li>\n<li><strong>Promoci\u00f3 i difusi\u00f3 tur\u00edstica<\/strong><br \/>Publiquem i destaquem l&#8217;agenda cultural, rutes tur\u00edstiques i punts d&#8217;inter\u00e8s perqu\u00e8 ning\u00fa es perdi el millor del teu municipi. A m\u00e9s, facilitem la comunicaci\u00f3 en temps real per a informar sobre canvis o novetats en la programaci\u00f3.\n<\/li>\n<li><strong>Gesti\u00f3 d&#8217;entrades i inscripcion<\/strong><br \/>Permetem la venda i gesti\u00f3 d\u2019entrades per a esdeveniments, aix\u00ed com la inscripci\u00f3 a activitats o tallers. Tot de manera centralitzada i accessible, facilitant tant l\u2019organitzaci\u00f3 per part de l\u2019ajuntament com la participaci\u00f3 de la ciutadania.\n<\/li>\n<li><strong>Informaci\u00f3 sempre actualitzada<\/strong><br \/>Des del programa d&#8217;activitats fins als canvis d&#8217;\u00faltima hora, la ciutadania i els turistes poden accedir a tota la informaci\u00f3 directament des del seu m\u00f2bil, en un sol clic.\n<\/li>\n<\/ul>\n<p><span style=\"font-weight: 400;\">\ud83d\ude80 <\/span><b>Optimitza la gesti\u00f3 i augmenta l&#8217;impacte de les teves festivitats amb eAgora<\/b><\/p>\n<p>Amb eAgora, els ajuntaments poden centralitzar tota l&#8217;organitzaci\u00f3 de les seves festes, millorar la comunicaci\u00f3 amb els ciutadans i visitants, i garantir un desenvolupament m\u00e9s ordenat i segur de cada esdeveniment.<\/p>\n<p><span style=\"font-weight: 400;\">El teu ajuntament est\u00e0 llest per a oferir una experi\u00e8ncia impecable aquestes festes?<\/p>\n<p><\/span><\/p>\n<p><b>Parlem i posem en marxa la millor organitzaci\u00f3 per al teu Carnestoltes i Setmana Santa.<\/b><\/p>\n\t\t\t\t\t\t\t\t<\/div>\n\t\t\t\t<\/div>\n\t\t\t\t\t<\/div>\n\t\t\t\t<\/div>\n\t\t<div class=\"elementor-element elementor-element-720cee2 e-flex e-con-boxed e-con e-parent\" data-id=\"720cee2\" data-element_type=\"container\" data-e-type=\"container\">\n\t\t\t\t\t<div class=\"e-con-inner\">\n\t\t<div class=\"elementor-element elementor-element-f118b39 e-con-full e-flex e-con e-child\" data-id=\"f118b39\" data-element_type=\"container\" data-e-type=\"container\">\n\t\t\t\t<div class=\"elementor-element elementor-element-8f8660e elementor-align-center elementor-widget__width-initial elementor-widget elementor-widget-button\" data-id=\"8f8660e\" data-element_type=\"widget\" data-e-type=\"widget\" data-widget_type=\"button.default\">\n\t\t\t\t<div class=\"elementor-widget-container\">\n\t\t\t\t\t\t\t\t\t<div class=\"elementor-button-wrapper\">\n\t\t\t\t\t<a class=\"elementor-button elementor-button-link elementor-size-sm\" href=\"https:\/\/share-eu1.hsforms.com\/1206jB5d8TJC_6ubkK2tRcwex9k6\">\n\t\t\t\t\t\t<span class=\"elementor-button-content-wrapper\">\n\t\t\t\t\t\t\t\t\t<span class=\"elementor-button-text\">Vull saber m\u00e9s<\/span>\n\t\t\t\t\t<\/span>\n\t\t\t\t\t<\/a>\n\t\t\t\t<\/div>\n\t\t\t\t\t\t\t\t<\/div>\n\t\t\t\t<\/div>\n\t\t\t\t<\/div>\n\t\t<div class=\"elementor-element elementor-element-33eadb6 e-con-full e-flex e-con e-child\" data-id=\"33eadb6\" data-element_type=\"container\" data-e-type=\"container\">\n\t\t\t\t<div class=\"elementor-element elementor-element-4a1b0aa elementor-align-center elementor-widget__width-initial elementor-widget elementor-widget-button\" data-id=\"4a1b0aa\" data-element_type=\"widget\" data-e-type=\"widget\" data-widget_type=\"button.default\">\n\t\t\t\t<div class=\"elementor-widget-container\">\n\t\t\t\t\t\t\t\t\t<div class=\"elementor-button-wrapper\">\n\t\t\t\t\t<a class=\"elementor-button elementor-button-link elementor-size-sm\" href=\"https:\/\/meetings-eu1.hubspot.com\/victor-lopez1\/victor-lopez?uuid=0bc94a21-a92e-40a9-a5e1-13c9a32c23bb\">\n\t\t\t\t\t\t<span class=\"elementor-button-content-wrapper\">\n\t\t\t\t\t\t\t\t\t<span class=\"elementor-button-text\">Programar DEMO<\/span>\n\t\t\t\t\t<\/span>\n\t\t\t\t\t<\/a>\n\t\t\t\t<\/div>\n\t\t\t\t\t\t\t\t<\/div>\n\t\t\t\t<\/div>\n\t\t\t\t<\/div>\n\t\t\t\t\t<\/div>\n\t\t\t\t<\/div>\n\t\t\t\t<\/div>\n\t\t","protected":false},"excerpt":{"rendered":"<p>Les grans festivitats com a Carnestoltes i Setmana Santa no sols atreuen la ciutadania, sin\u00f3 tamb\u00e9 a turistes i visitants. Gestionar tota la informaci\u00f3, coordinar activitats i manejar la venda d&#8217;entrades pot ser un repte log\u00edstic important\u2026 per\u00f2 amb eAgora, \u00e9s m\u00e9s f\u00e0cil que mai! Des de la promoci\u00f3 d&#8217;esdeveniments fins a la gesti\u00f3 de [&hellip;]<\/p>\n","protected":false},"author":2353,"featured_media":0,"comment_status":"closed","ping_status":"open","sticky":false,"template":"","format":"standard","meta":{"content-type":"","_jetpack_memberships_contains_paid_content":false,"_joinchat":[],"footnotes":""},"categories":[115,114,116],"tags":[],"class_list":["post-50299","post","type-post","status-publish","format-standard","hentry","category-articles-ca","category-noticies","category-tutorials"],"yoast_head":"<!-- This site is optimized with the Yoast SEO Premium plugin v27.0 (Yoast SEO v27.0) - https:\/\/yoast.com\/product\/yoast-seo-premium-wordpress\/ -->\n<title>Carnestoltes i Setmana Santa sense complicacions: gesti\u00f3, entrades i comunicaci\u00f3 en eAgora - eAgora<\/title>\n<meta name=\"robots\" content=\"index, follow, max-snippet:-1, max-image-preview:large, max-video-preview:-1\" \/>\n<link rel=\"canonical\" href=\"https:\/\/www.eagora.app\/ca\/carnestoltes-setmanasanta\/\" \/>\n<meta property=\"og:locale\" content=\"ca_ES\" \/>\n<meta property=\"og:type\" content=\"article\" \/>\n<meta property=\"og:title\" content=\"Carnestoltes i Setmana Santa sense complicacions: gesti\u00f3, entrades i comunicaci\u00f3 en eAgora\" \/>\n<meta property=\"og:description\" content=\"Les grans festivitats com a Carnestoltes i Setmana Santa no sols atreuen la ciutadania, sin\u00f3 tamb\u00e9 a turistes i visitants. Gestionar tota la informaci\u00f3, coordinar activitats i manejar la venda d&#8217;entrades pot ser un repte log\u00edstic important\u2026 per\u00f2 amb eAgora, \u00e9s m\u00e9s f\u00e0cil que mai! Des de la promoci\u00f3 d&#8217;esdeveniments fins a la gesti\u00f3 de [&hellip;]\" \/>\n<meta property=\"og:url\" content=\"https:\/\/www.eagora.app\/ca\/carnestoltes-setmanasanta\/\" \/>\n<meta property=\"og:site_name\" content=\"eAgora\" \/>\n<meta property=\"article:publisher\" content=\"https:\/\/www.facebook.com\/eAgoraApp\" \/>\n<meta property=\"article:published_time\" content=\"2025-02-05T11:58:32+00:00\" \/>\n<meta property=\"article:modified_time\" content=\"2025-02-06T11:49:32+00:00\" \/>\n<meta property=\"og:image\" content=\"https:\/\/www.eagora.app\/wp-content\/uploads\/2025\/02\/Blog-Festivitats-1-300x200.webp\" \/>\n<meta name=\"author\" content=\"Paula Corpas\" \/>\n<meta name=\"twitter:card\" content=\"summary_large_image\" \/>\n<meta name=\"twitter:creator\" content=\"@EagoraApp\" \/>\n<meta name=\"twitter:site\" content=\"@EagoraApp\" \/>\n<meta name=\"twitter:label1\" content=\"Escrit per\" \/>\n\t<meta name=\"twitter:data1\" content=\"Paula Corpas\" \/>\n\t<meta name=\"twitter:label2\" content=\"Temps estimat de lectura\" \/>\n\t<meta name=\"twitter:data2\" content=\"2 minuts\" \/>\n<script type=\"application\/ld+json\" class=\"yoast-schema-graph\">{\"@context\":\"https:\/\/schema.org\",\"@graph\":[{\"@type\":\"Article\",\"@id\":\"https:\/\/www.eagora.app\/ca\/carnestoltes-setmanasanta\/#article\",\"isPartOf\":{\"@id\":\"https:\/\/www.eagora.app\/ca\/carnestoltes-setmanasanta\/\"},\"author\":{\"name\":\"Paula Corpas\",\"@id\":\"https:\/\/www.eagora.app\/ca\/#\/schema\/person\/96d838d8e87438a0cd49f6bc8f46b3e6\"},\"headline\":\"Carnestoltes i Setmana Santa sense complicacions: gesti\u00f3, entrades i comunicaci\u00f3 en eAgora\",\"datePublished\":\"2025-02-05T11:58:32+00:00\",\"dateModified\":\"2025-02-06T11:49:32+00:00\",\"mainEntityOfPage\":{\"@id\":\"https:\/\/www.eagora.app\/ca\/carnestoltes-setmanasanta\/\"},\"wordCount\":352,\"publisher\":{\"@id\":\"https:\/\/www.eagora.app\/ca\/#organization\"},\"image\":{\"@id\":\"https:\/\/www.eagora.app\/ca\/carnestoltes-setmanasanta\/#primaryimage\"},\"thumbnailUrl\":\"https:\/\/www.eagora.app\/wp-content\/uploads\/2025\/02\/Blog-Festivitats-1-300x200.webp\",\"articleSection\":[\"Articles\",\"Not\u00edcies\",\"Tutorials\"],\"inLanguage\":\"ca\"},{\"@type\":\"WebPage\",\"@id\":\"https:\/\/www.eagora.app\/ca\/carnestoltes-setmanasanta\/\",\"url\":\"https:\/\/www.eagora.app\/ca\/carnestoltes-setmanasanta\/\",\"name\":\"Carnestoltes i Setmana Santa sense complicacions: gesti\u00f3, entrades i comunicaci\u00f3 en eAgora - eAgora\",\"isPartOf\":{\"@id\":\"https:\/\/www.eagora.app\/ca\/#website\"},\"primaryImageOfPage\":{\"@id\":\"https:\/\/www.eagora.app\/ca\/carnestoltes-setmanasanta\/#primaryimage\"},\"image\":{\"@id\":\"https:\/\/www.eagora.app\/ca\/carnestoltes-setmanasanta\/#primaryimage\"},\"thumbnailUrl\":\"https:\/\/www.eagora.app\/wp-content\/uploads\/2025\/02\/Blog-Festivitats-1-300x200.webp\",\"datePublished\":\"2025-02-05T11:58:32+00:00\",\"dateModified\":\"2025-02-06T11:49:32+00:00\",\"breadcrumb\":{\"@id\":\"https:\/\/www.eagora.app\/ca\/carnestoltes-setmanasanta\/#breadcrumb\"},\"inLanguage\":\"ca\",\"potentialAction\":[{\"@type\":\"ReadAction\",\"target\":[\"https:\/\/www.eagora.app\/ca\/carnestoltes-setmanasanta\/\"]}]},{\"@type\":\"ImageObject\",\"inLanguage\":\"ca\",\"@id\":\"https:\/\/www.eagora.app\/ca\/carnestoltes-setmanasanta\/#primaryimage\",\"url\":\"https:\/\/www.eagora.app\/wp-content\/uploads\/2025\/02\/Blog-Festivitats-1-300x200.webp\",\"contentUrl\":\"https:\/\/www.eagora.app\/wp-content\/uploads\/2025\/02\/Blog-Festivitats-1-300x200.webp\"},{\"@type\":\"BreadcrumbList\",\"@id\":\"https:\/\/www.eagora.app\/ca\/carnestoltes-setmanasanta\/#breadcrumb\",\"itemListElement\":[{\"@type\":\"ListItem\",\"position\":1,\"name\":\"Inicio\",\"item\":\"https:\/\/www.eagora.app\/ca\/\"},{\"@type\":\"ListItem\",\"position\":2,\"name\":\"Carnestoltes i Setmana Santa sense complicacions: gesti\u00f3, entrades i comunicaci\u00f3 en eAgora\"}]},{\"@type\":\"WebSite\",\"@id\":\"https:\/\/www.eagora.app\/ca\/#website\",\"url\":\"https:\/\/www.eagora.app\/ca\/\",\"name\":\"eAgora\",\"description\":\"La plataforma que nos conecta\",\"publisher\":{\"@id\":\"https:\/\/www.eagora.app\/ca\/#organization\"},\"potentialAction\":[{\"@type\":\"SearchAction\",\"target\":{\"@type\":\"EntryPoint\",\"urlTemplate\":\"https:\/\/www.eagora.app\/ca\/?s={search_term_string}\"},\"query-input\":{\"@type\":\"PropertyValueSpecification\",\"valueRequired\":true,\"valueName\":\"search_term_string\"}}],\"inLanguage\":\"ca\"},{\"@type\":\"Organization\",\"@id\":\"https:\/\/www.eagora.app\/ca\/#organization\",\"name\":\"eAgora\",\"url\":\"https:\/\/www.eagora.app\/ca\/\",\"logo\":{\"@type\":\"ImageObject\",\"inLanguage\":\"ca\",\"@id\":\"https:\/\/www.eagora.app\/ca\/#\/schema\/logo\/image\/\",\"url\":\"https:\/\/www.eagora.app\/wp-content\/uploads\/2023\/02\/logo-eagora-emails.jpg\",\"contentUrl\":\"https:\/\/www.eagora.app\/wp-content\/uploads\/2023\/02\/logo-eagora-emails.jpg\",\"width\":550,\"height\":146,\"caption\":\"eAgora\"},\"image\":{\"@id\":\"https:\/\/www.eagora.app\/ca\/#\/schema\/logo\/image\/\"},\"sameAs\":[\"https:\/\/www.facebook.com\/eAgoraApp\",\"https:\/\/x.com\/EagoraApp\",\"https:\/\/www.instagram.com\/eagora.app\/\",\"https:\/\/www.linkedin.com\/company\/eagora\",\"https:\/\/www.youtube.com\/@eAgoraApp\"]},{\"@type\":\"Person\",\"@id\":\"https:\/\/www.eagora.app\/ca\/#\/schema\/person\/96d838d8e87438a0cd49f6bc8f46b3e6\",\"name\":\"Paula Corpas\",\"image\":{\"@type\":\"ImageObject\",\"inLanguage\":\"ca\",\"@id\":\"https:\/\/www.eagora.app\/ca\/#\/schema\/person\/image\/\",\"url\":\"https:\/\/secure.gravatar.com\/avatar\/1e1033d4cdb076d749a806d6f06175d156ca438cd0f46ff039a22fb3815e0ae8?s=96&d=mm&r=g\",\"contentUrl\":\"https:\/\/secure.gravatar.com\/avatar\/1e1033d4cdb076d749a806d6f06175d156ca438cd0f46ff039a22fb3815e0ae8?s=96&d=mm&r=g\",\"caption\":\"Paula Corpas\"}}]}<\/script>\n<!-- \/ Yoast SEO Premium plugin. -->","yoast_head_json":{"title":"Carnestoltes i Setmana Santa sense complicacions: gesti\u00f3, entrades i comunicaci\u00f3 en eAgora - eAgora","robots":{"index":"index","follow":"follow","max-snippet":"max-snippet:-1","max-image-preview":"max-image-preview:large","max-video-preview":"max-video-preview:-1"},"canonical":"https:\/\/www.eagora.app\/ca\/carnestoltes-setmanasanta\/","og_locale":"ca_ES","og_type":"article","og_title":"Carnestoltes i Setmana Santa sense complicacions: gesti\u00f3, entrades i comunicaci\u00f3 en eAgora","og_description":"Les grans festivitats com a Carnestoltes i Setmana Santa no sols atreuen la ciutadania, sin\u00f3 tamb\u00e9 a turistes i visitants. Gestionar tota la informaci\u00f3, coordinar activitats i manejar la venda d&#8217;entrades pot ser un repte log\u00edstic important\u2026 per\u00f2 amb eAgora, \u00e9s m\u00e9s f\u00e0cil que mai! Des de la promoci\u00f3 d&#8217;esdeveniments fins a la gesti\u00f3 de [&hellip;]","og_url":"https:\/\/www.eagora.app\/ca\/carnestoltes-setmanasanta\/","og_site_name":"eAgora","article_publisher":"https:\/\/www.facebook.com\/eAgoraApp","article_published_time":"2025-02-05T11:58:32+00:00","article_modified_time":"2025-02-06T11:49:32+00:00","og_image":[{"url":"https:\/\/www.eagora.app\/wp-content\/uploads\/2025\/02\/Blog-Festivitats-1-300x200.webp","type":"","width":"","height":""}],"author":"Paula Corpas","twitter_card":"summary_large_image","twitter_creator":"@EagoraApp","twitter_site":"@EagoraApp","twitter_misc":{"Escrit per":"Paula Corpas","Temps estimat de lectura":"2 minuts"},"schema":{"@context":"https:\/\/schema.org","@graph":[{"@type":"Article","@id":"https:\/\/www.eagora.app\/ca\/carnestoltes-setmanasanta\/#article","isPartOf":{"@id":"https:\/\/www.eagora.app\/ca\/carnestoltes-setmanasanta\/"},"author":{"name":"Paula Corpas","@id":"https:\/\/www.eagora.app\/ca\/#\/schema\/person\/96d838d8e87438a0cd49f6bc8f46b3e6"},"headline":"Carnestoltes i Setmana Santa sense complicacions: gesti\u00f3, entrades i comunicaci\u00f3 en eAgora","datePublished":"2025-02-05T11:58:32+00:00","dateModified":"2025-02-06T11:49:32+00:00","mainEntityOfPage":{"@id":"https:\/\/www.eagora.app\/ca\/carnestoltes-setmanasanta\/"},"wordCount":352,"publisher":{"@id":"https:\/\/www.eagora.app\/ca\/#organization"},"image":{"@id":"https:\/\/www.eagora.app\/ca\/carnestoltes-setmanasanta\/#primaryimage"},"thumbnailUrl":"https:\/\/www.eagora.app\/wp-content\/uploads\/2025\/02\/Blog-Festivitats-1-300x200.webp","articleSection":["Articles","Not\u00edcies","Tutorials"],"inLanguage":"ca"},{"@type":"WebPage","@id":"https:\/\/www.eagora.app\/ca\/carnestoltes-setmanasanta\/","url":"https:\/\/www.eagora.app\/ca\/carnestoltes-setmanasanta\/","name":"Carnestoltes i Setmana Santa sense complicacions: gesti\u00f3, entrades i comunicaci\u00f3 en eAgora - eAgora","isPartOf":{"@id":"https:\/\/www.eagora.app\/ca\/#website"},"primaryImageOfPage":{"@id":"https:\/\/www.eagora.app\/ca\/carnestoltes-setmanasanta\/#primaryimage"},"image":{"@id":"https:\/\/www.eagora.app\/ca\/carnestoltes-setmanasanta\/#primaryimage"},"thumbnailUrl":"https:\/\/www.eagora.app\/wp-content\/uploads\/2025\/02\/Blog-Festivitats-1-300x200.webp","datePublished":"2025-02-05T11:58:32+00:00","dateModified":"2025-02-06T11:49:32+00:00","breadcrumb":{"@id":"https:\/\/www.eagora.app\/ca\/carnestoltes-setmanasanta\/#breadcrumb"},"inLanguage":"ca","potentialAction":[{"@type":"ReadAction","target":["https:\/\/www.eagora.app\/ca\/carnestoltes-setmanasanta\/"]}]},{"@type":"ImageObject","inLanguage":"ca","@id":"https:\/\/www.eagora.app\/ca\/carnestoltes-setmanasanta\/#primaryimage","url":"https:\/\/www.eagora.app\/wp-content\/uploads\/2025\/02\/Blog-Festivitats-1-300x200.webp","contentUrl":"https:\/\/www.eagora.app\/wp-content\/uploads\/2025\/02\/Blog-Festivitats-1-300x200.webp"},{"@type":"BreadcrumbList","@id":"https:\/\/www.eagora.app\/ca\/carnestoltes-setmanasanta\/#breadcrumb","itemListElement":[{"@type":"ListItem","position":1,"name":"Inicio","item":"https:\/\/www.eagora.app\/ca\/"},{"@type":"ListItem","position":2,"name":"Carnestoltes i Setmana Santa sense complicacions: gesti\u00f3, entrades i comunicaci\u00f3 en eAgora"}]},{"@type":"WebSite","@id":"https:\/\/www.eagora.app\/ca\/#website","url":"https:\/\/www.eagora.app\/ca\/","name":"eAgora","description":"La plataforma que nos conecta","publisher":{"@id":"https:\/\/www.eagora.app\/ca\/#organization"},"potentialAction":[{"@type":"SearchAction","target":{"@type":"EntryPoint","urlTemplate":"https:\/\/www.eagora.app\/ca\/?s={search_term_string}"},"query-input":{"@type":"PropertyValueSpecification","valueRequired":true,"valueName":"search_term_string"}}],"inLanguage":"ca"},{"@type":"Organization","@id":"https:\/\/www.eagora.app\/ca\/#organization","name":"eAgora","url":"https:\/\/www.eagora.app\/ca\/","logo":{"@type":"ImageObject","inLanguage":"ca","@id":"https:\/\/www.eagora.app\/ca\/#\/schema\/logo\/image\/","url":"https:\/\/www.eagora.app\/wp-content\/uploads\/2023\/02\/logo-eagora-emails.jpg","contentUrl":"https:\/\/www.eagora.app\/wp-content\/uploads\/2023\/02\/logo-eagora-emails.jpg","width":550,"height":146,"caption":"eAgora"},"image":{"@id":"https:\/\/www.eagora.app\/ca\/#\/schema\/logo\/image\/"},"sameAs":["https:\/\/www.facebook.com\/eAgoraApp","https:\/\/x.com\/EagoraApp","https:\/\/www.instagram.com\/eagora.app\/","https:\/\/www.linkedin.com\/company\/eagora","https:\/\/www.youtube.com\/@eAgoraApp"]},{"@type":"Person","@id":"https:\/\/www.eagora.app\/ca\/#\/schema\/person\/96d838d8e87438a0cd49f6bc8f46b3e6","name":"Paula Corpas","image":{"@type":"ImageObject","inLanguage":"ca","@id":"https:\/\/www.eagora.app\/ca\/#\/schema\/person\/image\/","url":"https:\/\/secure.gravatar.com\/avatar\/1e1033d4cdb076d749a806d6f06175d156ca438cd0f46ff039a22fb3815e0ae8?s=96&d=mm&r=g","contentUrl":"https:\/\/secure.gravatar.com\/avatar\/1e1033d4cdb076d749a806d6f06175d156ca438cd0f46ff039a22fb3815e0ae8?s=96&d=mm&r=g","caption":"Paula Corpas"}}]}},"jetpack_featured_media_url":"","jetpack_sharing_enabled":true,"_links":{"self":[{"href":"https:\/\/www.eagora.app\/ca\/wp-json\/wp\/v2\/posts\/50299","targetHints":{"allow":["GET"]}}],"collection":[{"href":"https:\/\/www.eagora.app\/ca\/wp-json\/wp\/v2\/posts"}],"about":[{"href":"https:\/\/www.eagora.app\/ca\/wp-json\/wp\/v2\/types\/post"}],"author":[{"embeddable":true,"href":"https:\/\/www.eagora.app\/ca\/wp-json\/wp\/v2\/users\/2353"}],"replies":[{"embeddable":true,"href":"https:\/\/www.eagora.app\/ca\/wp-json\/wp\/v2\/comments?post=50299"}],"version-history":[{"count":2,"href":"https:\/\/www.eagora.app\/ca\/wp-json\/wp\/v2\/posts\/50299\/revisions"}],"predecessor-version":[{"id":50301,"href":"https:\/\/www.eagora.app\/ca\/wp-json\/wp\/v2\/posts\/50299\/revisions\/50301"}],"wp:attachment":[{"href":"https:\/\/www.eagora.app\/ca\/wp-json\/wp\/v2\/media?parent=50299"}],"wp:term":[{"taxonomy":"category","embeddable":true,"href":"https:\/\/www.eagora.app\/ca\/wp-json\/wp\/v2\/categories?post=50299"},{"taxonomy":"post_tag","embeddable":true,"href":"https:\/\/www.eagora.app\/ca\/wp-json\/wp\/v2\/tags?post=50299"}],"curies":[{"name":"wp","href":"https:\/\/api.w.org\/{rel}","templated":true}]}}