{"id":27985,"date":"2024-04-29T15:33:22","date_gmt":"2024-04-29T13:33:22","guid":{"rendered":"https:\/\/www.eagora.app\/condicions-i-acord-dus-del-servei-de-tpv-eagora-per-a-venda-de-tiquets-mitjancant-la-plataforma-eagora\/"},"modified":"2024-04-29T18:14:24","modified_gmt":"2024-04-29T16:14:24","slug":"condicions-i-acord-dus-del-servei-de-tpv-eagora-per-a-venda-de-tiquets-mitjancant-la-plataforma-eagora","status":"publish","type":"post","link":"https:\/\/www.eagora.app\/ca\/conocimiento\/condicions-i-acord-dus-del-servei-de-tpv-eagora-per-a-venda-de-tiquets-mitjancant-la-plataforma-eagora\/","title":{"rendered":"Condicions i Acord d&#8217;\u00das Del Servei de Tpv eAgora per a Venda de Tiquets Mitjan\u00e7ant la Plataforma eAgora"},"content":{"rendered":"<h2><span style=\"color: #ffffff;\">Condicions i acord d&#8217;\u00fas del servei de tpv eagora per a venda de tiquets mitjan\u00e7ant la plataforma eAgora<\/span><\/h2>\n<p><span style=\"color: #ffffff;\">\u00c9s objecte d&#8217;aquestes condicions determinar el servei de gesti\u00f3 i venda d&#8217;entrades d&#8217;entrades d&#8217;esdeveniments, activitats, bons de piscina o altres activitats, cobrament de rebuts i altres gestions ofertes pels clients de eAgora sempre que estiguin compreses dins de l&#8217;abast de la seva activitat i compleixin amb la normativa vigent i legalitat en qualssevol dels espais que gestiona o en els quals programi, tant en les diferents taquilles habilitades a aquest efecte i qualsevol altre mitj\u00e0 que estigui disponible durant la vig\u00e8ncia del present acord.<\/span><br \/>\n<span style=\"color: #ffffff;\">Queda terminantment prohibit l&#8217;\u00fas del servei de TPV EAGORA per comercialitzar productes o serveis delictius, fora de la llei, que puguin causar dany a l&#8217;usuari final o que incompleixin les condicions d&#8217;\u00fas de la plataforma eAgora detallades a l&#8217;Av\u00eds legal.<\/span><\/p>\n<p><span style=\"color: #ffffff;\">Cl\u00e0usules i condicions d&#8217;\u00fas del servei<\/span><\/p>\n<p><span style=\"color: #ffffff;\">I. \u2013 eAgora es compromet a realitzar la prestaci\u00f3 amb estricta subjecci\u00f3 al que s&#8217;estableix en aquestes cl\u00e0usules que ho regulen, el consignat en la seva proposici\u00f3 i les ordres que li cursi l&#8217;administradora INSTITUCI\u00d3 CLIENT, \u00faltim responsable final de l&#8217;organitzaci\u00f3, gesti\u00f3 i venda d&#8217;entrades.<\/span><\/p>\n<p><span style=\"color: #ffffff;\">II. \u2013 L&#8217;acord queda sotm\u00e8s a les seg\u00fcents condicions econ\u00f2miques:<\/span><\/p>\n<p><span style=\"color: #ffffff;\">1\u00aa eAgora cobrar\u00e0 les seg\u00fcent comissions sobre el preu final del tiquet: Sense c\u00e0rrecs fix per \u00fas, la utilitzaci\u00f3 del servei \u00e9s gratu\u00efta.<\/span><\/p>\n<p><span style=\"color: #ffffff;\">Pagaments amb targeta de d\u00e8bit o cr\u00e8dit: Comissi\u00f3 aplicada per transacci\u00f3: 2,5% per transacci\u00f3. Les menors a 8 \u20ac, s&#8217;aplicar\u00e0 un import fix de 0,25 \u20ac per transacci\u00f3 i un 0%.<\/span><\/p>\n<p><span style=\"color: #ffffff;\">Pagaments amb Bizum: Comissi\u00f3 aplicada per transacci\u00f3: 3% per transacci\u00f3. Les menors a 25 \u20ac, s&#8217;aplicar\u00e0 un import fix de 0,60 \u20ac per transacci\u00f3 i un 0%.<\/span><\/p>\n<p><span style=\"color: #ffffff;\">Ticketing entrades numerades (amb TPV eAgora)<\/span><\/p>\n<p><span style=\"color: #ffffff;\">\u2013 Majors a 10 \u20ac: 3,5%<\/span><\/p>\n<p><span style=\"color: #ffffff;\">\u2013 Menors a 10 \u20ac 0,35\u20ac<\/span><\/p>\n<p><span style=\"color: #ffffff;\">Venda d&#8217;entrades numerades (amb TPV propi):<\/span><\/p>\n<p><span style=\"color: #ffffff;\">\u2013 Preu per entrada: 0,45\u20ac<\/span><\/p>\n<p><span style=\"color: #ffffff;\">2\u00aa eAgora recaptar\u00e0 amb la seva TPV tots els tiquets abonats i realitzar\u00e0 la liquidaci\u00f3 de la recaptaci\u00f3 a mes ven\u00e7ut. Entre el dia 2 i 7 del mes seg\u00fcent a la recaptaci\u00f3, enviar\u00e0 a la INSTITUCI\u00d3 CLIENT per correu electr\u00f2nic l&#8217;informe de totes les transaccions realitzades pels seus usuaris, amb el detall de l&#8217; import corresponent a cada transacci\u00f3 i la informaci\u00f3 de la mateixa. Acompanyat a aquest informe, enviar\u00e0 la factura corresponent al total de les comissions i efectuar\u00e0 la transfer\u00e8ncia banc\u00e0ria al compte bancari que el client ha indicat pr\u00e8viament per la difer\u00e8ncia entre el total de la recaptaci\u00f3 menys la comissi\u00f3 aplicada.<\/span><\/p>\n<p><span style=\"color: #ffffff;\">3a L&#8217;\u00fas del TPV d&#8217;eAgora no obliga l&#8217;INSTITUCI\u00d3 CLIENT a cap perman\u00e8ncia, exclusivitat d&#8217;\u00fas o altres limitacions amb tercers. L&#8217;INSTITUCI\u00d3 CLIENT pot deixar d&#8217;utilitzar el servei en qualsevol moment.<\/span><\/p>\n<p><span style=\"color: #ffffff;\">4a L&#8217;acord tindr\u00e0 una durada d&#8217;un any des de la data des de l&#8217;inici d&#8217;\u00fas, prorrogable abans de la seva finalitzaci\u00f3 per anys fins a un m\u00e0xim de cinc, incl\u00f2s el per\u00edode inicial i pr\u00f2rrogues.<\/span><\/p>\n<p><span style=\"color: #ffffff;\">III.- RESPONSABILITAT I ASSEGURANCES<\/span><\/p>\n<p><span style=\"color: #ffffff;\">eAgora no ser\u00e0 responsable en cap cas dels possibles danys que s&#8217;originin a tercers o a les instal\u00b7lacions on es realitzin les activitats, que a ella siguin imputables, pel desenvolupament de les activitats objecte d&#8217;aquest acord. eAgora no ser\u00e0 responsable de la cancel\u00b7laci\u00f3, anul\u00b7laci\u00f3 o la qualitat dels espectacles, sent sempre \u00fanic responsable d&#8217;aix\u00f2 i davant els usuaris la INSTITUCI\u00d3 CLIENT o els organitzadors subsidiaris d&#8217;aquesta.<\/span><\/p>\n<p>&nbsp;<\/p>\n<p><span style=\"color: #ffffff;\">eAgora compta amb una asseguran\u00e7a de responsabilitat civil per a cobrir qualsevol mal que la prestaci\u00f3 del servei pugui ocasionar a la INSTITUCI\u00d3 CLIENT per fallades t\u00e8cniques, per\u00f2 en cap cas es far\u00e0 responsable dels danys que aquests o qualsevol altra incid\u00e8ncia, cancel\u00b7laci\u00f3 o modificaci\u00f3 pugui reclamar un usuari que ha adquirit els seus tiquet mitjan\u00e7ant aquest mitj\u00e0.<\/span><\/p>\n<p>&nbsp;<\/p>\n<p><span style=\"color: #ffffff;\">IV.- DISPOSICIONS GENERALS<\/span><\/p>\n<p><span style=\"color: #ffffff;\">1.- El present contracte administratiu es classifica com de serveis. Ambdues parts queden sotmeses expressament a la Llei 9\/2017, del 8 de novembre, de Contractes del Sector P\u00fablic, per la qual es transposen a l&#8217;ordenament jur\u00eddic espanyol les Directives del Parlament Europeu i del Consell 2014\/23\/UE i 2014\/24\/UE, del 26 de febrer de 2014 (LCSP) i normes complement\u00e0ries, aix\u00ed com les altres disposicions de desenvolupament. Suplet\u00f2riament s&#8217;aplicaran les altres normes de dret administratiu i, en el seu defecte, les normes de dret privat. Aix\u00ed mateix, el contracte est\u00e0 subjecte a les obligacions establertes a la Llei 19\/2013, de transpar\u00e8ncia, acc\u00e9s a la informaci\u00f3 p\u00fablica i bon govern.<\/span><\/p>\n<p><span style=\"color: #ffffff;\">2. \u2013 Totes dues parts manifesten que a l&#8217;acceptaci\u00f3 d&#8217;aquestes condicions no es troben obligades per un altre que pogu\u00e9s ser impediment per a l&#8217;execuci\u00f3 d&#8217;aquest.<\/span><\/p>\n<p><span style=\"color: #ffffff;\">3. \u2013 Aquest acord no comporta cap mena de relaci\u00f3 laboral, contractual o de qualsevol altre tipus entre l&#8217;INSTITUCI\u00d3 CLIENT i els professionals que vagin a desenvolupar les activitats, de manera que no es podr\u00e0 exigir cap responsabilitat, directa o subsidi\u00e0riament, pels actes o fets esdevinguts en el desenvolupament d&#8217;aquestes.<\/span><\/p>\n<p><span style=\"color: #ffffff;\">4. \u2013 Tots els annexos, fitxes t\u00e8cniques o qualsevol altre document signat per les parts que puguin produir-se per a un millor compliment dels acords tindran car\u00e0cter contractual.<\/span><\/p>\n<p><span style=\"color: #ffffff;\">5. \u2013 Aquest contracte nom\u00e9s podr\u00e0 resoldre&#8217;s per causes de for\u00e7a major i les altres previstes per la llei no imputables a cap de les parts, i que no siguin derivades de l&#8217;incompliment del contracte, quedant les parts relegades de complir els seus compromisos i sense dret a cap indemnitzaci\u00f3.<\/span><\/p>\n<p><span style=\"color: #ffffff;\">6. \u2013 En cas d&#8217;incompliment del contracte actual per causes que no siguin de for\u00e7a major, la part responsable indemnitzar\u00e0 degudament a l&#8217;altra pels danys i perjudicis ocasionats. Les causes de resoluci\u00f3 s\u00f3n les establertes al plec de cl\u00e0usules administratives particulars i a la LCSP.<\/span><\/p>\n<p><span style=\"color: #ffffff;\">7. \u2013 Les q\u00fcestions litigioses sorgides sobre interpretaci\u00f3, modificaci\u00f3, resoluci\u00f3 i efectes d&#8217;aquest acord seran resoltes de mutu acord i si no fos possible, seran sotmeses en una inst\u00e0ncia judicial. Les parts acorden expressament sotmetre totes les accions judicials i, en general, altres q\u00fcestions derivades per ra\u00f3 del compliment, execuci\u00f3 i interpretaci\u00f3 del Contracte, a l&#8217;expressa compet\u00e8ncia i jurisdicci\u00f3 dels Tribunals de la ciutat de Tarragona, amb ren\u00fancia expressa a la seva pr\u00f2pia jurisdicci\u00f3, en cas que tinguin dret a aquesta altra seu judicial.<\/span><\/p>\n<p><span style=\"color: #ffffff;\">8. \u2013 Modificacions: eAgora es reserva el dret de realitzar qualsevol modificaci\u00f3 d&#8217;aquest Acord, aix\u00ed com les seves condicions d&#8217;\u00fas del servei. Davant qualsevol modificaci\u00f3, en tot cas comunicar\u00e0 a la INSTITUCI\u00d3 CLIENT per correu electr\u00f2nic o amb un av\u00eds de modificaci\u00f3 de l&#8217;acord en aquest mateix mitj\u00e0 abans que la INSTITUCI\u00d3 CLIENT programi una nova venda d&#8217;entrades.<\/span><\/p>\n<p><span style=\"color: #ffffff;\">9. \u2013 Protecci\u00f3 de Dades: els representants legals de les Parts queden informats que les dades de car\u00e0cter personal recollits en virtut del present acord es tractaran sota la responsabilitat de cada Part per a la celebraci\u00f3, execuci\u00f3 i compliment d&#8217;aquest Contracte i el compliment de les seves respectives obligacions legals. El tratamiento es necesario para dichas finalidades y su base jur\u00eddica es la celebraci\u00f3n, ejecuci\u00f3n y gesti\u00f3n de la relaci\u00f3n contractual y, en su caso, el cumplimiento de obligaciones legales.<\/span><\/p>\n<p><span style=\"color: #ffffff;\">Els titulars de les dades personals podran exercir els drets d&#8217;acc\u00e9s, rectificaci\u00f3, supressi\u00f3, limitaci\u00f3, oposici\u00f3 i portabilitat, aix\u00ed com retirar el consentiment prestat o qualsevol altres reconeguts per la llei, mitjan\u00e7ant notificaci\u00f3 escrita a la Part corresponent. Els titulars de les dades personals tenen dret a presentar reclamacions davant l&#8217;Ag\u00e8ncia Espanyola de Protecci\u00f3 de Dades. Les dades personals es tractaran durant la durada del Contracte i, despr\u00e9s d&#8217;aix\u00f2, durant un per\u00edode de sis (6) anys llevat que, excepcionalment, sigui d&#8217;aplicaci\u00f3 a les Parts un termini de prescripci\u00f3 de qualsevol acci\u00f3 legal o contractual superior.<\/span><\/p>\n<p><span style=\"color: #ffffff;\">10 \u2013 Notificacions: Les notificacions que es realitzin en relaci\u00f3 amb el present acord hauran de revestir la forma escrita per compte de la part notificante, podent ser enviades per correu electr\u00f2nic o amb justificant de recepci\u00f3 als domicilis o correus electr\u00f2nics indicats en l&#8217;encap\u00e7alament.<\/span><\/p>\n","protected":false},"excerpt":{"rendered":"<p>Condicions i acord d&#8217;\u00fas del servei de tpv eagora per a venda de tiquets mitjan\u00e7ant la plataforma eAgora \u00c9s objecte d&#8217;aquestes condicions determinar el servei de gesti\u00f3 i venda d&#8217;entrades d&#8217;entrades d&#8217;esdeveniments, activitats, bons de piscina o altres activitats, cobrament de rebuts i altres gestions ofertes pels clients de eAgora sempre que estiguin compreses dins [&hellip;]<\/p>\n","protected":false},"author":1486,"featured_media":27926,"comment_status":"closed","ping_status":"open","sticky":false,"template":"","format":"standard","meta":{"content-type":"","_jetpack_memberships_contains_paid_content":false,"_joinchat":[],"footnotes":""},"categories":[116],"tags":[],"class_list":["post-27985","post","type-post","status-publish","format-standard","has-post-thumbnail","hentry","category-tutorials"],"yoast_head":"<!-- This site is optimized with the Yoast SEO Premium plugin v27.0 (Yoast SEO v27.0) - https:\/\/yoast.com\/product\/yoast-seo-premium-wordpress\/ -->\n<title>Condicions i Acord d&#039;\u00das Del Servei de Tpv eAgora per a Venda de Tiquets Mitjan\u00e7ant la Plataforma eAgora<\/title>\n<meta name=\"description\" content=\"Condicions i Acord d&#039;\u00das Del Servei de Tpv eAgora per a Venda de Tiquets Mitjan\u00e7ant la Plataforma eAgora\" \/>\n<meta name=\"robots\" content=\"index, follow, max-snippet:-1, max-image-preview:large, max-video-preview:-1\" \/>\n<link rel=\"canonical\" href=\"https:\/\/www.eagora.app\/ca\/conocimiento\/condicions-i-acord-dus-del-servei-de-tpv-eagora-per-a-venda-de-tiquets-mitjancant-la-plataforma-eagora\/\" \/>\n<meta property=\"og:locale\" content=\"ca_ES\" \/>\n<meta property=\"og:type\" content=\"article\" \/>\n<meta property=\"og:title\" content=\"Condicions i Acord d&#039;\u00das Del Servei de Tpv eAgora per a Venda de Tiquets Mitjan\u00e7ant la Plataforma eAgora\" \/>\n<meta property=\"og:description\" content=\"Condicions i Acord d&#039;\u00das Del Servei de Tpv eAgora per a Venda de Tiquets Mitjan\u00e7ant la Plataforma eAgora\" \/>\n<meta property=\"og:url\" content=\"https:\/\/www.eagora.app\/ca\/conocimiento\/condicions-i-acord-dus-del-servei-de-tpv-eagora-per-a-venda-de-tiquets-mitjancant-la-plataforma-eagora\/\" \/>\n<meta property=\"og:site_name\" content=\"eAgora\" \/>\n<meta property=\"article:publisher\" content=\"https:\/\/www.facebook.com\/eAgoraApp\" \/>\n<meta property=\"article:published_time\" content=\"2024-04-29T13:33:22+00:00\" \/>\n<meta property=\"article:modified_time\" content=\"2024-04-29T16:14:24+00:00\" \/>\n<meta property=\"og:image\" content=\"https:\/\/www.eagora.app\/wp-content\/uploads\/2024\/04\/TPV_eAgora-1.jpg\" \/>\n\t<meta property=\"og:image:width\" content=\"1200\" \/>\n\t<meta property=\"og:image:height\" content=\"550\" \/>\n\t<meta property=\"og:image:type\" content=\"image\/jpeg\" \/>\n<meta name=\"author\" content=\"Rafa Cadavieco\" \/>\n<meta name=\"twitter:card\" content=\"summary_large_image\" \/>\n<meta name=\"twitter:creator\" content=\"@EagoraApp\" \/>\n<meta name=\"twitter:site\" content=\"@EagoraApp\" \/>\n<meta name=\"twitter:label1\" content=\"Escrit per\" \/>\n\t<meta name=\"twitter:data1\" content=\"Rafa Cadavieco\" \/>\n\t<meta name=\"twitter:label2\" content=\"Temps estimat de lectura\" \/>\n\t<meta name=\"twitter:data2\" content=\"7 minuts\" \/>\n<script type=\"application\/ld+json\" class=\"yoast-schema-graph\">{\"@context\":\"https:\/\/schema.org\",\"@graph\":[{\"@type\":\"Article\",\"@id\":\"https:\/\/www.eagora.app\/ca\/conocimiento\/condicions-i-acord-dus-del-servei-de-tpv-eagora-per-a-venda-de-tiquets-mitjancant-la-plataforma-eagora\/#article\",\"isPartOf\":{\"@id\":\"https:\/\/www.eagora.app\/ca\/conocimiento\/condicions-i-acord-dus-del-servei-de-tpv-eagora-per-a-venda-de-tiquets-mitjancant-la-plataforma-eagora\/\"},\"author\":{\"name\":\"Rafa Cadavieco\",\"@id\":\"https:\/\/www.eagora.app\/ca\/#\/schema\/person\/a923161b89715785aea6243ed61a3b13\"},\"headline\":\"Condicions i Acord d&#8217;\u00das Del Servei de Tpv eAgora per a Venda de Tiquets Mitjan\u00e7ant la Plataforma eAgora\",\"datePublished\":\"2024-04-29T13:33:22+00:00\",\"dateModified\":\"2024-04-29T16:14:24+00:00\",\"mainEntityOfPage\":{\"@id\":\"https:\/\/www.eagora.app\/ca\/conocimiento\/condicions-i-acord-dus-del-servei-de-tpv-eagora-per-a-venda-de-tiquets-mitjancant-la-plataforma-eagora\/\"},\"wordCount\":1383,\"publisher\":{\"@id\":\"https:\/\/www.eagora.app\/ca\/#organization\"},\"image\":{\"@id\":\"https:\/\/www.eagora.app\/ca\/conocimiento\/condicions-i-acord-dus-del-servei-de-tpv-eagora-per-a-venda-de-tiquets-mitjancant-la-plataforma-eagora\/#primaryimage\"},\"thumbnailUrl\":\"https:\/\/www.eagora.app\/wp-content\/uploads\/2024\/04\/TPV_eAgora-1.jpg\",\"articleSection\":[\"Tutorials\"],\"inLanguage\":\"ca\"},{\"@type\":\"WebPage\",\"@id\":\"https:\/\/www.eagora.app\/ca\/conocimiento\/condicions-i-acord-dus-del-servei-de-tpv-eagora-per-a-venda-de-tiquets-mitjancant-la-plataforma-eagora\/\",\"url\":\"https:\/\/www.eagora.app\/ca\/conocimiento\/condicions-i-acord-dus-del-servei-de-tpv-eagora-per-a-venda-de-tiquets-mitjancant-la-plataforma-eagora\/\",\"name\":\"Condicions i Acord d'\u00das Del Servei de Tpv eAgora per a Venda de Tiquets Mitjan\u00e7ant la Plataforma eAgora\",\"isPartOf\":{\"@id\":\"https:\/\/www.eagora.app\/ca\/#website\"},\"primaryImageOfPage\":{\"@id\":\"https:\/\/www.eagora.app\/ca\/conocimiento\/condicions-i-acord-dus-del-servei-de-tpv-eagora-per-a-venda-de-tiquets-mitjancant-la-plataforma-eagora\/#primaryimage\"},\"image\":{\"@id\":\"https:\/\/www.eagora.app\/ca\/conocimiento\/condicions-i-acord-dus-del-servei-de-tpv-eagora-per-a-venda-de-tiquets-mitjancant-la-plataforma-eagora\/#primaryimage\"},\"thumbnailUrl\":\"https:\/\/www.eagora.app\/wp-content\/uploads\/2024\/04\/TPV_eAgora-1.jpg\",\"datePublished\":\"2024-04-29T13:33:22+00:00\",\"dateModified\":\"2024-04-29T16:14:24+00:00\",\"description\":\"Condicions i Acord d'\u00das Del Servei de Tpv eAgora per a Venda de Tiquets Mitjan\u00e7ant la Plataforma eAgora\",\"breadcrumb\":{\"@id\":\"https:\/\/www.eagora.app\/ca\/conocimiento\/condicions-i-acord-dus-del-servei-de-tpv-eagora-per-a-venda-de-tiquets-mitjancant-la-plataforma-eagora\/#breadcrumb\"},\"inLanguage\":\"ca\",\"potentialAction\":[{\"@type\":\"ReadAction\",\"target\":[\"https:\/\/www.eagora.app\/ca\/conocimiento\/condicions-i-acord-dus-del-servei-de-tpv-eagora-per-a-venda-de-tiquets-mitjancant-la-plataforma-eagora\/\"]}]},{\"@type\":\"ImageObject\",\"inLanguage\":\"ca\",\"@id\":\"https:\/\/www.eagora.app\/ca\/conocimiento\/condicions-i-acord-dus-del-servei-de-tpv-eagora-per-a-venda-de-tiquets-mitjancant-la-plataforma-eagora\/#primaryimage\",\"url\":\"https:\/\/www.eagora.app\/wp-content\/uploads\/2024\/04\/TPV_eAgora-1.jpg\",\"contentUrl\":\"https:\/\/www.eagora.app\/wp-content\/uploads\/2024\/04\/TPV_eAgora-1.jpg\",\"width\":1200,\"height\":550,\"caption\":\"TPV_eAgora\"},{\"@type\":\"BreadcrumbList\",\"@id\":\"https:\/\/www.eagora.app\/ca\/conocimiento\/condicions-i-acord-dus-del-servei-de-tpv-eagora-per-a-venda-de-tiquets-mitjancant-la-plataforma-eagora\/#breadcrumb\",\"itemListElement\":[{\"@type\":\"ListItem\",\"position\":1,\"name\":\"Inicio\",\"item\":\"https:\/\/www.eagora.app\/ca\/\"},{\"@type\":\"ListItem\",\"position\":2,\"name\":\"Coneixement\",\"item\":\"https:\/\/www.eagora.app\/ca\/coneixement\/\"},{\"@type\":\"ListItem\",\"position\":3,\"name\":\"Condicions i Acord d&#8217;\u00das Del Servei de Tpv eAgora per a Venda de Tiquets Mitjan\u00e7ant la Plataforma eAgora\"}]},{\"@type\":\"WebSite\",\"@id\":\"https:\/\/www.eagora.app\/ca\/#website\",\"url\":\"https:\/\/www.eagora.app\/ca\/\",\"name\":\"eAgora\",\"description\":\"La plataforma que nos conecta\",\"publisher\":{\"@id\":\"https:\/\/www.eagora.app\/ca\/#organization\"},\"potentialAction\":[{\"@type\":\"SearchAction\",\"target\":{\"@type\":\"EntryPoint\",\"urlTemplate\":\"https:\/\/www.eagora.app\/ca\/?s={search_term_string}\"},\"query-input\":{\"@type\":\"PropertyValueSpecification\",\"valueRequired\":true,\"valueName\":\"search_term_string\"}}],\"inLanguage\":\"ca\"},{\"@type\":\"Organization\",\"@id\":\"https:\/\/www.eagora.app\/ca\/#organization\",\"name\":\"eAgora\",\"url\":\"https:\/\/www.eagora.app\/ca\/\",\"logo\":{\"@type\":\"ImageObject\",\"inLanguage\":\"ca\",\"@id\":\"https:\/\/www.eagora.app\/ca\/#\/schema\/logo\/image\/\",\"url\":\"https:\/\/www.eagora.app\/wp-content\/uploads\/2023\/02\/logo-eagora-emails.jpg\",\"contentUrl\":\"https:\/\/www.eagora.app\/wp-content\/uploads\/2023\/02\/logo-eagora-emails.jpg\",\"width\":550,\"height\":146,\"caption\":\"eAgora\"},\"image\":{\"@id\":\"https:\/\/www.eagora.app\/ca\/#\/schema\/logo\/image\/\"},\"sameAs\":[\"https:\/\/www.facebook.com\/eAgoraApp\",\"https:\/\/x.com\/EagoraApp\",\"https:\/\/www.instagram.com\/eagora.app\/\",\"https:\/\/www.linkedin.com\/company\/eagora\",\"https:\/\/www.youtube.com\/@eAgoraApp\"]},{\"@type\":\"Person\",\"@id\":\"https:\/\/www.eagora.app\/ca\/#\/schema\/person\/a923161b89715785aea6243ed61a3b13\",\"name\":\"Rafa Cadavieco\",\"image\":{\"@type\":\"ImageObject\",\"inLanguage\":\"ca\",\"@id\":\"https:\/\/www.eagora.app\/ca\/#\/schema\/person\/image\/\",\"url\":\"https:\/\/secure.gravatar.com\/avatar\/e2cdbdabca83df6fd2d4a1b564ac8a8a34a244dae78f290107d543d09161e665?s=96&d=mm&r=g\",\"contentUrl\":\"https:\/\/secure.gravatar.com\/avatar\/e2cdbdabca83df6fd2d4a1b564ac8a8a34a244dae78f290107d543d09161e665?s=96&d=mm&r=g\",\"caption\":\"Rafa Cadavieco\"}}]}<\/script>\n<!-- \/ Yoast SEO Premium plugin. -->","yoast_head_json":{"title":"Condicions i Acord d'\u00das Del Servei de Tpv eAgora per a Venda de Tiquets Mitjan\u00e7ant la Plataforma eAgora","description":"Condicions i Acord d'\u00das Del Servei de Tpv eAgora per a Venda de Tiquets Mitjan\u00e7ant la Plataforma eAgora","robots":{"index":"index","follow":"follow","max-snippet":"max-snippet:-1","max-image-preview":"max-image-preview:large","max-video-preview":"max-video-preview:-1"},"canonical":"https:\/\/www.eagora.app\/ca\/conocimiento\/condicions-i-acord-dus-del-servei-de-tpv-eagora-per-a-venda-de-tiquets-mitjancant-la-plataforma-eagora\/","og_locale":"ca_ES","og_type":"article","og_title":"Condicions i Acord d'\u00das Del Servei de Tpv eAgora per a Venda de Tiquets Mitjan\u00e7ant la Plataforma eAgora","og_description":"Condicions i Acord d'\u00das Del Servei de Tpv eAgora per a Venda de Tiquets Mitjan\u00e7ant la Plataforma eAgora","og_url":"https:\/\/www.eagora.app\/ca\/conocimiento\/condicions-i-acord-dus-del-servei-de-tpv-eagora-per-a-venda-de-tiquets-mitjancant-la-plataforma-eagora\/","og_site_name":"eAgora","article_publisher":"https:\/\/www.facebook.com\/eAgoraApp","article_published_time":"2024-04-29T13:33:22+00:00","article_modified_time":"2024-04-29T16:14:24+00:00","og_image":[{"width":1200,"height":550,"url":"https:\/\/www.eagora.app\/wp-content\/uploads\/2024\/04\/TPV_eAgora-1.jpg","type":"image\/jpeg"}],"author":"Rafa Cadavieco","twitter_card":"summary_large_image","twitter_creator":"@EagoraApp","twitter_site":"@EagoraApp","twitter_misc":{"Escrit per":"Rafa Cadavieco","Temps estimat de lectura":"7 minuts"},"schema":{"@context":"https:\/\/schema.org","@graph":[{"@type":"Article","@id":"https:\/\/www.eagora.app\/ca\/conocimiento\/condicions-i-acord-dus-del-servei-de-tpv-eagora-per-a-venda-de-tiquets-mitjancant-la-plataforma-eagora\/#article","isPartOf":{"@id":"https:\/\/www.eagora.app\/ca\/conocimiento\/condicions-i-acord-dus-del-servei-de-tpv-eagora-per-a-venda-de-tiquets-mitjancant-la-plataforma-eagora\/"},"author":{"name":"Rafa Cadavieco","@id":"https:\/\/www.eagora.app\/ca\/#\/schema\/person\/a923161b89715785aea6243ed61a3b13"},"headline":"Condicions i Acord d&#8217;\u00das Del Servei de Tpv eAgora per a Venda de Tiquets Mitjan\u00e7ant la Plataforma eAgora","datePublished":"2024-04-29T13:33:22+00:00","dateModified":"2024-04-29T16:14:24+00:00","mainEntityOfPage":{"@id":"https:\/\/www.eagora.app\/ca\/conocimiento\/condicions-i-acord-dus-del-servei-de-tpv-eagora-per-a-venda-de-tiquets-mitjancant-la-plataforma-eagora\/"},"wordCount":1383,"publisher":{"@id":"https:\/\/www.eagora.app\/ca\/#organization"},"image":{"@id":"https:\/\/www.eagora.app\/ca\/conocimiento\/condicions-i-acord-dus-del-servei-de-tpv-eagora-per-a-venda-de-tiquets-mitjancant-la-plataforma-eagora\/#primaryimage"},"thumbnailUrl":"https:\/\/www.eagora.app\/wp-content\/uploads\/2024\/04\/TPV_eAgora-1.jpg","articleSection":["Tutorials"],"inLanguage":"ca"},{"@type":"WebPage","@id":"https:\/\/www.eagora.app\/ca\/conocimiento\/condicions-i-acord-dus-del-servei-de-tpv-eagora-per-a-venda-de-tiquets-mitjancant-la-plataforma-eagora\/","url":"https:\/\/www.eagora.app\/ca\/conocimiento\/condicions-i-acord-dus-del-servei-de-tpv-eagora-per-a-venda-de-tiquets-mitjancant-la-plataforma-eagora\/","name":"Condicions i Acord d'\u00das Del Servei de Tpv eAgora per a Venda de Tiquets Mitjan\u00e7ant la Plataforma eAgora","isPartOf":{"@id":"https:\/\/www.eagora.app\/ca\/#website"},"primaryImageOfPage":{"@id":"https:\/\/www.eagora.app\/ca\/conocimiento\/condicions-i-acord-dus-del-servei-de-tpv-eagora-per-a-venda-de-tiquets-mitjancant-la-plataforma-eagora\/#primaryimage"},"image":{"@id":"https:\/\/www.eagora.app\/ca\/conocimiento\/condicions-i-acord-dus-del-servei-de-tpv-eagora-per-a-venda-de-tiquets-mitjancant-la-plataforma-eagora\/#primaryimage"},"thumbnailUrl":"https:\/\/www.eagora.app\/wp-content\/uploads\/2024\/04\/TPV_eAgora-1.jpg","datePublished":"2024-04-29T13:33:22+00:00","dateModified":"2024-04-29T16:14:24+00:00","description":"Condicions i Acord d'\u00das Del Servei de Tpv eAgora per a Venda de Tiquets Mitjan\u00e7ant la Plataforma eAgora","breadcrumb":{"@id":"https:\/\/www.eagora.app\/ca\/conocimiento\/condicions-i-acord-dus-del-servei-de-tpv-eagora-per-a-venda-de-tiquets-mitjancant-la-plataforma-eagora\/#breadcrumb"},"inLanguage":"ca","potentialAction":[{"@type":"ReadAction","target":["https:\/\/www.eagora.app\/ca\/conocimiento\/condicions-i-acord-dus-del-servei-de-tpv-eagora-per-a-venda-de-tiquets-mitjancant-la-plataforma-eagora\/"]}]},{"@type":"ImageObject","inLanguage":"ca","@id":"https:\/\/www.eagora.app\/ca\/conocimiento\/condicions-i-acord-dus-del-servei-de-tpv-eagora-per-a-venda-de-tiquets-mitjancant-la-plataforma-eagora\/#primaryimage","url":"https:\/\/www.eagora.app\/wp-content\/uploads\/2024\/04\/TPV_eAgora-1.jpg","contentUrl":"https:\/\/www.eagora.app\/wp-content\/uploads\/2024\/04\/TPV_eAgora-1.jpg","width":1200,"height":550,"caption":"TPV_eAgora"},{"@type":"BreadcrumbList","@id":"https:\/\/www.eagora.app\/ca\/conocimiento\/condicions-i-acord-dus-del-servei-de-tpv-eagora-per-a-venda-de-tiquets-mitjancant-la-plataforma-eagora\/#breadcrumb","itemListElement":[{"@type":"ListItem","position":1,"name":"Inicio","item":"https:\/\/www.eagora.app\/ca\/"},{"@type":"ListItem","position":2,"name":"Coneixement","item":"https:\/\/www.eagora.app\/ca\/coneixement\/"},{"@type":"ListItem","position":3,"name":"Condicions i Acord d&#8217;\u00das Del Servei de Tpv eAgora per a Venda de Tiquets Mitjan\u00e7ant la Plataforma eAgora"}]},{"@type":"WebSite","@id":"https:\/\/www.eagora.app\/ca\/#website","url":"https:\/\/www.eagora.app\/ca\/","name":"eAgora","description":"La plataforma que nos conecta","publisher":{"@id":"https:\/\/www.eagora.app\/ca\/#organization"},"potentialAction":[{"@type":"SearchAction","target":{"@type":"EntryPoint","urlTemplate":"https:\/\/www.eagora.app\/ca\/?s={search_term_string}"},"query-input":{"@type":"PropertyValueSpecification","valueRequired":true,"valueName":"search_term_string"}}],"inLanguage":"ca"},{"@type":"Organization","@id":"https:\/\/www.eagora.app\/ca\/#organization","name":"eAgora","url":"https:\/\/www.eagora.app\/ca\/","logo":{"@type":"ImageObject","inLanguage":"ca","@id":"https:\/\/www.eagora.app\/ca\/#\/schema\/logo\/image\/","url":"https:\/\/www.eagora.app\/wp-content\/uploads\/2023\/02\/logo-eagora-emails.jpg","contentUrl":"https:\/\/www.eagora.app\/wp-content\/uploads\/2023\/02\/logo-eagora-emails.jpg","width":550,"height":146,"caption":"eAgora"},"image":{"@id":"https:\/\/www.eagora.app\/ca\/#\/schema\/logo\/image\/"},"sameAs":["https:\/\/www.facebook.com\/eAgoraApp","https:\/\/x.com\/EagoraApp","https:\/\/www.instagram.com\/eagora.app\/","https:\/\/www.linkedin.com\/company\/eagora","https:\/\/www.youtube.com\/@eAgoraApp"]},{"@type":"Person","@id":"https:\/\/www.eagora.app\/ca\/#\/schema\/person\/a923161b89715785aea6243ed61a3b13","name":"Rafa Cadavieco","image":{"@type":"ImageObject","inLanguage":"ca","@id":"https:\/\/www.eagora.app\/ca\/#\/schema\/person\/image\/","url":"https:\/\/secure.gravatar.com\/avatar\/e2cdbdabca83df6fd2d4a1b564ac8a8a34a244dae78f290107d543d09161e665?s=96&d=mm&r=g","contentUrl":"https:\/\/secure.gravatar.com\/avatar\/e2cdbdabca83df6fd2d4a1b564ac8a8a34a244dae78f290107d543d09161e665?s=96&d=mm&r=g","caption":"Rafa Cadavieco"}}]}},"jetpack_featured_media_url":"https:\/\/www.eagora.app\/wp-content\/uploads\/2024\/04\/TPV_eAgora-1.jpg","jetpack_sharing_enabled":true,"_links":{"self":[{"href":"https:\/\/www.eagora.app\/ca\/wp-json\/wp\/v2\/posts\/27985","targetHints":{"allow":["GET"]}}],"collection":[{"href":"https:\/\/www.eagora.app\/ca\/wp-json\/wp\/v2\/posts"}],"about":[{"href":"https:\/\/www.eagora.app\/ca\/wp-json\/wp\/v2\/types\/post"}],"author":[{"embeddable":true,"href":"https:\/\/www.eagora.app\/ca\/wp-json\/wp\/v2\/users\/1486"}],"replies":[{"embeddable":true,"href":"https:\/\/www.eagora.app\/ca\/wp-json\/wp\/v2\/comments?post=27985"}],"version-history":[{"count":0,"href":"https:\/\/www.eagora.app\/ca\/wp-json\/wp\/v2\/posts\/27985\/revisions"}],"wp:featuredmedia":[{"embeddable":true,"href":"https:\/\/www.eagora.app\/ca\/wp-json\/wp\/v2\/media\/27926"}],"wp:attachment":[{"href":"https:\/\/www.eagora.app\/ca\/wp-json\/wp\/v2\/media?parent=27985"}],"wp:term":[{"taxonomy":"category","embeddable":true,"href":"https:\/\/www.eagora.app\/ca\/wp-json\/wp\/v2\/categories?post=27985"},{"taxonomy":"post_tag","embeddable":true,"href":"https:\/\/www.eagora.app\/ca\/wp-json\/wp\/v2\/tags?post=27985"}],"curies":[{"name":"wp","href":"https:\/\/api.w.org\/{rel}","templated":true}]}}