{"id":21722,"date":"2023-12-14T12:47:34","date_gmt":"2023-12-14T10:47:34","guid":{"rendered":"https:\/\/www.eagora.app\/eagora-arriba-a-portugal-vila-nova-danha-inaugura-la-primera-agora-portuguesa\/"},"modified":"2023-12-14T12:47:34","modified_gmt":"2023-12-14T10:47:34","slug":"eagora-arriba-a-portugal-vila-nova-danha-inaugura-la-primera-agora-portuguesa","status":"publish","type":"post","link":"https:\/\/www.eagora.app\/ca\/conocimiento\/eagora-arriba-a-portugal-vila-nova-danha-inaugura-la-primera-agora-portuguesa\/","title":{"rendered":"eAgora arriba a Portugal: Vila Nova d&#8217;Anha inaugura la primera \u00e0gora portuguesa"},"content":{"rendered":"<p>En un emocionant avan\u00e7 cap al futur de la comunicaci\u00f3 local, Vila Nova d&#8217;Anha s&#8217;uneix amb entusiasme a la xarxa d&#8217;eAgora, marcant l&#8217;arribada de la primera \u00e0gora portuguesa. Aquest pas revolucionari transformar\u00e0 radicalment la forma en qu\u00e8 la comunitat es connecta i interactua, establint la pauta per a una nova era de col\u00b7laboraci\u00f3 comunit\u00e0ria.<\/p>\n<p>&nbsp;<\/p>\n<p>Vila Nova d&#8217;Anha ha adoptat l&#8217;aplicaci\u00f3 eAgora per a establir una connexi\u00f3 instant\u00e0nia entre l&#8217;administraci\u00f3 local i els residents, marcant un <strong>canvi significatiu en la consolidaci\u00f3 dels lla\u00e7os entre la ciutadania i les seves autoritats<\/strong>. A trav\u00e9s d&#8217;aquesta iniciativa, es busca facilitar la comunicaci\u00f3 i l&#8217;intercanvi d&#8217;informaci\u00f3 rellevant, esdeveniments comunitaris i alertes en temps real, enfortint aix\u00ed el teixit social de la localitat.<\/p>\n<p>L&#8217;aplicaci\u00f3 eAgora proporciona als residents de Vila Nova d&#8217;Anha un <strong>espai centralitzat<\/strong> per a accedir a esdeveniments comunitaris, not\u00edcies locals i actualitzacions importants, brindant <strong>informaci\u00f3 local a l&#8217;abast de tots<\/strong>. Mai ha estat tan f\u00e0cil mantenir-se informat sobre el que succeeix en la comunitat.<\/p>\n<p>Els residents ara poden utilitzar l&#8217;aplicaci\u00f3 per a enviar alertes en temps real, agilitzant la resposta a situacions d&#8217;emerg\u00e8ncia o problemes locals. Aquesta capacitat de comunicaci\u00f3 instant\u00e0nia enfortir\u00e0 la col\u00b7laboraci\u00f3 entre l&#8217;administraci\u00f3 i la comunitat, facilitant la resoluci\u00f3 de necessitats i preocupacions locals de manera eficient.<\/p>\n<p>L&#8217;aplicaci\u00f3 eAgora no sols connecta als residents, sin\u00f3 que tamb\u00e9 proporciona una plataforma per a <strong>enfortir la din\u00e0mica associativa i comercial al servei de la comunitat<\/strong>. Comer\u00e7os locals poden utilitzar l&#8217;aplicaci\u00f3 per a promoure ofertes exclusives, esdeveniments especials i participar activament en la vida comunit\u00e0ria.<\/p>\n<p>Vila Nova d&#8217;Anha s&#8217;enorgulleix d&#8217;unir-se a la xarxa d&#8217;eAgora, reconeixent el potencial transformador d&#8217;aquesta eina per a construir una comunitat m\u00e9s unida, informada i din\u00e0mica. A m\u00e9s, aquesta incorporaci\u00f3 obre les portes a una connexi\u00f3 \u00fanica entre Vila Nova d&#8217;Anha i municipis espanyols, enfortint els lla\u00e7os transfronterers. Gr\u00e0cies per triar eAgora per a potenciar els vincles amb la vostra gent!<\/p>\n<p>&nbsp;<\/p>\n<p>Si encara no utilitzeu eAgora, comen\u00e7a avui de manera gratu\u00efta i descobreix el poder d&#8217;una comunitat connectada com mai.<\/p>\n<div class=\"flex-1 overflow-hidden\">\n<div class=\"react-scroll-to-bottom--css-boghs-79elbk h-full\">\n<div class=\"react-scroll-to-bottom--css-boghs-1n7m0yu\">\n<div class=\"flex flex-col pb-9 text-sm\">\n<div class=\"w-full text-token-text-primary\" data-testid=\"conversation-turn-7\">\n<div class=\"px-4 py-2 justify-center text-base md:gap-6 m-auto\">\n<div class=\"flex flex-1 text-base mx-auto gap-3 md:px-5 lg:px-1 xl:px-5 md:max-w-3xl lg:max-w-[40rem] xl:max-w-[48rem] } group final-completion\">\n<div class=\"relative flex w-full flex-col lg:w-[calc(100%-115px)] agent-turn\">\n<div class=\"flex-col gap-1 md:gap-3\">\n<div class=\"flex flex-grow flex-col max-w-full\">\n<div class=\"min-h-[20px] text-message flex flex-col items-start gap-3 whitespace-pre-wrap break-words [.text-message+&amp;]:mt-5 overflow-x-auto\" data-message-author-role=\"assistant\" data-message-id=\"9eaa60cd-ae22-4ba2-aa8a-03b0b2070347\">\n<div class=\"markdown prose w-full break-words dark:prose-invert light\">\n<p><!--HubSpot Call-to-Action Code --><span id=\"hs-cta-wrapper-853d4503-fcbb-4d34-a346-60f4ad805caf\" class=\"hs-cta-wrapper\"><span id=\"hs-cta-853d4503-fcbb-4d34-a346-60f4ad805caf\" class=\"hs-cta-node hs-cta-853d4503-fcbb-4d34-a346-60f4ad805caf\"><!-- [if lte IE 8]>\n\n\n<div id=\"hs-cta-ie-element\"><\/div>\n\n\n<![endif]--><a href=\"https:\/\/hubspot-cta-redirect-eu1-prod.s3.amazonaws.com\/cta\/redirect\/25066662\/853d4503-fcbb-4d34-a346-60f4ad805caf\"><img decoding=\"async\" id=\"hs-cta-img-853d4503-fcbb-4d34-a346-60f4ad805caf\" class=\"hs-cta-img aligncenter\" style=\"border-width: 0px;\" src=\"https:\/\/hubspot-no-cache-eu1-prod.s3.amazonaws.com\/cta\/default\/25066662\/853d4503-fcbb-4d34-a346-60f4ad805caf.png\" alt=\"Comen\u00e7a gratis\"><\/a><\/span><\/span><\/p>\n<\/div>\n<\/div>\n<\/div>\n<\/div>\n<\/div>\n<\/div>\n<\/div>\n<\/div>\n<\/div>\n<\/div>\n<\/div>\n<\/div>\n","protected":false},"excerpt":{"rendered":"<p>En un emocionant avan\u00e7 cap al futur de la comunicaci\u00f3 local, Vila Nova d&#8217;Anha s&#8217;uneix amb entusiasme a la xarxa d&#8217;eAgora, marcant l&#8217;arribada de la primera \u00e0gora portuguesa. Aquest pas revolucionari transformar\u00e0 radicalment la forma en qu\u00e8 la comunitat es connecta i interactua, establint la pauta per a una nova era de col\u00b7laboraci\u00f3 comunit\u00e0ria. &nbsp; [&hellip;]<\/p>\n","protected":false},"author":12,"featured_media":21638,"comment_status":"closed","ping_status":"open","sticky":false,"template":"","format":"standard","meta":{"content-type":"","_jetpack_memberships_contains_paid_content":false,"_joinchat":[],"footnotes":""},"categories":[114],"tags":[],"class_list":["post-21722","post","type-post","status-publish","format-standard","has-post-thumbnail","hentry","category-noticies"],"yoast_head":"<!-- This site is optimized with the Yoast SEO Premium plugin v27.0 (Yoast SEO v27.0) - https:\/\/yoast.com\/product\/yoast-seo-premium-wordpress\/ -->\n<title>eAgora arriba a Portugal: Vila Nova d&#039;Anha inaugura la primera \u00e0gora portuguesa - eAgora<\/title>\n<meta name=\"description\" content=\"Vila Nova de Anha s&#039;uneix amb entusiasme a la xarxa d&#039;eAgora, marcant l&#039;arribada de la primera \u00e0gora portuguesa.\" \/>\n<meta name=\"robots\" content=\"index, follow, max-snippet:-1, max-image-preview:large, max-video-preview:-1\" \/>\n<link rel=\"canonical\" href=\"https:\/\/www.eagora.app\/ca\/conocimiento\/eagora-arriba-a-portugal-vila-nova-danha-inaugura-la-primera-agora-portuguesa\/\" \/>\n<meta property=\"og:locale\" content=\"ca_ES\" \/>\n<meta property=\"og:type\" content=\"article\" \/>\n<meta property=\"og:title\" content=\"eAgora arriba a Portugal: Vila Nova d&#039;Anha inaugura la primera \u00e0gora portuguesa\" \/>\n<meta property=\"og:description\" content=\"Vila Nova de Anha s&#039;uneix amb entusiasme a la xarxa d&#039;eAgora, marcant l&#039;arribada de la primera \u00e0gora portuguesa.\" \/>\n<meta property=\"og:url\" content=\"https:\/\/www.eagora.app\/ca\/conocimiento\/eagora-arriba-a-portugal-vila-nova-danha-inaugura-la-primera-agora-portuguesa\/\" \/>\n<meta property=\"og:site_name\" content=\"eAgora\" \/>\n<meta property=\"article:publisher\" content=\"https:\/\/www.facebook.com\/eAgoraApp\" \/>\n<meta property=\"article:published_time\" content=\"2023-12-14T10:47:34+00:00\" \/>\n<meta property=\"og:image\" content=\"https:\/\/www.eagora.app\/wp-content\/uploads\/2023\/12\/Vila-Nova-de-Anha-se-une-a-eAgora-una-revolucion-en-su-conexion-comunitaria.jpg\" \/>\n\t<meta property=\"og:image:width\" content=\"1920\" \/>\n\t<meta property=\"og:image:height\" content=\"1080\" \/>\n\t<meta property=\"og:image:type\" content=\"image\/jpeg\" \/>\n<meta name=\"author\" content=\"Alexandra Gallego\" \/>\n<meta name=\"twitter:card\" content=\"summary_large_image\" \/>\n<meta name=\"twitter:creator\" content=\"@EagoraApp\" \/>\n<meta name=\"twitter:site\" content=\"@EagoraApp\" \/>\n<meta name=\"twitter:label1\" content=\"Escrit per\" \/>\n\t<meta name=\"twitter:data1\" content=\"Alexandra Gallego\" \/>\n\t<meta name=\"twitter:label2\" content=\"Temps estimat de lectura\" \/>\n\t<meta name=\"twitter:data2\" content=\"2 minuts\" \/>\n<script type=\"application\/ld+json\" class=\"yoast-schema-graph\">{\"@context\":\"https:\/\/schema.org\",\"@graph\":[{\"@type\":\"Article\",\"@id\":\"https:\/\/www.eagora.app\/ca\/conocimiento\/eagora-arriba-a-portugal-vila-nova-danha-inaugura-la-primera-agora-portuguesa\/#article\",\"isPartOf\":{\"@id\":\"https:\/\/www.eagora.app\/ca\/conocimiento\/eagora-arriba-a-portugal-vila-nova-danha-inaugura-la-primera-agora-portuguesa\/\"},\"author\":{\"name\":\"Alexandra Gallego\",\"@id\":\"https:\/\/www.eagora.app\/ca\/#\/schema\/person\/a4a60fc1ef1735a32fe2ec549cdbfd52\"},\"headline\":\"eAgora arriba a Portugal: Vila Nova d&#8217;Anha inaugura la primera \u00e0gora portuguesa\",\"datePublished\":\"2023-12-14T10:47:34+00:00\",\"mainEntityOfPage\":{\"@id\":\"https:\/\/www.eagora.app\/ca\/conocimiento\/eagora-arriba-a-portugal-vila-nova-danha-inaugura-la-primera-agora-portuguesa\/\"},\"wordCount\":391,\"publisher\":{\"@id\":\"https:\/\/www.eagora.app\/ca\/#organization\"},\"image\":{\"@id\":\"https:\/\/www.eagora.app\/ca\/conocimiento\/eagora-arriba-a-portugal-vila-nova-danha-inaugura-la-primera-agora-portuguesa\/#primaryimage\"},\"thumbnailUrl\":\"https:\/\/www.eagora.app\/wp-content\/uploads\/2023\/12\/Vila-Nova-de-Anha-se-une-a-eAgora-una-revolucion-en-su-conexion-comunitaria.jpg\",\"articleSection\":[\"Not\u00edcies\"],\"inLanguage\":\"ca\"},{\"@type\":\"WebPage\",\"@id\":\"https:\/\/www.eagora.app\/ca\/conocimiento\/eagora-arriba-a-portugal-vila-nova-danha-inaugura-la-primera-agora-portuguesa\/\",\"url\":\"https:\/\/www.eagora.app\/ca\/conocimiento\/eagora-arriba-a-portugal-vila-nova-danha-inaugura-la-primera-agora-portuguesa\/\",\"name\":\"eAgora arriba a Portugal: Vila Nova d'Anha inaugura la primera \u00e0gora portuguesa - eAgora\",\"isPartOf\":{\"@id\":\"https:\/\/www.eagora.app\/ca\/#website\"},\"primaryImageOfPage\":{\"@id\":\"https:\/\/www.eagora.app\/ca\/conocimiento\/eagora-arriba-a-portugal-vila-nova-danha-inaugura-la-primera-agora-portuguesa\/#primaryimage\"},\"image\":{\"@id\":\"https:\/\/www.eagora.app\/ca\/conocimiento\/eagora-arriba-a-portugal-vila-nova-danha-inaugura-la-primera-agora-portuguesa\/#primaryimage\"},\"thumbnailUrl\":\"https:\/\/www.eagora.app\/wp-content\/uploads\/2023\/12\/Vila-Nova-de-Anha-se-une-a-eAgora-una-revolucion-en-su-conexion-comunitaria.jpg\",\"datePublished\":\"2023-12-14T10:47:34+00:00\",\"description\":\"Vila Nova de Anha s'uneix amb entusiasme a la xarxa d'eAgora, marcant l'arribada de la primera \u00e0gora portuguesa.\",\"breadcrumb\":{\"@id\":\"https:\/\/www.eagora.app\/ca\/conocimiento\/eagora-arriba-a-portugal-vila-nova-danha-inaugura-la-primera-agora-portuguesa\/#breadcrumb\"},\"inLanguage\":\"ca\",\"potentialAction\":[{\"@type\":\"ReadAction\",\"target\":[\"https:\/\/www.eagora.app\/ca\/conocimiento\/eagora-arriba-a-portugal-vila-nova-danha-inaugura-la-primera-agora-portuguesa\/\"]}]},{\"@type\":\"ImageObject\",\"inLanguage\":\"ca\",\"@id\":\"https:\/\/www.eagora.app\/ca\/conocimiento\/eagora-arriba-a-portugal-vila-nova-danha-inaugura-la-primera-agora-portuguesa\/#primaryimage\",\"url\":\"https:\/\/www.eagora.app\/wp-content\/uploads\/2023\/12\/Vila-Nova-de-Anha-se-une-a-eAgora-una-revolucion-en-su-conexion-comunitaria.jpg\",\"contentUrl\":\"https:\/\/www.eagora.app\/wp-content\/uploads\/2023\/12\/Vila-Nova-de-Anha-se-une-a-eAgora-una-revolucion-en-su-conexion-comunitaria.jpg\",\"width\":1920,\"height\":1080,\"caption\":\"Vila Nova de Anha se une a eAgora: una revoluci\u00f3n en su conexi\u00f3n comunitaria\"},{\"@type\":\"BreadcrumbList\",\"@id\":\"https:\/\/www.eagora.app\/ca\/conocimiento\/eagora-arriba-a-portugal-vila-nova-danha-inaugura-la-primera-agora-portuguesa\/#breadcrumb\",\"itemListElement\":[{\"@type\":\"ListItem\",\"position\":1,\"name\":\"Inicio\",\"item\":\"https:\/\/www.eagora.app\/ca\/\"},{\"@type\":\"ListItem\",\"position\":2,\"name\":\"Coneixement\",\"item\":\"https:\/\/www.eagora.app\/ca\/coneixement\/\"},{\"@type\":\"ListItem\",\"position\":3,\"name\":\"eAgora arriba a Portugal: Vila Nova d&#8217;Anha inaugura la primera \u00e0gora portuguesa\"}]},{\"@type\":\"WebSite\",\"@id\":\"https:\/\/www.eagora.app\/ca\/#website\",\"url\":\"https:\/\/www.eagora.app\/ca\/\",\"name\":\"eAgora\",\"description\":\"La plataforma que nos conecta\",\"publisher\":{\"@id\":\"https:\/\/www.eagora.app\/ca\/#organization\"},\"potentialAction\":[{\"@type\":\"SearchAction\",\"target\":{\"@type\":\"EntryPoint\",\"urlTemplate\":\"https:\/\/www.eagora.app\/ca\/?s={search_term_string}\"},\"query-input\":{\"@type\":\"PropertyValueSpecification\",\"valueRequired\":true,\"valueName\":\"search_term_string\"}}],\"inLanguage\":\"ca\"},{\"@type\":\"Organization\",\"@id\":\"https:\/\/www.eagora.app\/ca\/#organization\",\"name\":\"eAgora\",\"url\":\"https:\/\/www.eagora.app\/ca\/\",\"logo\":{\"@type\":\"ImageObject\",\"inLanguage\":\"ca\",\"@id\":\"https:\/\/www.eagora.app\/ca\/#\/schema\/logo\/image\/\",\"url\":\"https:\/\/www.eagora.app\/wp-content\/uploads\/2023\/02\/logo-eagora-emails.jpg\",\"contentUrl\":\"https:\/\/www.eagora.app\/wp-content\/uploads\/2023\/02\/logo-eagora-emails.jpg\",\"width\":550,\"height\":146,\"caption\":\"eAgora\"},\"image\":{\"@id\":\"https:\/\/www.eagora.app\/ca\/#\/schema\/logo\/image\/\"},\"sameAs\":[\"https:\/\/www.facebook.com\/eAgoraApp\",\"https:\/\/x.com\/EagoraApp\",\"https:\/\/www.instagram.com\/eagora.app\/\",\"https:\/\/www.linkedin.com\/company\/eagora\",\"https:\/\/www.youtube.com\/@eAgoraApp\"]},{\"@type\":\"Person\",\"@id\":\"https:\/\/www.eagora.app\/ca\/#\/schema\/person\/a4a60fc1ef1735a32fe2ec549cdbfd52\",\"name\":\"Alexandra Gallego\",\"image\":{\"@type\":\"ImageObject\",\"inLanguage\":\"ca\",\"@id\":\"https:\/\/www.eagora.app\/ca\/#\/schema\/person\/image\/\",\"url\":\"https:\/\/secure.gravatar.com\/avatar\/040b2e489de6f908c77a3de90c4ff9b87097b9ca5726a0c9c132b167326130cc?s=96&d=mm&r=g\",\"contentUrl\":\"https:\/\/secure.gravatar.com\/avatar\/040b2e489de6f908c77a3de90c4ff9b87097b9ca5726a0c9c132b167326130cc?s=96&d=mm&r=g\",\"caption\":\"Alexandra Gallego\"}}]}<\/script>\n<!-- \/ Yoast SEO Premium plugin. -->","yoast_head_json":{"title":"eAgora arriba a Portugal: Vila Nova d'Anha inaugura la primera \u00e0gora portuguesa - eAgora","description":"Vila Nova de Anha s'uneix amb entusiasme a la xarxa d'eAgora, marcant l'arribada de la primera \u00e0gora portuguesa.","robots":{"index":"index","follow":"follow","max-snippet":"max-snippet:-1","max-image-preview":"max-image-preview:large","max-video-preview":"max-video-preview:-1"},"canonical":"https:\/\/www.eagora.app\/ca\/conocimiento\/eagora-arriba-a-portugal-vila-nova-danha-inaugura-la-primera-agora-portuguesa\/","og_locale":"ca_ES","og_type":"article","og_title":"eAgora arriba a Portugal: Vila Nova d'Anha inaugura la primera \u00e0gora portuguesa","og_description":"Vila Nova de Anha s'uneix amb entusiasme a la xarxa d'eAgora, marcant l'arribada de la primera \u00e0gora portuguesa.","og_url":"https:\/\/www.eagora.app\/ca\/conocimiento\/eagora-arriba-a-portugal-vila-nova-danha-inaugura-la-primera-agora-portuguesa\/","og_site_name":"eAgora","article_publisher":"https:\/\/www.facebook.com\/eAgoraApp","article_published_time":"2023-12-14T10:47:34+00:00","og_image":[{"width":1920,"height":1080,"url":"https:\/\/www.eagora.app\/wp-content\/uploads\/2023\/12\/Vila-Nova-de-Anha-se-une-a-eAgora-una-revolucion-en-su-conexion-comunitaria.jpg","type":"image\/jpeg"}],"author":"Alexandra Gallego","twitter_card":"summary_large_image","twitter_creator":"@EagoraApp","twitter_site":"@EagoraApp","twitter_misc":{"Escrit per":"Alexandra Gallego","Temps estimat de lectura":"2 minuts"},"schema":{"@context":"https:\/\/schema.org","@graph":[{"@type":"Article","@id":"https:\/\/www.eagora.app\/ca\/conocimiento\/eagora-arriba-a-portugal-vila-nova-danha-inaugura-la-primera-agora-portuguesa\/#article","isPartOf":{"@id":"https:\/\/www.eagora.app\/ca\/conocimiento\/eagora-arriba-a-portugal-vila-nova-danha-inaugura-la-primera-agora-portuguesa\/"},"author":{"name":"Alexandra Gallego","@id":"https:\/\/www.eagora.app\/ca\/#\/schema\/person\/a4a60fc1ef1735a32fe2ec549cdbfd52"},"headline":"eAgora arriba a Portugal: Vila Nova d&#8217;Anha inaugura la primera \u00e0gora portuguesa","datePublished":"2023-12-14T10:47:34+00:00","mainEntityOfPage":{"@id":"https:\/\/www.eagora.app\/ca\/conocimiento\/eagora-arriba-a-portugal-vila-nova-danha-inaugura-la-primera-agora-portuguesa\/"},"wordCount":391,"publisher":{"@id":"https:\/\/www.eagora.app\/ca\/#organization"},"image":{"@id":"https:\/\/www.eagora.app\/ca\/conocimiento\/eagora-arriba-a-portugal-vila-nova-danha-inaugura-la-primera-agora-portuguesa\/#primaryimage"},"thumbnailUrl":"https:\/\/www.eagora.app\/wp-content\/uploads\/2023\/12\/Vila-Nova-de-Anha-se-une-a-eAgora-una-revolucion-en-su-conexion-comunitaria.jpg","articleSection":["Not\u00edcies"],"inLanguage":"ca"},{"@type":"WebPage","@id":"https:\/\/www.eagora.app\/ca\/conocimiento\/eagora-arriba-a-portugal-vila-nova-danha-inaugura-la-primera-agora-portuguesa\/","url":"https:\/\/www.eagora.app\/ca\/conocimiento\/eagora-arriba-a-portugal-vila-nova-danha-inaugura-la-primera-agora-portuguesa\/","name":"eAgora arriba a Portugal: Vila Nova d'Anha inaugura la primera \u00e0gora portuguesa - eAgora","isPartOf":{"@id":"https:\/\/www.eagora.app\/ca\/#website"},"primaryImageOfPage":{"@id":"https:\/\/www.eagora.app\/ca\/conocimiento\/eagora-arriba-a-portugal-vila-nova-danha-inaugura-la-primera-agora-portuguesa\/#primaryimage"},"image":{"@id":"https:\/\/www.eagora.app\/ca\/conocimiento\/eagora-arriba-a-portugal-vila-nova-danha-inaugura-la-primera-agora-portuguesa\/#primaryimage"},"thumbnailUrl":"https:\/\/www.eagora.app\/wp-content\/uploads\/2023\/12\/Vila-Nova-de-Anha-se-une-a-eAgora-una-revolucion-en-su-conexion-comunitaria.jpg","datePublished":"2023-12-14T10:47:34+00:00","description":"Vila Nova de Anha s'uneix amb entusiasme a la xarxa d'eAgora, marcant l'arribada de la primera \u00e0gora portuguesa.","breadcrumb":{"@id":"https:\/\/www.eagora.app\/ca\/conocimiento\/eagora-arriba-a-portugal-vila-nova-danha-inaugura-la-primera-agora-portuguesa\/#breadcrumb"},"inLanguage":"ca","potentialAction":[{"@type":"ReadAction","target":["https:\/\/www.eagora.app\/ca\/conocimiento\/eagora-arriba-a-portugal-vila-nova-danha-inaugura-la-primera-agora-portuguesa\/"]}]},{"@type":"ImageObject","inLanguage":"ca","@id":"https:\/\/www.eagora.app\/ca\/conocimiento\/eagora-arriba-a-portugal-vila-nova-danha-inaugura-la-primera-agora-portuguesa\/#primaryimage","url":"https:\/\/www.eagora.app\/wp-content\/uploads\/2023\/12\/Vila-Nova-de-Anha-se-une-a-eAgora-una-revolucion-en-su-conexion-comunitaria.jpg","contentUrl":"https:\/\/www.eagora.app\/wp-content\/uploads\/2023\/12\/Vila-Nova-de-Anha-se-une-a-eAgora-una-revolucion-en-su-conexion-comunitaria.jpg","width":1920,"height":1080,"caption":"Vila Nova de Anha se une a eAgora: una revoluci\u00f3n en su conexi\u00f3n comunitaria"},{"@type":"BreadcrumbList","@id":"https:\/\/www.eagora.app\/ca\/conocimiento\/eagora-arriba-a-portugal-vila-nova-danha-inaugura-la-primera-agora-portuguesa\/#breadcrumb","itemListElement":[{"@type":"ListItem","position":1,"name":"Inicio","item":"https:\/\/www.eagora.app\/ca\/"},{"@type":"ListItem","position":2,"name":"Coneixement","item":"https:\/\/www.eagora.app\/ca\/coneixement\/"},{"@type":"ListItem","position":3,"name":"eAgora arriba a Portugal: Vila Nova d&#8217;Anha inaugura la primera \u00e0gora portuguesa"}]},{"@type":"WebSite","@id":"https:\/\/www.eagora.app\/ca\/#website","url":"https:\/\/www.eagora.app\/ca\/","name":"eAgora","description":"La plataforma que nos conecta","publisher":{"@id":"https:\/\/www.eagora.app\/ca\/#organization"},"potentialAction":[{"@type":"SearchAction","target":{"@type":"EntryPoint","urlTemplate":"https:\/\/www.eagora.app\/ca\/?s={search_term_string}"},"query-input":{"@type":"PropertyValueSpecification","valueRequired":true,"valueName":"search_term_string"}}],"inLanguage":"ca"},{"@type":"Organization","@id":"https:\/\/www.eagora.app\/ca\/#organization","name":"eAgora","url":"https:\/\/www.eagora.app\/ca\/","logo":{"@type":"ImageObject","inLanguage":"ca","@id":"https:\/\/www.eagora.app\/ca\/#\/schema\/logo\/image\/","url":"https:\/\/www.eagora.app\/wp-content\/uploads\/2023\/02\/logo-eagora-emails.jpg","contentUrl":"https:\/\/www.eagora.app\/wp-content\/uploads\/2023\/02\/logo-eagora-emails.jpg","width":550,"height":146,"caption":"eAgora"},"image":{"@id":"https:\/\/www.eagora.app\/ca\/#\/schema\/logo\/image\/"},"sameAs":["https:\/\/www.facebook.com\/eAgoraApp","https:\/\/x.com\/EagoraApp","https:\/\/www.instagram.com\/eagora.app\/","https:\/\/www.linkedin.com\/company\/eagora","https:\/\/www.youtube.com\/@eAgoraApp"]},{"@type":"Person","@id":"https:\/\/www.eagora.app\/ca\/#\/schema\/person\/a4a60fc1ef1735a32fe2ec549cdbfd52","name":"Alexandra Gallego","image":{"@type":"ImageObject","inLanguage":"ca","@id":"https:\/\/www.eagora.app\/ca\/#\/schema\/person\/image\/","url":"https:\/\/secure.gravatar.com\/avatar\/040b2e489de6f908c77a3de90c4ff9b87097b9ca5726a0c9c132b167326130cc?s=96&d=mm&r=g","contentUrl":"https:\/\/secure.gravatar.com\/avatar\/040b2e489de6f908c77a3de90c4ff9b87097b9ca5726a0c9c132b167326130cc?s=96&d=mm&r=g","caption":"Alexandra Gallego"}}]}},"jetpack_featured_media_url":"https:\/\/www.eagora.app\/wp-content\/uploads\/2023\/12\/Vila-Nova-de-Anha-se-une-a-eAgora-una-revolucion-en-su-conexion-comunitaria.jpg","jetpack_sharing_enabled":true,"_links":{"self":[{"href":"https:\/\/www.eagora.app\/ca\/wp-json\/wp\/v2\/posts\/21722","targetHints":{"allow":["GET"]}}],"collection":[{"href":"https:\/\/www.eagora.app\/ca\/wp-json\/wp\/v2\/posts"}],"about":[{"href":"https:\/\/www.eagora.app\/ca\/wp-json\/wp\/v2\/types\/post"}],"author":[{"embeddable":true,"href":"https:\/\/www.eagora.app\/ca\/wp-json\/wp\/v2\/users\/12"}],"replies":[{"embeddable":true,"href":"https:\/\/www.eagora.app\/ca\/wp-json\/wp\/v2\/comments?post=21722"}],"version-history":[{"count":0,"href":"https:\/\/www.eagora.app\/ca\/wp-json\/wp\/v2\/posts\/21722\/revisions"}],"wp:featuredmedia":[{"embeddable":true,"href":"https:\/\/www.eagora.app\/ca\/wp-json\/wp\/v2\/media\/21638"}],"wp:attachment":[{"href":"https:\/\/www.eagora.app\/ca\/wp-json\/wp\/v2\/media?parent=21722"}],"wp:term":[{"taxonomy":"category","embeddable":true,"href":"https:\/\/www.eagora.app\/ca\/wp-json\/wp\/v2\/categories?post=21722"},{"taxonomy":"post_tag","embeddable":true,"href":"https:\/\/www.eagora.app\/ca\/wp-json\/wp\/v2\/tags?post=21722"}],"curies":[{"name":"wp","href":"https:\/\/api.w.org\/{rel}","templated":true}]}}