{"id":21277,"date":"2023-11-28T19:21:31","date_gmt":"2023-11-28T17:21:31","guid":{"rendered":"https:\/\/www.eagora.app\/cooperacio-entre-ajuntaments-de-diferents-paisos\/"},"modified":"2023-11-28T19:21:31","modified_gmt":"2023-11-28T17:21:31","slug":"cooperacio-entre-ajuntaments-de-diferents-paisos","status":"publish","type":"post","link":"https:\/\/www.eagora.app\/ca\/conocimiento\/cooperacio-entre-ajuntaments-de-diferents-paisos\/","title":{"rendered":"Cooperaci\u00f3 entre ajuntaments de diferents pa\u00efsos"},"content":{"rendered":"<p style=\"text-align: center;\"><em>Cooperaci\u00f3 entre ajuntaments de diferents<\/em> <i>pa\u00efsos<\/i><\/p>\n<p>&nbsp;<\/p>\n<p>&nbsp;<\/p>\n<p>La cooperaci\u00f3 entre ajuntaments de diferents pa\u00efsos \u00e9s un fenomen que ha pres rellev\u00e0ncia a l&#8217;esfera internacional. Aquest bloc explora la import\u00e0ncia d&#8217;aquesta col\u00b7laboraci\u00f3 i el seu impacte a l&#8217;enfortiment de comunitats locals. La col\u00b7laboraci\u00f3 entre municipis transcorre m\u00e9s enll\u00e0 de les fronteres, promovent l&#8217;enteniment mutu, la innovaci\u00f3 i la resili\u00e8ncia comunit\u00e0ria.<\/p>\n<p>Els <strong>ajuntaments estan incorporant cada vegada m\u00e9s seccions de cooperaci\u00f3 internacional<\/strong> a la seva estructura interna, col\u00b7laborant amb altres municipis per fomentar la transfer\u00e8ncia i intercanvi de coneixements. En aquest bloc explorarem la cooperaci\u00f3 entre diferents pa\u00efsos, els seus beneficis, desafiaments, eines \u00fatils i passos pr\u00e0ctics per iniciar-se en aquest cam\u00ed.<\/p>\n<p>&nbsp;<\/p>\n<h3><strong>Beneficis de la Cooperaci\u00f3 Municipal Transfronterera<\/strong><\/h3>\n<h4><strong>Enfortiment de relacions internacionals<\/strong><\/h4>\n<p>La cooperaci\u00f3 municipal internacional fomenta relacions s\u00f2lides entre pa\u00efsos i contribueix a un entorn global m\u00e9s connectat i col\u00b7laboratiu. A m\u00e9s d&#8217;enfortir relacions; crea la base per a una entesa profunda i una col\u00b7laboraci\u00f3 cont\u00ednua entre pa\u00efsos. Aquest enfortiment de les relacions internacionals no \u00e9s nom\u00e9s essencial per a la construcci\u00f3 d&#8217;una xarxa global m\u00e9s connectada, sin\u00f3 que tamb\u00e9 contribueix a la pau i l&#8217;estabilitat a trav\u00e9s del di\u00e0leg constant entre les comunitats de diferents nacions.<\/p>\n<h4><strong>Intercanvi de millors pr\u00e0ctiques<\/strong><\/h4>\n<p>L&#8217;intercanvi d&#8217;experi\u00e8ncies i pr\u00e0ctiques amb \u00e8xit entre ajuntaments permet el creixement conjunt, optimitzant la gesti\u00f3 i promovent solucions efectives. Es converteix en un catalitzador per al creixement i la millora constant. En obrir un canal directe per compartir coneixements, els municipis poden aprendre els uns dels altres, adoptant pr\u00e0ctiques amb \u00e8xit i evitant errors comuns. Aquest intercanvi no nom\u00e9s optimitza la gesti\u00f3 interna dels ajuntaments, sin\u00f3 que tamb\u00e9 promou l&#8217;efic\u00e0cia i la innovaci\u00f3 en la implementaci\u00f3 de pol\u00edtiques i projectes locals.<\/p>\n<h4><strong>Desenvolupament sostenible i resili\u00e8ncia comunit\u00e0ria<\/strong><\/h4>\n<p>La cooperaci\u00f3 transfronterera impulsa projectes sostenibles i enforteix la resili\u00e8ncia, abordant desafiaments comuns com el canvi clim\u00e0tic i la seguretat ciutadana. Els ajuntaments que treballen junts poden desenvolupar i executar iniciatives sostenibles que no nom\u00e9s beneficien les seves comunitats locals, sin\u00f3 que tamb\u00e9 tenen un impacte positiu a l&#8217;entorn m\u00e9s ampli. A m\u00e9s, en enfrontar aquests desafiaments de manera col\u00b7laborativa, les comunitats es tornen m\u00e9s resilients, capaces de superar adversitats i adaptar-se a canvis en un m\u00f3n cada cop m\u00e9s interconnectat. Aquest enfocament col\u00b7lectiu no nom\u00e9s promou el benestar a nivell local, sin\u00f3 que tamb\u00e9 contribueix a construir un futur sostenible i resistent a nivell global.<\/p>\n<h4><strong>Est\u00edmul Econ\u00f2mic i Desenvolupament Local<\/strong><\/h4>\n<p>La cooperaci\u00f3 municipal transfronterera pot impulsar el desenvolupament econ\u00f2mic local en fomentar la inversi\u00f3 i la col\u00b7laboraci\u00f3 en projectes comercials i culturals. En treballar en conjunt, els ajuntaments poden crear un entorn propici per al creixement econ\u00f2mic, generant ocupaci\u00f3 i oportunitats per a les comunitats locals. Aquest est\u00edmul econ\u00f2mic no nom\u00e9s millora la qualitat de vida, sin\u00f3 que tamb\u00e9 enforteix les bases per a una col\u00b7laboraci\u00f3 cont\u00ednua i sostenible entre pa\u00efsos ve\u00efns.<\/p>\n<p>&nbsp;<\/p>\n<p>&nbsp;<\/p>\n<h3><strong>Desafiaments i Obstacles<\/strong><\/h3>\n<div class=\"flex-1 overflow-hidden\">\n<div class=\"react-scroll-to-bottom--css-jvjck-79elbk h-full\">\n<div class=\"react-scroll-to-bottom--css-jvjck-1n7m0yu\">\n<div class=\"flex flex-col pb-9 text-sm\">\n<div class=\"w-full text-token-text-primary\" data-testid=\"conversation-turn-67\">\n<div class=\"px-4 py-2 justify-center text-base md:gap-6 md:py-6 m-auto\">\n<div class=\"flex flex-1 text-base mx-auto gap-3 md:px-5 lg:px-1 xl:px-5 md:max-w-3xl lg:max-w-[40rem] xl:max-w-[48rem] } group final-completion\">\n<div class=\"relative flex w-full flex-col lg:w-[calc(100%-115px)] agent-turn\">\n<div class=\"flex-col gap-1 md:gap-3\">\n<div class=\"flex flex-grow flex-col max-w-full\">\n<div class=\"min-h-[20px] text-message flex flex-col items-start gap-3 whitespace-pre-wrap break-words [.text-message+&amp;]:mt-5 overflow-x-auto\" data-message-author-role=\"assistant\" data-message-id=\"0d52aa9b-a11b-4e2e-a89f-aa3d4f3dc914\">\n<div class=\"markdown prose w-full break-words dark:prose-invert light\">\n<p>La col\u00b7laboraci\u00f3 entre municipis de diferents pa\u00efsos \u00e9s una empresa plena de possibilitats, per\u00f2 no exempta de reptes significatius. En aquest segment, explorarem a fons els obstacles comuns que sorgeixen en la cooperaci\u00f3 internacional municipal i com poden influir en l&#8217;efectivitat de les iniciatives col\u00b7laboratives. Des de la diversitat cultural fins a barreres financeres, passant per q\u00fcestions legals i la manca de comprom\u00eds pol\u00edtic, identificarem els desafiaments clau que els ajuntaments poden trobar a la recerca d&#8217;establir aliances transfrontereres s\u00f2lides. A m\u00e9s, analitzarem estrat\u00e8gies pr\u00e0ctiques per superar aquests desafiaments i garantir que la cooperaci\u00f3 internacional entre municipis no nom\u00e9s sigui possible sin\u00f3 tamb\u00e9 fruct\u00edfera i sostenible a llarg termini.<\/p>\n<\/div>\n<\/div>\n<\/div>\n<\/div>\n<\/div>\n<\/div>\n<\/div>\n<\/div>\n<\/div>\n<\/div>\n<\/div>\n<\/div>\n<div class=\"w-full pt-2 md:pt-0 dark:border-white\/20 md:border-transparent md:dark:border-transparent md:w-[calc(100%-.5rem)]\">\n<form class=\"stretch mx-2 flex flex-row gap-3 last:mb-2 md:mx-4 md:last:mb-6 lg:mx-auto lg:max-w-2xl xl:max-w-3xl\">\n<div class=\"relative flex h-full flex-1 items-stretch md:flex-col\">\n<div class=\"flex w-full items-center\"><\/div>\n<\/div>\n<\/form>\n<\/div>\n<h4><strong>Barreres comunes a la cooperaci\u00f3 internacional municipal<\/strong><\/h4>\n<p>La cooperaci\u00f3 internacional entre municipis, encara que omple de promeses i oportunitats, no est\u00e0 exempta de desafiaments significatius. En aquest context, \u00e9s fonamental abordar les barreres comunes que poden sorgir durant la col\u00b7laboraci\u00f3 municipal transfronterera. Aquests desafiaments poden variar des de difer\u00e8ncies culturals i barreres ling\u00fc\u00edstiques fins a limitacions financeres i obstacles legals. Comprendre i superar aquests obstacles \u00e9s essencial per fomentar una cooperaci\u00f3 efica\u00e7 i sostenible entre els ajuntaments de diferents pa\u00efsos.<\/p>\n<ol>\n<li><strong>Difer\u00e8ncies Culturals i Barreres Ling\u00fc\u00edstiques:<\/strong> Les difer\u00e8ncies culturals i les barreres ling\u00fc\u00edstiques s\u00f3n desafiaments recurrents en la cooperaci\u00f3 internacional municipal. La diversitat cultural pot portar a malentesos i dificultats a la comunicaci\u00f3. A m\u00e9s, les barreres ling\u00fc\u00edstiques poden obstaculitzar la flu\u00efdesa en la transmissi\u00f3 d\u201finformaci\u00f3 clau entre els ajuntaments.<\/li>\n<li><strong>Limitacions Financeres:<\/strong> La manca de recursos financers de vegades pot limitar la capacitat dels municipis per participar plenament en programes de cooperaci\u00f3. Aix\u00f2 pot afectar negativament la implementaci\u00f3 de projectes conjunts i la sostenibilitat a llarg termini de les iniciatives de col\u00b7laboraci\u00f3.<\/li>\n<li><strong>Problemes Legals i Normatius:<\/strong> Les difer\u00e8ncies en els sistemes legals i normatius entre els pa\u00efsos poden presentar reptes considerables. L&#8217;harmonitzaci\u00f3 de regulacions i la comprensi\u00f3 dels marcs legals \u00e9s essencial per garantir una cooperaci\u00f3 efectiva i evitar conflictes jur\u00eddics.<\/li>\n<li><strong>Manca de Comprom\u00eds Pol\u00edtic:<\/strong> Sense un comprom\u00eds pol\u00edtic s\u00f2lid, la cooperaci\u00f3 internacional municipal pot mancar de l&#8217;impuls necessari. La inestabilitat pol\u00edtica o la manca de suport governamental poden obstaculitzar l&#8217;aven\u00e7 de projectes col\u00b7laboratius.<\/li>\n<\/ol>\n<p>&nbsp;<\/p>\n<h4><strong>Estrat\u00e8gies per superar desafiaments<\/strong><\/h4>\n<p>La superaci\u00f3 de desafiaments a la cooperaci\u00f3 internacional municipal requereix un enfocament estrat\u00e8gic i l&#8217;adopci\u00f3 de mesures espec\u00edfiques. En promoure la diversitat i la comprensi\u00f3 cultural, utilitzar eines de traducci\u00f3 i comunicaci\u00f3, cercar fonts alternatives de finan\u00e7ament, obtenir assessorament legal especialitzat i promoure el comprom\u00eds pol\u00edtic, els municipis poden enfortir les seves col\u00b7laboracions. Aquestes estrat\u00e8gies no nom\u00e9s aborden les barreres identificades, sin\u00f3 que tamb\u00e9 estableixen les bases per a una cooperaci\u00f3 m\u00e9s robusta i reeixida entre comunitats locals a tot el m\u00f3n.<\/p>\n<div class=\"flex-1 overflow-hidden\">\n<div class=\"react-scroll-to-bottom--css-jvjck-79elbk h-full\">\n<div class=\"react-scroll-to-bottom--css-jvjck-1n7m0yu\">\n<div class=\"flex flex-col pb-9 text-sm\">\n<div class=\"w-full text-token-text-primary\" data-testid=\"conversation-turn-61\">\n<div class=\"px-4 py-2 justify-center text-base md:gap-6 md:py-6 m-auto\">\n<div class=\"flex flex-1 text-base mx-auto gap-3 md:px-5 lg:px-1 xl:px-5 md:max-w-3xl lg:max-w-[40rem] xl:max-w-[48rem] } group final-completion\">\n<div class=\"relative flex w-full flex-col lg:w-[calc(100%-115px)] agent-turn\">\n<div class=\"flex-col gap-1 md:gap-3\">\n<div class=\"flex flex-grow flex-col max-w-full\">\n<div class=\"min-h-[20px] text-message flex flex-col items-start gap-3 whitespace-pre-wrap break-words [.text-message+&amp;]:mt-5 overflow-x-auto\" data-message-author-role=\"assistant\" data-message-id=\"4a872e29-404f-4325-b4c8-16c132d5ba74\">\n<div class=\"markdown prose w-full break-words dark:prose-invert light\">\n<ol>\n<li><strong>Promoci\u00f3 de la Diversitat i Comprensi\u00f3 Cultural:<\/strong> Implementar programes de sensibilitzaci\u00f3 cultural i sessions de formaci\u00f3 per involucrar els participants en la comprensi\u00f3 de les difer\u00e8ncies culturals. El foment de la diversitat com a actiu pot enfortir la col\u00b7laboraci\u00f3.<\/li>\n<li><strong>\u00das d&#8217;Eines de Traducci\u00f3 i Comunicaci\u00f3:<\/strong> L&#8217;adopci\u00f3 de ferramentes de traducci\u00f3 i comunicaci\u00f3 multiling\u00fces pot superar les barreres ling\u00fc\u00edstiques. Plataformes en l\u00ednia i serveis de traducci\u00f3 faciliten la comunicaci\u00f3 efectiva entre els col\u00b7laboradors.<\/li>\n<li><strong>Cerca de Finan\u00e7ament Alternatiu:<\/strong> Explorar fonts alternatives de finan\u00e7ament, com ara subvencions internacionals, associacions publicoprivades i programes d&#8217;ajuda, per superar les limitacions financeres i garantir la viabilitat econ\u00f2mica dels projectes.<\/li>\n<li><strong>Assessorament Legal Especialitzat:<\/strong> Comptar amb assessorament legal especialitzat per abordar q\u00fcestions legals i normatives. Aix\u00f2 inclou la identificaci\u00f3 primerenca de possibles conflictes i l&#8217;elaboraci\u00f3 d&#8217;acords que respectin les lleis i les regulacions de totes les parts involucrades.<\/li>\n<li><strong>Promoci\u00f3 del Comprom\u00eds Pol\u00edtic:<\/strong> Treballar activament per garantir el comprom\u00eds pol\u00edtic a trav\u00e9s de la sensibilitzaci\u00f3 dels l\u00edders pol\u00edtics sobre els beneficis a llarg termini de la cooperaci\u00f3 internacional municipal. L&#8217;articulaci\u00f3 clara dels impactes positius pot enfortir el suport governamental.<\/li>\n<\/ol>\n<p>&nbsp;<\/p>\n<\/div>\n<\/div>\n<\/div>\n<\/div>\n<\/div>\n<\/div>\n<\/div>\n<\/div>\n<\/div>\n<\/div>\n<\/div>\n<\/div>\n<p>La cooperaci\u00f3 internacional entre municipis, malgrat els seus desafiaments inherents, continua essent un cam\u00ed essencial per construir un m\u00f3n m\u00e9s connectat i col\u00b7laboratiu. En aquest recorregut pels desafiaments i les estrat\u00e8gies per superar-los, queda clar que la comprensi\u00f3 i la superaci\u00f3 de barreres, ja siguin culturals, financeres o pol\u00edtiques, s\u00f3n essencials per a l&#8217;\u00e8xit d&#8217;aquestes empreses. A mesura que els municipis continuen explorant i enfortint aliances transfrontereres, la promoci\u00f3 de la diversitat, l&#8217;\u00fas d&#8217;eines innovadores i la cerca de solucions creatives es converteixen en pedres angulars per a una cooperaci\u00f3 efectiva. La crida a l&#8217;acci\u00f3 \u00e9s clar: afrontar els desafiaments amb determinaci\u00f3, aprendre de les lli\u00e7ons passades i treballar plegats cap a un futur on la cooperaci\u00f3 internacional municipal sigui una for\u00e7a impulsora del progr\u00e9s global i l&#8217;entesa duradora.<\/p>\n<p>&nbsp;<\/p>\n<p>&nbsp;<\/p>\n<h3><strong>Eines i Recursos per a la Cooperaci\u00f3 Internacional<\/strong><\/h3>\n<div class=\"flex-1 overflow-hidden\">\n<div class=\"react-scroll-to-bottom--css-jvjck-79elbk h-full\">\n<div class=\"react-scroll-to-bottom--css-jvjck-1n7m0yu\">\n<div class=\"flex flex-col pb-9 text-sm\">\n<div class=\"w-full text-token-text-primary\" data-testid=\"conversation-turn-71\">\n<div class=\"px-4 py-2 justify-center text-base md:gap-6 md:py-6 m-auto\">\n<div class=\"flex flex-1 text-base mx-auto gap-3 md:px-5 lg:px-1 xl:px-5 md:max-w-3xl lg:max-w-[40rem] xl:max-w-[48rem] } group final-completion\">\n<div class=\"relative flex w-full flex-col lg:w-[calc(100%-115px)] agent-turn\">\n<div class=\"flex-col gap-1 md:gap-3\">\n<div class=\"flex flex-grow flex-col max-w-full\">\n<div class=\"min-h-[20px] text-message flex flex-col items-start gap-3 whitespace-pre-wrap break-words [.text-message+&amp;]:mt-5 overflow-x-auto\" data-message-author-role=\"assistant\" data-message-id=\"42cfe7b6-141e-4f60-bb28-edb776c9dddb\">\n<div class=\"markdown prose w-full break-words dark:prose-invert light\">\n<p>La cooperaci\u00f3 internacional entre municipis es veu enfortida per una s\u00e8rie d&#8217;eines i de recursos que faciliten la comunicaci\u00f3, la col\u00b7laboraci\u00f3 i l&#8217;intercanvi de coneixements. Aquestes eines van des de plataformes dedicades i programes de suport fins a tecnologies innovadores i la participaci\u00f3 a xarxes i associacions internacionals de municipis.<\/p>\n<h4><strong>Plataformes i programes de suport<\/strong><\/h4>\n<ol>\n<li><strong>Internationale Stadt:<\/strong> Internationale Stadt \u00e9s una plataforma que facilita la col\u00b7laboraci\u00f3 entre ciutats de diferents pa\u00efsos. Ofereix recursos, eines de gesti\u00f3 i f\u00f2rums de discussi\u00f3 per enfortir els lla\u00e7os i compartir experi\u00e8ncies entre els municipis.<\/li>\n<li><strong>Global Covenant of Mayors for Climate &amp; Energy:<\/strong> Aquest programa uneix alcaldes de tot el m\u00f3n en un esfor\u00e7 conjunt per abordar el canvi clim\u00e0tic i promoure la sostenibilitat. Proporciona recursos t\u00e8cnics i financers per a iniciatives locals i fomenta lintercanvi de millors pr\u00e0ctiques.<\/li>\n<li><strong>Programes de Subvencions Internacionals:<\/strong> Accedir a programes de subvencions internacionals \u00e9s fonamental per finan\u00e7ar projectes de cooperaci\u00f3. Organitzacions com la Uni\u00f3 Europea, l&#8217;ONU i diverses institucions governamentals ofereixen oportunitats de finan\u00e7ament per a iniciatives transfrontereres.<\/li>\n<li><strong>Plataformes de Col\u00b7laboraci\u00f3 en L\u00ednia:<\/strong> Plataformes com a Partnering for Green Growth and the Global Goals 2030 (P4G) proporcionen un espai en l\u00ednia per a la col\u00b7laboraci\u00f3 global en sostenibilitat. Faciliten la connexi\u00f3 entre municipis i organitzacions compromeses amb metes similars.<\/li>\n<\/ol>\n<p>&nbsp;<\/p>\n<h4><strong>Eines tecnol\u00f2giques per a la comunicaci\u00f3 i col\u00b7laboraci\u00f3<\/strong><\/h4>\n<ol>\n<li><strong>eAgora:<\/strong> eAgora es destaca com una eina integral que no nom\u00e9s connecta l&#8217;administraci\u00f3 p\u00fablica amb la ciutadania, sin\u00f3 que tamb\u00e9 facilita la cooperaci\u00f3 entre municipis. La plataforma ofereix funcions com la gesti\u00f3 d&#8217;incid\u00e8ncies, la comunicaci\u00f3 efectiva i la creaci\u00f3 de xarxes col\u00b7laboratives.<\/li>\n<li><strong>Zoom:<\/strong> Plataformes de videoconfer\u00e8ncia com Zoom s\u00f3n essencials per a la comunicaci\u00f3 en temps real entre equips de diferents parts del m\u00f3n. Faciliten reunions, seminaris web i col\u00b7laboraci\u00f3 en projectes sense importar la ubicaci\u00f3 geogr\u00e0fica.<\/li>\n<li><strong>Slack:<\/strong> Slack \u00e9s una plataforma de missatgeria dissenyada per millorar la comunicaci\u00f3 interna dels equips. Permet la creaci\u00f3 de canals tem\u00e0tics, intercanvi darxius i missatges directes, la qual cosa facilita la col\u00b7laboraci\u00f3 entre membres dun equip o fins i tot entre diferents municipis.<\/li>\n<li><strong>Trello:<\/strong> Trello \u00e9s una eina de gesti\u00f3 de projectes basada en targetes que permet la col\u00b7laboraci\u00f3 visual. Els equips poden organitzar tasques, assignar responsabilitats i fer un seguiment del progr\u00e9s de manera col\u00b7laborativa.<\/li>\n<li><strong>Microsoft Teams:<\/strong> Microsoft Teams proporciona una plataforma integrada que combina xat, videoconfer\u00e8ncia, emmagatzematge de fitxers i col\u00b7laboraci\u00f3 en temps real. \u00c9s especialment \u00fatil per a equips que utilitzen altres productes de Microsoft, com ara Word i Excel.<\/li>\n<li><strong>Google Workspace:<\/strong> Anteriorment conegut com a G Suite, Google Workspace ofereix una varietat d&#8217;eines de col\u00b7laboraci\u00f3, com Google Docs, Sheets i Slides. Permet l&#8217;edici\u00f3 en temps real de documents i facilita la col\u00b7laboraci\u00f3 entre els usuaris, fins i tot a nivell internacional.<\/li>\n<li><strong>Asana:<\/strong> Asana \u00e9s una plataforma de gesti\u00f3 de projectes que ajuda els equips a organitzar i fer un seguiment del treball. Facilita l&#8217;assignaci\u00f3 de tasques, la definici\u00f3 de terminis i la col\u00b7laboraci\u00f3 fluida a projectes complexos.<\/li>\n<li><strong>Miro:<\/strong> Miro \u00e9s una pissarra en l\u00ednia que permet la col\u00b7laboraci\u00f3 visual en temps real. \u00c9s \u00fatil per a la pluja d&#8217;idees, la planificaci\u00f3 de projectes i la creaci\u00f3 de diagrames, cosa que facilita la col\u00b7laboraci\u00f3 entre equips geogr\u00e0ficament dispersos.<\/li>\n<\/ol>\n<p>&nbsp;<\/p>\n<h4><strong>Xarxes i associacions internacionals de municipis<\/strong><\/h4>\n<ol>\n<li><strong>ICLEI \u2013 Governs Locals per la Sostenibilitat:<\/strong> ICLEI \u00e9s una xarxa global de governs locals compromesos amb la sostenibilitat. Facilita l&#8217;intercanvi de coneixements, proporciona recursos i d\u00f3na suport a la implementaci\u00f3 de pr\u00e0ctiques sostenibles a comunitats locals.<\/li>\n<li><strong>United Cities and Local Governments (UCLG):<\/strong> UCLG \u00e9s una organitzaci\u00f3 que uneix autoritats locals i regionals de tot el m\u00f3n. Promou la participaci\u00f3 local en la presa de decisions globals i facilita la col\u00b7laboraci\u00f3 entre ciutats per abordar desafiaments comuns.<\/li>\n<\/ol>\n<\/div>\n<\/div>\n<\/div>\n<div class=\"mt-1 flex justify-start gap-3 empty:hidden\">\n<div class=\"text-gray-400 flex self-end lg:self-center justify-center lg:justify-start mt-0 gap-1 visible\"><\/div>\n<\/div>\n<div>Aquestes eines i recursos tenen un paper crucial en l&#8217;enfortiment de la cooperaci\u00f3 internacional entre municipis. Permeten que les comunitats comparteixin coneixements, superin desafiaments i treballin juntes cap a un futur m\u00e9s sostenible i connectat. Proporcionen als ajuntaments les eines necess\u00e0ries per abordar desafiaments i col\u00b7laborar de manera efectiva en projectes de cooperaci\u00f3 internacional. La combinaci\u00f3 de plataformes en l\u00ednia, eines tecnol\u00f2giques i xarxes internacionals contribueix significativament a enfortir la col\u00b7laboraci\u00f3 entre municipis de diferents pa\u00efsos.<\/div>\n<\/div>\n<\/div>\n<\/div>\n<\/div>\n<\/div>\n<\/div>\n<\/div>\n<\/div>\n<\/div>\n<p>&nbsp;<\/p>\n<h3><strong>Passos Pr\u00e0ctics per Iniciar la Cooperaci\u00f3 Internacional<\/strong><\/h3>\n<p>La iniciaci\u00f3 de la cooperaci\u00f3 internacional entre municipis requereix una planificaci\u00f3 estrat\u00e8gica i passos concrets per assegurar una col\u00b7laboraci\u00f3 amb \u00e8xit. Aqu\u00ed presentem un enfocament pr\u00e0ctic per fer els primers passos:<\/p>\n<h4><strong>Identificaci\u00f3 de Socis Potencials<\/strong><\/h4>\n<p>Abans de comen\u00e7ar qualsevol col\u00b7laboraci\u00f3, \u00e9s essencial identificar socis potencials amb objectius i valors semblants. Realitzar una an\u00e0lisi exhaustiva de municipis que comparteixin interessos comuns, desafiaments similars o visions alineades \u00e9s clau. La identificaci\u00f3 de socis potencials estableix les bases per a una cooperaci\u00f3 fruct\u00edfera.<\/p>\n<h4><strong>Establiment d&#8217;objectius i \u00e0rees de col\u00b7laboraci\u00f3<\/strong><\/h4>\n<p>Un cop identificats els socis, cal definir clarament els objectius de la col\u00b7laboraci\u00f3 i les \u00e0rees espec\u00edfiques en qu\u00e8 treballaran junts. Establir metes concretes i mesurables proporciona una direcci\u00f3 clara i assegura que les dues parts estiguin alineades en els esfor\u00e7os. El di\u00e0leg obert i la participaci\u00f3 de totes dues parts s\u00f3n essencials en aquesta etapa.<\/p>\n<h4><strong>Desenvolupament d&#8217;un Pla d&#8217;acci\u00f3 conjunt<\/strong><\/h4>\n<p>Amb els objectius definits, el pas seg\u00fcent \u00e9s elaborar un pla d&#8217;acci\u00f3 conjunt. Aquest pla ha de detallar les activitats espec\u00edfiques, responsabilitats i terminis per a la implementaci\u00f3 de les iniciatives acordades. Un pla ben estructurat brinda claredat i direcci\u00f3, permetent als municipis avan\u00e7ar cap als seus objectius de manera organitzada i eficient.<\/p>\n<p>&nbsp;<\/p>\n<p>Seguint aquests passos pr\u00e0ctics, els municipis poden construir ponts efectius per a la cooperaci\u00f3 internacional, enfortint la connexi\u00f3 entre comunitats i treballant plegats per abordar desafiaments compartits.<\/p>\n<p>&nbsp;<\/p>\n<p>&nbsp;<\/p>\n<h3><strong>Perspectives Futures i Tend\u00e8ncies<\/strong><\/h3>\n<p>La cooperaci\u00f3 municipal es projecta com a element clau en el futur d&#8217;un m\u00f3n cada cop m\u00e9s globalitzat. En explorar les perspectives i tend\u00e8ncies emergents, s&#8217;entreveuen oportunitats innovadores que transformaran la manera com els municipis treballen junts.<\/p>\n<h4><strong>El Paper de la Cooperaci\u00f3 Municipal en un M\u00f3n Globalitzat<\/strong><\/h4>\n<p>En el context de la globalitzaci\u00f3, la cooperaci\u00f3 municipal es consolida com un actor fonamental per abordar desafiaments que transcendeixen les fronteres nacionals. Els municipis s&#8217;erigeixen com a catalitzadors del canvi, aprofitant la seva capacitat per impulsar solucions locals a problemes globals. Aquest paper actiu a l&#8217;escena internacional contribueix a construir un m\u00f3n m\u00e9s connectat i col\u00b7laboratiu.<\/p>\n<h4><strong>Noves Oportunitats i Enfocaments Innovadors<\/strong><\/h4>\n<p>El panorama futur de la cooperaci\u00f3 municipal es defineix per la cerca constant de noves oportunitats i enfocaments innovadors. La incorporaci\u00f3 de tecnologies emergents, com ara la intel\u00b7lig\u00e8ncia artificial i l&#8217;anal\u00edtica de dades, ofereix eines poderoses per a la resoluci\u00f3 de problemes. La innovaci\u00f3 en \u00e0rees com la sostenibilitat, la mobilitat urbana i la seguretat ciutadana presenta oportunitats emocionants per a la col\u00b7laboraci\u00f3 entre municipis.<\/p>\n<h4><strong>Projecci\u00f3 del Creixement i Expansi\u00f3 de la Cooperaci\u00f3 Internacional<\/strong><\/h4>\n<p>A mesura que evolucionen les din\u00e0miques internacionals, es preveu un creixement significatiu i una expansi\u00f3 continuada de la cooperaci\u00f3 internacional entre municipis. Les aliances transfrontereres s&#8217;enfortiran, donant lloc a xarxes m\u00e9s extenses i col\u00b7laboracions multifac\u00e8tiques. Aquesta expansi\u00f3 no nom\u00e9s se centrar\u00e0 en \u00e0rees tradicionals, sin\u00f3 que explorar\u00e0 noves dimensions, com ara la salut p\u00fablica, l&#8217;educaci\u00f3 i la resposta a crisis globals.<\/p>\n<p>&nbsp;<\/p>\n<p>Davant d&#8217;aquestes perspectives futures, la cooperaci\u00f3 municipal emergeix com un far d&#8217;innovaci\u00f3 i col\u00b7laboraci\u00f3, assenyalant cap a un futur on les comunitats locals estan interconnectades i apoderades per abordar els desafiaments globals amb solucions locals efectives.<\/p>\n<p>&nbsp;<\/p>\n<p>&nbsp;<\/p>\n<h3><strong>Impulsant la Col\u00b7laboraci\u00f3 Municipal cap al Futur amb eAgora<\/strong><\/h3>\n<div class=\"flex-1 overflow-hidden\">\n<div class=\"react-scroll-to-bottom--css-jvjck-79elbk h-full\">\n<div class=\"react-scroll-to-bottom--css-jvjck-1n7m0yu\">\n<div class=\"flex flex-col pb-9 text-sm\">\n<div class=\"w-full text-token-text-primary\" data-testid=\"conversation-turn-85\">\n<div class=\"px-4 py-2 justify-center text-base md:gap-6 md:py-6 m-auto\">\n<div class=\"flex flex-1 text-base mx-auto gap-3 md:px-5 lg:px-1 xl:px-5 md:max-w-3xl lg:max-w-[40rem] xl:max-w-[48rem] } group final-completion\">\n<div class=\"relative flex w-full flex-col lg:w-[calc(100%-115px)] agent-turn\">\n<div class=\"flex-col gap-1 md:gap-3\">\n<div class=\"flex flex-grow flex-col max-w-full\">\n<div class=\"min-h-[20px] text-message flex flex-col items-start gap-3 whitespace-pre-wrap break-words [.text-message+&amp;]:mt-5 overflow-x-auto\" data-message-author-role=\"assistant\" data-message-id=\"d52f0ad0-d4b9-4ba5-be3f-d2705f7d5611\">\n<div class=\"markdown prose w-full break-words dark:prose-invert light\">\n<p>En aquesta an\u00e0lisi, hem explorat els elements fonamentals de la cooperaci\u00f3 municipal transfronterera. Des dels beneficis palpables fins als desafiaments realistes, cada aspecte destaca la complexitat i la import\u00e0ncia de treballar junts en un m\u00f3n cada cop m\u00e9s interconnectat.<\/p>\n<p>Convidem tots els ajuntaments a identificar oportunitats, establir fites clares i elaborar plans d&#8217;acci\u00f3 s\u00f2lids. La cooperaci\u00f3 internacional \u00e9s clau per enfrontar els reptes futurs i construir comunitats m\u00e9s fortes i resilients.<\/p>\n<p>Concloem amb la convicci\u00f3 que la col\u00b7laboraci\u00f3 entre ajuntaments \u00e9s essencial en un m\u00f3n globalitzat. En aprendre dels \u00e8xits, superar els desafiaments i utilitzar les eines disponibles, podem aplanar el cam\u00ed cap a un futur on les comunitats locals prosperin juntes.<\/p>\n<\/div>\n<\/div>\n<\/div>\n<\/div>\n<p>&nbsp;<\/p>\n<div class=\"flex-col gap-1 md:gap-3\">\n<div class=\"mt-1 flex justify-start gap-3 empty:hidden\">\n<div class=\"text-gray-400 flex self-end lg:self-center justify-center lg:justify-start mt-0 gap-1 visible\">\n<p>Descobreix com <strong>eAgora pot facilitar la cooperaci\u00f3 efectiva i la gesti\u00f3 de projectes internacionals<\/strong>. Des de la identificaci\u00f3 de socis fins a la implementaci\u00f3 de plans dacci\u00f3, eAgora \u00e9s el teu aliat per construir un <strong>futur m\u00e9s connectat i col\u00b7laboratiu<\/strong>.<\/p>\n<p>&nbsp;<\/p>\n<\/div>\n<div style=\"text-align: center;\">\n<h3><span id=\"hs-cta-wrapper-853d4503-fcbb-4d34-a346-60f4ad805caf\" class=\"hs-cta-wrapper\"><span id=\"hs-cta-853d4503-fcbb-4d34-a346-60f4ad805caf\" class=\"hs-cta-node hs-cta-853d4503-fcbb-4d34-a346-60f4ad805caf\"><a href=\"https:\/\/hubspot-cta-redirect-eu1-prod.s3.amazonaws.com\/cta\/redirect\/25066662\/853d4503-fcbb-4d34-a346-60f4ad805caf\"><img decoding=\"async\" id=\"hs-cta-img-853d4503-fcbb-4d34-a346-60f4ad805caf\" class=\"hs-cta-img aligncenter\" style=\"border-width: 0px;\" src=\"https:\/\/hubspot-no-cache-eu1-prod.s3.amazonaws.com\/cta\/default\/25066662\/853d4503-fcbb-4d34-a346-60f4ad805caf.png\" alt=\"Comen\u00e7a gratis\"><\/a><\/span><\/span><\/h3>\n<\/div>\n<\/div>\n<\/div>\n<\/div>\n<\/div>\n<\/div>\n<\/div>\n<\/div>\n<\/div>\n<\/div>\n<\/div>\n<div class=\"w-full pt-2 md:pt-0 dark:border-white\/20 md:border-transparent md:dark:border-transparent md:w-[calc(100%-.5rem)]\">\n<form class=\"stretch mx-2 flex flex-row gap-3 last:mb-2 md:mx-4 md:last:mb-6 lg:mx-auto lg:max-w-2xl xl:max-w-3xl\">\n<div class=\"relative flex h-full flex-1 items-stretch md:flex-col\">\n<div class=\"flex w-full items-center\"><\/div>\n<\/div>\n<\/form>\n<\/div>\n","protected":false},"excerpt":{"rendered":"<p>Cooperaci\u00f3 entre ajuntaments de diferents pa\u00efsos &nbsp; &nbsp; La cooperaci\u00f3 entre ajuntaments de diferents pa\u00efsos \u00e9s un fenomen que ha pres rellev\u00e0ncia a l&#8217;esfera internacional. Aquest bloc explora la import\u00e0ncia d&#8217;aquesta col\u00b7laboraci\u00f3 i el seu impacte a l&#8217;enfortiment de comunitats locals. La col\u00b7laboraci\u00f3 entre municipis transcorre m\u00e9s enll\u00e0 de les fronteres, promovent l&#8217;enteniment mutu, la [&hellip;]<\/p>\n","protected":false},"author":872,"featured_media":21254,"comment_status":"closed","ping_status":"open","sticky":false,"template":"","format":"standard","meta":{"content-type":"","_jetpack_memberships_contains_paid_content":false,"_joinchat":[],"footnotes":""},"categories":[115],"tags":[],"class_list":["post-21277","post","type-post","status-publish","format-standard","has-post-thumbnail","hentry","category-articles-ca"],"yoast_head":"<!-- This site is optimized with the Yoast SEO Premium plugin v27.0 (Yoast SEO v27.0) - https:\/\/yoast.com\/product\/yoast-seo-premium-wordpress\/ -->\n<title>Cooperaci\u00f3 entre ajuntaments de diferents pa\u00efsos<\/title>\n<meta name=\"description\" content=\"Cooperaci\u00f3 entre ajuntaments de diferents pa\u00efsos\" \/>\n<meta name=\"robots\" content=\"index, follow, max-snippet:-1, max-image-preview:large, max-video-preview:-1\" \/>\n<link rel=\"canonical\" href=\"https:\/\/www.eagora.app\/ca\/conocimiento\/cooperacio-entre-ajuntaments-de-diferents-paisos\/\" \/>\n<meta property=\"og:locale\" content=\"ca_ES\" \/>\n<meta property=\"og:type\" content=\"article\" \/>\n<meta property=\"og:title\" content=\"Cooperaci\u00f3 entre ajuntaments de diferents pa\u00efsos\" \/>\n<meta property=\"og:description\" content=\"Cooperaci\u00f3 entre ajuntaments de diferents pa\u00efsos\" \/>\n<meta property=\"og:url\" content=\"https:\/\/www.eagora.app\/ca\/conocimiento\/cooperacio-entre-ajuntaments-de-diferents-paisos\/\" \/>\n<meta property=\"og:site_name\" content=\"eAgora\" \/>\n<meta property=\"article:publisher\" content=\"https:\/\/www.facebook.com\/eAgoraApp\" \/>\n<meta property=\"article:published_time\" content=\"2023-11-28T17:21:31+00:00\" \/>\n<meta property=\"og:image\" content=\"https:\/\/www.eagora.app\/wp-content\/uploads\/2023\/11\/BLOG-portadas-posts-40.jpg\" \/>\n\t<meta property=\"og:image:width\" content=\"1920\" \/>\n\t<meta property=\"og:image:height\" content=\"1080\" \/>\n\t<meta property=\"og:image:type\" content=\"image\/jpeg\" \/>\n<meta name=\"author\" content=\"Roser Vallve\" \/>\n<meta name=\"twitter:card\" content=\"summary_large_image\" \/>\n<meta name=\"twitter:creator\" content=\"@EagoraApp\" \/>\n<meta name=\"twitter:site\" content=\"@EagoraApp\" \/>\n<meta name=\"twitter:label1\" content=\"Escrit per\" \/>\n\t<meta name=\"twitter:data1\" content=\"Roser Vallve\" \/>\n\t<meta name=\"twitter:label2\" content=\"Temps estimat de lectura\" \/>\n\t<meta name=\"twitter:data2\" content=\"14 minuts\" \/>\n<script type=\"application\/ld+json\" class=\"yoast-schema-graph\">{\"@context\":\"https:\/\/schema.org\",\"@graph\":[{\"@type\":\"Article\",\"@id\":\"https:\/\/www.eagora.app\/ca\/conocimiento\/cooperacio-entre-ajuntaments-de-diferents-paisos\/#article\",\"isPartOf\":{\"@id\":\"https:\/\/www.eagora.app\/ca\/conocimiento\/cooperacio-entre-ajuntaments-de-diferents-paisos\/\"},\"author\":{\"name\":\"Roser Vallve\",\"@id\":\"https:\/\/www.eagora.app\/ca\/#\/schema\/person\/f1036a22998d81569495936c2aa9cb32\"},\"headline\":\"Cooperaci\u00f3 entre ajuntaments de diferents pa\u00efsos\",\"datePublished\":\"2023-11-28T17:21:31+00:00\",\"mainEntityOfPage\":{\"@id\":\"https:\/\/www.eagora.app\/ca\/conocimiento\/cooperacio-entre-ajuntaments-de-diferents-paisos\/\"},\"wordCount\":2901,\"publisher\":{\"@id\":\"https:\/\/www.eagora.app\/ca\/#organization\"},\"image\":{\"@id\":\"https:\/\/www.eagora.app\/ca\/conocimiento\/cooperacio-entre-ajuntaments-de-diferents-paisos\/#primaryimage\"},\"thumbnailUrl\":\"https:\/\/www.eagora.app\/wp-content\/uploads\/2023\/11\/BLOG-portadas-posts-40.jpg\",\"articleSection\":[\"Articles\"],\"inLanguage\":\"ca\"},{\"@type\":\"WebPage\",\"@id\":\"https:\/\/www.eagora.app\/ca\/conocimiento\/cooperacio-entre-ajuntaments-de-diferents-paisos\/\",\"url\":\"https:\/\/www.eagora.app\/ca\/conocimiento\/cooperacio-entre-ajuntaments-de-diferents-paisos\/\",\"name\":\"Cooperaci\u00f3 entre ajuntaments de diferents pa\u00efsos\",\"isPartOf\":{\"@id\":\"https:\/\/www.eagora.app\/ca\/#website\"},\"primaryImageOfPage\":{\"@id\":\"https:\/\/www.eagora.app\/ca\/conocimiento\/cooperacio-entre-ajuntaments-de-diferents-paisos\/#primaryimage\"},\"image\":{\"@id\":\"https:\/\/www.eagora.app\/ca\/conocimiento\/cooperacio-entre-ajuntaments-de-diferents-paisos\/#primaryimage\"},\"thumbnailUrl\":\"https:\/\/www.eagora.app\/wp-content\/uploads\/2023\/11\/BLOG-portadas-posts-40.jpg\",\"datePublished\":\"2023-11-28T17:21:31+00:00\",\"description\":\"Cooperaci\u00f3 entre ajuntaments de diferents pa\u00efsos\",\"breadcrumb\":{\"@id\":\"https:\/\/www.eagora.app\/ca\/conocimiento\/cooperacio-entre-ajuntaments-de-diferents-paisos\/#breadcrumb\"},\"inLanguage\":\"ca\",\"potentialAction\":[{\"@type\":\"ReadAction\",\"target\":[\"https:\/\/www.eagora.app\/ca\/conocimiento\/cooperacio-entre-ajuntaments-de-diferents-paisos\/\"]}]},{\"@type\":\"ImageObject\",\"inLanguage\":\"ca\",\"@id\":\"https:\/\/www.eagora.app\/ca\/conocimiento\/cooperacio-entre-ajuntaments-de-diferents-paisos\/#primaryimage\",\"url\":\"https:\/\/www.eagora.app\/wp-content\/uploads\/2023\/11\/BLOG-portadas-posts-40.jpg\",\"contentUrl\":\"https:\/\/www.eagora.app\/wp-content\/uploads\/2023\/11\/BLOG-portadas-posts-40.jpg\",\"width\":1920,\"height\":1080},{\"@type\":\"BreadcrumbList\",\"@id\":\"https:\/\/www.eagora.app\/ca\/conocimiento\/cooperacio-entre-ajuntaments-de-diferents-paisos\/#breadcrumb\",\"itemListElement\":[{\"@type\":\"ListItem\",\"position\":1,\"name\":\"Inicio\",\"item\":\"https:\/\/www.eagora.app\/ca\/\"},{\"@type\":\"ListItem\",\"position\":2,\"name\":\"Coneixement\",\"item\":\"https:\/\/www.eagora.app\/ca\/coneixement\/\"},{\"@type\":\"ListItem\",\"position\":3,\"name\":\"Cooperaci\u00f3 entre ajuntaments de diferents pa\u00efsos\"}]},{\"@type\":\"WebSite\",\"@id\":\"https:\/\/www.eagora.app\/ca\/#website\",\"url\":\"https:\/\/www.eagora.app\/ca\/\",\"name\":\"eAgora\",\"description\":\"La plataforma que nos conecta\",\"publisher\":{\"@id\":\"https:\/\/www.eagora.app\/ca\/#organization\"},\"potentialAction\":[{\"@type\":\"SearchAction\",\"target\":{\"@type\":\"EntryPoint\",\"urlTemplate\":\"https:\/\/www.eagora.app\/ca\/?s={search_term_string}\"},\"query-input\":{\"@type\":\"PropertyValueSpecification\",\"valueRequired\":true,\"valueName\":\"search_term_string\"}}],\"inLanguage\":\"ca\"},{\"@type\":\"Organization\",\"@id\":\"https:\/\/www.eagora.app\/ca\/#organization\",\"name\":\"eAgora\",\"url\":\"https:\/\/www.eagora.app\/ca\/\",\"logo\":{\"@type\":\"ImageObject\",\"inLanguage\":\"ca\",\"@id\":\"https:\/\/www.eagora.app\/ca\/#\/schema\/logo\/image\/\",\"url\":\"https:\/\/www.eagora.app\/wp-content\/uploads\/2023\/02\/logo-eagora-emails.jpg\",\"contentUrl\":\"https:\/\/www.eagora.app\/wp-content\/uploads\/2023\/02\/logo-eagora-emails.jpg\",\"width\":550,\"height\":146,\"caption\":\"eAgora\"},\"image\":{\"@id\":\"https:\/\/www.eagora.app\/ca\/#\/schema\/logo\/image\/\"},\"sameAs\":[\"https:\/\/www.facebook.com\/eAgoraApp\",\"https:\/\/x.com\/EagoraApp\",\"https:\/\/www.instagram.com\/eagora.app\/\",\"https:\/\/www.linkedin.com\/company\/eagora\",\"https:\/\/www.youtube.com\/@eAgoraApp\"]},{\"@type\":\"Person\",\"@id\":\"https:\/\/www.eagora.app\/ca\/#\/schema\/person\/f1036a22998d81569495936c2aa9cb32\",\"name\":\"Roser Vallve\",\"image\":{\"@type\":\"ImageObject\",\"inLanguage\":\"ca\",\"@id\":\"https:\/\/www.eagora.app\/ca\/#\/schema\/person\/image\/\",\"url\":\"https:\/\/secure.gravatar.com\/avatar\/0399a104ac4b8ad3b6f7161df883d725e4edadfe16802877923fe80093335413?s=96&d=mm&r=g\",\"contentUrl\":\"https:\/\/secure.gravatar.com\/avatar\/0399a104ac4b8ad3b6f7161df883d725e4edadfe16802877923fe80093335413?s=96&d=mm&r=g\",\"caption\":\"Roser Vallve\"}}]}<\/script>\n<!-- \/ Yoast SEO Premium plugin. -->","yoast_head_json":{"title":"Cooperaci\u00f3 entre ajuntaments de diferents pa\u00efsos","description":"Cooperaci\u00f3 entre ajuntaments de diferents pa\u00efsos","robots":{"index":"index","follow":"follow","max-snippet":"max-snippet:-1","max-image-preview":"max-image-preview:large","max-video-preview":"max-video-preview:-1"},"canonical":"https:\/\/www.eagora.app\/ca\/conocimiento\/cooperacio-entre-ajuntaments-de-diferents-paisos\/","og_locale":"ca_ES","og_type":"article","og_title":"Cooperaci\u00f3 entre ajuntaments de diferents pa\u00efsos","og_description":"Cooperaci\u00f3 entre ajuntaments de diferents pa\u00efsos","og_url":"https:\/\/www.eagora.app\/ca\/conocimiento\/cooperacio-entre-ajuntaments-de-diferents-paisos\/","og_site_name":"eAgora","article_publisher":"https:\/\/www.facebook.com\/eAgoraApp","article_published_time":"2023-11-28T17:21:31+00:00","og_image":[{"width":1920,"height":1080,"url":"https:\/\/www.eagora.app\/wp-content\/uploads\/2023\/11\/BLOG-portadas-posts-40.jpg","type":"image\/jpeg"}],"author":"Roser Vallve","twitter_card":"summary_large_image","twitter_creator":"@EagoraApp","twitter_site":"@EagoraApp","twitter_misc":{"Escrit per":"Roser Vallve","Temps estimat de lectura":"14 minuts"},"schema":{"@context":"https:\/\/schema.org","@graph":[{"@type":"Article","@id":"https:\/\/www.eagora.app\/ca\/conocimiento\/cooperacio-entre-ajuntaments-de-diferents-paisos\/#article","isPartOf":{"@id":"https:\/\/www.eagora.app\/ca\/conocimiento\/cooperacio-entre-ajuntaments-de-diferents-paisos\/"},"author":{"name":"Roser Vallve","@id":"https:\/\/www.eagora.app\/ca\/#\/schema\/person\/f1036a22998d81569495936c2aa9cb32"},"headline":"Cooperaci\u00f3 entre ajuntaments de diferents pa\u00efsos","datePublished":"2023-11-28T17:21:31+00:00","mainEntityOfPage":{"@id":"https:\/\/www.eagora.app\/ca\/conocimiento\/cooperacio-entre-ajuntaments-de-diferents-paisos\/"},"wordCount":2901,"publisher":{"@id":"https:\/\/www.eagora.app\/ca\/#organization"},"image":{"@id":"https:\/\/www.eagora.app\/ca\/conocimiento\/cooperacio-entre-ajuntaments-de-diferents-paisos\/#primaryimage"},"thumbnailUrl":"https:\/\/www.eagora.app\/wp-content\/uploads\/2023\/11\/BLOG-portadas-posts-40.jpg","articleSection":["Articles"],"inLanguage":"ca"},{"@type":"WebPage","@id":"https:\/\/www.eagora.app\/ca\/conocimiento\/cooperacio-entre-ajuntaments-de-diferents-paisos\/","url":"https:\/\/www.eagora.app\/ca\/conocimiento\/cooperacio-entre-ajuntaments-de-diferents-paisos\/","name":"Cooperaci\u00f3 entre ajuntaments de diferents pa\u00efsos","isPartOf":{"@id":"https:\/\/www.eagora.app\/ca\/#website"},"primaryImageOfPage":{"@id":"https:\/\/www.eagora.app\/ca\/conocimiento\/cooperacio-entre-ajuntaments-de-diferents-paisos\/#primaryimage"},"image":{"@id":"https:\/\/www.eagora.app\/ca\/conocimiento\/cooperacio-entre-ajuntaments-de-diferents-paisos\/#primaryimage"},"thumbnailUrl":"https:\/\/www.eagora.app\/wp-content\/uploads\/2023\/11\/BLOG-portadas-posts-40.jpg","datePublished":"2023-11-28T17:21:31+00:00","description":"Cooperaci\u00f3 entre ajuntaments de diferents pa\u00efsos","breadcrumb":{"@id":"https:\/\/www.eagora.app\/ca\/conocimiento\/cooperacio-entre-ajuntaments-de-diferents-paisos\/#breadcrumb"},"inLanguage":"ca","potentialAction":[{"@type":"ReadAction","target":["https:\/\/www.eagora.app\/ca\/conocimiento\/cooperacio-entre-ajuntaments-de-diferents-paisos\/"]}]},{"@type":"ImageObject","inLanguage":"ca","@id":"https:\/\/www.eagora.app\/ca\/conocimiento\/cooperacio-entre-ajuntaments-de-diferents-paisos\/#primaryimage","url":"https:\/\/www.eagora.app\/wp-content\/uploads\/2023\/11\/BLOG-portadas-posts-40.jpg","contentUrl":"https:\/\/www.eagora.app\/wp-content\/uploads\/2023\/11\/BLOG-portadas-posts-40.jpg","width":1920,"height":1080},{"@type":"BreadcrumbList","@id":"https:\/\/www.eagora.app\/ca\/conocimiento\/cooperacio-entre-ajuntaments-de-diferents-paisos\/#breadcrumb","itemListElement":[{"@type":"ListItem","position":1,"name":"Inicio","item":"https:\/\/www.eagora.app\/ca\/"},{"@type":"ListItem","position":2,"name":"Coneixement","item":"https:\/\/www.eagora.app\/ca\/coneixement\/"},{"@type":"ListItem","position":3,"name":"Cooperaci\u00f3 entre ajuntaments de diferents pa\u00efsos"}]},{"@type":"WebSite","@id":"https:\/\/www.eagora.app\/ca\/#website","url":"https:\/\/www.eagora.app\/ca\/","name":"eAgora","description":"La plataforma que nos conecta","publisher":{"@id":"https:\/\/www.eagora.app\/ca\/#organization"},"potentialAction":[{"@type":"SearchAction","target":{"@type":"EntryPoint","urlTemplate":"https:\/\/www.eagora.app\/ca\/?s={search_term_string}"},"query-input":{"@type":"PropertyValueSpecification","valueRequired":true,"valueName":"search_term_string"}}],"inLanguage":"ca"},{"@type":"Organization","@id":"https:\/\/www.eagora.app\/ca\/#organization","name":"eAgora","url":"https:\/\/www.eagora.app\/ca\/","logo":{"@type":"ImageObject","inLanguage":"ca","@id":"https:\/\/www.eagora.app\/ca\/#\/schema\/logo\/image\/","url":"https:\/\/www.eagora.app\/wp-content\/uploads\/2023\/02\/logo-eagora-emails.jpg","contentUrl":"https:\/\/www.eagora.app\/wp-content\/uploads\/2023\/02\/logo-eagora-emails.jpg","width":550,"height":146,"caption":"eAgora"},"image":{"@id":"https:\/\/www.eagora.app\/ca\/#\/schema\/logo\/image\/"},"sameAs":["https:\/\/www.facebook.com\/eAgoraApp","https:\/\/x.com\/EagoraApp","https:\/\/www.instagram.com\/eagora.app\/","https:\/\/www.linkedin.com\/company\/eagora","https:\/\/www.youtube.com\/@eAgoraApp"]},{"@type":"Person","@id":"https:\/\/www.eagora.app\/ca\/#\/schema\/person\/f1036a22998d81569495936c2aa9cb32","name":"Roser Vallve","image":{"@type":"ImageObject","inLanguage":"ca","@id":"https:\/\/www.eagora.app\/ca\/#\/schema\/person\/image\/","url":"https:\/\/secure.gravatar.com\/avatar\/0399a104ac4b8ad3b6f7161df883d725e4edadfe16802877923fe80093335413?s=96&d=mm&r=g","contentUrl":"https:\/\/secure.gravatar.com\/avatar\/0399a104ac4b8ad3b6f7161df883d725e4edadfe16802877923fe80093335413?s=96&d=mm&r=g","caption":"Roser Vallve"}}]}},"jetpack_featured_media_url":"https:\/\/www.eagora.app\/wp-content\/uploads\/2023\/11\/BLOG-portadas-posts-40.jpg","jetpack_sharing_enabled":true,"_links":{"self":[{"href":"https:\/\/www.eagora.app\/ca\/wp-json\/wp\/v2\/posts\/21277","targetHints":{"allow":["GET"]}}],"collection":[{"href":"https:\/\/www.eagora.app\/ca\/wp-json\/wp\/v2\/posts"}],"about":[{"href":"https:\/\/www.eagora.app\/ca\/wp-json\/wp\/v2\/types\/post"}],"author":[{"embeddable":true,"href":"https:\/\/www.eagora.app\/ca\/wp-json\/wp\/v2\/users\/872"}],"replies":[{"embeddable":true,"href":"https:\/\/www.eagora.app\/ca\/wp-json\/wp\/v2\/comments?post=21277"}],"version-history":[{"count":0,"href":"https:\/\/www.eagora.app\/ca\/wp-json\/wp\/v2\/posts\/21277\/revisions"}],"wp:featuredmedia":[{"embeddable":true,"href":"https:\/\/www.eagora.app\/ca\/wp-json\/wp\/v2\/media\/21254"}],"wp:attachment":[{"href":"https:\/\/www.eagora.app\/ca\/wp-json\/wp\/v2\/media?parent=21277"}],"wp:term":[{"taxonomy":"category","embeddable":true,"href":"https:\/\/www.eagora.app\/ca\/wp-json\/wp\/v2\/categories?post=21277"},{"taxonomy":"post_tag","embeddable":true,"href":"https:\/\/www.eagora.app\/ca\/wp-json\/wp\/v2\/tags?post=21277"}],"curies":[{"name":"wp","href":"https:\/\/api.w.org\/{rel}","templated":true}]}}