{"id":20814,"date":"2023-11-10T13:56:27","date_gmt":"2023-11-10T11:56:27","guid":{"rendered":"https:\/\/www.eagora.app\/lestevesdadessonvitals-per-a-la-ciutat-amb-cities-health-2023\/"},"modified":"2023-11-10T13:56:27","modified_gmt":"2023-11-10T11:56:27","slug":"lestevesdadessonvitals-per-a-la-ciutat-amb-cities-health-2023","status":"publish","type":"post","link":"https:\/\/www.eagora.app\/ca\/conocimiento\/lestevesdadessonvitals-per-a-la-ciutat-amb-cities-health-2023\/","title":{"rendered":"#LesTevesDadesS\u00f3nVitals per a la ciutat amb CitieS-Health 2023"},"content":{"rendered":"<p style=\"text-align: center;\"><em>#LesTevesDadesS\u00f3nVitals per a la ciutat amb CitieS-Health 2023<\/em><\/p>\n<p>&nbsp;<\/p>\n<p>Estem emocionades de compartir-vos la not\u00edcia de la nostra recent <strong>col\u00b7laboraci\u00f3 amb Salus.Coop al fascinant projecte CitieS-Health<\/strong>. Salus.Coop \u00e9s la primera cooperativa de donants de dades al pa\u00eds. CitieS-Health, sota el lideratge del Dr. Basaga\u00f1a i ISGlobal, \u00e9s un estudi pioner que, despr\u00e9s de l&#8217;\u00e8xit en programes pilot europeus sobre els efectes de la contaminaci\u00f3 al cervell, ara busca <strong>expandir-se al territori catal\u00e0 i espanyol<\/strong>.<\/p>\n<p>Queda&#8217;t i segueix llegint fins al final, perqu\u00e8 aix\u00f2 es posa interessant! I queda&#8217;t amb aix\u00f2: #LesTevesDadesSonVitals per a la ciutat \ud83c\udfd9\ufe0f<\/p>\n<p>&nbsp;<\/p>\n<h3><strong>CitieS-Health 2023: Descobreix el Futur de la Salut Urbana \ud83c\udf06\ud83d\udd2c<\/strong><\/h3>\n<p>Entre el setembre del <a href=\"https:\/\/www.citieshealthbcn.eu\/es\/inicio\/\">2019 i el gener del 2021, es va dur a terme el projecte pilot CitieS-Health<\/a>, una iniciativa pionera a Europa liderada per <a href=\"https:\/\/www.isglobal.org\/en\/\">ISGlobal, l&#8217;Institut de Salut Global de Barcelona<\/a><\/p>\n<p>Per primera vegada, la poblaci\u00f3 de quatre ciutats europees (Barcelona, Ljubljana, Lucca i Kaunas) va participar en un estudi sobre l&#8217;impacte de la qualitat de l&#8217;aire al cervell. Van definir els temes a abordar i van participar activament en la recopilaci\u00f3 de dades. Barcelona va ser l&#8217;\u00fanica ciutat de l&#8217;estudi que va presentar el seu informe l&#8217;agost passat a Roma.<\/p>\n<p>Avui, ISGlobal col\u00b7labora amb <a href=\"https:\/\/www.saluscoop.org\">Salus.Coop, una cooperativa de donants de dades<\/a> dedicada a impulsar la investigaci\u00f3 en salut i benestar. Junts rellances el projecte a trav\u00e9s de la seva aplicaci\u00f3, que actua com a pont entre els donants i l&#8217;equip de recerca, permetent ampliar l&#8217;estudi a les principals ciutats espanyoles i augmentar el nombre de donants de 300 a 3000 per ciutat.<\/p>\n<p>&nbsp;<\/p>\n<h3><strong>Projeccions per a Catalunya: Ciutats m\u00e9s denses i poblaci\u00f3 m\u00e9s envellida \ud83d\udcca\ud83c\udfd9\ufe0f<\/strong><\/h3>\n<p>Gaireb\u00e9 tots els <strong>municipis de m\u00e9s de 2000 habitants (98%) guanyarien poblaci\u00f3<\/strong> per a l&#8217;any 2041 segons les prediccions d&#8217;INDESCAT. Aquest creixement tamb\u00e9 afectaria dos ter\u00e7os dels municipis que passarien de 501 a 2000 habitants.<\/p>\n<p>&nbsp;<\/p>\n<h3><strong>Ciutats Netes, Persones Saludables: Un Objectiu Global \ud83c\udf0d\ud83d\udc9a<\/strong><\/h3>\n<p>Independentment de les prediccions, <strong>ja estem experimentant les conseq\u00fc\u00e8ncies de la contaminaci\u00f3<\/strong>. Tot i aix\u00f2, encara no comprenem completament com ens afecta en aspectes quotidians com el somni, la concentraci\u00f3, etc.<\/p>\n<p>Davant els esfor\u00e7os per reduir la contaminaci\u00f3 i mitigar-ne l&#8217;impacte, la necessitat de rellan\u00e7ar l&#8217;estudi CitieS-Health \u00e9s m\u00e9s evident que mai. Con\u00e8ixer l&#8217;impacte de la contaminaci\u00f3 pot <strong>ajudar les administracions a definir la planificaci\u00f3 urbana i anticipar les necessitats de salut p\u00fablica<\/strong>, aix\u00ed com proporcionar pautes i recomanacions individuals.<\/p>\n<p>&nbsp;<\/p>\n<h3><strong>CitieS-Health 2023: Ampliant l&#8217;Estudi a Nivell Nacional \ud83d\ude80\ud83c\uddea\ud83c\uddf8<\/strong><\/h3>\n<p>Donat l&#8217;\u00e8xit del programa pilot a Barcelona ia tot Europa, <strong>ISGlobal i Salus.Coop llancen el programa CITIES-HEALTH 2023<\/strong>. Es trasllada l&#8217;experi\u00e8ncia a les principals ciutats espanyoles ia les que es vulguin sumar.<\/p>\n<p>Les projeccions demogr\u00e0fiques fan que l\u201fimpacte d\u201fun estudi on la poblaci\u00f3 genera evid\u00e8ncies sigui crucial per <strong>dissenyar ciutats m\u00e9s saludables<\/strong> per a tothom.<\/p>\n<p>&nbsp;<\/p>\n<h3><strong>#LesTevesDadesS\u00f3nVitals per a la ciutat amb CitieS-Health 2023<\/strong><\/h3>\n<p><strong>Objectiu:<\/strong><\/p>\n<ul>\n<li>Establir la relaci\u00f3 entre la qualitat de l&#8217;aire i la capacitat d&#8217;atenci\u00f3, la sensaci\u00f3 d&#8217;estr\u00e8s, l&#8217;estat d&#8217;\u00e0nim (benestar i la vitalitat) i la qualitat del son.<\/li>\n<li>Involucrar la ciutadania en els temes que els afecten i empoderar-la.<\/li>\n<li>Assolir els 12.000 donants.<\/li>\n<\/ul>\n<p>L&#8217;objectiu \u00e9s comptar amb entre 3000 i 5000 donants a tot el territori, permetent-nos analitzar dades m\u00e9s diverses i obtenir resultats m\u00e9s precisos.<\/p>\n<p>At\u00e8s que entenem que el projecte est\u00e0 directament vinculat al nostre \u00e0mbit d&#8217;actuaci\u00f3, demanem la vostra ajuda per difondre&#8217;l a trav\u00e9s de les nostres xarxes i canals. T&#8217;hi apuntes? \ud83d\ude09<\/p>\n<p>&nbsp;<\/p>\n<p>&nbsp;<\/p>\n<h2><strong>Vull ajudar! Com col\u00b7laboro?<\/strong><\/h2>\n<h3><strong>El que demanem \u00e9s molt senzill:<\/strong><\/h3>\n<ol class=\"ql-rendered-list-container\" data-is-root=\"true\">\n<li class=\"ql-rendered-ordered-list\" data-block-id=\"block-6d189b2f-520f-4443-807b-d3b8b33f149d\"><strong>Descarregar laplicaci\u00f3 gratu\u00efta <a href=\"http:\/\/salus.coop\/\" target=\"_blank\" rel=\"noopener\" data-link-card=\"true\">Salus.Coop<\/a><\/strong> i activar lacc\u00e9s a les dades de les aplicacions de salut (Google Fit i Apple Health). <a href=\"https:\/\/play.google.com\/store\/apps\/details?id=com.saluscoop.app&amp;hl=en&amp;gl=US\">FES CLIC AQU\u00cd PER DESCARREGAR.<\/a><\/li>\n<li class=\"ql-rendered-ordered-list\" data-block-id=\"block-3f84898b-6fd9-434e-a2c4-2ac797bdeb20\"><strong>Respondre un q\u00fcestionari diari<\/strong>, nom\u00e9s 2 minuts al dia durant una setmana! Despr\u00e9s descansar una setmana i repetir el proc\u00e9s.<\/li>\n<\/ol>\n<p>&nbsp;<\/p>\n<p><strong>Qu\u00e8 s&#8217;Ofereix a Canvi:<\/strong><\/p>\n<p>A canvi, ens comprometem a <strong>compartir els resultats de l&#8217;estudi<\/strong>, previstos per a mitjans del 2024, i us proporcionar\u00e0 <strong>retroalimentaci\u00f3 personalitzada<\/strong> al final de la participaci\u00f3.<\/p>\n<p>&nbsp;<\/p>\n<h3 style=\"text-align: center;\"><a href=\"https:\/\/www.eagora.app\/eagora\/\"><strong>Uneix-te a la revoluci\u00f3 de la salut urbana i sigues part del canvi!<\/strong><\/a><\/h3>\n","protected":false},"excerpt":{"rendered":"<p>#LesTevesDadesS\u00f3nVitals per a la ciutat amb CitieS-Health 2023 &nbsp; Estem emocionades de compartir-vos la not\u00edcia de la nostra recent col\u00b7laboraci\u00f3 amb Salus.Coop al fascinant projecte CitieS-Health. Salus.Coop \u00e9s la primera cooperativa de donants de dades al pa\u00eds. CitieS-Health, sota el lideratge del Dr. Basaga\u00f1a i ISGlobal, \u00e9s un estudi pioner que, despr\u00e9s de l&#8217;\u00e8xit en [&hellip;]<\/p>\n","protected":false},"author":872,"featured_media":20781,"comment_status":"closed","ping_status":"open","sticky":false,"template":"","format":"standard","meta":{"content-type":"","_jetpack_memberships_contains_paid_content":false,"_joinchat":[],"footnotes":""},"categories":[114],"tags":[],"class_list":["post-20814","post","type-post","status-publish","format-standard","has-post-thumbnail","hentry","category-noticies"],"yoast_head":"<!-- This site is optimized with the Yoast SEO Premium plugin v27.0 (Yoast SEO v27.0) - https:\/\/yoast.com\/product\/yoast-seo-premium-wordpress\/ -->\n<title>#LesTevesDadesS\u00f3nVitals per a la ciutat amb CitieS-Health 2023<\/title>\n<meta name=\"description\" content=\"Estem emocionades de compartir-vos la not\u00edcia de la nostra recent col\u00b7laboraci\u00f3 amb Salus.Coop al fascinant projecte CitieS-Health,\" \/>\n<meta name=\"robots\" content=\"index, follow, max-snippet:-1, max-image-preview:large, max-video-preview:-1\" \/>\n<link rel=\"canonical\" href=\"https:\/\/www.eagora.app\/ca\/conocimiento\/lestevesdadessonvitals-per-a-la-ciutat-amb-cities-health-2023\/\" \/>\n<meta property=\"og:locale\" content=\"ca_ES\" \/>\n<meta property=\"og:type\" content=\"article\" \/>\n<meta property=\"og:title\" content=\"#LesTevesDadesS\u00f3nVitals per a la ciutat amb CitieS-Health 2023\" \/>\n<meta property=\"og:description\" content=\"Estem emocionades de compartir-vos la not\u00edcia de la nostra recent col\u00b7laboraci\u00f3 amb Salus.Coop al fascinant projecte CitieS-Health,\" \/>\n<meta property=\"og:url\" content=\"https:\/\/www.eagora.app\/ca\/conocimiento\/lestevesdadessonvitals-per-a-la-ciutat-amb-cities-health-2023\/\" \/>\n<meta property=\"og:site_name\" content=\"eAgora\" \/>\n<meta property=\"article:publisher\" content=\"https:\/\/www.facebook.com\/eAgoraApp\" \/>\n<meta property=\"article:published_time\" content=\"2023-11-10T11:56:27+00:00\" \/>\n<meta property=\"og:image\" content=\"https:\/\/www.eagora.app\/wp-content\/uploads\/2023\/11\/BLOG-portadas-posts-26.jpg\" \/>\n\t<meta property=\"og:image:width\" content=\"1920\" \/>\n\t<meta property=\"og:image:height\" content=\"1080\" \/>\n\t<meta property=\"og:image:type\" content=\"image\/jpeg\" \/>\n<meta name=\"author\" content=\"Roser Vallve\" \/>\n<meta name=\"twitter:card\" content=\"summary_large_image\" \/>\n<meta name=\"twitter:creator\" content=\"@EagoraApp\" \/>\n<meta name=\"twitter:site\" content=\"@EagoraApp\" \/>\n<meta name=\"twitter:label1\" content=\"Escrit per\" \/>\n\t<meta name=\"twitter:data1\" content=\"Roser Vallve\" \/>\n\t<meta name=\"twitter:label2\" content=\"Temps estimat de lectura\" \/>\n\t<meta name=\"twitter:data2\" content=\"3 minuts\" \/>\n<script type=\"application\/ld+json\" class=\"yoast-schema-graph\">{\"@context\":\"https:\/\/schema.org\",\"@graph\":[{\"@type\":\"Article\",\"@id\":\"https:\/\/www.eagora.app\/ca\/conocimiento\/lestevesdadessonvitals-per-a-la-ciutat-amb-cities-health-2023\/#article\",\"isPartOf\":{\"@id\":\"https:\/\/www.eagora.app\/ca\/conocimiento\/lestevesdadessonvitals-per-a-la-ciutat-amb-cities-health-2023\/\"},\"author\":{\"name\":\"Roser Vallve\",\"@id\":\"https:\/\/www.eagora.app\/ca\/#\/schema\/person\/f1036a22998d81569495936c2aa9cb32\"},\"headline\":\"#LesTevesDadesS\u00f3nVitals per a la ciutat amb CitieS-Health 2023\",\"datePublished\":\"2023-11-10T11:56:27+00:00\",\"mainEntityOfPage\":{\"@id\":\"https:\/\/www.eagora.app\/ca\/conocimiento\/lestevesdadessonvitals-per-a-la-ciutat-amb-cities-health-2023\/\"},\"wordCount\":724,\"publisher\":{\"@id\":\"https:\/\/www.eagora.app\/ca\/#organization\"},\"image\":{\"@id\":\"https:\/\/www.eagora.app\/ca\/conocimiento\/lestevesdadessonvitals-per-a-la-ciutat-amb-cities-health-2023\/#primaryimage\"},\"thumbnailUrl\":\"https:\/\/www.eagora.app\/wp-content\/uploads\/2023\/11\/BLOG-portadas-posts-26.jpg\",\"articleSection\":[\"Not\u00edcies\"],\"inLanguage\":\"ca\"},{\"@type\":\"WebPage\",\"@id\":\"https:\/\/www.eagora.app\/ca\/conocimiento\/lestevesdadessonvitals-per-a-la-ciutat-amb-cities-health-2023\/\",\"url\":\"https:\/\/www.eagora.app\/ca\/conocimiento\/lestevesdadessonvitals-per-a-la-ciutat-amb-cities-health-2023\/\",\"name\":\"#LesTevesDadesS\u00f3nVitals per a la ciutat amb CitieS-Health 2023\",\"isPartOf\":{\"@id\":\"https:\/\/www.eagora.app\/ca\/#website\"},\"primaryImageOfPage\":{\"@id\":\"https:\/\/www.eagora.app\/ca\/conocimiento\/lestevesdadessonvitals-per-a-la-ciutat-amb-cities-health-2023\/#primaryimage\"},\"image\":{\"@id\":\"https:\/\/www.eagora.app\/ca\/conocimiento\/lestevesdadessonvitals-per-a-la-ciutat-amb-cities-health-2023\/#primaryimage\"},\"thumbnailUrl\":\"https:\/\/www.eagora.app\/wp-content\/uploads\/2023\/11\/BLOG-portadas-posts-26.jpg\",\"datePublished\":\"2023-11-10T11:56:27+00:00\",\"description\":\"Estem emocionades de compartir-vos la not\u00edcia de la nostra recent col\u00b7laboraci\u00f3 amb Salus.Coop al fascinant projecte CitieS-Health,\",\"breadcrumb\":{\"@id\":\"https:\/\/www.eagora.app\/ca\/conocimiento\/lestevesdadessonvitals-per-a-la-ciutat-amb-cities-health-2023\/#breadcrumb\"},\"inLanguage\":\"ca\",\"potentialAction\":[{\"@type\":\"ReadAction\",\"target\":[\"https:\/\/www.eagora.app\/ca\/conocimiento\/lestevesdadessonvitals-per-a-la-ciutat-amb-cities-health-2023\/\"]}]},{\"@type\":\"ImageObject\",\"inLanguage\":\"ca\",\"@id\":\"https:\/\/www.eagora.app\/ca\/conocimiento\/lestevesdadessonvitals-per-a-la-ciutat-amb-cities-health-2023\/#primaryimage\",\"url\":\"https:\/\/www.eagora.app\/wp-content\/uploads\/2023\/11\/BLOG-portadas-posts-26.jpg\",\"contentUrl\":\"https:\/\/www.eagora.app\/wp-content\/uploads\/2023\/11\/BLOG-portadas-posts-26.jpg\",\"width\":1920,\"height\":1080},{\"@type\":\"BreadcrumbList\",\"@id\":\"https:\/\/www.eagora.app\/ca\/conocimiento\/lestevesdadessonvitals-per-a-la-ciutat-amb-cities-health-2023\/#breadcrumb\",\"itemListElement\":[{\"@type\":\"ListItem\",\"position\":1,\"name\":\"Inicio\",\"item\":\"https:\/\/www.eagora.app\/ca\/\"},{\"@type\":\"ListItem\",\"position\":2,\"name\":\"Coneixement\",\"item\":\"https:\/\/www.eagora.app\/ca\/coneixement\/\"},{\"@type\":\"ListItem\",\"position\":3,\"name\":\"#LesTevesDadesS\u00f3nVitals per a la ciutat amb CitieS-Health 2023\"}]},{\"@type\":\"WebSite\",\"@id\":\"https:\/\/www.eagora.app\/ca\/#website\",\"url\":\"https:\/\/www.eagora.app\/ca\/\",\"name\":\"eAgora\",\"description\":\"La plataforma que nos conecta\",\"publisher\":{\"@id\":\"https:\/\/www.eagora.app\/ca\/#organization\"},\"potentialAction\":[{\"@type\":\"SearchAction\",\"target\":{\"@type\":\"EntryPoint\",\"urlTemplate\":\"https:\/\/www.eagora.app\/ca\/?s={search_term_string}\"},\"query-input\":{\"@type\":\"PropertyValueSpecification\",\"valueRequired\":true,\"valueName\":\"search_term_string\"}}],\"inLanguage\":\"ca\"},{\"@type\":\"Organization\",\"@id\":\"https:\/\/www.eagora.app\/ca\/#organization\",\"name\":\"eAgora\",\"url\":\"https:\/\/www.eagora.app\/ca\/\",\"logo\":{\"@type\":\"ImageObject\",\"inLanguage\":\"ca\",\"@id\":\"https:\/\/www.eagora.app\/ca\/#\/schema\/logo\/image\/\",\"url\":\"https:\/\/www.eagora.app\/wp-content\/uploads\/2023\/02\/logo-eagora-emails.jpg\",\"contentUrl\":\"https:\/\/www.eagora.app\/wp-content\/uploads\/2023\/02\/logo-eagora-emails.jpg\",\"width\":550,\"height\":146,\"caption\":\"eAgora\"},\"image\":{\"@id\":\"https:\/\/www.eagora.app\/ca\/#\/schema\/logo\/image\/\"},\"sameAs\":[\"https:\/\/www.facebook.com\/eAgoraApp\",\"https:\/\/x.com\/EagoraApp\",\"https:\/\/www.instagram.com\/eagora.app\/\",\"https:\/\/www.linkedin.com\/company\/eagora\",\"https:\/\/www.youtube.com\/@eAgoraApp\"]},{\"@type\":\"Person\",\"@id\":\"https:\/\/www.eagora.app\/ca\/#\/schema\/person\/f1036a22998d81569495936c2aa9cb32\",\"name\":\"Roser Vallve\",\"image\":{\"@type\":\"ImageObject\",\"inLanguage\":\"ca\",\"@id\":\"https:\/\/www.eagora.app\/ca\/#\/schema\/person\/image\/\",\"url\":\"https:\/\/secure.gravatar.com\/avatar\/0399a104ac4b8ad3b6f7161df883d725e4edadfe16802877923fe80093335413?s=96&d=mm&r=g\",\"contentUrl\":\"https:\/\/secure.gravatar.com\/avatar\/0399a104ac4b8ad3b6f7161df883d725e4edadfe16802877923fe80093335413?s=96&d=mm&r=g\",\"caption\":\"Roser Vallve\"}}]}<\/script>\n<!-- \/ Yoast SEO Premium plugin. -->","yoast_head_json":{"title":"#LesTevesDadesS\u00f3nVitals per a la ciutat amb CitieS-Health 2023","description":"Estem emocionades de compartir-vos la not\u00edcia de la nostra recent col\u00b7laboraci\u00f3 amb Salus.Coop al fascinant projecte CitieS-Health,","robots":{"index":"index","follow":"follow","max-snippet":"max-snippet:-1","max-image-preview":"max-image-preview:large","max-video-preview":"max-video-preview:-1"},"canonical":"https:\/\/www.eagora.app\/ca\/conocimiento\/lestevesdadessonvitals-per-a-la-ciutat-amb-cities-health-2023\/","og_locale":"ca_ES","og_type":"article","og_title":"#LesTevesDadesS\u00f3nVitals per a la ciutat amb CitieS-Health 2023","og_description":"Estem emocionades de compartir-vos la not\u00edcia de la nostra recent col\u00b7laboraci\u00f3 amb Salus.Coop al fascinant projecte CitieS-Health,","og_url":"https:\/\/www.eagora.app\/ca\/conocimiento\/lestevesdadessonvitals-per-a-la-ciutat-amb-cities-health-2023\/","og_site_name":"eAgora","article_publisher":"https:\/\/www.facebook.com\/eAgoraApp","article_published_time":"2023-11-10T11:56:27+00:00","og_image":[{"width":1920,"height":1080,"url":"https:\/\/www.eagora.app\/wp-content\/uploads\/2023\/11\/BLOG-portadas-posts-26.jpg","type":"image\/jpeg"}],"author":"Roser Vallve","twitter_card":"summary_large_image","twitter_creator":"@EagoraApp","twitter_site":"@EagoraApp","twitter_misc":{"Escrit per":"Roser Vallve","Temps estimat de lectura":"3 minuts"},"schema":{"@context":"https:\/\/schema.org","@graph":[{"@type":"Article","@id":"https:\/\/www.eagora.app\/ca\/conocimiento\/lestevesdadessonvitals-per-a-la-ciutat-amb-cities-health-2023\/#article","isPartOf":{"@id":"https:\/\/www.eagora.app\/ca\/conocimiento\/lestevesdadessonvitals-per-a-la-ciutat-amb-cities-health-2023\/"},"author":{"name":"Roser Vallve","@id":"https:\/\/www.eagora.app\/ca\/#\/schema\/person\/f1036a22998d81569495936c2aa9cb32"},"headline":"#LesTevesDadesS\u00f3nVitals per a la ciutat amb CitieS-Health 2023","datePublished":"2023-11-10T11:56:27+00:00","mainEntityOfPage":{"@id":"https:\/\/www.eagora.app\/ca\/conocimiento\/lestevesdadessonvitals-per-a-la-ciutat-amb-cities-health-2023\/"},"wordCount":724,"publisher":{"@id":"https:\/\/www.eagora.app\/ca\/#organization"},"image":{"@id":"https:\/\/www.eagora.app\/ca\/conocimiento\/lestevesdadessonvitals-per-a-la-ciutat-amb-cities-health-2023\/#primaryimage"},"thumbnailUrl":"https:\/\/www.eagora.app\/wp-content\/uploads\/2023\/11\/BLOG-portadas-posts-26.jpg","articleSection":["Not\u00edcies"],"inLanguage":"ca"},{"@type":"WebPage","@id":"https:\/\/www.eagora.app\/ca\/conocimiento\/lestevesdadessonvitals-per-a-la-ciutat-amb-cities-health-2023\/","url":"https:\/\/www.eagora.app\/ca\/conocimiento\/lestevesdadessonvitals-per-a-la-ciutat-amb-cities-health-2023\/","name":"#LesTevesDadesS\u00f3nVitals per a la ciutat amb CitieS-Health 2023","isPartOf":{"@id":"https:\/\/www.eagora.app\/ca\/#website"},"primaryImageOfPage":{"@id":"https:\/\/www.eagora.app\/ca\/conocimiento\/lestevesdadessonvitals-per-a-la-ciutat-amb-cities-health-2023\/#primaryimage"},"image":{"@id":"https:\/\/www.eagora.app\/ca\/conocimiento\/lestevesdadessonvitals-per-a-la-ciutat-amb-cities-health-2023\/#primaryimage"},"thumbnailUrl":"https:\/\/www.eagora.app\/wp-content\/uploads\/2023\/11\/BLOG-portadas-posts-26.jpg","datePublished":"2023-11-10T11:56:27+00:00","description":"Estem emocionades de compartir-vos la not\u00edcia de la nostra recent col\u00b7laboraci\u00f3 amb Salus.Coop al fascinant projecte CitieS-Health,","breadcrumb":{"@id":"https:\/\/www.eagora.app\/ca\/conocimiento\/lestevesdadessonvitals-per-a-la-ciutat-amb-cities-health-2023\/#breadcrumb"},"inLanguage":"ca","potentialAction":[{"@type":"ReadAction","target":["https:\/\/www.eagora.app\/ca\/conocimiento\/lestevesdadessonvitals-per-a-la-ciutat-amb-cities-health-2023\/"]}]},{"@type":"ImageObject","inLanguage":"ca","@id":"https:\/\/www.eagora.app\/ca\/conocimiento\/lestevesdadessonvitals-per-a-la-ciutat-amb-cities-health-2023\/#primaryimage","url":"https:\/\/www.eagora.app\/wp-content\/uploads\/2023\/11\/BLOG-portadas-posts-26.jpg","contentUrl":"https:\/\/www.eagora.app\/wp-content\/uploads\/2023\/11\/BLOG-portadas-posts-26.jpg","width":1920,"height":1080},{"@type":"BreadcrumbList","@id":"https:\/\/www.eagora.app\/ca\/conocimiento\/lestevesdadessonvitals-per-a-la-ciutat-amb-cities-health-2023\/#breadcrumb","itemListElement":[{"@type":"ListItem","position":1,"name":"Inicio","item":"https:\/\/www.eagora.app\/ca\/"},{"@type":"ListItem","position":2,"name":"Coneixement","item":"https:\/\/www.eagora.app\/ca\/coneixement\/"},{"@type":"ListItem","position":3,"name":"#LesTevesDadesS\u00f3nVitals per a la ciutat amb CitieS-Health 2023"}]},{"@type":"WebSite","@id":"https:\/\/www.eagora.app\/ca\/#website","url":"https:\/\/www.eagora.app\/ca\/","name":"eAgora","description":"La plataforma que nos conecta","publisher":{"@id":"https:\/\/www.eagora.app\/ca\/#organization"},"potentialAction":[{"@type":"SearchAction","target":{"@type":"EntryPoint","urlTemplate":"https:\/\/www.eagora.app\/ca\/?s={search_term_string}"},"query-input":{"@type":"PropertyValueSpecification","valueRequired":true,"valueName":"search_term_string"}}],"inLanguage":"ca"},{"@type":"Organization","@id":"https:\/\/www.eagora.app\/ca\/#organization","name":"eAgora","url":"https:\/\/www.eagora.app\/ca\/","logo":{"@type":"ImageObject","inLanguage":"ca","@id":"https:\/\/www.eagora.app\/ca\/#\/schema\/logo\/image\/","url":"https:\/\/www.eagora.app\/wp-content\/uploads\/2023\/02\/logo-eagora-emails.jpg","contentUrl":"https:\/\/www.eagora.app\/wp-content\/uploads\/2023\/02\/logo-eagora-emails.jpg","width":550,"height":146,"caption":"eAgora"},"image":{"@id":"https:\/\/www.eagora.app\/ca\/#\/schema\/logo\/image\/"},"sameAs":["https:\/\/www.facebook.com\/eAgoraApp","https:\/\/x.com\/EagoraApp","https:\/\/www.instagram.com\/eagora.app\/","https:\/\/www.linkedin.com\/company\/eagora","https:\/\/www.youtube.com\/@eAgoraApp"]},{"@type":"Person","@id":"https:\/\/www.eagora.app\/ca\/#\/schema\/person\/f1036a22998d81569495936c2aa9cb32","name":"Roser Vallve","image":{"@type":"ImageObject","inLanguage":"ca","@id":"https:\/\/www.eagora.app\/ca\/#\/schema\/person\/image\/","url":"https:\/\/secure.gravatar.com\/avatar\/0399a104ac4b8ad3b6f7161df883d725e4edadfe16802877923fe80093335413?s=96&d=mm&r=g","contentUrl":"https:\/\/secure.gravatar.com\/avatar\/0399a104ac4b8ad3b6f7161df883d725e4edadfe16802877923fe80093335413?s=96&d=mm&r=g","caption":"Roser Vallve"}}]}},"jetpack_featured_media_url":"https:\/\/www.eagora.app\/wp-content\/uploads\/2023\/11\/BLOG-portadas-posts-26.jpg","jetpack_sharing_enabled":true,"_links":{"self":[{"href":"https:\/\/www.eagora.app\/ca\/wp-json\/wp\/v2\/posts\/20814","targetHints":{"allow":["GET"]}}],"collection":[{"href":"https:\/\/www.eagora.app\/ca\/wp-json\/wp\/v2\/posts"}],"about":[{"href":"https:\/\/www.eagora.app\/ca\/wp-json\/wp\/v2\/types\/post"}],"author":[{"embeddable":true,"href":"https:\/\/www.eagora.app\/ca\/wp-json\/wp\/v2\/users\/872"}],"replies":[{"embeddable":true,"href":"https:\/\/www.eagora.app\/ca\/wp-json\/wp\/v2\/comments?post=20814"}],"version-history":[{"count":0,"href":"https:\/\/www.eagora.app\/ca\/wp-json\/wp\/v2\/posts\/20814\/revisions"}],"wp:featuredmedia":[{"embeddable":true,"href":"https:\/\/www.eagora.app\/ca\/wp-json\/wp\/v2\/media\/20781"}],"wp:attachment":[{"href":"https:\/\/www.eagora.app\/ca\/wp-json\/wp\/v2\/media?parent=20814"}],"wp:term":[{"taxonomy":"category","embeddable":true,"href":"https:\/\/www.eagora.app\/ca\/wp-json\/wp\/v2\/categories?post=20814"},{"taxonomy":"post_tag","embeddable":true,"href":"https:\/\/www.eagora.app\/ca\/wp-json\/wp\/v2\/tags?post=20814"}],"curies":[{"name":"wp","href":"https:\/\/api.w.org\/{rel}","templated":true}]}}