{"id":20632,"date":"2023-10-31T13:54:51","date_gmt":"2023-10-31T11:54:51","guid":{"rendered":"https:\/\/www.eagora.app\/carles-brull-alcalde-de-falset-i-merce-fucho-tecnica-de-comunicacio-a-lidereslocalchangers\/"},"modified":"2023-10-31T13:54:51","modified_gmt":"2023-10-31T11:54:51","slug":"carles-brull-alcalde-de-falset-i-merce-fucho-tecnica-de-comunicacio-a-lidereslocalchangers","status":"publish","type":"post","link":"https:\/\/www.eagora.app\/ca\/conocimiento\/carles-brull-alcalde-de-falset-i-merce-fucho-tecnica-de-comunicacio-a-lidereslocalchangers\/","title":{"rendered":"Carles Brull, Alcalde de Falset, i Merc\u00e8 Fucho, T\u00e8cnica de Comunicaci\u00f3, a #L\u00edderesLocalChangers"},"content":{"rendered":"<p style=\"text-align: center;\"><em>Entrevista amb Carles Brull, Alcalde de Falset i Merc\u00e8 Fucho<\/em><\/p>\n<p>&nbsp;<\/p>\n<p>Avui, en aquest cap\u00edtol #11 de L\u00edders Local Changers, tenim el privilegi de conversar amb <strong>Carles Brull, Alcalde de Falset i Merc\u00e8 Fucho, T\u00e8cnica de Comunicaci\u00f3 a l&#8217;ajuntament de Falset<\/strong>, els qui ens expliquen el seu dia a dia amb l&#8217;aplicaci\u00f3 eAgora i destaquen el que m\u00e9s els agrada!<\/p>\n<p>&nbsp;<\/p>\n<h3><strong>Comunicaci\u00f3 directa amb la ciutadania<\/strong><\/h3>\n<p>Per a ells, <a href=\"https:\/\/www.eagora.app\">eAgora<\/a> representa el <strong>mitj\u00e0 de comunicaci\u00f3 m\u00e9s directe<\/strong> amb els seus ciutadans, facilitant una connexi\u00f3 senzilla i accessible, fins i tot per a la gent gran, els qui la utilitzen amb comoditat.<\/p>\n<p>Principalment, l&#8217;aplicaci\u00f3 s&#8217;empra per a la <strong>difusi\u00f3 de comunicats<\/strong>, encara que tamb\u00e9 estem veient un increment del seu \u00fas per a la notificaci\u00f3 d&#8217;<strong>incid\u00e8ncies i presentaci\u00f3 de den\u00fancies<\/strong>. La gent est\u00e0 encantada perqu\u00e8 es poden mantenir al dia amb el que passa al poble i estan molt contents.<\/p>\n<p>&nbsp;<\/p>\n<p style=\"text-align: center;\"><iframe title=\"YouTube video player\" src=\"https:\/\/www.youtube.com\/embed\/veuEqwVR-gM?si=wBAawvPObB5LFNjQ\" width=\"560\" height=\"315\" frameborder=\"0\" allowfullscreen=\"allowfullscreen\"><\/iframe><\/p>\n<p style=\"text-align: center;\"><em>Entrevista amb Carles Brull, Alcalde de Falset i Merc\u00e8 Fucho<\/em><\/p>\n<p>&nbsp;<\/p>\n<h3><strong>Una An\u00e8cdota amb eAgora: Res no es perd!<\/strong><\/h3>\n<p>La Merc\u00e8 ens explica una an\u00e8cdota interessant: de vegades hi ha persones despistades que es perden els pregons del poble, per\u00f2 aix\u00f2 ja no \u00e9s un problema! Simplement la Merc\u00e8 agafa, els descarrega eAgora al m\u00f2bil i aix\u00ed s&#8217;assegura que ja no es perden res, aix\u00ed de f\u00e0cil!<\/p>\n<p>&nbsp;<\/p>\n<h3><strong>eAgora vs. Xarxes Socials a Falset<\/strong><\/h3>\n<p>Carles, l&#8217;alcalde, ens diu que tamb\u00e9 fan \u00fas de xarxes socials com Instagram, Facebook i Twitter, per\u00f2 el m\u00e9s curi\u00f3s \u00e9s que <strong>la plataforma m\u00e9s popular entre la gent \u00e9s eAgora<\/strong>. El que li agrada m\u00e9s d&#8217;eAgora \u00e9s que es tracta d&#8217;un canal extremadament directe, i tenen const\u00e0ncia que moltes persones a Falset la tenen instal\u00b7lada.<\/p>\n<p>&nbsp;<\/p>\n<h3><strong>Connexions m\u00e9s enll\u00e0 de Falset: La Xarxa de Comunitats<\/strong><\/h3>\n<p>A Carles i Merc\u00e8 els sorpr\u00e8n que fins i tot persones d&#8217;altres pobles utilitzin eAgora, cosa que no nom\u00e9s enforteix la seva pr\u00f2pia comunitat, sin\u00f3 que tamb\u00e9 crea una <strong>xarxa de comunitats interconnectades entre els diferents pobles<\/strong>. A m\u00e9s, aquesta plataforma permet a les <strong>entitats locals publicar anuncis<\/strong> a l&#8217;eAgora del poble, garantint aix\u00ed que la informaci\u00f3 arribi a un ampli p\u00fablic.<\/p>\n<p>&nbsp;<\/p>\n<p style=\"text-align: center;\"><strong>eAgora \u00e9s b\u00e0sic, \u00e9s simple, \u00e9s per a tothom. eAgora \u00e9s f\u00e0cil.<\/strong><\/p>\n<p><span id=\"hs-cta-wrapper-853d4503-fcbb-4d34-a346-60f4ad805caf\" class=\"hs-cta-wrapper\"><span id=\"hs-cta-853d4503-fcbb-4d34-a346-60f4ad805caf\" class=\"hs-cta-node hs-cta-853d4503-fcbb-4d34-a346-60f4ad805caf\"><a href=\"https:\/\/hubspot-cta-redirect-eu1-prod.s3.amazonaws.com\/cta\/redirect\/25066662\/853d4503-fcbb-4d34-a346-60f4ad805caf\"><img decoding=\"async\" id=\"hs-cta-img-853d4503-fcbb-4d34-a346-60f4ad805caf\" class=\"hs-cta-img aligncenter\" style=\"border-width: 0px;\" src=\"https:\/\/hubspot-no-cache-eu1-prod.s3.amazonaws.com\/cta\/default\/25066662\/853d4503-fcbb-4d34-a346-60f4ad805caf.png\" alt=\"Comen\u00e7a gratis\"><\/a><\/span><\/span><\/p>\n<p>&nbsp;<\/p>\n","protected":false},"excerpt":{"rendered":"<p>Entrevista amb Carles Brull, Alcalde de Falset i Merc\u00e8 Fucho &nbsp; Avui, en aquest cap\u00edtol #11 de L\u00edders Local Changers, tenim el privilegi de conversar amb Carles Brull, Alcalde de Falset i Merc\u00e8 Fucho, T\u00e8cnica de Comunicaci\u00f3 a l&#8217;ajuntament de Falset, els qui ens expliquen el seu dia a dia amb l&#8217;aplicaci\u00f3 eAgora i destaquen [&hellip;]<\/p>\n","protected":false},"author":872,"featured_media":20463,"comment_status":"closed","ping_status":"open","sticky":false,"template":"","format":"standard","meta":{"content-type":"","_jetpack_memberships_contains_paid_content":false,"_joinchat":[],"footnotes":""},"categories":[93],"tags":[],"class_list":["post-20632","post","type-post","status-publish","format-standard","has-post-thumbnail","hentry","category-casos-dexit"],"yoast_head":"<!-- This site is optimized with the Yoast SEO Premium plugin v27.0 (Yoast SEO v27.0) - https:\/\/yoast.com\/product\/yoast-seo-premium-wordpress\/ -->\n<title>Entrevista amb Carles Brull, Alcalde de Falset i Merc\u00e8 Fucho<\/title>\n<meta name=\"description\" content=\"Entrevista amb Carles Brull, Alcalde de Falset, i Merc\u00e8 Fucho, T\u00e8cnica de Comunicaci\u00f3, a #L\u00edderesLocalChangers\" \/>\n<meta name=\"robots\" content=\"index, follow, max-snippet:-1, max-image-preview:large, max-video-preview:-1\" \/>\n<link rel=\"canonical\" href=\"https:\/\/www.eagora.app\/ca\/conocimiento\/carles-brull-alcalde-de-falset-i-merce-fucho-tecnica-de-comunicacio-a-lidereslocalchangers\/\" \/>\n<meta property=\"og:locale\" content=\"ca_ES\" \/>\n<meta property=\"og:type\" content=\"article\" \/>\n<meta property=\"og:title\" content=\"Carles Brull, Alcalde de Falset, i Merc\u00e8 Fucho, T\u00e8cnica de Comunicaci\u00f3, a #L\u00edderesLocalChangers\" \/>\n<meta property=\"og:description\" content=\"Entrevista amb Carles Brull, Alcalde de Falset, i Merc\u00e8 Fucho, T\u00e8cnica de Comunicaci\u00f3, a #L\u00edderesLocalChangers\" \/>\n<meta property=\"og:url\" content=\"https:\/\/www.eagora.app\/ca\/conocimiento\/carles-brull-alcalde-de-falset-i-merce-fucho-tecnica-de-comunicacio-a-lidereslocalchangers\/\" \/>\n<meta property=\"og:site_name\" content=\"eAgora\" \/>\n<meta property=\"article:publisher\" content=\"https:\/\/www.facebook.com\/eAgoraApp\" \/>\n<meta property=\"article:published_time\" content=\"2023-10-31T11:54:51+00:00\" \/>\n<meta property=\"og:image\" content=\"https:\/\/www.eagora.app\/wp-content\/uploads\/2023\/10\/VIDEOS-portada-lidereslocalchangers.jpg\" \/>\n\t<meta property=\"og:image:width\" content=\"1920\" \/>\n\t<meta property=\"og:image:height\" content=\"1080\" \/>\n\t<meta property=\"og:image:type\" content=\"image\/jpeg\" \/>\n<meta name=\"author\" content=\"Roser Vallve\" \/>\n<meta name=\"twitter:card\" content=\"summary_large_image\" \/>\n<meta name=\"twitter:creator\" content=\"@EagoraApp\" \/>\n<meta name=\"twitter:site\" content=\"@EagoraApp\" \/>\n<meta name=\"twitter:label1\" content=\"Escrit per\" \/>\n\t<meta name=\"twitter:data1\" content=\"Roser Vallve\" \/>\n\t<meta name=\"twitter:label2\" content=\"Temps estimat de lectura\" \/>\n\t<meta name=\"twitter:data2\" content=\"2 minuts\" \/>\n<script type=\"application\/ld+json\" class=\"yoast-schema-graph\">{\"@context\":\"https:\/\/schema.org\",\"@graph\":[{\"@type\":\"Article\",\"@id\":\"https:\/\/www.eagora.app\/ca\/conocimiento\/carles-brull-alcalde-de-falset-i-merce-fucho-tecnica-de-comunicacio-a-lidereslocalchangers\/#article\",\"isPartOf\":{\"@id\":\"https:\/\/www.eagora.app\/ca\/conocimiento\/carles-brull-alcalde-de-falset-i-merce-fucho-tecnica-de-comunicacio-a-lidereslocalchangers\/\"},\"author\":{\"name\":\"Roser Vallve\",\"@id\":\"https:\/\/www.eagora.app\/ca\/#\/schema\/person\/f1036a22998d81569495936c2aa9cb32\"},\"headline\":\"Carles Brull, Alcalde de Falset, i Merc\u00e8 Fucho, T\u00e8cnica de Comunicaci\u00f3, a #L\u00edderesLocalChangers\",\"datePublished\":\"2023-10-31T11:54:51+00:00\",\"mainEntityOfPage\":{\"@id\":\"https:\/\/www.eagora.app\/ca\/conocimiento\/carles-brull-alcalde-de-falset-i-merce-fucho-tecnica-de-comunicacio-a-lidereslocalchangers\/\"},\"wordCount\":416,\"publisher\":{\"@id\":\"https:\/\/www.eagora.app\/ca\/#organization\"},\"image\":{\"@id\":\"https:\/\/www.eagora.app\/ca\/conocimiento\/carles-brull-alcalde-de-falset-i-merce-fucho-tecnica-de-comunicacio-a-lidereslocalchangers\/#primaryimage\"},\"thumbnailUrl\":\"https:\/\/www.eagora.app\/wp-content\/uploads\/2023\/10\/VIDEOS-portada-lidereslocalchangers.jpg\",\"articleSection\":[\"Casos d'\u00e8xit\"],\"inLanguage\":\"ca\"},{\"@type\":\"WebPage\",\"@id\":\"https:\/\/www.eagora.app\/ca\/conocimiento\/carles-brull-alcalde-de-falset-i-merce-fucho-tecnica-de-comunicacio-a-lidereslocalchangers\/\",\"url\":\"https:\/\/www.eagora.app\/ca\/conocimiento\/carles-brull-alcalde-de-falset-i-merce-fucho-tecnica-de-comunicacio-a-lidereslocalchangers\/\",\"name\":\"Entrevista amb Carles Brull, Alcalde de Falset i Merc\u00e8 Fucho\",\"isPartOf\":{\"@id\":\"https:\/\/www.eagora.app\/ca\/#website\"},\"primaryImageOfPage\":{\"@id\":\"https:\/\/www.eagora.app\/ca\/conocimiento\/carles-brull-alcalde-de-falset-i-merce-fucho-tecnica-de-comunicacio-a-lidereslocalchangers\/#primaryimage\"},\"image\":{\"@id\":\"https:\/\/www.eagora.app\/ca\/conocimiento\/carles-brull-alcalde-de-falset-i-merce-fucho-tecnica-de-comunicacio-a-lidereslocalchangers\/#primaryimage\"},\"thumbnailUrl\":\"https:\/\/www.eagora.app\/wp-content\/uploads\/2023\/10\/VIDEOS-portada-lidereslocalchangers.jpg\",\"datePublished\":\"2023-10-31T11:54:51+00:00\",\"description\":\"Entrevista amb Carles Brull, Alcalde de Falset, i Merc\u00e8 Fucho, T\u00e8cnica de Comunicaci\u00f3, a #L\u00edderesLocalChangers\",\"breadcrumb\":{\"@id\":\"https:\/\/www.eagora.app\/ca\/conocimiento\/carles-brull-alcalde-de-falset-i-merce-fucho-tecnica-de-comunicacio-a-lidereslocalchangers\/#breadcrumb\"},\"inLanguage\":\"ca\",\"potentialAction\":[{\"@type\":\"ReadAction\",\"target\":[\"https:\/\/www.eagora.app\/ca\/conocimiento\/carles-brull-alcalde-de-falset-i-merce-fucho-tecnica-de-comunicacio-a-lidereslocalchangers\/\"]}]},{\"@type\":\"ImageObject\",\"inLanguage\":\"ca\",\"@id\":\"https:\/\/www.eagora.app\/ca\/conocimiento\/carles-brull-alcalde-de-falset-i-merce-fucho-tecnica-de-comunicacio-a-lidereslocalchangers\/#primaryimage\",\"url\":\"https:\/\/www.eagora.app\/wp-content\/uploads\/2023\/10\/VIDEOS-portada-lidereslocalchangers.jpg\",\"contentUrl\":\"https:\/\/www.eagora.app\/wp-content\/uploads\/2023\/10\/VIDEOS-portada-lidereslocalchangers.jpg\",\"width\":1920,\"height\":1080},{\"@type\":\"BreadcrumbList\",\"@id\":\"https:\/\/www.eagora.app\/ca\/conocimiento\/carles-brull-alcalde-de-falset-i-merce-fucho-tecnica-de-comunicacio-a-lidereslocalchangers\/#breadcrumb\",\"itemListElement\":[{\"@type\":\"ListItem\",\"position\":1,\"name\":\"Inicio\",\"item\":\"https:\/\/www.eagora.app\/ca\/\"},{\"@type\":\"ListItem\",\"position\":2,\"name\":\"Coneixement\",\"item\":\"https:\/\/www.eagora.app\/ca\/coneixement\/\"},{\"@type\":\"ListItem\",\"position\":3,\"name\":\"Carles Brull, Alcalde de Falset, i Merc\u00e8 Fucho, T\u00e8cnica de Comunicaci\u00f3, a #L\u00edderesLocalChangers\"}]},{\"@type\":\"WebSite\",\"@id\":\"https:\/\/www.eagora.app\/ca\/#website\",\"url\":\"https:\/\/www.eagora.app\/ca\/\",\"name\":\"eAgora\",\"description\":\"La plataforma que nos conecta\",\"publisher\":{\"@id\":\"https:\/\/www.eagora.app\/ca\/#organization\"},\"potentialAction\":[{\"@type\":\"SearchAction\",\"target\":{\"@type\":\"EntryPoint\",\"urlTemplate\":\"https:\/\/www.eagora.app\/ca\/?s={search_term_string}\"},\"query-input\":{\"@type\":\"PropertyValueSpecification\",\"valueRequired\":true,\"valueName\":\"search_term_string\"}}],\"inLanguage\":\"ca\"},{\"@type\":\"Organization\",\"@id\":\"https:\/\/www.eagora.app\/ca\/#organization\",\"name\":\"eAgora\",\"url\":\"https:\/\/www.eagora.app\/ca\/\",\"logo\":{\"@type\":\"ImageObject\",\"inLanguage\":\"ca\",\"@id\":\"https:\/\/www.eagora.app\/ca\/#\/schema\/logo\/image\/\",\"url\":\"https:\/\/www.eagora.app\/wp-content\/uploads\/2023\/02\/logo-eagora-emails.jpg\",\"contentUrl\":\"https:\/\/www.eagora.app\/wp-content\/uploads\/2023\/02\/logo-eagora-emails.jpg\",\"width\":550,\"height\":146,\"caption\":\"eAgora\"},\"image\":{\"@id\":\"https:\/\/www.eagora.app\/ca\/#\/schema\/logo\/image\/\"},\"sameAs\":[\"https:\/\/www.facebook.com\/eAgoraApp\",\"https:\/\/x.com\/EagoraApp\",\"https:\/\/www.instagram.com\/eagora.app\/\",\"https:\/\/www.linkedin.com\/company\/eagora\",\"https:\/\/www.youtube.com\/@eAgoraApp\"]},{\"@type\":\"Person\",\"@id\":\"https:\/\/www.eagora.app\/ca\/#\/schema\/person\/f1036a22998d81569495936c2aa9cb32\",\"name\":\"Roser Vallve\",\"image\":{\"@type\":\"ImageObject\",\"inLanguage\":\"ca\",\"@id\":\"https:\/\/www.eagora.app\/ca\/#\/schema\/person\/image\/\",\"url\":\"https:\/\/secure.gravatar.com\/avatar\/0399a104ac4b8ad3b6f7161df883d725e4edadfe16802877923fe80093335413?s=96&d=mm&r=g\",\"contentUrl\":\"https:\/\/secure.gravatar.com\/avatar\/0399a104ac4b8ad3b6f7161df883d725e4edadfe16802877923fe80093335413?s=96&d=mm&r=g\",\"caption\":\"Roser Vallve\"}}]}<\/script>\n<!-- \/ Yoast SEO Premium plugin. -->","yoast_head_json":{"title":"Entrevista amb Carles Brull, Alcalde de Falset i Merc\u00e8 Fucho","description":"Entrevista amb Carles Brull, Alcalde de Falset, i Merc\u00e8 Fucho, T\u00e8cnica de Comunicaci\u00f3, a #L\u00edderesLocalChangers","robots":{"index":"index","follow":"follow","max-snippet":"max-snippet:-1","max-image-preview":"max-image-preview:large","max-video-preview":"max-video-preview:-1"},"canonical":"https:\/\/www.eagora.app\/ca\/conocimiento\/carles-brull-alcalde-de-falset-i-merce-fucho-tecnica-de-comunicacio-a-lidereslocalchangers\/","og_locale":"ca_ES","og_type":"article","og_title":"Carles Brull, Alcalde de Falset, i Merc\u00e8 Fucho, T\u00e8cnica de Comunicaci\u00f3, a #L\u00edderesLocalChangers","og_description":"Entrevista amb Carles Brull, Alcalde de Falset, i Merc\u00e8 Fucho, T\u00e8cnica de Comunicaci\u00f3, a #L\u00edderesLocalChangers","og_url":"https:\/\/www.eagora.app\/ca\/conocimiento\/carles-brull-alcalde-de-falset-i-merce-fucho-tecnica-de-comunicacio-a-lidereslocalchangers\/","og_site_name":"eAgora","article_publisher":"https:\/\/www.facebook.com\/eAgoraApp","article_published_time":"2023-10-31T11:54:51+00:00","og_image":[{"width":1920,"height":1080,"url":"https:\/\/www.eagora.app\/wp-content\/uploads\/2023\/10\/VIDEOS-portada-lidereslocalchangers.jpg","type":"image\/jpeg"}],"author":"Roser Vallve","twitter_card":"summary_large_image","twitter_creator":"@EagoraApp","twitter_site":"@EagoraApp","twitter_misc":{"Escrit per":"Roser Vallve","Temps estimat de lectura":"2 minuts"},"schema":{"@context":"https:\/\/schema.org","@graph":[{"@type":"Article","@id":"https:\/\/www.eagora.app\/ca\/conocimiento\/carles-brull-alcalde-de-falset-i-merce-fucho-tecnica-de-comunicacio-a-lidereslocalchangers\/#article","isPartOf":{"@id":"https:\/\/www.eagora.app\/ca\/conocimiento\/carles-brull-alcalde-de-falset-i-merce-fucho-tecnica-de-comunicacio-a-lidereslocalchangers\/"},"author":{"name":"Roser Vallve","@id":"https:\/\/www.eagora.app\/ca\/#\/schema\/person\/f1036a22998d81569495936c2aa9cb32"},"headline":"Carles Brull, Alcalde de Falset, i Merc\u00e8 Fucho, T\u00e8cnica de Comunicaci\u00f3, a #L\u00edderesLocalChangers","datePublished":"2023-10-31T11:54:51+00:00","mainEntityOfPage":{"@id":"https:\/\/www.eagora.app\/ca\/conocimiento\/carles-brull-alcalde-de-falset-i-merce-fucho-tecnica-de-comunicacio-a-lidereslocalchangers\/"},"wordCount":416,"publisher":{"@id":"https:\/\/www.eagora.app\/ca\/#organization"},"image":{"@id":"https:\/\/www.eagora.app\/ca\/conocimiento\/carles-brull-alcalde-de-falset-i-merce-fucho-tecnica-de-comunicacio-a-lidereslocalchangers\/#primaryimage"},"thumbnailUrl":"https:\/\/www.eagora.app\/wp-content\/uploads\/2023\/10\/VIDEOS-portada-lidereslocalchangers.jpg","articleSection":["Casos d'\u00e8xit"],"inLanguage":"ca"},{"@type":"WebPage","@id":"https:\/\/www.eagora.app\/ca\/conocimiento\/carles-brull-alcalde-de-falset-i-merce-fucho-tecnica-de-comunicacio-a-lidereslocalchangers\/","url":"https:\/\/www.eagora.app\/ca\/conocimiento\/carles-brull-alcalde-de-falset-i-merce-fucho-tecnica-de-comunicacio-a-lidereslocalchangers\/","name":"Entrevista amb Carles Brull, Alcalde de Falset i Merc\u00e8 Fucho","isPartOf":{"@id":"https:\/\/www.eagora.app\/ca\/#website"},"primaryImageOfPage":{"@id":"https:\/\/www.eagora.app\/ca\/conocimiento\/carles-brull-alcalde-de-falset-i-merce-fucho-tecnica-de-comunicacio-a-lidereslocalchangers\/#primaryimage"},"image":{"@id":"https:\/\/www.eagora.app\/ca\/conocimiento\/carles-brull-alcalde-de-falset-i-merce-fucho-tecnica-de-comunicacio-a-lidereslocalchangers\/#primaryimage"},"thumbnailUrl":"https:\/\/www.eagora.app\/wp-content\/uploads\/2023\/10\/VIDEOS-portada-lidereslocalchangers.jpg","datePublished":"2023-10-31T11:54:51+00:00","description":"Entrevista amb Carles Brull, Alcalde de Falset, i Merc\u00e8 Fucho, T\u00e8cnica de Comunicaci\u00f3, a #L\u00edderesLocalChangers","breadcrumb":{"@id":"https:\/\/www.eagora.app\/ca\/conocimiento\/carles-brull-alcalde-de-falset-i-merce-fucho-tecnica-de-comunicacio-a-lidereslocalchangers\/#breadcrumb"},"inLanguage":"ca","potentialAction":[{"@type":"ReadAction","target":["https:\/\/www.eagora.app\/ca\/conocimiento\/carles-brull-alcalde-de-falset-i-merce-fucho-tecnica-de-comunicacio-a-lidereslocalchangers\/"]}]},{"@type":"ImageObject","inLanguage":"ca","@id":"https:\/\/www.eagora.app\/ca\/conocimiento\/carles-brull-alcalde-de-falset-i-merce-fucho-tecnica-de-comunicacio-a-lidereslocalchangers\/#primaryimage","url":"https:\/\/www.eagora.app\/wp-content\/uploads\/2023\/10\/VIDEOS-portada-lidereslocalchangers.jpg","contentUrl":"https:\/\/www.eagora.app\/wp-content\/uploads\/2023\/10\/VIDEOS-portada-lidereslocalchangers.jpg","width":1920,"height":1080},{"@type":"BreadcrumbList","@id":"https:\/\/www.eagora.app\/ca\/conocimiento\/carles-brull-alcalde-de-falset-i-merce-fucho-tecnica-de-comunicacio-a-lidereslocalchangers\/#breadcrumb","itemListElement":[{"@type":"ListItem","position":1,"name":"Inicio","item":"https:\/\/www.eagora.app\/ca\/"},{"@type":"ListItem","position":2,"name":"Coneixement","item":"https:\/\/www.eagora.app\/ca\/coneixement\/"},{"@type":"ListItem","position":3,"name":"Carles Brull, Alcalde de Falset, i Merc\u00e8 Fucho, T\u00e8cnica de Comunicaci\u00f3, a #L\u00edderesLocalChangers"}]},{"@type":"WebSite","@id":"https:\/\/www.eagora.app\/ca\/#website","url":"https:\/\/www.eagora.app\/ca\/","name":"eAgora","description":"La plataforma que nos conecta","publisher":{"@id":"https:\/\/www.eagora.app\/ca\/#organization"},"potentialAction":[{"@type":"SearchAction","target":{"@type":"EntryPoint","urlTemplate":"https:\/\/www.eagora.app\/ca\/?s={search_term_string}"},"query-input":{"@type":"PropertyValueSpecification","valueRequired":true,"valueName":"search_term_string"}}],"inLanguage":"ca"},{"@type":"Organization","@id":"https:\/\/www.eagora.app\/ca\/#organization","name":"eAgora","url":"https:\/\/www.eagora.app\/ca\/","logo":{"@type":"ImageObject","inLanguage":"ca","@id":"https:\/\/www.eagora.app\/ca\/#\/schema\/logo\/image\/","url":"https:\/\/www.eagora.app\/wp-content\/uploads\/2023\/02\/logo-eagora-emails.jpg","contentUrl":"https:\/\/www.eagora.app\/wp-content\/uploads\/2023\/02\/logo-eagora-emails.jpg","width":550,"height":146,"caption":"eAgora"},"image":{"@id":"https:\/\/www.eagora.app\/ca\/#\/schema\/logo\/image\/"},"sameAs":["https:\/\/www.facebook.com\/eAgoraApp","https:\/\/x.com\/EagoraApp","https:\/\/www.instagram.com\/eagora.app\/","https:\/\/www.linkedin.com\/company\/eagora","https:\/\/www.youtube.com\/@eAgoraApp"]},{"@type":"Person","@id":"https:\/\/www.eagora.app\/ca\/#\/schema\/person\/f1036a22998d81569495936c2aa9cb32","name":"Roser Vallve","image":{"@type":"ImageObject","inLanguage":"ca","@id":"https:\/\/www.eagora.app\/ca\/#\/schema\/person\/image\/","url":"https:\/\/secure.gravatar.com\/avatar\/0399a104ac4b8ad3b6f7161df883d725e4edadfe16802877923fe80093335413?s=96&d=mm&r=g","contentUrl":"https:\/\/secure.gravatar.com\/avatar\/0399a104ac4b8ad3b6f7161df883d725e4edadfe16802877923fe80093335413?s=96&d=mm&r=g","caption":"Roser Vallve"}}]}},"jetpack_featured_media_url":"https:\/\/www.eagora.app\/wp-content\/uploads\/2023\/10\/VIDEOS-portada-lidereslocalchangers.jpg","jetpack_sharing_enabled":true,"_links":{"self":[{"href":"https:\/\/www.eagora.app\/ca\/wp-json\/wp\/v2\/posts\/20632","targetHints":{"allow":["GET"]}}],"collection":[{"href":"https:\/\/www.eagora.app\/ca\/wp-json\/wp\/v2\/posts"}],"about":[{"href":"https:\/\/www.eagora.app\/ca\/wp-json\/wp\/v2\/types\/post"}],"author":[{"embeddable":true,"href":"https:\/\/www.eagora.app\/ca\/wp-json\/wp\/v2\/users\/872"}],"replies":[{"embeddable":true,"href":"https:\/\/www.eagora.app\/ca\/wp-json\/wp\/v2\/comments?post=20632"}],"version-history":[{"count":0,"href":"https:\/\/www.eagora.app\/ca\/wp-json\/wp\/v2\/posts\/20632\/revisions"}],"wp:featuredmedia":[{"embeddable":true,"href":"https:\/\/www.eagora.app\/ca\/wp-json\/wp\/v2\/media\/20463"}],"wp:attachment":[{"href":"https:\/\/www.eagora.app\/ca\/wp-json\/wp\/v2\/media?parent=20632"}],"wp:term":[{"taxonomy":"category","embeddable":true,"href":"https:\/\/www.eagora.app\/ca\/wp-json\/wp\/v2\/categories?post=20632"},{"taxonomy":"post_tag","embeddable":true,"href":"https:\/\/www.eagora.app\/ca\/wp-json\/wp\/v2\/tags?post=20632"}],"curies":[{"name":"wp","href":"https:\/\/api.w.org\/{rel}","templated":true}]}}