{"id":20420,"date":"2023-10-26T16:43:06","date_gmt":"2023-10-26T14:43:06","guid":{"rendered":"https:\/\/www.eagora.app\/el-poder-de-compartir-enfortint-la-xarxa-comunitaria\/"},"modified":"2023-11-06T12:34:52","modified_gmt":"2023-11-06T10:34:52","slug":"el-poder-de-compartir-enfortint-la-xarxa-comunitaria","status":"publish","type":"post","link":"https:\/\/www.eagora.app\/ca\/conocimiento\/el-poder-de-compartir-enfortint-la-xarxa-comunitaria\/","title":{"rendered":"El poder de compartir: enfortint la xarxa comunit\u00e0ria"},"content":{"rendered":"<p style=\"text-align: center;\"><em>El poder de compartir: enfortint la xarxa comunit\u00e0ria<\/em><\/p>\n<p>&nbsp;<\/p>\n<h4><b data-stringify-type=\"bold\">Transformant Comunitats: El Poder de la Col\u00b7laboraci\u00f3<\/b><\/h4>\n<p>En un m\u00f3n cada cop m\u00e9s interconnectat, la <strong>col\u00b7laboraci\u00f3 s&#8217;ha convertit en la clau<\/strong> per construir un futur m\u00e9s s\u00f2lid i equitatiu. La societat actual s&#8217;enfronta a desafiaments que requereixen un enfocament col\u00b7lectiu. En aquest article, explorarem la import\u00e0ncia de <strong>construir comunitats s\u00f2lides i les eines disponibles<\/strong> per enfortir aquestes connexions, incloent-hi la plataforma <a href=\"https:\/\/www.eagora.app\">eAgora.<\/a><\/p>\n<p>&nbsp;<\/p>\n<h4><b data-stringify-type=\"bold\">Construint Comunitats Informades i Dinamitzades<\/b><\/h4>\n<div class=\"p-rich_text_section\">La comunicaci\u00f3 \u00e9s essencial per a una comunitat forta. Mantenir la ciutadania o els socis <strong>informats a trav\u00e9s de notificacions, not\u00edcies, agendes i comunicacions segmentades<\/strong> segons els seus interessos \u00e9s crucial per arribar a l&#8217;audi\u00e8ncia adequada de manera efectiva.<\/div>\n<div>No obstant, no es tracta nom\u00e9s de transmetre informaci\u00f3; \u00e9s un proc\u00e9s din\u00e0mic que implica <strong>comprendre i adaptar-se a les necessitats canviants<\/strong> de la comunitat. La segmentaci\u00f3 de missatges segons els interessos individuals permet que la informaci\u00f3 sigui rellevant i significativa per a cada receptor, fomentant aix\u00ed m\u00e9s participaci\u00f3 i comprom\u00eds. A m\u00e9s, aquesta <strong>comunicaci\u00f3 efectiva enforteix la relaci\u00f3 entre les entitats i la ciutadania<\/strong>.<\/div>\n<p>&nbsp;<\/p>\n<div>\n<div class=\"p-rich_text_section\">Entre les eines disponibles hi ha:<\/div>\n<ul class=\"p-rich_text_list p-rich_text_list__bullet\" data-stringify-type=\"unordered-list\" data-indent=\"0\" data-border=\"0\">\n<li data-stringify-indent=\"0\" data-stringify-border=\"0\"><a href=\"https:\/\/www.eagora.app\"><strong>eAgora<\/strong><\/a>: Aquesta plataforma \u00e9s una soluci\u00f3 de col\u00b7laboraci\u00f3 integral que ofereix m\u00f2duls que permeten la mobilitzaci\u00f3 de la comunitat local, com una agenda col\u00b7laborativa i solucions per a comer\u00e7os. Tamb\u00e9 ofereix alertes, calendaris i altres iniciatives que enforteixen els lla\u00e7os de pertinen\u00e7a a la comunitat, alhora que estalvia temps i permet arribar a un p\u00fablic m\u00e9s ampli, gr\u00e0cies a la capacitat d&#8217;integrar-se amb xarxes socials per a una comunicaci\u00f3 efectiva.<\/li>\n<li data-stringify-indent=\"0\" data-stringify-border=\"0\"><strong>Xarxes socials comunit\u00e0ries<\/strong>: Plataformes com Facebook Groups, Nextdoor i LinkedIn Communities s\u00f3n excel\u00b7lents per crear espais on les persones es poden mantenir informades i connectar-se.<\/li>\n<li data-stringify-indent=\"0\" data-stringify-border=\"0\"><strong>Newsletters:<\/strong> Eines com MailChimp i Constant Contact permeten l&#8217;enviament de not\u00edcies i actualitzacions a membres de la comunitat.<\/li>\n<\/ul>\n<\/div>\n<p>&nbsp;<\/p>\n<h4 class=\"p-rich_text_section\"><strong>Participaci\u00f3 i Comunitat: Fent que la gent se senti part<\/strong><\/h4>\n<p>La <strong>participaci\u00f3 activa \u00e9s fonamental per enfortir una comunitat<\/strong>. No es limita a contribuir-hi, sin\u00f3 que implica involucrar-se proactivament en assumptes i activitats comunit\u00e0ries. Els membres participatius <strong>aporten idees i energia, es comprometen en la presa de decisions, col\u00b7laboren en esdeveniments i projectes<\/strong>, cosa que enriqueix la vida comunit\u00e0ria. A m\u00e9s, enforteix el sentit de pertinen\u00e7a, fomenta la col\u00b7laboraci\u00f3 i la solidaritat, i pot tenir un impacte positiu en el desenvolupament de la comunitat en aprofitar els recursos dels seus membres. La participaci\u00f3 activa impulsa l&#8217;enfortiment de la comunitat a trav\u00e9s de la <strong>implicaci\u00f3, la col\u00b7laboraci\u00f3 i el comprom\u00eds dels seus membres<\/strong>.<\/p>\n<p>Diverses eines poden fomentar la col\u00b7laboraci\u00f3 i el suport mutu entre els membres de la comunitat:<\/p>\n<ul class=\"p-rich_text_list p-rich_text_list__bullet\" data-stringify-type=\"unordered-list\" data-indent=\"0\" data-border=\"0\">\n<li data-stringify-indent=\"0\" data-stringify-border=\"0\"><strong>Eines d&#8217;enquestes<\/strong>: Plataformes com SurveyMonkey, Google Forms i Typeform permeten a les comunitats recopilar opinions i retroalimentaci\u00f3 de manera efectiva.<\/li>\n<li data-stringify-indent=\"0\" data-stringify-border=\"0\"><strong>Plataformes de votaci\u00f3 digital<\/strong>: Eines com Pol.is i Decidim faciliten la presa de decisions col\u00b7lectives i la participaci\u00f3 ciutadana.<\/li>\n<li data-stringify-indent=\"0\" data-stringify-border=\"0\"><strong>Plataformes de comunicaci\u00f3<\/strong>: Discord, Slack i Microsoft Teams permeten una comunicaci\u00f3 efectiva entre els membres de la comunitat, impulsant la col\u00b7laboraci\u00f3.<\/li>\n<li data-stringify-indent=\"0\" data-stringify-border=\"0\"><strong><a href=\"https:\/\/www.eagora.app\">eAgora<\/a><\/strong>: Ofereix m\u00f2duls de participaci\u00f3 i comunitat, com ara processos participatius amb votaci\u00f3 digital, pressupostos participatius, enquestes i directoris d&#8217;entitats i comer\u00e7os. Tamb\u00e9 inclou caracter\u00edstiques com una b\u00fastia de consultes i gamificaci\u00f3. Aquesta eina destaca per la seva capacitat per centralitzar una \u00e0mplia gamma de solucions en un sol lloc.<\/li>\n<\/ul>\n<p style=\"text-align: center;\"><span id=\"hs-cta-wrapper-853d4503-fcbb-4d34-a346-60f4ad805caf\" class=\"hs-cta-wrapper\"><span id=\"hs-cta-853d4503-fcbb-4d34-a346-60f4ad805caf\" class=\"hs-cta-node hs-cta-853d4503-fcbb-4d34-a346-60f4ad805caf\"><a href=\"https:\/\/hubspot-cta-redirect-eu1-prod.s3.amazonaws.com\/cta\/redirect\/25066662\/853d4503-fcbb-4d34-a346-60f4ad805caf\"><img decoding=\"async\" id=\"hs-cta-img-853d4503-fcbb-4d34-a346-60f4ad805caf\" class=\"hs-cta-img aligncenter\" style=\"border-width: 0px;\" src=\"https:\/\/hubspot-no-cache-eu1-prod.s3.amazonaws.com\/cta\/default\/25066662\/853d4503-fcbb-4d34-a346-60f4ad805caf.png\" alt=\"Comen\u00e7a gratis\"><\/a><\/span><\/span><\/p>\n<p>&nbsp;<\/p>\n<h3><b data-stringify-type=\"bold\">El Poder de Compartir: Enfortint la xarxa de comunitats<\/b><\/h3>\n<div class=\"p-rich_text_section\">La col\u00b7laboraci\u00f3 entre diferents comunitats \u00e9s essencial per construir un m\u00f3n millor. A m\u00e9s d&#8217;eAgora, hi ha eines que permeten compartir recursos i coneixements entre aquestes comunitats:v<\/div>\n<p>&nbsp;<\/p>\n<div><\/div>\n<ul class=\"p-rich_text_list p-rich_text_list__bullet\" data-stringify-type=\"unordered-list\" data-indent=\"0\" data-border=\"0\">\n<li data-stringify-indent=\"0\" data-stringify-border=\"0\"><strong>Plataformes de col\u00b7laboraci\u00f3 en projectes<\/strong>: Trello, Asana i Notion s\u00f3n exemples d&#8217;eines que faciliten la col\u00b7laboraci\u00f3 en projectes i la gesti\u00f3 de tasques. Aquestes plataformes permeten la planificaci\u00f3 i execuci\u00f3 eficient de projectes comunitaris.<\/li>\n<li data-stringify-indent=\"0\" data-stringify-border=\"0\"><strong>Eines de comunicaci\u00f3<\/strong>: Slack, Microsoft Teams i Discord s\u00f3n ideals per mantenir una comunicaci\u00f3 fluida entre diferents grups i comunitats. Faciliten l&#8217;organitzaci\u00f3 de reunions i discussions i l&#8217;intercanvi d&#8217;informaci\u00f3 de manera r\u00e0pida i senzilla.<\/li>\n<li data-stringify-indent=\"0\" data-stringify-border=\"0\"><strong>Plataformes de gesti\u00f3 d&#8217;esdeveniments<\/strong>: Eventbrite, Meetup i Eventzilla ajuden a promocionar esdeveniments i activitats locals, atraient un p\u00fablic m\u00e9s ampli. A m\u00e9s, aquestes plataformes ofereixen funcions per a la venda de butlletes i la gesti\u00f3 d&#8217;inscripcions.<\/li>\n<li data-stringify-indent=\"0\" data-stringify-border=\"0\"><strong>Plataformes de col\u00b7laboraci\u00f3 documental<\/strong>: Google Workspace i Microsoft 365 s\u00f3n ideals per compartir documents i col\u00b7laborar en projectes de forma eficient. Aix\u00f2 \u00e9s especialment \u00fatil per a grups de treball i organitzacions que volen col\u00b7laborar en documents i presentacions en l\u00ednia.<\/li>\n<li data-stringify-indent=\"0\" data-stringify-border=\"0\"><a href=\"https:\/\/www.eagora.app\"><strong>eAgora<\/strong><\/a>: \u00e9s una plataforma <em>all-in-one<\/em> que combina m\u00faltiples solucions en un \u00fanic entorn. Permet a ajuntaments, entitats i altres actors compartir publicacions i contingut de manera col\u00b7laborativa. Aix\u00f2 enforteix la xarxa entre municipis, entitats i\/o comunitats i facilita la creaci\u00f3 duna agenda conjunta en una regi\u00f3 determinada. Permet un intercanvi eficient d&#8217;informaci\u00f3 i recursos, cosa que fomenta la col\u00b7laboraci\u00f3 i la coordinaci\u00f3 entre diferents participants, millorant aix\u00ed l&#8217;efic\u00e0cia i l&#8217;impacte de les activitats comunit\u00e0ries.<\/li>\n<\/ul>\n<p>&nbsp;<\/p>\n<h4 class=\"elementor-heading-title elementor-size-default\"><img fetchpriority=\"high\" decoding=\"async\" class=\"wp-image-20260 aligncenter\" src=\"https:\/\/www.eagora.app\/wp-content\/uploads\/2023\/10\/BLOG-portadas-posts-4-1024x576.png\" alt=\"\" width=\"527\" height=\"297\" srcset=\"https:\/\/www.eagora.app\/wp-content\/uploads\/2023\/10\/BLOG-portadas-posts-4-1024x576.png 1024w, https:\/\/www.eagora.app\/wp-content\/uploads\/2023\/10\/BLOG-portadas-posts-4-300x169.png 300w, https:\/\/www.eagora.app\/wp-content\/uploads\/2023\/10\/BLOG-portadas-posts-4-768x432.png 768w, https:\/\/www.eagora.app\/wp-content\/uploads\/2023\/10\/BLOG-portadas-posts-4-1536x864.png 1536w, https:\/\/www.eagora.app\/wp-content\/uploads\/2023\/10\/BLOG-portadas-posts-4-600x338.png 600w, https:\/\/www.eagora.app\/wp-content\/uploads\/2023\/10\/BLOG-portadas-posts-4.png 1920w\" sizes=\"(max-width: 527px) 100vw, 527px\" \/><\/h4>\n<p>&nbsp;<\/p>\n<p>&nbsp;<\/p>\n<p>TUTORIAL: LA MEVA COMUNITAT<\/p>\n<h2><strong>Comparteix publicacions entre ajuntaments i\/o entitats<\/strong><\/h2>\n<p>Ara que ja saps la rellev\u00e0ncia de compartir forces i esfor\u00e7os i la utilitat enfortir la xarxa d&#8217;\u00e0gores, t&#8217;explicarem pas a pas com pots compartir publicacions entre ajuntaments i\/o entitats amb l&#8217;app eAgora, veur\u00e0s que \u00e9s molt senzill!<\/p>\n<p>&nbsp;<\/p>\n<h4><strong>Configura &#8220;La meva comunitat&#8221; a eAgora:<\/strong><\/h4>\n<p><strong>Pas 1:<\/strong> Obre l&#8217;aplicaci\u00f3 eAgora i dirigeix-te a la secci\u00f3 <em><strong>&#8220;La meva comunitat&#8221;<\/strong><\/em> Aquesta secci\u00f3 et permet crear una xarxa de proximitat amb les \u00e0gores properes a tu.<\/p>\n<p><strong>Pas 2:<\/strong> Aqu\u00ed, tens el control total per decidir qui pot publicar a la teva \u00e0gora ia quines \u00e0gores pots publicar tu. Per comen\u00e7ar, configura les opcions per permetre que altres \u00e0gores i usuaris puguin interactuar a la teva comunitat i debatre a la secci\u00f3 dels teus comunicats.<\/p>\n<p><strong>Pas 3:<\/strong> Per configurar aix\u00f2, aneu a la <em><strong>&#8220;Configuraci\u00f3 de l&#8217;\u00e0gora&#8221;<\/strong><\/em> i busqueu l&#8217;opci\u00f3 <em><strong>&#8220;Community.&#8221;<\/strong><\/em> Es recomana habilitar la publicaci\u00f3 a la teva comunitat per fomentar la connexi\u00f3, la participaci\u00f3 i la col\u00b7laboraci\u00f3 entre els membres de la teva comunitat.<\/p>\n<p><img decoding=\"async\" class=\"aligncenter wp-image-20313\" src=\"https:\/\/www.eagora.app\/wp-content\/uploads\/2023\/10\/Captura-de-pantalla-2023-10-27-a-les-10.06.58-1024x534.png\" alt=\"\" width=\"510\" height=\"266\" srcset=\"https:\/\/www.eagora.app\/wp-content\/uploads\/2023\/10\/Captura-de-pantalla-2023-10-27-a-les-10.06.58-1024x534.png 1024w, https:\/\/www.eagora.app\/wp-content\/uploads\/2023\/10\/Captura-de-pantalla-2023-10-27-a-les-10.06.58-300x156.png 300w, https:\/\/www.eagora.app\/wp-content\/uploads\/2023\/10\/Captura-de-pantalla-2023-10-27-a-les-10.06.58-768x400.png 768w, https:\/\/www.eagora.app\/wp-content\/uploads\/2023\/10\/Captura-de-pantalla-2023-10-27-a-les-10.06.58-1536x801.png 1536w, https:\/\/www.eagora.app\/wp-content\/uploads\/2023\/10\/Captura-de-pantalla-2023-10-27-a-les-10.06.58-2048x1068.png 2048w, https:\/\/www.eagora.app\/wp-content\/uploads\/2023\/10\/Captura-de-pantalla-2023-10-27-a-les-10.06.58-600x313.png 600w\" sizes=\"(max-width: 510px) 100vw, 510px\" \/><\/p>\n<p>&nbsp;<\/p>\n<p><strong>Pas 4:<\/strong> En aquest apartat, pots decidir si permets que qualsevol \u00e0gora que et segueix pugui publicar a la secci\u00f3 de comunitat de la teva \u00e0gora de manera autom\u00e0tica, si nom\u00e9s permets que ho facin les \u00e0gores pr\u00e8viament validades per tu (opci\u00f3 recomanada), si vols revisar tot el contingut i decidir qu\u00e8 publicar, o si no permets la publicaci\u00f3 a cap \u00e0gora (no recomanat).<\/p>\n<p><img decoding=\"async\" class=\" wp-image-20345 aligncenter\" src=\"https:\/\/www.eagora.app\/wp-content\/uploads\/2023\/10\/Captura-de-pantalla-2023-10-27-a-les-10.21.01-817x1024.png\" alt=\"\" width=\"511\" height=\"641\" srcset=\"https:\/\/www.eagora.app\/wp-content\/uploads\/2023\/10\/Captura-de-pantalla-2023-10-27-a-les-10.21.01-817x1024.png 817w, https:\/\/www.eagora.app\/wp-content\/uploads\/2023\/10\/Captura-de-pantalla-2023-10-27-a-les-10.21.01-239x300.png 239w, https:\/\/www.eagora.app\/wp-content\/uploads\/2023\/10\/Captura-de-pantalla-2023-10-27-a-les-10.21.01-768x963.png 768w, https:\/\/www.eagora.app\/wp-content\/uploads\/2023\/10\/Captura-de-pantalla-2023-10-27-a-les-10.21.01-600x752.png 600w, https:\/\/www.eagora.app\/wp-content\/uploads\/2023\/10\/Captura-de-pantalla-2023-10-27-a-les-10.21.01.png 1220w\" sizes=\"(max-width: 511px) 100vw, 511px\" \/><\/p>\n<p>&nbsp;<\/p>\n<h4><strong>Gestionar les sol\u00b7licituds<\/strong><\/h4>\n<p><strong>Pas 5:<\/strong> Un cop heu configurat aquestes opcions, accediu a la secci\u00f3 &#8220;La meva comunitat&#8221; al men\u00fa de navegaci\u00f3 de l&#8217;aplicaci\u00f3.<\/p>\n<p><img loading=\"lazy\" decoding=\"async\" class=\"aligncenter wp-image-20318\" src=\"https:\/\/www.eagora.app\/wp-content\/uploads\/2023\/10\/Captura-de-pantalla-2023-10-27-a-les-10.08.10-1024x532.png\" alt=\"\" width=\"644\" height=\"335\" srcset=\"https:\/\/www.eagora.app\/wp-content\/uploads\/2023\/10\/Captura-de-pantalla-2023-10-27-a-les-10.08.10-1024x532.png 1024w, https:\/\/www.eagora.app\/wp-content\/uploads\/2023\/10\/Captura-de-pantalla-2023-10-27-a-les-10.08.10-300x156.png 300w, https:\/\/www.eagora.app\/wp-content\/uploads\/2023\/10\/Captura-de-pantalla-2023-10-27-a-les-10.08.10-768x399.png 768w, https:\/\/www.eagora.app\/wp-content\/uploads\/2023\/10\/Captura-de-pantalla-2023-10-27-a-les-10.08.10-1536x799.png 1536w, https:\/\/www.eagora.app\/wp-content\/uploads\/2023\/10\/Captura-de-pantalla-2023-10-27-a-les-10.08.10-2048x1065.png 2048w, https:\/\/www.eagora.app\/wp-content\/uploads\/2023\/10\/Captura-de-pantalla-2023-10-27-a-les-10.08.10-600x312.png 600w\" sizes=\"(max-width: 644px) 100vw, 644px\" \/><\/p>\n<p><strong>Pas 6:<\/strong> Trobar\u00e0s dues opcions al men\u00fa desplegable: &#8220;\u00c0gores que em segueixen&#8221; i &#8220;\u00c0gores que segueixo.&#8221;<\/p>\n<p><strong>Pas 7:<\/strong> Ingressa a &#8220;\u00c0gores que em segueixen.&#8221; Aqu\u00ed pots consultar i validar les sol\u00b7licituds de publicaci\u00f3 a la teva \u00e0gora per part d&#8217;usuaris registrats i altres \u00e0gores que et segueixen. Podeu acceptar o rebutjar aquestes sol\u00b7licituds segons el que considereu apropiat. Si teniu sol\u00b7licituds pendents d&#8217;acceptaci\u00f3, les veureu a la pantalla principal.<\/p>\n<p><img loading=\"lazy\" decoding=\"async\" class=\"aligncenter wp-image-20323\" src=\"https:\/\/www.eagora.app\/wp-content\/uploads\/2023\/10\/Captura-de-pantalla-2023-10-27-a-les-10.09.37-1024x757.png\" alt=\"\" width=\"510\" height=\"377\" srcset=\"https:\/\/www.eagora.app\/wp-content\/uploads\/2023\/10\/Captura-de-pantalla-2023-10-27-a-les-10.09.37-1024x757.png 1024w, https:\/\/www.eagora.app\/wp-content\/uploads\/2023\/10\/Captura-de-pantalla-2023-10-27-a-les-10.09.37-300x222.png 300w, https:\/\/www.eagora.app\/wp-content\/uploads\/2023\/10\/Captura-de-pantalla-2023-10-27-a-les-10.09.37-768x568.png 768w, https:\/\/www.eagora.app\/wp-content\/uploads\/2023\/10\/Captura-de-pantalla-2023-10-27-a-les-10.09.37-1536x1136.png 1536w, https:\/\/www.eagora.app\/wp-content\/uploads\/2023\/10\/Captura-de-pantalla-2023-10-27-a-les-10.09.37-600x444.png 600w, https:\/\/www.eagora.app\/wp-content\/uploads\/2023\/10\/Captura-de-pantalla-2023-10-27-a-les-10.09.37.png 1874w\" sizes=\"(max-width: 510px) 100vw, 510px\" \/><\/p>\n<p><strong>Pas 8:<\/strong> Accedeix a &#8220;\u00c0gores que segueixo.&#8221; Aqu\u00ed podr\u00e0s veure les teves sol\u00b7licituds i si han estat acceptades o no. Si s\u00f3n acceptades, ja podeu comen\u00e7ar a publicar en aquesta \u00e0gora.<\/p>\n<p><img loading=\"lazy\" decoding=\"async\" class=\"aligncenter wp-image-20328\" src=\"https:\/\/www.eagora.app\/wp-content\/uploads\/2023\/10\/Captura-de-pantalla-2023-10-27-a-les-10.10.40-1024x739.png\" alt=\"\" width=\"510\" height=\"368\" srcset=\"https:\/\/www.eagora.app\/wp-content\/uploads\/2023\/10\/Captura-de-pantalla-2023-10-27-a-les-10.10.40-1024x739.png 1024w, https:\/\/www.eagora.app\/wp-content\/uploads\/2023\/10\/Captura-de-pantalla-2023-10-27-a-les-10.10.40-300x217.png 300w, https:\/\/www.eagora.app\/wp-content\/uploads\/2023\/10\/Captura-de-pantalla-2023-10-27-a-les-10.10.40-768x554.png 768w, https:\/\/www.eagora.app\/wp-content\/uploads\/2023\/10\/Captura-de-pantalla-2023-10-27-a-les-10.10.40-1536x1109.png 1536w, https:\/\/www.eagora.app\/wp-content\/uploads\/2023\/10\/Captura-de-pantalla-2023-10-27-a-les-10.10.40-600x433.png 600w, https:\/\/www.eagora.app\/wp-content\/uploads\/2023\/10\/Captura-de-pantalla-2023-10-27-a-les-10.10.40.png 1854w\" sizes=\"(max-width: 510px) 100vw, 510px\" \/><\/p>\n<p><strong>Pas 9:<\/strong> Si no saps quines \u00e0gores es troben a prop teu, pots fer clic a &#8220;Veure \u00c0gores al Mapa.&#8221; S&#8217;obrir\u00e0 un mapa on podreu visualitzar les \u00e0gores properes i enviar-los una sol\u00b7licitud.<\/p>\n<p><img loading=\"lazy\" decoding=\"async\" class=\"alignleft wp-image-20333\" src=\"https:\/\/www.eagora.app\/wp-content\/uploads\/2023\/10\/Captura-de-pantalla-2023-10-27-a-les-10.13.00-1024x768.png\" alt=\"\" width=\"402\" height=\"301\" srcset=\"https:\/\/www.eagora.app\/wp-content\/uploads\/2023\/10\/Captura-de-pantalla-2023-10-27-a-les-10.13.00-1024x768.png 1024w, https:\/\/www.eagora.app\/wp-content\/uploads\/2023\/10\/Captura-de-pantalla-2023-10-27-a-les-10.13.00-300x225.png 300w, https:\/\/www.eagora.app\/wp-content\/uploads\/2023\/10\/Captura-de-pantalla-2023-10-27-a-les-10.13.00-768x576.png 768w, https:\/\/www.eagora.app\/wp-content\/uploads\/2023\/10\/Captura-de-pantalla-2023-10-27-a-les-10.13.00-1536x1152.png 1536w, https:\/\/www.eagora.app\/wp-content\/uploads\/2023\/10\/Captura-de-pantalla-2023-10-27-a-les-10.13.00-600x450.png 600w, https:\/\/www.eagora.app\/wp-content\/uploads\/2023\/10\/Captura-de-pantalla-2023-10-27-a-les-10.13.00.png 1878w\" sizes=\"(max-width: 402px) 100vw, 402px\" \/><\/p>\n<p><img loading=\"lazy\" decoding=\"async\" class=\"wp-image-20338 alignright\" src=\"https:\/\/www.eagora.app\/wp-content\/uploads\/2023\/10\/Captura-de-pantalla-2023-10-27-a-les-10.13.49-1024x728.png\" alt=\"\" width=\"423\" height=\"301\" srcset=\"https:\/\/www.eagora.app\/wp-content\/uploads\/2023\/10\/Captura-de-pantalla-2023-10-27-a-les-10.13.49-1024x728.png 1024w, https:\/\/www.eagora.app\/wp-content\/uploads\/2023\/10\/Captura-de-pantalla-2023-10-27-a-les-10.13.49-300x213.png 300w, https:\/\/www.eagora.app\/wp-content\/uploads\/2023\/10\/Captura-de-pantalla-2023-10-27-a-les-10.13.49-768x546.png 768w, https:\/\/www.eagora.app\/wp-content\/uploads\/2023\/10\/Captura-de-pantalla-2023-10-27-a-les-10.13.49-1536x1092.png 1536w, https:\/\/www.eagora.app\/wp-content\/uploads\/2023\/10\/Captura-de-pantalla-2023-10-27-a-les-10.13.49-600x427.png 600w, https:\/\/www.eagora.app\/wp-content\/uploads\/2023\/10\/Captura-de-pantalla-2023-10-27-a-les-10.13.49.png 1870w\" sizes=\"(max-width: 423px) 100vw, 423px\" \/><\/p>\n<p>&nbsp;<\/p>\n<p>&nbsp;<\/p>\n<p>&nbsp;<\/p>\n<p>&nbsp;<\/p>\n<p>&nbsp;<\/p>\n<p>&nbsp;<\/p>\n<p>&nbsp;<\/p>\n<p>&nbsp;<\/p>\n<p>&nbsp;<\/p>\n<p><strong>Pas 10:<\/strong> Per publicar en una \u00e0gora que segueixes, simplement crea un comunicat o un esdeveniment de la mateixa manera que ho faries a la teva \u00e0gora. Al men\u00fa desplegable anomenat &#8220;Canal\/Sub\u00c0gora de comunicaci\u00f3,&#8221; selecciona les \u00e0gores en qu\u00e8 desitges que es publiqui, ja sigui nom\u00e9s a la teva \u00e0gora, a les teves Sub\u00c0gores oa totes les \u00e0gores que segueixes i que et permeten publicar (o totes al mateix temps).<\/p>\n<p>&nbsp;<\/p>\n<p>Esperem que aquest tutorial t&#8217;ajudi a configurar &#8220;La meva comunitat&#8221; a eAgora de manera efectiva. Gaudiu de l&#8217;experi\u00e8ncia de la comunitat!<\/p>\n<p>&nbsp;<\/p>\n<h4 class=\"elementor-heading-title elementor-size-default\"><strong>Descobreix tot el que podem fer connectant persones i entitats<\/strong><\/h4>\n<p>eAgora \u00e9s una eina que est\u00e0 <strong>transformant la manera com les comunitats es relacionen i col\u00b7laboren<\/strong>. Mitjan\u00e7ant la <strong>participaci\u00f3, la comunicaci\u00f3 efectiva i la capacitat de compartir recursos<\/strong>.<\/p>\n<p>Si est\u00e0s a punt per unir-te a aquesta revoluci\u00f3 de la comunitat i ser part del canvi, no dubtis a unir-te a eAgora i descobrir tot all\u00f2 que podem aconseguir connectant persones i entitats!<\/p>\n<p>&nbsp;<\/p>\n<p style=\"text-align: center;\"><strong>Uneix-te a la Comunitat eAgora i fes la difer\u00e8ncia avui mateix<\/strong><\/p>\n<p style=\"text-align: center;\"><span id=\"hs-cta-wrapper-853d4503-fcbb-4d34-a346-60f4ad805caf\" class=\"hs-cta-wrapper\"><span id=\"hs-cta-853d4503-fcbb-4d34-a346-60f4ad805caf\" class=\"hs-cta-node hs-cta-853d4503-fcbb-4d34-a346-60f4ad805caf\"><a href=\"https:\/\/hubspot-cta-redirect-eu1-prod.s3.amazonaws.com\/cta\/redirect\/25066662\/853d4503-fcbb-4d34-a346-60f4ad805caf\"><img decoding=\"async\" id=\"hs-cta-img-853d4503-fcbb-4d34-a346-60f4ad805caf\" class=\"hs-cta-img aligncenter\" style=\"border-width: 0px;\" src=\"https:\/\/hubspot-no-cache-eu1-prod.s3.amazonaws.com\/cta\/default\/25066662\/853d4503-fcbb-4d34-a346-60f4ad805caf.png\" alt=\"Comen\u00e7a gratis\"><\/a><\/span><\/span><\/p>\n","protected":false},"excerpt":{"rendered":"<p>El poder de compartir: enfortint la xarxa comunit\u00e0ria &nbsp; Transformant Comunitats: El Poder de la Col\u00b7laboraci\u00f3 En un m\u00f3n cada cop m\u00e9s interconnectat, la col\u00b7laboraci\u00f3 s&#8217;ha convertit en la clau per construir un futur m\u00e9s s\u00f2lid i equitatiu. La societat actual s&#8217;enfronta a desafiaments que requereixen un enfocament col\u00b7lectiu. En aquest article, explorarem la import\u00e0ncia [&hellip;]<\/p>\n","protected":false},"author":872,"featured_media":20607,"comment_status":"closed","ping_status":"open","sticky":false,"template":"","format":"standard","meta":{"content-type":"","_jetpack_memberships_contains_paid_content":false,"_joinchat":[],"footnotes":""},"categories":[114,116],"tags":[],"class_list":["post-20420","post","type-post","status-publish","format-standard","has-post-thumbnail","hentry","category-noticies","category-tutorials"],"yoast_head":"<!-- This site is optimized with the Yoast SEO Premium plugin v27.0 (Yoast SEO v27.0) - https:\/\/yoast.com\/product\/yoast-seo-premium-wordpress\/ -->\n<title>El poder de compartir: enfortint la xarxa comunit\u00e0ria<\/title>\n<meta name=\"description\" content=\"Explorarem la import\u00e0ncia de construir comunitats s\u00f2lides i les eines disponibles per enfortir aquestes connexions.\" \/>\n<meta name=\"robots\" content=\"index, follow, max-snippet:-1, max-image-preview:large, max-video-preview:-1\" \/>\n<link rel=\"canonical\" href=\"https:\/\/www.eagora.app\/ca\/conocimiento\/el-poder-de-compartir-enfortint-la-xarxa-comunitaria\/\" \/>\n<meta property=\"og:locale\" content=\"ca_ES\" \/>\n<meta property=\"og:type\" content=\"article\" \/>\n<meta property=\"og:title\" content=\"El poder de compartir: enfortint la xarxa comunit\u00e0ria\" \/>\n<meta property=\"og:description\" content=\"Explorarem la import\u00e0ncia de construir comunitats s\u00f2lides i les eines disponibles per enfortir aquestes connexions.\" \/>\n<meta property=\"og:url\" content=\"https:\/\/www.eagora.app\/ca\/conocimiento\/el-poder-de-compartir-enfortint-la-xarxa-comunitaria\/\" \/>\n<meta property=\"og:site_name\" content=\"eAgora\" \/>\n<meta property=\"article:publisher\" content=\"https:\/\/www.facebook.com\/eAgoraApp\" \/>\n<meta property=\"article:published_time\" content=\"2023-10-26T14:43:06+00:00\" \/>\n<meta property=\"article:modified_time\" content=\"2023-11-06T10:34:52+00:00\" \/>\n<meta property=\"og:image\" content=\"https:\/\/www.eagora.app\/wp-content\/uploads\/2023\/10\/BLOG-portadas-posts-3.png\" \/>\n\t<meta property=\"og:image:width\" content=\"1920\" \/>\n\t<meta property=\"og:image:height\" content=\"1080\" \/>\n\t<meta property=\"og:image:type\" content=\"image\/png\" \/>\n<meta name=\"author\" content=\"Roser Vallve\" \/>\n<meta name=\"twitter:card\" content=\"summary_large_image\" \/>\n<meta name=\"twitter:creator\" content=\"@EagoraApp\" \/>\n<meta name=\"twitter:site\" content=\"@EagoraApp\" \/>\n<meta name=\"twitter:label1\" content=\"Escrit per\" \/>\n\t<meta name=\"twitter:data1\" content=\"Roser Vallve\" \/>\n\t<meta name=\"twitter:label2\" content=\"Temps estimat de lectura\" \/>\n\t<meta name=\"twitter:data2\" content=\"7 minuts\" \/>\n<script type=\"application\/ld+json\" class=\"yoast-schema-graph\">{\"@context\":\"https:\/\/schema.org\",\"@graph\":[{\"@type\":\"Article\",\"@id\":\"https:\/\/www.eagora.app\/ca\/conocimiento\/el-poder-de-compartir-enfortint-la-xarxa-comunitaria\/#article\",\"isPartOf\":{\"@id\":\"https:\/\/www.eagora.app\/ca\/conocimiento\/el-poder-de-compartir-enfortint-la-xarxa-comunitaria\/\"},\"author\":{\"name\":\"Roser Vallve\",\"@id\":\"https:\/\/www.eagora.app\/ca\/#\/schema\/person\/f1036a22998d81569495936c2aa9cb32\"},\"headline\":\"El poder de compartir: enfortint la xarxa comunit\u00e0ria\",\"datePublished\":\"2023-10-26T14:43:06+00:00\",\"dateModified\":\"2023-11-06T10:34:52+00:00\",\"mainEntityOfPage\":{\"@id\":\"https:\/\/www.eagora.app\/ca\/conocimiento\/el-poder-de-compartir-enfortint-la-xarxa-comunitaria\/\"},\"wordCount\":1509,\"publisher\":{\"@id\":\"https:\/\/www.eagora.app\/ca\/#organization\"},\"image\":{\"@id\":\"https:\/\/www.eagora.app\/ca\/conocimiento\/el-poder-de-compartir-enfortint-la-xarxa-comunitaria\/#primaryimage\"},\"thumbnailUrl\":\"https:\/\/www.eagora.app\/wp-content\/uploads\/2023\/10\/BLOG-portadas-posts-3.png\",\"articleSection\":[\"Not\u00edcies\",\"Tutorials\"],\"inLanguage\":\"ca\"},{\"@type\":\"WebPage\",\"@id\":\"https:\/\/www.eagora.app\/ca\/conocimiento\/el-poder-de-compartir-enfortint-la-xarxa-comunitaria\/\",\"url\":\"https:\/\/www.eagora.app\/ca\/conocimiento\/el-poder-de-compartir-enfortint-la-xarxa-comunitaria\/\",\"name\":\"El poder de compartir: enfortint la xarxa comunit\u00e0ria\",\"isPartOf\":{\"@id\":\"https:\/\/www.eagora.app\/ca\/#website\"},\"primaryImageOfPage\":{\"@id\":\"https:\/\/www.eagora.app\/ca\/conocimiento\/el-poder-de-compartir-enfortint-la-xarxa-comunitaria\/#primaryimage\"},\"image\":{\"@id\":\"https:\/\/www.eagora.app\/ca\/conocimiento\/el-poder-de-compartir-enfortint-la-xarxa-comunitaria\/#primaryimage\"},\"thumbnailUrl\":\"https:\/\/www.eagora.app\/wp-content\/uploads\/2023\/10\/BLOG-portadas-posts-3.png\",\"datePublished\":\"2023-10-26T14:43:06+00:00\",\"dateModified\":\"2023-11-06T10:34:52+00:00\",\"description\":\"Explorarem la import\u00e0ncia de construir comunitats s\u00f2lides i les eines disponibles per enfortir aquestes connexions.\",\"breadcrumb\":{\"@id\":\"https:\/\/www.eagora.app\/ca\/conocimiento\/el-poder-de-compartir-enfortint-la-xarxa-comunitaria\/#breadcrumb\"},\"inLanguage\":\"ca\",\"potentialAction\":[{\"@type\":\"ReadAction\",\"target\":[\"https:\/\/www.eagora.app\/ca\/conocimiento\/el-poder-de-compartir-enfortint-la-xarxa-comunitaria\/\"]}]},{\"@type\":\"ImageObject\",\"inLanguage\":\"ca\",\"@id\":\"https:\/\/www.eagora.app\/ca\/conocimiento\/el-poder-de-compartir-enfortint-la-xarxa-comunitaria\/#primaryimage\",\"url\":\"https:\/\/www.eagora.app\/wp-content\/uploads\/2023\/10\/BLOG-portadas-posts-3.png\",\"contentUrl\":\"https:\/\/www.eagora.app\/wp-content\/uploads\/2023\/10\/BLOG-portadas-posts-3.png\",\"width\":1920,\"height\":1080},{\"@type\":\"BreadcrumbList\",\"@id\":\"https:\/\/www.eagora.app\/ca\/conocimiento\/el-poder-de-compartir-enfortint-la-xarxa-comunitaria\/#breadcrumb\",\"itemListElement\":[{\"@type\":\"ListItem\",\"position\":1,\"name\":\"Inicio\",\"item\":\"https:\/\/www.eagora.app\/ca\/\"},{\"@type\":\"ListItem\",\"position\":2,\"name\":\"Coneixement\",\"item\":\"https:\/\/www.eagora.app\/ca\/coneixement\/\"},{\"@type\":\"ListItem\",\"position\":3,\"name\":\"El poder de compartir: enfortint la xarxa comunit\u00e0ria\"}]},{\"@type\":\"WebSite\",\"@id\":\"https:\/\/www.eagora.app\/ca\/#website\",\"url\":\"https:\/\/www.eagora.app\/ca\/\",\"name\":\"eAgora\",\"description\":\"La plataforma que nos conecta\",\"publisher\":{\"@id\":\"https:\/\/www.eagora.app\/ca\/#organization\"},\"potentialAction\":[{\"@type\":\"SearchAction\",\"target\":{\"@type\":\"EntryPoint\",\"urlTemplate\":\"https:\/\/www.eagora.app\/ca\/?s={search_term_string}\"},\"query-input\":{\"@type\":\"PropertyValueSpecification\",\"valueRequired\":true,\"valueName\":\"search_term_string\"}}],\"inLanguage\":\"ca\"},{\"@type\":\"Organization\",\"@id\":\"https:\/\/www.eagora.app\/ca\/#organization\",\"name\":\"eAgora\",\"url\":\"https:\/\/www.eagora.app\/ca\/\",\"logo\":{\"@type\":\"ImageObject\",\"inLanguage\":\"ca\",\"@id\":\"https:\/\/www.eagora.app\/ca\/#\/schema\/logo\/image\/\",\"url\":\"https:\/\/www.eagora.app\/wp-content\/uploads\/2023\/02\/logo-eagora-emails.jpg\",\"contentUrl\":\"https:\/\/www.eagora.app\/wp-content\/uploads\/2023\/02\/logo-eagora-emails.jpg\",\"width\":550,\"height\":146,\"caption\":\"eAgora\"},\"image\":{\"@id\":\"https:\/\/www.eagora.app\/ca\/#\/schema\/logo\/image\/\"},\"sameAs\":[\"https:\/\/www.facebook.com\/eAgoraApp\",\"https:\/\/x.com\/EagoraApp\",\"https:\/\/www.instagram.com\/eagora.app\/\",\"https:\/\/www.linkedin.com\/company\/eagora\",\"https:\/\/www.youtube.com\/@eAgoraApp\"]},{\"@type\":\"Person\",\"@id\":\"https:\/\/www.eagora.app\/ca\/#\/schema\/person\/f1036a22998d81569495936c2aa9cb32\",\"name\":\"Roser Vallve\",\"image\":{\"@type\":\"ImageObject\",\"inLanguage\":\"ca\",\"@id\":\"https:\/\/www.eagora.app\/ca\/#\/schema\/person\/image\/\",\"url\":\"https:\/\/secure.gravatar.com\/avatar\/0399a104ac4b8ad3b6f7161df883d725e4edadfe16802877923fe80093335413?s=96&d=mm&r=g\",\"contentUrl\":\"https:\/\/secure.gravatar.com\/avatar\/0399a104ac4b8ad3b6f7161df883d725e4edadfe16802877923fe80093335413?s=96&d=mm&r=g\",\"caption\":\"Roser Vallve\"}}]}<\/script>\n<!-- \/ Yoast SEO Premium plugin. -->","yoast_head_json":{"title":"El poder de compartir: enfortint la xarxa comunit\u00e0ria","description":"Explorarem la import\u00e0ncia de construir comunitats s\u00f2lides i les eines disponibles per enfortir aquestes connexions.","robots":{"index":"index","follow":"follow","max-snippet":"max-snippet:-1","max-image-preview":"max-image-preview:large","max-video-preview":"max-video-preview:-1"},"canonical":"https:\/\/www.eagora.app\/ca\/conocimiento\/el-poder-de-compartir-enfortint-la-xarxa-comunitaria\/","og_locale":"ca_ES","og_type":"article","og_title":"El poder de compartir: enfortint la xarxa comunit\u00e0ria","og_description":"Explorarem la import\u00e0ncia de construir comunitats s\u00f2lides i les eines disponibles per enfortir aquestes connexions.","og_url":"https:\/\/www.eagora.app\/ca\/conocimiento\/el-poder-de-compartir-enfortint-la-xarxa-comunitaria\/","og_site_name":"eAgora","article_publisher":"https:\/\/www.facebook.com\/eAgoraApp","article_published_time":"2023-10-26T14:43:06+00:00","article_modified_time":"2023-11-06T10:34:52+00:00","og_image":[{"width":1920,"height":1080,"url":"https:\/\/www.eagora.app\/wp-content\/uploads\/2023\/10\/BLOG-portadas-posts-3.png","type":"image\/png"}],"author":"Roser Vallve","twitter_card":"summary_large_image","twitter_creator":"@EagoraApp","twitter_site":"@EagoraApp","twitter_misc":{"Escrit per":"Roser Vallve","Temps estimat de lectura":"7 minuts"},"schema":{"@context":"https:\/\/schema.org","@graph":[{"@type":"Article","@id":"https:\/\/www.eagora.app\/ca\/conocimiento\/el-poder-de-compartir-enfortint-la-xarxa-comunitaria\/#article","isPartOf":{"@id":"https:\/\/www.eagora.app\/ca\/conocimiento\/el-poder-de-compartir-enfortint-la-xarxa-comunitaria\/"},"author":{"name":"Roser Vallve","@id":"https:\/\/www.eagora.app\/ca\/#\/schema\/person\/f1036a22998d81569495936c2aa9cb32"},"headline":"El poder de compartir: enfortint la xarxa comunit\u00e0ria","datePublished":"2023-10-26T14:43:06+00:00","dateModified":"2023-11-06T10:34:52+00:00","mainEntityOfPage":{"@id":"https:\/\/www.eagora.app\/ca\/conocimiento\/el-poder-de-compartir-enfortint-la-xarxa-comunitaria\/"},"wordCount":1509,"publisher":{"@id":"https:\/\/www.eagora.app\/ca\/#organization"},"image":{"@id":"https:\/\/www.eagora.app\/ca\/conocimiento\/el-poder-de-compartir-enfortint-la-xarxa-comunitaria\/#primaryimage"},"thumbnailUrl":"https:\/\/www.eagora.app\/wp-content\/uploads\/2023\/10\/BLOG-portadas-posts-3.png","articleSection":["Not\u00edcies","Tutorials"],"inLanguage":"ca"},{"@type":"WebPage","@id":"https:\/\/www.eagora.app\/ca\/conocimiento\/el-poder-de-compartir-enfortint-la-xarxa-comunitaria\/","url":"https:\/\/www.eagora.app\/ca\/conocimiento\/el-poder-de-compartir-enfortint-la-xarxa-comunitaria\/","name":"El poder de compartir: enfortint la xarxa comunit\u00e0ria","isPartOf":{"@id":"https:\/\/www.eagora.app\/ca\/#website"},"primaryImageOfPage":{"@id":"https:\/\/www.eagora.app\/ca\/conocimiento\/el-poder-de-compartir-enfortint-la-xarxa-comunitaria\/#primaryimage"},"image":{"@id":"https:\/\/www.eagora.app\/ca\/conocimiento\/el-poder-de-compartir-enfortint-la-xarxa-comunitaria\/#primaryimage"},"thumbnailUrl":"https:\/\/www.eagora.app\/wp-content\/uploads\/2023\/10\/BLOG-portadas-posts-3.png","datePublished":"2023-10-26T14:43:06+00:00","dateModified":"2023-11-06T10:34:52+00:00","description":"Explorarem la import\u00e0ncia de construir comunitats s\u00f2lides i les eines disponibles per enfortir aquestes connexions.","breadcrumb":{"@id":"https:\/\/www.eagora.app\/ca\/conocimiento\/el-poder-de-compartir-enfortint-la-xarxa-comunitaria\/#breadcrumb"},"inLanguage":"ca","potentialAction":[{"@type":"ReadAction","target":["https:\/\/www.eagora.app\/ca\/conocimiento\/el-poder-de-compartir-enfortint-la-xarxa-comunitaria\/"]}]},{"@type":"ImageObject","inLanguage":"ca","@id":"https:\/\/www.eagora.app\/ca\/conocimiento\/el-poder-de-compartir-enfortint-la-xarxa-comunitaria\/#primaryimage","url":"https:\/\/www.eagora.app\/wp-content\/uploads\/2023\/10\/BLOG-portadas-posts-3.png","contentUrl":"https:\/\/www.eagora.app\/wp-content\/uploads\/2023\/10\/BLOG-portadas-posts-3.png","width":1920,"height":1080},{"@type":"BreadcrumbList","@id":"https:\/\/www.eagora.app\/ca\/conocimiento\/el-poder-de-compartir-enfortint-la-xarxa-comunitaria\/#breadcrumb","itemListElement":[{"@type":"ListItem","position":1,"name":"Inicio","item":"https:\/\/www.eagora.app\/ca\/"},{"@type":"ListItem","position":2,"name":"Coneixement","item":"https:\/\/www.eagora.app\/ca\/coneixement\/"},{"@type":"ListItem","position":3,"name":"El poder de compartir: enfortint la xarxa comunit\u00e0ria"}]},{"@type":"WebSite","@id":"https:\/\/www.eagora.app\/ca\/#website","url":"https:\/\/www.eagora.app\/ca\/","name":"eAgora","description":"La plataforma que nos conecta","publisher":{"@id":"https:\/\/www.eagora.app\/ca\/#organization"},"potentialAction":[{"@type":"SearchAction","target":{"@type":"EntryPoint","urlTemplate":"https:\/\/www.eagora.app\/ca\/?s={search_term_string}"},"query-input":{"@type":"PropertyValueSpecification","valueRequired":true,"valueName":"search_term_string"}}],"inLanguage":"ca"},{"@type":"Organization","@id":"https:\/\/www.eagora.app\/ca\/#organization","name":"eAgora","url":"https:\/\/www.eagora.app\/ca\/","logo":{"@type":"ImageObject","inLanguage":"ca","@id":"https:\/\/www.eagora.app\/ca\/#\/schema\/logo\/image\/","url":"https:\/\/www.eagora.app\/wp-content\/uploads\/2023\/02\/logo-eagora-emails.jpg","contentUrl":"https:\/\/www.eagora.app\/wp-content\/uploads\/2023\/02\/logo-eagora-emails.jpg","width":550,"height":146,"caption":"eAgora"},"image":{"@id":"https:\/\/www.eagora.app\/ca\/#\/schema\/logo\/image\/"},"sameAs":["https:\/\/www.facebook.com\/eAgoraApp","https:\/\/x.com\/EagoraApp","https:\/\/www.instagram.com\/eagora.app\/","https:\/\/www.linkedin.com\/company\/eagora","https:\/\/www.youtube.com\/@eAgoraApp"]},{"@type":"Person","@id":"https:\/\/www.eagora.app\/ca\/#\/schema\/person\/f1036a22998d81569495936c2aa9cb32","name":"Roser Vallve","image":{"@type":"ImageObject","inLanguage":"ca","@id":"https:\/\/www.eagora.app\/ca\/#\/schema\/person\/image\/","url":"https:\/\/secure.gravatar.com\/avatar\/0399a104ac4b8ad3b6f7161df883d725e4edadfe16802877923fe80093335413?s=96&d=mm&r=g","contentUrl":"https:\/\/secure.gravatar.com\/avatar\/0399a104ac4b8ad3b6f7161df883d725e4edadfe16802877923fe80093335413?s=96&d=mm&r=g","caption":"Roser Vallve"}}]}},"jetpack_featured_media_url":"https:\/\/www.eagora.app\/wp-content\/uploads\/2023\/10\/BLOG-portadas-posts-3.png","jetpack_sharing_enabled":true,"_links":{"self":[{"href":"https:\/\/www.eagora.app\/ca\/wp-json\/wp\/v2\/posts\/20420","targetHints":{"allow":["GET"]}}],"collection":[{"href":"https:\/\/www.eagora.app\/ca\/wp-json\/wp\/v2\/posts"}],"about":[{"href":"https:\/\/www.eagora.app\/ca\/wp-json\/wp\/v2\/types\/post"}],"author":[{"embeddable":true,"href":"https:\/\/www.eagora.app\/ca\/wp-json\/wp\/v2\/users\/872"}],"replies":[{"embeddable":true,"href":"https:\/\/www.eagora.app\/ca\/wp-json\/wp\/v2\/comments?post=20420"}],"version-history":[{"count":0,"href":"https:\/\/www.eagora.app\/ca\/wp-json\/wp\/v2\/posts\/20420\/revisions"}],"wp:featuredmedia":[{"embeddable":true,"href":"https:\/\/www.eagora.app\/ca\/wp-json\/wp\/v2\/media\/20607"}],"wp:attachment":[{"href":"https:\/\/www.eagora.app\/ca\/wp-json\/wp\/v2\/media?parent=20420"}],"wp:term":[{"taxonomy":"category","embeddable":true,"href":"https:\/\/www.eagora.app\/ca\/wp-json\/wp\/v2\/categories?post=20420"},{"taxonomy":"post_tag","embeddable":true,"href":"https:\/\/www.eagora.app\/ca\/wp-json\/wp\/v2\/tags?post=20420"}],"curies":[{"name":"wp","href":"https:\/\/api.w.org\/{rel}","templated":true}]}}