{"id":19445,"date":"2023-09-29T10:51:17","date_gmt":"2023-09-29T08:51:17","guid":{"rendered":"https:\/\/www.eagora.app\/coneix-nos-de-prop-eagora-participara-a-la-fira-municipalia-i-al-cnis-aquest-octubre\/"},"modified":"2023-09-29T10:51:17","modified_gmt":"2023-09-29T08:51:17","slug":"coneix-nos-de-prop-eagora-participara-a-la-fira-municipalia-i-al-cnis-aquest-octubre","status":"publish","type":"post","link":"https:\/\/www.eagora.app\/ca\/conocimiento\/coneix-nos-de-prop-eagora-participara-a-la-fira-municipalia-i-al-cnis-aquest-octubre\/","title":{"rendered":"Coneix-nos de prop: eAgora participar\u00e0 a la Fira Municipalia i al CNIS aquest octubre"},"content":{"rendered":"<p style=\"text-align: center;\"><em>Coneix-nos de prop: eAgora participar\u00e0 a la Fira Municipalia i al CNIS aquest octubre<\/em><\/p>\n<p>&nbsp;<\/p>\n<h2><a href=\"https:\/\/www.cnis.es\">CNIS, XIII Congr\u00e9s Nacional d&#8217;Innovaci\u00f3 i Serveis P\u00fablics<\/a><\/h2>\n<div>\n<p>Del <strong>10 al 11 doctubre<\/strong>, lequip eAgora estar\u00e0 present al Congr\u00e9s CNIS, un esdeveniment de gran rellev\u00e0ncia en l\u00e0mbit de la <strong>gesti\u00f3 de la informaci\u00f3 i la tecnologia destinada a les administracions p\u00fabliques<\/strong>. Aquest esdeveniment es dur\u00e0 a terme a <strong>La Nave (Madrid)<\/strong> sota el lema: &#8220;Innovant amb Intel\u00b7lig\u00e8ncia a les Administracions P\u00fabliques&#8221;.<\/p>\n<p>M\u00e9s d&#8217;un centenar d&#8217;experts, representants de tots els nivells d&#8217;administraci\u00f3, seran acollits al CNIS 2023 per guiar tots els assistents en el cam\u00ed cap a la innovaci\u00f3 a les administracions p\u00fabliques. <strong>Esperem la vostra visita a la zona d&#8217;estands del congr\u00e9s!<\/strong><\/p>\n<p>&nbsp;<\/p>\n<p>No deixeu passar aquesta oportunitat de submergir-vos en el m\u00f3n de les <strong>solucions tecnol\u00f2giques per a l&#8217;administraci\u00f3 p\u00fablica<\/strong> i descobrir com podem contribuir a l&#8217;aven\u00e7 i l&#8217;efici\u00e8ncia de la vostra entitat. T&#8217;esperem al Congr\u00e9s CNIS!<\/p>\n<p>&nbsp;<\/p>\n<\/div>\n<h2><a href=\"https:\/\/firadelleida.com\/municipalia\/ca\/\">Municipalia, fira de serveis i equipaments per a municipis<\/a><\/h2>\n<div>Del <b>17 al 19 d&#8217;octubre<\/b> l&#8217;equip eAgora participarem a la <b>fira Municipalia<\/b>, un esdeveniment de gran rellev\u00e0ncia dedicat als <b>serveis i equipaments destinats als municipis<\/b>. Aquest esdeveniment tindr\u00e0 lloc a les instal\u00b7lacions de <b>Fira Lleida<\/b>.<\/div>\n<div><\/div>\n<div>\n<div style=\"text-align: left;\">Ens podr\u00e0s trobar a:<\/div>\n<div style=\"text-align: left;\">\ud83d\udccdPavell\u00f3 4<\/div>\n<div style=\"text-align: left;\">\u26fa Stand 436<\/div>\n<div style=\"text-align: left;\">Vine a con\u00e8ixer-nos!<\/div>\n<div><\/div>\n<\/div>\n<div>No us perdeu aquesta oportunitat d&#8217;immersar-vos en el <b>m\u00f3n de les solucions municipals<\/b> i descobrir com podem contribuir al creixement i desenvolupament de la vostra comunitat. <b>T&#8217;esperem a la fira Municipalia a Fira Lleida!<\/b><\/div>\n<div><\/div>\n<div><\/div>\n<div>\n<h2>Descobreix eAgora de prop<\/h2>\n<p><em>eAgora participar\u00e0 a la Fira Municipalia i al CNIS aquest octubre<\/em><\/p>\n<div>\n<div>Et convidem que ens visitis aquest mes d&#8217;octubre al congr\u00e9s CNIS i la fira Municipalia, estarem encantats de rebre&#8217;t als nostres estands i proporcionar-te tota la <strong>informaci\u00f3 detallada sobre les nostres solucions i serveis<\/strong> especialment <strong>dissenyats per a les necessitats dels municipis<\/strong>.<\/div>\n<div><strong>Tindr\u00e0s l&#8217;oportunitat de con\u00e8ixer-nos de prop, resoldre els teus dubtes i&#8230; descobrir algunes de les sorpreses que t&#8217;hem preparat! \ud83e\udd2b<\/strong><\/div>\n<div style=\"text-align: center;\"><\/div>\n<\/div>\n<\/div>\n","protected":false},"excerpt":{"rendered":"<p>Coneix-nos de prop: eAgora participar\u00e0 a la Fira Municipalia i al CNIS aquest octubre &nbsp; CNIS, XIII Congr\u00e9s Nacional d&#8217;Innovaci\u00f3 i Serveis P\u00fablics Del 10 al 11 doctubre, lequip eAgora estar\u00e0 present al Congr\u00e9s CNIS, un esdeveniment de gran rellev\u00e0ncia en l\u00e0mbit de la gesti\u00f3 de la informaci\u00f3 i la tecnologia destinada a les administracions [&hellip;]<\/p>\n","protected":false},"author":872,"featured_media":19425,"comment_status":"closed","ping_status":"open","sticky":false,"template":"","format":"standard","meta":{"content-type":"","_jetpack_memberships_contains_paid_content":false,"_joinchat":[],"footnotes":""},"categories":[114],"tags":[],"class_list":["post-19445","post","type-post","status-publish","format-standard","has-post-thumbnail","hentry","category-noticies"],"yoast_head":"<!-- This site is optimized with the Yoast SEO Premium plugin v27.0 (Yoast SEO v27.0) - https:\/\/yoast.com\/product\/yoast-seo-premium-wordpress\/ -->\n<title>eAgora participar\u00e0 a la Fira Municipalia i al CNIS aquest octubre<\/title>\n<meta name=\"description\" content=\"eAgora participar\u00e1 en la Feria Municipalia y al CNIS este octubre. Tindr\u00e0s l&#039;oportunitat de con\u00e8ixer-nos de prop i resoldre els teus dubtes!\" \/>\n<meta name=\"robots\" content=\"index, follow, max-snippet:-1, max-image-preview:large, max-video-preview:-1\" \/>\n<link rel=\"canonical\" href=\"https:\/\/www.eagora.app\/ca\/conocimiento\/coneix-nos-de-prop-eagora-participara-a-la-fira-municipalia-i-al-cnis-aquest-octubre\/\" \/>\n<meta property=\"og:locale\" content=\"ca_ES\" \/>\n<meta property=\"og:type\" content=\"article\" \/>\n<meta property=\"og:title\" content=\"Coneix-nos de prop: eAgora participar\u00e0 a la Fira Municipalia i al CNIS aquest octubre\" \/>\n<meta property=\"og:description\" content=\"eAgora participar\u00e1 en la Feria Municipalia y al CNIS este octubre. Tindr\u00e0s l&#039;oportunitat de con\u00e8ixer-nos de prop i resoldre els teus dubtes!\" \/>\n<meta property=\"og:url\" content=\"https:\/\/www.eagora.app\/ca\/conocimiento\/coneix-nos-de-prop-eagora-participara-a-la-fira-municipalia-i-al-cnis-aquest-octubre\/\" \/>\n<meta property=\"og:site_name\" content=\"eAgora\" \/>\n<meta property=\"article:publisher\" content=\"https:\/\/www.facebook.com\/eAgoraApp\" \/>\n<meta property=\"article:published_time\" content=\"2023-09-29T08:51:17+00:00\" \/>\n<meta property=\"og:image\" content=\"https:\/\/www.eagora.app\/wp-content\/uploads\/2023\/09\/BLOG-portadas-posts-1.jpg\" \/>\n\t<meta property=\"og:image:width\" content=\"1920\" \/>\n\t<meta property=\"og:image:height\" content=\"1080\" \/>\n\t<meta property=\"og:image:type\" content=\"image\/jpeg\" \/>\n<meta name=\"author\" content=\"Roser Vallve\" \/>\n<meta name=\"twitter:card\" content=\"summary_large_image\" \/>\n<meta name=\"twitter:creator\" content=\"@EagoraApp\" \/>\n<meta name=\"twitter:site\" content=\"@EagoraApp\" \/>\n<meta name=\"twitter:label1\" content=\"Escrit per\" \/>\n\t<meta name=\"twitter:data1\" content=\"Roser Vallve\" \/>\n\t<meta name=\"twitter:label2\" content=\"Temps estimat de lectura\" \/>\n\t<meta name=\"twitter:data2\" content=\"2 minuts\" \/>\n<script type=\"application\/ld+json\" class=\"yoast-schema-graph\">{\"@context\":\"https:\/\/schema.org\",\"@graph\":[{\"@type\":\"Article\",\"@id\":\"https:\/\/www.eagora.app\/ca\/conocimiento\/coneix-nos-de-prop-eagora-participara-a-la-fira-municipalia-i-al-cnis-aquest-octubre\/#article\",\"isPartOf\":{\"@id\":\"https:\/\/www.eagora.app\/ca\/conocimiento\/coneix-nos-de-prop-eagora-participara-a-la-fira-municipalia-i-al-cnis-aquest-octubre\/\"},\"author\":{\"name\":\"Roser Vallve\",\"@id\":\"https:\/\/www.eagora.app\/ca\/#\/schema\/person\/f1036a22998d81569495936c2aa9cb32\"},\"headline\":\"Coneix-nos de prop: eAgora participar\u00e0 a la Fira Municipalia i al CNIS aquest octubre\",\"datePublished\":\"2023-09-29T08:51:17+00:00\",\"mainEntityOfPage\":{\"@id\":\"https:\/\/www.eagora.app\/ca\/conocimiento\/coneix-nos-de-prop-eagora-participara-a-la-fira-municipalia-i-al-cnis-aquest-octubre\/\"},\"wordCount\":368,\"publisher\":{\"@id\":\"https:\/\/www.eagora.app\/ca\/#organization\"},\"image\":{\"@id\":\"https:\/\/www.eagora.app\/ca\/conocimiento\/coneix-nos-de-prop-eagora-participara-a-la-fira-municipalia-i-al-cnis-aquest-octubre\/#primaryimage\"},\"thumbnailUrl\":\"https:\/\/www.eagora.app\/wp-content\/uploads\/2023\/09\/BLOG-portadas-posts-1.jpg\",\"articleSection\":[\"Not\u00edcies\"],\"inLanguage\":\"ca\"},{\"@type\":\"WebPage\",\"@id\":\"https:\/\/www.eagora.app\/ca\/conocimiento\/coneix-nos-de-prop-eagora-participara-a-la-fira-municipalia-i-al-cnis-aquest-octubre\/\",\"url\":\"https:\/\/www.eagora.app\/ca\/conocimiento\/coneix-nos-de-prop-eagora-participara-a-la-fira-municipalia-i-al-cnis-aquest-octubre\/\",\"name\":\"eAgora participar\u00e0 a la Fira Municipalia i al CNIS aquest octubre\",\"isPartOf\":{\"@id\":\"https:\/\/www.eagora.app\/ca\/#website\"},\"primaryImageOfPage\":{\"@id\":\"https:\/\/www.eagora.app\/ca\/conocimiento\/coneix-nos-de-prop-eagora-participara-a-la-fira-municipalia-i-al-cnis-aquest-octubre\/#primaryimage\"},\"image\":{\"@id\":\"https:\/\/www.eagora.app\/ca\/conocimiento\/coneix-nos-de-prop-eagora-participara-a-la-fira-municipalia-i-al-cnis-aquest-octubre\/#primaryimage\"},\"thumbnailUrl\":\"https:\/\/www.eagora.app\/wp-content\/uploads\/2023\/09\/BLOG-portadas-posts-1.jpg\",\"datePublished\":\"2023-09-29T08:51:17+00:00\",\"description\":\"eAgora participar\u00e1 en la Feria Municipalia y al CNIS este octubre. Tindr\u00e0s l'oportunitat de con\u00e8ixer-nos de prop i resoldre els teus dubtes!\",\"breadcrumb\":{\"@id\":\"https:\/\/www.eagora.app\/ca\/conocimiento\/coneix-nos-de-prop-eagora-participara-a-la-fira-municipalia-i-al-cnis-aquest-octubre\/#breadcrumb\"},\"inLanguage\":\"ca\",\"potentialAction\":[{\"@type\":\"ReadAction\",\"target\":[\"https:\/\/www.eagora.app\/ca\/conocimiento\/coneix-nos-de-prop-eagora-participara-a-la-fira-municipalia-i-al-cnis-aquest-octubre\/\"]}]},{\"@type\":\"ImageObject\",\"inLanguage\":\"ca\",\"@id\":\"https:\/\/www.eagora.app\/ca\/conocimiento\/coneix-nos-de-prop-eagora-participara-a-la-fira-municipalia-i-al-cnis-aquest-octubre\/#primaryimage\",\"url\":\"https:\/\/www.eagora.app\/wp-content\/uploads\/2023\/09\/BLOG-portadas-posts-1.jpg\",\"contentUrl\":\"https:\/\/www.eagora.app\/wp-content\/uploads\/2023\/09\/BLOG-portadas-posts-1.jpg\",\"width\":1920,\"height\":1080},{\"@type\":\"BreadcrumbList\",\"@id\":\"https:\/\/www.eagora.app\/ca\/conocimiento\/coneix-nos-de-prop-eagora-participara-a-la-fira-municipalia-i-al-cnis-aquest-octubre\/#breadcrumb\",\"itemListElement\":[{\"@type\":\"ListItem\",\"position\":1,\"name\":\"Inicio\",\"item\":\"https:\/\/www.eagora.app\/ca\/\"},{\"@type\":\"ListItem\",\"position\":2,\"name\":\"Coneixement\",\"item\":\"https:\/\/www.eagora.app\/ca\/coneixement\/\"},{\"@type\":\"ListItem\",\"position\":3,\"name\":\"Coneix-nos de prop: eAgora participar\u00e0 a la Fira Municipalia i al CNIS aquest octubre\"}]},{\"@type\":\"WebSite\",\"@id\":\"https:\/\/www.eagora.app\/ca\/#website\",\"url\":\"https:\/\/www.eagora.app\/ca\/\",\"name\":\"eAgora\",\"description\":\"La plataforma que nos conecta\",\"publisher\":{\"@id\":\"https:\/\/www.eagora.app\/ca\/#organization\"},\"potentialAction\":[{\"@type\":\"SearchAction\",\"target\":{\"@type\":\"EntryPoint\",\"urlTemplate\":\"https:\/\/www.eagora.app\/ca\/?s={search_term_string}\"},\"query-input\":{\"@type\":\"PropertyValueSpecification\",\"valueRequired\":true,\"valueName\":\"search_term_string\"}}],\"inLanguage\":\"ca\"},{\"@type\":\"Organization\",\"@id\":\"https:\/\/www.eagora.app\/ca\/#organization\",\"name\":\"eAgora\",\"url\":\"https:\/\/www.eagora.app\/ca\/\",\"logo\":{\"@type\":\"ImageObject\",\"inLanguage\":\"ca\",\"@id\":\"https:\/\/www.eagora.app\/ca\/#\/schema\/logo\/image\/\",\"url\":\"https:\/\/www.eagora.app\/wp-content\/uploads\/2023\/02\/logo-eagora-emails.jpg\",\"contentUrl\":\"https:\/\/www.eagora.app\/wp-content\/uploads\/2023\/02\/logo-eagora-emails.jpg\",\"width\":550,\"height\":146,\"caption\":\"eAgora\"},\"image\":{\"@id\":\"https:\/\/www.eagora.app\/ca\/#\/schema\/logo\/image\/\"},\"sameAs\":[\"https:\/\/www.facebook.com\/eAgoraApp\",\"https:\/\/x.com\/EagoraApp\",\"https:\/\/www.instagram.com\/eagora.app\/\",\"https:\/\/www.linkedin.com\/company\/eagora\",\"https:\/\/www.youtube.com\/@eAgoraApp\"]},{\"@type\":\"Person\",\"@id\":\"https:\/\/www.eagora.app\/ca\/#\/schema\/person\/f1036a22998d81569495936c2aa9cb32\",\"name\":\"Roser Vallve\",\"image\":{\"@type\":\"ImageObject\",\"inLanguage\":\"ca\",\"@id\":\"https:\/\/www.eagora.app\/ca\/#\/schema\/person\/image\/\",\"url\":\"https:\/\/secure.gravatar.com\/avatar\/0399a104ac4b8ad3b6f7161df883d725e4edadfe16802877923fe80093335413?s=96&d=mm&r=g\",\"contentUrl\":\"https:\/\/secure.gravatar.com\/avatar\/0399a104ac4b8ad3b6f7161df883d725e4edadfe16802877923fe80093335413?s=96&d=mm&r=g\",\"caption\":\"Roser Vallve\"}}]}<\/script>\n<!-- \/ Yoast SEO Premium plugin. -->","yoast_head_json":{"title":"eAgora participar\u00e0 a la Fira Municipalia i al CNIS aquest octubre","description":"eAgora participar\u00e1 en la Feria Municipalia y al CNIS este octubre. Tindr\u00e0s l'oportunitat de con\u00e8ixer-nos de prop i resoldre els teus dubtes!","robots":{"index":"index","follow":"follow","max-snippet":"max-snippet:-1","max-image-preview":"max-image-preview:large","max-video-preview":"max-video-preview:-1"},"canonical":"https:\/\/www.eagora.app\/ca\/conocimiento\/coneix-nos-de-prop-eagora-participara-a-la-fira-municipalia-i-al-cnis-aquest-octubre\/","og_locale":"ca_ES","og_type":"article","og_title":"Coneix-nos de prop: eAgora participar\u00e0 a la Fira Municipalia i al CNIS aquest octubre","og_description":"eAgora participar\u00e1 en la Feria Municipalia y al CNIS este octubre. Tindr\u00e0s l'oportunitat de con\u00e8ixer-nos de prop i resoldre els teus dubtes!","og_url":"https:\/\/www.eagora.app\/ca\/conocimiento\/coneix-nos-de-prop-eagora-participara-a-la-fira-municipalia-i-al-cnis-aquest-octubre\/","og_site_name":"eAgora","article_publisher":"https:\/\/www.facebook.com\/eAgoraApp","article_published_time":"2023-09-29T08:51:17+00:00","og_image":[{"width":1920,"height":1080,"url":"https:\/\/www.eagora.app\/wp-content\/uploads\/2023\/09\/BLOG-portadas-posts-1.jpg","type":"image\/jpeg"}],"author":"Roser Vallve","twitter_card":"summary_large_image","twitter_creator":"@EagoraApp","twitter_site":"@EagoraApp","twitter_misc":{"Escrit per":"Roser Vallve","Temps estimat de lectura":"2 minuts"},"schema":{"@context":"https:\/\/schema.org","@graph":[{"@type":"Article","@id":"https:\/\/www.eagora.app\/ca\/conocimiento\/coneix-nos-de-prop-eagora-participara-a-la-fira-municipalia-i-al-cnis-aquest-octubre\/#article","isPartOf":{"@id":"https:\/\/www.eagora.app\/ca\/conocimiento\/coneix-nos-de-prop-eagora-participara-a-la-fira-municipalia-i-al-cnis-aquest-octubre\/"},"author":{"name":"Roser Vallve","@id":"https:\/\/www.eagora.app\/ca\/#\/schema\/person\/f1036a22998d81569495936c2aa9cb32"},"headline":"Coneix-nos de prop: eAgora participar\u00e0 a la Fira Municipalia i al CNIS aquest octubre","datePublished":"2023-09-29T08:51:17+00:00","mainEntityOfPage":{"@id":"https:\/\/www.eagora.app\/ca\/conocimiento\/coneix-nos-de-prop-eagora-participara-a-la-fira-municipalia-i-al-cnis-aquest-octubre\/"},"wordCount":368,"publisher":{"@id":"https:\/\/www.eagora.app\/ca\/#organization"},"image":{"@id":"https:\/\/www.eagora.app\/ca\/conocimiento\/coneix-nos-de-prop-eagora-participara-a-la-fira-municipalia-i-al-cnis-aquest-octubre\/#primaryimage"},"thumbnailUrl":"https:\/\/www.eagora.app\/wp-content\/uploads\/2023\/09\/BLOG-portadas-posts-1.jpg","articleSection":["Not\u00edcies"],"inLanguage":"ca"},{"@type":"WebPage","@id":"https:\/\/www.eagora.app\/ca\/conocimiento\/coneix-nos-de-prop-eagora-participara-a-la-fira-municipalia-i-al-cnis-aquest-octubre\/","url":"https:\/\/www.eagora.app\/ca\/conocimiento\/coneix-nos-de-prop-eagora-participara-a-la-fira-municipalia-i-al-cnis-aquest-octubre\/","name":"eAgora participar\u00e0 a la Fira Municipalia i al CNIS aquest octubre","isPartOf":{"@id":"https:\/\/www.eagora.app\/ca\/#website"},"primaryImageOfPage":{"@id":"https:\/\/www.eagora.app\/ca\/conocimiento\/coneix-nos-de-prop-eagora-participara-a-la-fira-municipalia-i-al-cnis-aquest-octubre\/#primaryimage"},"image":{"@id":"https:\/\/www.eagora.app\/ca\/conocimiento\/coneix-nos-de-prop-eagora-participara-a-la-fira-municipalia-i-al-cnis-aquest-octubre\/#primaryimage"},"thumbnailUrl":"https:\/\/www.eagora.app\/wp-content\/uploads\/2023\/09\/BLOG-portadas-posts-1.jpg","datePublished":"2023-09-29T08:51:17+00:00","description":"eAgora participar\u00e1 en la Feria Municipalia y al CNIS este octubre. Tindr\u00e0s l'oportunitat de con\u00e8ixer-nos de prop i resoldre els teus dubtes!","breadcrumb":{"@id":"https:\/\/www.eagora.app\/ca\/conocimiento\/coneix-nos-de-prop-eagora-participara-a-la-fira-municipalia-i-al-cnis-aquest-octubre\/#breadcrumb"},"inLanguage":"ca","potentialAction":[{"@type":"ReadAction","target":["https:\/\/www.eagora.app\/ca\/conocimiento\/coneix-nos-de-prop-eagora-participara-a-la-fira-municipalia-i-al-cnis-aquest-octubre\/"]}]},{"@type":"ImageObject","inLanguage":"ca","@id":"https:\/\/www.eagora.app\/ca\/conocimiento\/coneix-nos-de-prop-eagora-participara-a-la-fira-municipalia-i-al-cnis-aquest-octubre\/#primaryimage","url":"https:\/\/www.eagora.app\/wp-content\/uploads\/2023\/09\/BLOG-portadas-posts-1.jpg","contentUrl":"https:\/\/www.eagora.app\/wp-content\/uploads\/2023\/09\/BLOG-portadas-posts-1.jpg","width":1920,"height":1080},{"@type":"BreadcrumbList","@id":"https:\/\/www.eagora.app\/ca\/conocimiento\/coneix-nos-de-prop-eagora-participara-a-la-fira-municipalia-i-al-cnis-aquest-octubre\/#breadcrumb","itemListElement":[{"@type":"ListItem","position":1,"name":"Inicio","item":"https:\/\/www.eagora.app\/ca\/"},{"@type":"ListItem","position":2,"name":"Coneixement","item":"https:\/\/www.eagora.app\/ca\/coneixement\/"},{"@type":"ListItem","position":3,"name":"Coneix-nos de prop: eAgora participar\u00e0 a la Fira Municipalia i al CNIS aquest octubre"}]},{"@type":"WebSite","@id":"https:\/\/www.eagora.app\/ca\/#website","url":"https:\/\/www.eagora.app\/ca\/","name":"eAgora","description":"La plataforma que nos conecta","publisher":{"@id":"https:\/\/www.eagora.app\/ca\/#organization"},"potentialAction":[{"@type":"SearchAction","target":{"@type":"EntryPoint","urlTemplate":"https:\/\/www.eagora.app\/ca\/?s={search_term_string}"},"query-input":{"@type":"PropertyValueSpecification","valueRequired":true,"valueName":"search_term_string"}}],"inLanguage":"ca"},{"@type":"Organization","@id":"https:\/\/www.eagora.app\/ca\/#organization","name":"eAgora","url":"https:\/\/www.eagora.app\/ca\/","logo":{"@type":"ImageObject","inLanguage":"ca","@id":"https:\/\/www.eagora.app\/ca\/#\/schema\/logo\/image\/","url":"https:\/\/www.eagora.app\/wp-content\/uploads\/2023\/02\/logo-eagora-emails.jpg","contentUrl":"https:\/\/www.eagora.app\/wp-content\/uploads\/2023\/02\/logo-eagora-emails.jpg","width":550,"height":146,"caption":"eAgora"},"image":{"@id":"https:\/\/www.eagora.app\/ca\/#\/schema\/logo\/image\/"},"sameAs":["https:\/\/www.facebook.com\/eAgoraApp","https:\/\/x.com\/EagoraApp","https:\/\/www.instagram.com\/eagora.app\/","https:\/\/www.linkedin.com\/company\/eagora","https:\/\/www.youtube.com\/@eAgoraApp"]},{"@type":"Person","@id":"https:\/\/www.eagora.app\/ca\/#\/schema\/person\/f1036a22998d81569495936c2aa9cb32","name":"Roser Vallve","image":{"@type":"ImageObject","inLanguage":"ca","@id":"https:\/\/www.eagora.app\/ca\/#\/schema\/person\/image\/","url":"https:\/\/secure.gravatar.com\/avatar\/0399a104ac4b8ad3b6f7161df883d725e4edadfe16802877923fe80093335413?s=96&d=mm&r=g","contentUrl":"https:\/\/secure.gravatar.com\/avatar\/0399a104ac4b8ad3b6f7161df883d725e4edadfe16802877923fe80093335413?s=96&d=mm&r=g","caption":"Roser Vallve"}}]}},"jetpack_featured_media_url":"https:\/\/www.eagora.app\/wp-content\/uploads\/2023\/09\/BLOG-portadas-posts-1.jpg","jetpack_sharing_enabled":true,"_links":{"self":[{"href":"https:\/\/www.eagora.app\/ca\/wp-json\/wp\/v2\/posts\/19445","targetHints":{"allow":["GET"]}}],"collection":[{"href":"https:\/\/www.eagora.app\/ca\/wp-json\/wp\/v2\/posts"}],"about":[{"href":"https:\/\/www.eagora.app\/ca\/wp-json\/wp\/v2\/types\/post"}],"author":[{"embeddable":true,"href":"https:\/\/www.eagora.app\/ca\/wp-json\/wp\/v2\/users\/872"}],"replies":[{"embeddable":true,"href":"https:\/\/www.eagora.app\/ca\/wp-json\/wp\/v2\/comments?post=19445"}],"version-history":[{"count":0,"href":"https:\/\/www.eagora.app\/ca\/wp-json\/wp\/v2\/posts\/19445\/revisions"}],"wp:featuredmedia":[{"embeddable":true,"href":"https:\/\/www.eagora.app\/ca\/wp-json\/wp\/v2\/media\/19425"}],"wp:attachment":[{"href":"https:\/\/www.eagora.app\/ca\/wp-json\/wp\/v2\/media?parent=19445"}],"wp:term":[{"taxonomy":"category","embeddable":true,"href":"https:\/\/www.eagora.app\/ca\/wp-json\/wp\/v2\/categories?post=19445"},{"taxonomy":"post_tag","embeddable":true,"href":"https:\/\/www.eagora.app\/ca\/wp-json\/wp\/v2\/tags?post=19445"}],"curies":[{"name":"wp","href":"https:\/\/api.w.org\/{rel}","templated":true}]}}