{"id":19081,"date":"2023-09-13T11:57:02","date_gmt":"2023-09-13T09:57:02","guid":{"rendered":"https:\/\/www.eagora.app\/el-protocol-de-tiana-fita-collectiva-per-la-igualtat-i-seguretat-%f0%9f%8e%89\/"},"modified":"2023-09-13T11:57:02","modified_gmt":"2023-09-13T09:57:02","slug":"el-protocol-de-tiana-fita-collectiva-per-la-igualtat-i-seguretat-%f0%9f%8e%89","status":"publish","type":"post","link":"https:\/\/www.eagora.app\/ca\/conocimiento\/el-protocol-de-tiana-fita-collectiva-per-la-igualtat-i-seguretat\/","title":{"rendered":"El Protocol de Tiana: Fita Col\u00b7lectiva per la Igualtat i Seguretat \ud83c\udf89"},"content":{"rendered":"<p style=\"text-align: center;\"><strong><span class=\"OYPEnA text-decoration-none text-strikethrough-none\">El Protocol de Tiana:<\/span> <span class=\"OYPEnA text-decoration-none text-strikethrough-none\">Fita Col\u00b7lectiva per la Igualtat i Seguretat<\/span> <\/strong><\/p>\n<p>L&#8217;<a href=\"https:\/\/tiana.cat\">Ajuntament de Tiana<\/a> ha aprovat un <strong>protocol festiu per a la Igualtat i Seguretat que reflecteix un \u00e8xit comunitari<\/strong> en la <strong>lluita contra la viol\u00e8ncia de g\u00e8nere i la LGTB-f\u00f2bia<\/strong> de la comunitat. A continuaci\u00f3, explorarem detalladament com aquest protocol est\u00e0 marcant una fita en la promoci\u00f3 de la seguretat i la igualtat en les celebracions de Tiana.<\/p>\n<p>&nbsp;<\/p>\n<h3>Una fita col\u00b7lectiva al poble \ud83e\udd1d<\/h3>\n<p><em><span class=\"OYPEnA text-decoration-none text-strikethrough-none\">El Protocol de Tiana:<\/span> <span class=\"OYPEnA text-decoration-none text-strikethrough-none\">Fita Col\u00b7lectiva per la Igualtat i Seguretat<\/span><\/em><\/p>\n<p>Tiana fa un pas ferm cap a la creaci\u00f3 d&#8217;un <strong>ambient festiu m\u00e9s segur i comprom\u00e8s<\/strong> en la lluita contra la viol\u00e8ncia de g\u00e8nere i la LGTB-f\u00f2bia. En un pas endavant important, l&#8217;Ajuntament d&#8217;aquesta localitat del Maresme ha donat llum verda a un <strong>protocol d&#8217;actuaci\u00f3 dissenyat espec\u00edficament per als espais festius<\/strong>. La regidora d&#8217;Igualtat, Eul\u00e0lia Serrat, ha destacat aquest \u00e8xit com una <strong>fita significativa per a la comunitat<\/strong>, subratllant-ne la import\u00e0ncia en la promoci\u00f3 d&#8217;un ambient festiu inclusiu i respectu\u00f3s. Aquest protocol, fruit d&#8217;un <strong>esfor\u00e7 col\u00b7lectiu<\/strong>, es presentar\u00e0 en societat just abans de l&#8217;esperada festa major de Sant Cebri\u00e0 i entrar\u00e0 en vigor durant els esdeveniments nocturns, marcant aix\u00ed un <strong>comprom\u00eds visible i tangible amb la seguretat i la igualtat a les festivitats<\/strong>. Tot i aix\u00f2, la seva gestaci\u00f3 es remunta a mesures pr\u00e8vies adoptades en festivitats anteriors, entre les quals es destaca la instal\u00b7laci\u00f3 del conegut &#8216;punt lila&#8217;. A m\u00e9s, cal destacar el <strong>paper actiu que han exercit diverses entitats locals<\/strong> en l&#8217;elaboraci\u00f3 i l&#8217;execuci\u00f3 d&#8217;aquest protocol, demostrant la import\u00e0ncia de la <strong>col\u00b7laboraci\u00f3 i el treball conjunt<\/strong> en la construcci\u00f3 d&#8217;una comunitat m\u00e9s igualit\u00e0ria i segura. Aquest protocol no nom\u00e9s cerca prevenir i abordar la viol\u00e8ncia de g\u00e8nere i la LGTB-f\u00f2bia en l&#8217;\u00e0mbit festiu, sin\u00f3 que tamb\u00e9 es proposa <strong>promoure la inclusi\u00f3, el respecte i la diversitat<\/strong> a totes les celebracions de Tiana.<\/p>\n<p>&nbsp;<\/p>\n<h3>Col\u00b7laboraci\u00f3 i esfor\u00e7 col\u00b7lectiu \ud83d\udc69\u200d\ud83d\udc69\u200d\ud83d\udc66\u200d\ud83d\udc66<\/h3>\n<p><em><span class=\"OYPEnA text-decoration-none text-strikethrough-none\">El Protocol de Tiana:<\/span> <span class=\"OYPEnA text-decoration-none text-strikethrough-none\">Fita Col\u00b7lectiva per la Igualtat i Seguretat<\/span><\/em><\/p>\n<p>&nbsp;<\/p>\n<blockquote>\n<h3 style=\"text-align: center;\">\ud83d\udce2 <a href=\"https:\/\/tiana.cat\/el-protocol-contra-les-violencies-sexuals-sactiva-aquesta-festa-major\/\">&#8220;Era imprescindible que la gent que protagonitza i viu les festes particip\u00e9s i s&#8217;hi impliqu\u00e9s&#8221;.<\/a><\/h3>\n<p>&nbsp;<\/p><\/blockquote>\n<div class=\"flex-1 overflow-hidden\">\n<div class=\"react-scroll-to-bottom--css-zvgcb-79elbk h-full dark:bg-gray-800\">\n<div class=\"react-scroll-to-bottom--css-zvgcb-1n7m0yu\">\n<div class=\"flex flex-col text-sm dark:bg-gray-800\">\n<div class=\"group w-full text-token-text-primary border-b border-black\/10 dark:border-gray-900\/50 bg-gray-50 dark:bg-[#444654]\" data-testid=\"conversation-turn-11\">\n<div class=\"flex p-4 gap-4 text-base md:gap-6 md:max-w-2xl lg:max-w-[38rem] xl:max-w-3xl md:py-6 lg:px-0 m-auto\">\n<div class=\"relative flex w-[calc(100%-50px)] flex-col gap-1 md:gap-3 lg:w-[calc(100%-115px)]\">\n<div class=\"flex flex-grow flex-col gap-3 max-w-full\">\n<div class=\"min-h-[20px] flex flex-col items-start gap-3 overflow-x-auto whitespace-pre-wrap break-words\">\n<p>Aquest protocol \u00e9s un exemple clar de la <strong>col\u00b7laboraci\u00f3 i l&#8217;esfor\u00e7 col\u00b7lectiu<\/strong> que poden aconseguir resultats significatius en la <strong>lluita contra la viol\u00e8ncia de g\u00e8nere i la LGTB-f\u00f2bia<\/strong>. Aquest esfor\u00e7 involucra una \u00e0mplia gamma d&#8217;actors que s&#8217;han unit per garantir la seguretat i la igualtat a les festivitats de la localitat.<\/p>\n<p>En primer lloc, l&#8217;Ajuntament de Tiana ha tingut un paper crucial en <strong>liderar aquest proc\u00e9s<\/strong>. Com a representants electes de la comunitat, han assumit la responsabilitat de <strong>prendre mesures concretes per abordar els desafiaments<\/strong> relacionats amb la seguretat i la discriminaci\u00f3 a les festivitats locals. El seu suport i el seu comprom\u00eds s\u00f3n fonamentals perqu\u00e8 el protocol sigui implementat de manera efectiva.<\/p>\n<p>A m\u00e9s, la <strong>col\u00b7laboraci\u00f3 s&#8217;est\u00e9n a entitats locals<\/strong> que tenen un <strong>paper actiu<\/strong> en l&#8217;organitzaci\u00f3 i la celebraci\u00f3 de les festivitats. Organitzacions com l\u2019AEiG Roger de Flor, Descorxats, la colla de diables Trempera Nostramu i ABAT han estat part integral d\u2019aquest proc\u00e9s. La seva participaci\u00f3 demostra el desig de les <strong>entitats culturals i socials de contribuir<\/strong> a un ambient festiu m\u00e9s segur i comprom\u00e8s amb la igualtat.<\/p>\n<p>Finalment, la comunitat en general ha tingut un paper actiu en la c<strong>reaci\u00f3 i implementaci\u00f3 d&#8217;aquest protocol<\/strong>. La participaci\u00f3 i el comprom\u00eds de les persones a t\u00edtol individual s\u00f3n fonamentals perqu\u00e8 aquestes mesures siguin realment efectives.<\/p>\n<p>&nbsp;<\/p>\n<p>Tots aquests actors treballant plegats demostren la determinaci\u00f3 de la comunitat de Tiana en la promoci\u00f3 d\u00b4un ambient festiu inclusiu, segur i respectu\u00f3s amb la diversitat.<\/p>\n<div class=\"markdown prose w-full break-words dark:prose-invert light\">\n<p>&nbsp;<\/p>\n<\/div>\n<div class=\"group w-full text-token-text-primary border-b border-black\/10 dark:border-gray-900\/50 bg-gray-50 dark:bg-[#444654]\" data-testid=\"conversation-turn-21\">\n<div class=\"flex p-4 gap-4 text-base md:gap-6 md:max-w-2xl lg:max-w-[38rem] xl:max-w-3xl md:py-6 lg:px-0 m-auto\">\n<div class=\"relative flex w-[calc(100%-50px)] flex-col gap-1 md:gap-3 lg:w-[calc(100%-115px)]\">\n<div class=\"flex flex-grow flex-col gap-3 max-w-full\">\n<div class=\"min-h-[20px] flex flex-col items-start gap-3 overflow-x-auto whitespace-pre-wrap break-words\">\n<div class=\"markdown prose w-full break-words dark:prose-invert light\">\n<h4><strong>\ud83c\udf08 \ud83d\udeba Un enfocament amb perspectiva de g\u00e8nere<\/strong><\/h4>\n<\/div>\n<\/div>\n<\/div>\n<\/div>\n<\/div>\n<\/div>\n<div class=\"markdown prose w-full break-words dark:prose-invert light\">\n<p>El protocol no nom\u00e9s es limita a la implementaci\u00f3 de mesures reactives, com l&#8217;atenci\u00f3 a v\u00edctimes d&#8217;agressions, sin\u00f3 que tamb\u00e9 adopta un <strong>enfocament proactiu i preventiu per garantir la seguretat i la igualtat<\/strong> a les festivitats de Tiana. Entre les iniciatives m\u00e9s destacades hi ha la planificaci\u00f3 de la programaci\u00f3 festiva des d&#8217;una perspectiva de g\u00e8nere.<\/p>\n<p>Aquest enfocament significa que lorganitzaci\u00f3 dels esdeveniments festius es dur\u00e0 a terme tenint en compte les difer\u00e8ncies de g\u00e8nere i promovent la igualtat. Aix\u00f2 pot incloure la <strong>diversificaci\u00f3 de les activitats festives perqu\u00e8 siguin inclusives i accessibles<\/strong> per a totes les persones, independentment del g\u00e8nere. Aix\u00ed mateix, es pot <strong>fomentar la participaci\u00f3 activa<\/strong> de dones i persones LGTB+ en la planificaci\u00f3 i organitzaci\u00f3 de les festivitats, assegurant que les veus siguin escoltades i les seves necessitats considerades.<\/p>\n<p>&nbsp;<\/p>\n<\/div>\n<\/div>\n<\/div>\n<\/div>\n<\/div>\n<\/div>\n<\/div>\n<\/div>\n<\/div>\n<\/div>\n<h3>Mirada Profunda al Protocol Contra Viol\u00e8ncies Sexuals de Tiana \ud83c\udfaa<\/h3>\n<p><em><span class=\"OYPEnA text-decoration-none text-strikethrough-none\">El Protocol de Tiana:<\/span> <span class=\"OYPEnA text-decoration-none text-strikethrough-none\">Fita Col\u00b7lectiva per la Igualtat i Seguretat<\/span><\/em><\/p>\n<p>El protocol implementat a Tiana representa un esfor\u00e7 col\u00b7lectiu exemplar que marca una fita significativa en la promoci\u00f3 dun ambient festiu segur, inclusiu i comprom\u00e8s amb la igualtat de g\u00e8nere i la diversitat LGTB+. Aquest enfocament integral, que considera tant la seguretat com la perspectiva de g\u00e8nere en la planificaci\u00f3 de les festivitats, \u00e9s un <strong>model que altres comunitats poden mirar amb admiraci\u00f3 i emular<\/strong>.<\/p>\n<p>En un m\u00f3n on la viol\u00e8ncia de g\u00e8nere i la discriminaci\u00f3 continuen sent desafiaments persistents, el protocol de Tiana destaca per la seva determinaci\u00f3 a abordar aquests problemes de front. La <strong>col\u00b7laboraci\u00f3 entre l&#8217;Ajuntament, les entitats locals, els consultors especialitzats i la comunitat<\/strong> en general demostra la import\u00e0ncia d&#8217;unir forces per aconseguir un canvi significatiu. Aquest esfor\u00e7 col\u00b7lectiu subratlla la solidaritat i el comprom\u00eds compartit de la comunitat de Tiana en la lluita contra la viol\u00e8ncia de g\u00e8nere i la LGTB-f\u00f2bia.<\/p>\n<p>L&#8217;enfocament en la perspectiva de g\u00e8nere en la planificaci\u00f3 de les festivitats no \u00e9s nom\u00e9s un gest simb\u00f2lic, sin\u00f3 un <strong>pas concret cap a la creaci\u00f3 d&#8217;un ambient m\u00e9s inclusiu i respectu\u00f3s<\/strong>. En considerar les necessitats i les experi\u00e8ncies de totes les persones, independentment del seu g\u00e8nere, s&#8217;envia un missatge poder\u00f3s d&#8217;igualtat i diversitat. Aix\u00f2 no nom\u00e9s beneficia les dones i les persones LGTB+, sin\u00f3 que tamb\u00e9 enriqueix l&#8217;experi\u00e8ncia festiva per a tots els assistents.<\/p>\n<p>La instal\u00b7laci\u00f3 del punt lila com a lloc segur i de suport per a les v\u00edctimes d&#8217;agressions \u00e9s un acte d&#8217;empatia i solidaritat que mostra el comprom\u00eds de la comunitat a protegir els seus membres. A m\u00e9s, la responsabilitat compartida dels testimonis en la prevenci\u00f3 i la resposta a la viol\u00e8ncia refor\u00e7a la idea que la <strong>seguretat i el benestar de tots s\u00f3n responsabilitat de tots.<\/strong><\/p>\n<p>En resum, el protocol de Tiana \u00e9s un exemple inspirador de com un esfor\u00e7 col\u00b7lectiu pot donar lloc a un canvi significatiu en la promoci\u00f3 de la igualtat, la seguretat i el respecte a les festivitats locals. Aquesta fita exemplar demostra que, <strong>quan les comunitats s&#8217;uneixen amb un prop\u00f2sit com\u00fa<\/strong>, poden crear un ambient festiu on tothom se senti segur i valorat, establint aix\u00ed un est\u00e0ndard per a pobles i ciutats de tot el m\u00f3n.<\/p>\n<p>&nbsp;<\/p>\n<p>&nbsp;<\/p>\n<h3>Empoderant Comunitats amb eAgora \ud83d\uddf3\ufe0f<\/h3>\n<div class=\"flex-1 overflow-hidden\">\n<div class=\"react-scroll-to-bottom--css-zvgcb-79elbk h-full dark:bg-gray-800\">\n<div class=\"react-scroll-to-bottom--css-zvgcb-1n7m0yu\">\n<div class=\"flex flex-col text-sm dark:bg-gray-800\">\n<div class=\"group w-full text-token-text-primary border-b border-black\/10 dark:border-gray-900\/50 bg-gray-50 dark:bg-[#444654]\" data-testid=\"conversation-turn-41\">\n<div class=\"flex p-4 gap-4 text-base md:gap-6 md:max-w-2xl lg:max-w-[38rem] xl:max-w-3xl md:py-6 lg:px-0 m-auto\">\n<div class=\"relative flex w-[calc(100%-50px)] flex-col gap-1 md:gap-3 lg:w-[calc(100%-115px)]\">\n<div class=\"flex flex-grow flex-col gap-3 max-w-full\">\n<div class=\"min-h-[20px] flex flex-col items-start gap-3 overflow-x-auto whitespace-pre-wrap break-words\">\n<div class=\"markdown prose w-full break-words dark:prose-invert light\">\n<div class=\"group w-full text-token-text-primary border-b border-black\/10 dark:border-gray-900\/50 bg-gray-50 dark:bg-[#444654]\" data-testid=\"conversation-turn-45\">\n<div class=\"p-4 justify-center text-base md:gap-6 md:py-6 m-auto\">\n<div class=\"flex flex-1 gap-4 text-base mx-auto md:gap-6 md:max-w-2xl lg:max-w-[38rem] xl:max-w-3xl }\">\n<div class=\"relative flex w-[calc(100%-50px)] flex-col gap-1 md:gap-3 lg:w-[calc(100%-115px)]\">\n<div class=\"flex flex-grow flex-col gap-3 max-w-full\">\n<div class=\"min-h-[20px] flex flex-col items-start gap-3 overflow-x-auto whitespace-pre-wrap break-words\">\n<div class=\"markdown prose w-full break-words dark:prose-invert light\">\n<p>eAgora pot tenir un paper clau en el disseny i la implementaci\u00f3 de protocols com el de Tiana per promoure la seguretat i la igualtat en les festivitats des d&#8217;una perspectiva de g\u00e8nere i diversitat LGTB+. Aqu\u00ed us detalleu com eAgora pot ajudar en cadascun d&#8217;aquests aspectes:<\/p>\n<ol>\n<li><strong>Canal de den\u00fancies an\u00f2nimes<\/strong>: amb eAgora les v\u00edctimes poden <strong>denunciar de manera an\u00f2nima i ser ateses per especialistes<\/strong> o generar fluxos interns d&#8217;assist\u00e8ncia que els puguin ajudar sense caure en la doble victimitzaci\u00f3.<\/li>\n<li><strong>Participaci\u00f3 Ciutadana<\/strong>: eAgora proporciona un espai on els ciutadans poden expressar les seues opinions i contribuir amb idees per a la planificaci\u00f3 de festivitats des d&#8217;una perspectiva de g\u00e8nere. Els residents de les localitats poden <strong>participar activament en debats i discussions<\/strong> sobre com fer que les celebracions siguin m\u00e9s inclusives i segures.<\/li>\n<li><strong>Coordinaci\u00f3 i Comunicaci\u00f3<\/strong>: La plataforma actua com un canal de <strong>comunicaci\u00f3 directa entre el govern local i la comunitat<\/strong>. Es poden publicar actualitzacions sobre el protocol, esdeveniments relacionats i mesures de seguretat en temps real, mantenint informats els ciutadans i promovent la transpar\u00e8ncia.<\/li>\n<li><strong>Recull d&#8217;Opinions<\/strong>: eAgora permet la r<strong>ecopilaci\u00f3 estructurada d&#8217;opinions i propostes de la comunitat<\/strong>. Les persones poden presentar suggeriments concrets sobre com abordar la viol\u00e8ncia de g\u00e8nere i la LGTB-f\u00f2bia a les festivitats, cosa que brinda a les autoritats una visi\u00f3 clara de les necessitats i preocupacions de la poblaci\u00f3.<\/li>\n<li><strong>Col\u00b7laboraci\u00f3 amb Entitats Locals<\/strong>: Les entitats locals que col\u00b7laboren en la implementaci\u00f3 del protocol poden utilitzar eAgora per <strong>coordinar esfor\u00e7os i comunicar-se de manera efectiva<\/strong>. Aix\u00f2 facilita la col\u00b7laboraci\u00f3 entre organitzacions i garanteix que tothom estigui alineat en la promoci\u00f3 d&#8217;un ambient festiu segur i respectu\u00f3s.<\/li>\n<li><strong>Planificaci\u00f3 de Programaci\u00f3 amb Perspectiva de G\u00e8nere<\/strong>: eAgora pot ser utilitzat per rebre suggeriments espec\u00edfics sobre com planificar activitats festives des d&#8217;una perspectiva de g\u00e8nere. La comunitat pot <strong>proposar esdeveniments inclusius que reflecteixin les necessitats i els interessos<\/strong> de totes les persones, independentment del seu g\u00e8nere.<\/li>\n<li><strong>Prevenci\u00f3 i Suport a V\u00edctimes<\/strong>: La plataforma pot ser un recurs per educar la comunitat sobre com prevenir la viol\u00e8ncia de g\u00e8nere i la LGTB-f\u00f2bia a les festivitats. Tamb\u00e9 es poden <strong>proporcionar recursos i enlla\u00e7os a serveis de suport per a v\u00edctime<\/strong>s, cosa que contribueix a la prevenci\u00f3 i al benestar de la comunitat.<\/li>\n<\/ol>\n<p>En conjunt, <strong>eAgora facilita la col\u00b7laboraci\u00f3 i la participaci\u00f3 activa de la comunitat en la promoci\u00f3 de la seguretat i la igualtat a les festivitats<\/strong>. A m\u00e9s, ofereix un <strong>canal de comunicaci\u00f3 efectiu entre les autoritats locals i la poblaci\u00f3<\/strong>, garantint que les mesures s&#8217;adaptin a les necessitats i les expectatives de la comunitat. La plataforma juga un paper fonamental a <strong>empoderar la comunitat<\/strong> per treballar conjuntament en la construcci\u00f3 d&#8217;un ambient festiu m\u00e9s segur i comprom\u00e8s amb la igualtat.<\/p>\n<\/div>\n<\/div>\n<\/div>\n<div class=\"flex justify-between lg:block\">\n<div class=\"text-gray-400 flex self-end lg:self-center justify-center mt-2 gap-2 md:gap-3 lg:gap-1 lg:absolute lg:top-0 lg:translate-x-full lg:right-0 lg:mt-0 lg:pl-2 visible\"><\/div>\n<\/div>\n<\/div>\n<\/div>\n<\/div>\n<\/div>\n<\/div>\n<\/div>\n<\/div>\n<\/div>\n<\/div>\n<\/div>\n<\/div>\n<\/div>\n<\/div>\n<\/div>\n<p><a href=\"https:\/\/www.eagora.app\/plataforma\/\">Interessat\/da a descobrir com eAgora pot enfortir la col\u00b7laboraci\u00f3 i la participaci\u00f3 ciutadana a la teva comunitat? Esbrina com ho pots fer una realitat avui mateix! \ud83c\udfd9\ufe0f\ud83e\udd1d\ud83c\udf1f<\/a><\/p>\n<p>&nbsp;<\/p>\n<p style=\"text-align: center;\"><strong>Explora com pots exercir un paper actiu en la construcci\u00f3 de la teva comunitat i generar un impacte positiu.<\/strong><\/p>\n<p style=\"text-align: center;\"><span id=\"hs-cta-wrapper-853d4503-fcbb-4d34-a346-60f4ad805caf\" class=\"hs-cta-wrapper\"><span id=\"hs-cta-853d4503-fcbb-4d34-a346-60f4ad805caf\" class=\"hs-cta-node hs-cta-853d4503-fcbb-4d34-a346-60f4ad805caf\"><a href=\"https:\/\/hubspot-cta-redirect-eu1-prod.s3.amazonaws.com\/cta\/redirect\/25066662\/853d4503-fcbb-4d34-a346-60f4ad805caf\"><img decoding=\"async\" id=\"hs-cta-img-853d4503-fcbb-4d34-a346-60f4ad805caf\" class=\"hs-cta-img aligncenter\" style=\"border-width: 0px;\" src=\"https:\/\/hubspot-no-cache-eu1-prod.s3.amazonaws.com\/cta\/default\/25066662\/853d4503-fcbb-4d34-a346-60f4ad805caf.png\" alt=\"Comen\u00e7a gratis\"><\/a><\/span><\/span><\/p>\n<p>&nbsp;<\/p>\n<p>Font original de la not\u00edcia:<a href=\"https:\/\/lacontradejaen.com\/escuela-participacion-ciudadana-jaen-23\/\">https:\/\/tiana.cat\/el-protocol-contra-les-violencies-sexuals-sactiva-aquesta-festa-major\/https:\/\/lacontradejaen.com\/escuela-participacion-ciudadana-jaen-23\/<\/a><\/p>\n","protected":false},"excerpt":{"rendered":"<p>El Protocol de Tiana: Fita Col\u00b7lectiva per la Igualtat i Seguretat L&#8217;Ajuntament de Tiana ha aprovat un protocol festiu per a la Igualtat i Seguretat que reflecteix un \u00e8xit comunitari en la lluita contra la viol\u00e8ncia de g\u00e8nere i la LGTB-f\u00f2bia de la comunitat. A continuaci\u00f3, explorarem detalladament com aquest protocol est\u00e0 marcant una fita [&hellip;]<\/p>\n","protected":false},"author":872,"featured_media":19051,"comment_status":"closed","ping_status":"open","sticky":false,"template":"","format":"standard","meta":{"content-type":"","_jetpack_memberships_contains_paid_content":false,"_joinchat":[],"footnotes":""},"categories":[114],"tags":[],"class_list":["post-19081","post","type-post","status-publish","format-standard","has-post-thumbnail","hentry","category-noticies"],"yoast_head":"<!-- This site is optimized with the Yoast SEO Premium plugin v27.0 (Yoast SEO v27.0) - https:\/\/yoast.com\/product\/yoast-seo-premium-wordpress\/ -->\n<title>El Protocol de Tiana: Fita Col\u00b7lectiva per la Igualtat i Seguretat<\/title>\n<meta name=\"description\" content=\"Empoderant Comunitats: El Protocol de Tiana marca una fita col\u00b7lectiva en la lluita per la igualtat i la seguretat.\" \/>\n<meta name=\"robots\" content=\"index, follow, max-snippet:-1, max-image-preview:large, max-video-preview:-1\" \/>\n<link rel=\"canonical\" href=\"https:\/\/www.eagora.app\/ca\/conocimiento\/el-protocol-de-tiana-fita-collectiva-per-la-igualtat-i-seguretat\/\" \/>\n<meta property=\"og:locale\" content=\"ca_ES\" \/>\n<meta property=\"og:type\" content=\"article\" \/>\n<meta property=\"og:title\" content=\"El Protocol de Tiana: Fita Col\u00b7lectiva per la Igualtat i Seguretat \ud83c\udf89\" \/>\n<meta property=\"og:description\" content=\"Empoderant Comunitats: El Protocol de Tiana marca una fita col\u00b7lectiva en la lluita per la igualtat i la seguretat.\" \/>\n<meta property=\"og:url\" content=\"https:\/\/www.eagora.app\/ca\/conocimiento\/el-protocol-de-tiana-fita-collectiva-per-la-igualtat-i-seguretat\/\" \/>\n<meta property=\"og:site_name\" content=\"eAgora\" \/>\n<meta property=\"article:publisher\" content=\"https:\/\/www.facebook.com\/eAgoraApp\" \/>\n<meta property=\"article:published_time\" content=\"2023-09-13T09:57:02+00:00\" \/>\n<meta property=\"og:image\" content=\"https:\/\/www.eagora.app\/wp-content\/uploads\/2023\/09\/BLOG-portadas-posts.jpg\" \/>\n\t<meta property=\"og:image:width\" content=\"1920\" \/>\n\t<meta property=\"og:image:height\" content=\"1080\" \/>\n\t<meta property=\"og:image:type\" content=\"image\/jpeg\" \/>\n<meta name=\"author\" content=\"Roser Vallve\" \/>\n<meta name=\"twitter:card\" content=\"summary_large_image\" \/>\n<meta name=\"twitter:creator\" content=\"@EagoraApp\" \/>\n<meta name=\"twitter:site\" content=\"@EagoraApp\" \/>\n<meta name=\"twitter:label1\" content=\"Escrit per\" \/>\n\t<meta name=\"twitter:data1\" content=\"Roser Vallve\" \/>\n\t<meta name=\"twitter:label2\" content=\"Temps estimat de lectura\" \/>\n\t<meta name=\"twitter:data2\" content=\"9 minuts\" \/>\n<script type=\"application\/ld+json\" class=\"yoast-schema-graph\">{\"@context\":\"https:\/\/schema.org\",\"@graph\":[{\"@type\":\"Article\",\"@id\":\"https:\/\/www.eagora.app\/ca\/conocimiento\/el-protocol-de-tiana-fita-collectiva-per-la-igualtat-i-seguretat\/#article\",\"isPartOf\":{\"@id\":\"https:\/\/www.eagora.app\/ca\/conocimiento\/el-protocol-de-tiana-fita-collectiva-per-la-igualtat-i-seguretat\/\"},\"author\":{\"name\":\"Roser Vallve\",\"@id\":\"https:\/\/www.eagora.app\/ca\/#\/schema\/person\/f1036a22998d81569495936c2aa9cb32\"},\"headline\":\"El Protocol de Tiana: Fita Col\u00b7lectiva per la Igualtat i Seguretat \ud83c\udf89\",\"datePublished\":\"2023-09-13T09:57:02+00:00\",\"mainEntityOfPage\":{\"@id\":\"https:\/\/www.eagora.app\/ca\/conocimiento\/el-protocol-de-tiana-fita-collectiva-per-la-igualtat-i-seguretat\/\"},\"wordCount\":1815,\"publisher\":{\"@id\":\"https:\/\/www.eagora.app\/ca\/#organization\"},\"image\":{\"@id\":\"https:\/\/www.eagora.app\/ca\/conocimiento\/el-protocol-de-tiana-fita-collectiva-per-la-igualtat-i-seguretat\/#primaryimage\"},\"thumbnailUrl\":\"https:\/\/www.eagora.app\/wp-content\/uploads\/2023\/09\/BLOG-portadas-posts.jpg\",\"articleSection\":[\"Not\u00edcies\"],\"inLanguage\":\"ca\"},{\"@type\":\"WebPage\",\"@id\":\"https:\/\/www.eagora.app\/ca\/conocimiento\/el-protocol-de-tiana-fita-collectiva-per-la-igualtat-i-seguretat\/\",\"url\":\"https:\/\/www.eagora.app\/ca\/conocimiento\/el-protocol-de-tiana-fita-collectiva-per-la-igualtat-i-seguretat\/\",\"name\":\"El Protocol de Tiana: Fita Col\u00b7lectiva per la Igualtat i Seguretat\",\"isPartOf\":{\"@id\":\"https:\/\/www.eagora.app\/ca\/#website\"},\"primaryImageOfPage\":{\"@id\":\"https:\/\/www.eagora.app\/ca\/conocimiento\/el-protocol-de-tiana-fita-collectiva-per-la-igualtat-i-seguretat\/#primaryimage\"},\"image\":{\"@id\":\"https:\/\/www.eagora.app\/ca\/conocimiento\/el-protocol-de-tiana-fita-collectiva-per-la-igualtat-i-seguretat\/#primaryimage\"},\"thumbnailUrl\":\"https:\/\/www.eagora.app\/wp-content\/uploads\/2023\/09\/BLOG-portadas-posts.jpg\",\"datePublished\":\"2023-09-13T09:57:02+00:00\",\"description\":\"Empoderant Comunitats: El Protocol de Tiana marca una fita col\u00b7lectiva en la lluita per la igualtat i la seguretat.\",\"breadcrumb\":{\"@id\":\"https:\/\/www.eagora.app\/ca\/conocimiento\/el-protocol-de-tiana-fita-collectiva-per-la-igualtat-i-seguretat\/#breadcrumb\"},\"inLanguage\":\"ca\",\"potentialAction\":[{\"@type\":\"ReadAction\",\"target\":[\"https:\/\/www.eagora.app\/ca\/conocimiento\/el-protocol-de-tiana-fita-collectiva-per-la-igualtat-i-seguretat\/\"]}]},{\"@type\":\"ImageObject\",\"inLanguage\":\"ca\",\"@id\":\"https:\/\/www.eagora.app\/ca\/conocimiento\/el-protocol-de-tiana-fita-collectiva-per-la-igualtat-i-seguretat\/#primaryimage\",\"url\":\"https:\/\/www.eagora.app\/wp-content\/uploads\/2023\/09\/BLOG-portadas-posts.jpg\",\"contentUrl\":\"https:\/\/www.eagora.app\/wp-content\/uploads\/2023\/09\/BLOG-portadas-posts.jpg\",\"width\":1920,\"height\":1080},{\"@type\":\"BreadcrumbList\",\"@id\":\"https:\/\/www.eagora.app\/ca\/conocimiento\/el-protocol-de-tiana-fita-collectiva-per-la-igualtat-i-seguretat\/#breadcrumb\",\"itemListElement\":[{\"@type\":\"ListItem\",\"position\":1,\"name\":\"Inicio\",\"item\":\"https:\/\/www.eagora.app\/ca\/\"},{\"@type\":\"ListItem\",\"position\":2,\"name\":\"Coneixement\",\"item\":\"https:\/\/www.eagora.app\/ca\/coneixement\/\"},{\"@type\":\"ListItem\",\"position\":3,\"name\":\"El Protocol de Tiana: Fita Col\u00b7lectiva per la Igualtat i Seguretat \ud83c\udf89\"}]},{\"@type\":\"WebSite\",\"@id\":\"https:\/\/www.eagora.app\/ca\/#website\",\"url\":\"https:\/\/www.eagora.app\/ca\/\",\"name\":\"eAgora\",\"description\":\"La plataforma que nos conecta\",\"publisher\":{\"@id\":\"https:\/\/www.eagora.app\/ca\/#organization\"},\"potentialAction\":[{\"@type\":\"SearchAction\",\"target\":{\"@type\":\"EntryPoint\",\"urlTemplate\":\"https:\/\/www.eagora.app\/ca\/?s={search_term_string}\"},\"query-input\":{\"@type\":\"PropertyValueSpecification\",\"valueRequired\":true,\"valueName\":\"search_term_string\"}}],\"inLanguage\":\"ca\"},{\"@type\":\"Organization\",\"@id\":\"https:\/\/www.eagora.app\/ca\/#organization\",\"name\":\"eAgora\",\"url\":\"https:\/\/www.eagora.app\/ca\/\",\"logo\":{\"@type\":\"ImageObject\",\"inLanguage\":\"ca\",\"@id\":\"https:\/\/www.eagora.app\/ca\/#\/schema\/logo\/image\/\",\"url\":\"https:\/\/www.eagora.app\/wp-content\/uploads\/2023\/02\/logo-eagora-emails.jpg\",\"contentUrl\":\"https:\/\/www.eagora.app\/wp-content\/uploads\/2023\/02\/logo-eagora-emails.jpg\",\"width\":550,\"height\":146,\"caption\":\"eAgora\"},\"image\":{\"@id\":\"https:\/\/www.eagora.app\/ca\/#\/schema\/logo\/image\/\"},\"sameAs\":[\"https:\/\/www.facebook.com\/eAgoraApp\",\"https:\/\/x.com\/EagoraApp\",\"https:\/\/www.instagram.com\/eagora.app\/\",\"https:\/\/www.linkedin.com\/company\/eagora\",\"https:\/\/www.youtube.com\/@eAgoraApp\"]},{\"@type\":\"Person\",\"@id\":\"https:\/\/www.eagora.app\/ca\/#\/schema\/person\/f1036a22998d81569495936c2aa9cb32\",\"name\":\"Roser Vallve\",\"image\":{\"@type\":\"ImageObject\",\"inLanguage\":\"ca\",\"@id\":\"https:\/\/www.eagora.app\/ca\/#\/schema\/person\/image\/\",\"url\":\"https:\/\/secure.gravatar.com\/avatar\/0399a104ac4b8ad3b6f7161df883d725e4edadfe16802877923fe80093335413?s=96&d=mm&r=g\",\"contentUrl\":\"https:\/\/secure.gravatar.com\/avatar\/0399a104ac4b8ad3b6f7161df883d725e4edadfe16802877923fe80093335413?s=96&d=mm&r=g\",\"caption\":\"Roser Vallve\"}}]}<\/script>\n<!-- \/ Yoast SEO Premium plugin. -->","yoast_head_json":{"title":"El Protocol de Tiana: Fita Col\u00b7lectiva per la Igualtat i Seguretat","description":"Empoderant Comunitats: El Protocol de Tiana marca una fita col\u00b7lectiva en la lluita per la igualtat i la seguretat.","robots":{"index":"index","follow":"follow","max-snippet":"max-snippet:-1","max-image-preview":"max-image-preview:large","max-video-preview":"max-video-preview:-1"},"canonical":"https:\/\/www.eagora.app\/ca\/conocimiento\/el-protocol-de-tiana-fita-collectiva-per-la-igualtat-i-seguretat\/","og_locale":"ca_ES","og_type":"article","og_title":"El Protocol de Tiana: Fita Col\u00b7lectiva per la Igualtat i Seguretat \ud83c\udf89","og_description":"Empoderant Comunitats: El Protocol de Tiana marca una fita col\u00b7lectiva en la lluita per la igualtat i la seguretat.","og_url":"https:\/\/www.eagora.app\/ca\/conocimiento\/el-protocol-de-tiana-fita-collectiva-per-la-igualtat-i-seguretat\/","og_site_name":"eAgora","article_publisher":"https:\/\/www.facebook.com\/eAgoraApp","article_published_time":"2023-09-13T09:57:02+00:00","og_image":[{"width":1920,"height":1080,"url":"https:\/\/www.eagora.app\/wp-content\/uploads\/2023\/09\/BLOG-portadas-posts.jpg","type":"image\/jpeg"}],"author":"Roser Vallve","twitter_card":"summary_large_image","twitter_creator":"@EagoraApp","twitter_site":"@EagoraApp","twitter_misc":{"Escrit per":"Roser Vallve","Temps estimat de lectura":"9 minuts"},"schema":{"@context":"https:\/\/schema.org","@graph":[{"@type":"Article","@id":"https:\/\/www.eagora.app\/ca\/conocimiento\/el-protocol-de-tiana-fita-collectiva-per-la-igualtat-i-seguretat\/#article","isPartOf":{"@id":"https:\/\/www.eagora.app\/ca\/conocimiento\/el-protocol-de-tiana-fita-collectiva-per-la-igualtat-i-seguretat\/"},"author":{"name":"Roser Vallve","@id":"https:\/\/www.eagora.app\/ca\/#\/schema\/person\/f1036a22998d81569495936c2aa9cb32"},"headline":"El Protocol de Tiana: Fita Col\u00b7lectiva per la Igualtat i Seguretat \ud83c\udf89","datePublished":"2023-09-13T09:57:02+00:00","mainEntityOfPage":{"@id":"https:\/\/www.eagora.app\/ca\/conocimiento\/el-protocol-de-tiana-fita-collectiva-per-la-igualtat-i-seguretat\/"},"wordCount":1815,"publisher":{"@id":"https:\/\/www.eagora.app\/ca\/#organization"},"image":{"@id":"https:\/\/www.eagora.app\/ca\/conocimiento\/el-protocol-de-tiana-fita-collectiva-per-la-igualtat-i-seguretat\/#primaryimage"},"thumbnailUrl":"https:\/\/www.eagora.app\/wp-content\/uploads\/2023\/09\/BLOG-portadas-posts.jpg","articleSection":["Not\u00edcies"],"inLanguage":"ca"},{"@type":"WebPage","@id":"https:\/\/www.eagora.app\/ca\/conocimiento\/el-protocol-de-tiana-fita-collectiva-per-la-igualtat-i-seguretat\/","url":"https:\/\/www.eagora.app\/ca\/conocimiento\/el-protocol-de-tiana-fita-collectiva-per-la-igualtat-i-seguretat\/","name":"El Protocol de Tiana: Fita Col\u00b7lectiva per la Igualtat i Seguretat","isPartOf":{"@id":"https:\/\/www.eagora.app\/ca\/#website"},"primaryImageOfPage":{"@id":"https:\/\/www.eagora.app\/ca\/conocimiento\/el-protocol-de-tiana-fita-collectiva-per-la-igualtat-i-seguretat\/#primaryimage"},"image":{"@id":"https:\/\/www.eagora.app\/ca\/conocimiento\/el-protocol-de-tiana-fita-collectiva-per-la-igualtat-i-seguretat\/#primaryimage"},"thumbnailUrl":"https:\/\/www.eagora.app\/wp-content\/uploads\/2023\/09\/BLOG-portadas-posts.jpg","datePublished":"2023-09-13T09:57:02+00:00","description":"Empoderant Comunitats: El Protocol de Tiana marca una fita col\u00b7lectiva en la lluita per la igualtat i la seguretat.","breadcrumb":{"@id":"https:\/\/www.eagora.app\/ca\/conocimiento\/el-protocol-de-tiana-fita-collectiva-per-la-igualtat-i-seguretat\/#breadcrumb"},"inLanguage":"ca","potentialAction":[{"@type":"ReadAction","target":["https:\/\/www.eagora.app\/ca\/conocimiento\/el-protocol-de-tiana-fita-collectiva-per-la-igualtat-i-seguretat\/"]}]},{"@type":"ImageObject","inLanguage":"ca","@id":"https:\/\/www.eagora.app\/ca\/conocimiento\/el-protocol-de-tiana-fita-collectiva-per-la-igualtat-i-seguretat\/#primaryimage","url":"https:\/\/www.eagora.app\/wp-content\/uploads\/2023\/09\/BLOG-portadas-posts.jpg","contentUrl":"https:\/\/www.eagora.app\/wp-content\/uploads\/2023\/09\/BLOG-portadas-posts.jpg","width":1920,"height":1080},{"@type":"BreadcrumbList","@id":"https:\/\/www.eagora.app\/ca\/conocimiento\/el-protocol-de-tiana-fita-collectiva-per-la-igualtat-i-seguretat\/#breadcrumb","itemListElement":[{"@type":"ListItem","position":1,"name":"Inicio","item":"https:\/\/www.eagora.app\/ca\/"},{"@type":"ListItem","position":2,"name":"Coneixement","item":"https:\/\/www.eagora.app\/ca\/coneixement\/"},{"@type":"ListItem","position":3,"name":"El Protocol de Tiana: Fita Col\u00b7lectiva per la Igualtat i Seguretat \ud83c\udf89"}]},{"@type":"WebSite","@id":"https:\/\/www.eagora.app\/ca\/#website","url":"https:\/\/www.eagora.app\/ca\/","name":"eAgora","description":"La plataforma que nos conecta","publisher":{"@id":"https:\/\/www.eagora.app\/ca\/#organization"},"potentialAction":[{"@type":"SearchAction","target":{"@type":"EntryPoint","urlTemplate":"https:\/\/www.eagora.app\/ca\/?s={search_term_string}"},"query-input":{"@type":"PropertyValueSpecification","valueRequired":true,"valueName":"search_term_string"}}],"inLanguage":"ca"},{"@type":"Organization","@id":"https:\/\/www.eagora.app\/ca\/#organization","name":"eAgora","url":"https:\/\/www.eagora.app\/ca\/","logo":{"@type":"ImageObject","inLanguage":"ca","@id":"https:\/\/www.eagora.app\/ca\/#\/schema\/logo\/image\/","url":"https:\/\/www.eagora.app\/wp-content\/uploads\/2023\/02\/logo-eagora-emails.jpg","contentUrl":"https:\/\/www.eagora.app\/wp-content\/uploads\/2023\/02\/logo-eagora-emails.jpg","width":550,"height":146,"caption":"eAgora"},"image":{"@id":"https:\/\/www.eagora.app\/ca\/#\/schema\/logo\/image\/"},"sameAs":["https:\/\/www.facebook.com\/eAgoraApp","https:\/\/x.com\/EagoraApp","https:\/\/www.instagram.com\/eagora.app\/","https:\/\/www.linkedin.com\/company\/eagora","https:\/\/www.youtube.com\/@eAgoraApp"]},{"@type":"Person","@id":"https:\/\/www.eagora.app\/ca\/#\/schema\/person\/f1036a22998d81569495936c2aa9cb32","name":"Roser Vallve","image":{"@type":"ImageObject","inLanguage":"ca","@id":"https:\/\/www.eagora.app\/ca\/#\/schema\/person\/image\/","url":"https:\/\/secure.gravatar.com\/avatar\/0399a104ac4b8ad3b6f7161df883d725e4edadfe16802877923fe80093335413?s=96&d=mm&r=g","contentUrl":"https:\/\/secure.gravatar.com\/avatar\/0399a104ac4b8ad3b6f7161df883d725e4edadfe16802877923fe80093335413?s=96&d=mm&r=g","caption":"Roser Vallve"}}]}},"jetpack_featured_media_url":"https:\/\/www.eagora.app\/wp-content\/uploads\/2023\/09\/BLOG-portadas-posts.jpg","jetpack_sharing_enabled":true,"_links":{"self":[{"href":"https:\/\/www.eagora.app\/ca\/wp-json\/wp\/v2\/posts\/19081","targetHints":{"allow":["GET"]}}],"collection":[{"href":"https:\/\/www.eagora.app\/ca\/wp-json\/wp\/v2\/posts"}],"about":[{"href":"https:\/\/www.eagora.app\/ca\/wp-json\/wp\/v2\/types\/post"}],"author":[{"embeddable":true,"href":"https:\/\/www.eagora.app\/ca\/wp-json\/wp\/v2\/users\/872"}],"replies":[{"embeddable":true,"href":"https:\/\/www.eagora.app\/ca\/wp-json\/wp\/v2\/comments?post=19081"}],"version-history":[{"count":0,"href":"https:\/\/www.eagora.app\/ca\/wp-json\/wp\/v2\/posts\/19081\/revisions"}],"wp:featuredmedia":[{"embeddable":true,"href":"https:\/\/www.eagora.app\/ca\/wp-json\/wp\/v2\/media\/19051"}],"wp:attachment":[{"href":"https:\/\/www.eagora.app\/ca\/wp-json\/wp\/v2\/media?parent=19081"}],"wp:term":[{"taxonomy":"category","embeddable":true,"href":"https:\/\/www.eagora.app\/ca\/wp-json\/wp\/v2\/categories?post=19081"},{"taxonomy":"post_tag","embeddable":true,"href":"https:\/\/www.eagora.app\/ca\/wp-json\/wp\/v2\/tags?post=19081"}],"curies":[{"name":"wp","href":"https:\/\/api.w.org\/{rel}","templated":true}]}}