{"id":19080,"date":"2023-09-05T12:31:42","date_gmt":"2023-09-05T10:31:42","guid":{"rendered":"https:\/\/www.eagora.app\/montse-chinchilla-presidenta-del-club-oratoria-malaga-a-lidereslocalchangers\/"},"modified":"2023-09-05T12:31:42","modified_gmt":"2023-09-05T10:31:42","slug":"montse-chinchilla-presidenta-del-club-oratoria-malaga-a-lidereslocalchangers","status":"publish","type":"post","link":"https:\/\/www.eagora.app\/ca\/conocimiento\/montse-chinchilla-presidenta-del-club-oratoria-malaga-a-lidereslocalchangers\/","title":{"rendered":"Montse Chinchilla, Presidenta del Club Orat\u00f2ria M\u00e0laga, a #L\u00edderesLocalChangers"},"content":{"rendered":"<p style=\"text-align: center;\"><strong>Entrevista amb Montse Chinchilla a L\u00edders Local Changers<\/strong><\/p>\n<p>Hola a tots! En aquest des\u00e8 cap\u00edtol de #L\u00edderesLocalChangers, us compartim una entrevista inspiradora amb la <strong>Montse Chinchilla, que lidera el <a href=\"https:\/\/www.cluboratoriamalaga.com\">Club d&#8217;Orat\u00f2ria M\u00e0laga<\/a>.<\/strong> Aquest interessant club est\u00e0 ubicat a la bonica ciutat de M\u00e0laga. \ud83c\udf06<\/p>\n<p>&nbsp;<\/p>\n<h2>Empoderant a trav\u00e9s de l&#8217;Orat\u00f2ria: Club Orat\u00f2ria de M\u00e0laga<\/h2>\n<p>El 2017, el Club Orat\u00f2ria de M\u00e0laga va tenir el seu origen encara que va ser dos anys despr\u00e9s quan va adquirir el seu estatus com una associaci\u00f3 legalment reconeguda. La seva missi\u00f3 fonamental rau a <strong>apoderar les persones per v\u00e8ncer la por esc\u00e8nica, superar el temor al judici ali\u00e8 i enfortir la seva seguretat i confian\u00e7a<\/strong>, a m\u00e9s de crear un espai segur per aplicar amb \u00e8xit tot el que van aprenent. \ud83d\udde3\ufe0f<\/p>\n<h2>Transformant la Gesti\u00f3 del Club<\/h2>\n<p>Tot i els seus recursos limitats, el Club Orat\u00f2ria de M\u00e0laga, finan\u00e7at exclusivament per les quotes dels seus membres, ha aconseguit dur-ne a terme una <strong>\u00e0mplia varietat d&#8217;activitats, que inclouen tallers, formacions, elevator pitch i llenguatge no verbal<\/strong>. Si b\u00e9 els ha anat b\u00e9, es van adonar de la necessitat d&#8217;una aplicaci\u00f3 que optimitz\u00e9s la gesti\u00f3 del seu club, alliberant-los de la depend\u00e8ncia d&#8217;eines com WhatsApp i altres solucions que eren molt costoses i estaven fora del seu pressupost. \ud83d\udcbc<\/p>\n<p>Va ser en aquell moment quan <strong>van trobar eAgora a trav\u00e9s de les xarxes socials<\/strong>, i Montse va sentir que era un signe del dest\u00ed. Despr\u00e9s de posar-se en contacte amb l&#8217;equip d&#8217;eAgora, l&#8217;equip els va explicar el prop\u00f2sit i com funcionava l&#8217;aplicaci\u00f3, acompanyant-la a cada pas. Al Club Orat\u00f2ria M\u00e0laga van quedar encantats amb tot el que veien de la plataforma eAgora i, en presentar-la davant de la junta directiva, van rebre una reacci\u00f3 entusiasta i un rotund &#8220;avan\u00e7&#8221;. \ud83d\udcf1<\/p>\n<p>&nbsp;<\/p>\n<p style=\"text-align: center;\"><iframe title=\"YouTube video player\" src=\"https:\/\/www.youtube.com\/embed\/Uh98TES8TLM?si=gjvFLHt5eNIM7mhv\" width=\"560\" height=\"315\" frameborder=\"0\" allowfullscreen=\"allowfullscreen\"><\/iframe><\/p>\n<p style=\"text-align: center;\"><a href=\"https:\/\/youtu.be\/Uh98TES8TLM?si=Y4k4gHxjYRKhPJ4F\">No et perdis aquest emocionant testimoni de transformaci\u00f3 al v\u00eddeo de Montse Chinchilla aqu\u00ed!<\/a><\/p>\n<p>&nbsp;<\/p>\n<h2>\ud83c\udf1f Experi\u00e8ncia Positiva amb eAgora: Un Cas d&#8217;\u00c8xit<\/h2>\n<p>Una an\u00e8cdota interessant que ens explica Montse \u00e9s que <strong>els membres del club es van inscriure a l&#8217;aplicaci\u00f3 immediatament<\/strong> i van comen\u00e7ar a utilitzar-la. Fins i tot li van enviar missatges <strong>elogiant la facilitat d&#8217;\u00fas de l&#8217;app<\/strong> i felicitant per posar en marxa la implementaci\u00f3 de l&#8217;aplicaci\u00f3 al club. La Montse sempre ha apreciat l&#8217;<strong>atenci\u00f3 personalitzada de l&#8217;equip eAgora<\/strong> cada cop que tenia preguntes i consultes. Valora molt el servei hum\u00e0 que hi ha darrere de l&#8217;aplicaci\u00f3, brindant respostes r\u00e0pides i explorant totes les possibilitats que eAgora pot oferir al club.<\/p>\n<p>&nbsp;<\/p>\n<h2>Centralitza i enforteix la gesti\u00f3 del teu Club!<\/h2>\n<div class=\"flex-1 overflow-hidden\">\n<div class=\"react-scroll-to-bottom--css-ifjoi-79elbk h-full dark:bg-gray-800\">\n<div class=\"react-scroll-to-bottom--css-ifjoi-1n7m0yu\">\n<div class=\"flex flex-col text-sm dark:bg-gray-800\">\n<div class=\"group w-full text-token-text-primary border-b border-black\/10 dark:border-gray-900\/50 bg-gray-50 dark:bg-[#444654]\" data-testid=\"conversation-turn-37\">\n<div class=\"p-4 justify-center text-base md:gap-6 md:py-6 m-auto\">\n<div class=\"flex flex-1 gap-4 text-base mx-auto md:gap-6 md:max-w-2xl lg:max-w-[38rem] xl:max-w-3xl }\">\n<div class=\"relative flex w-[calc(100%-50px)] flex-col gap-1 md:gap-3 lg:w-[calc(100%-115px)]\">\n<div class=\"flex flex-grow flex-col gap-3 max-w-full\">\n<div class=\"min-h-[20px] flex flex-col items-start gap-3 overflow-x-auto whitespace-pre-wrap break-words\">\n<div class=\"markdown prose w-full break-words dark:prose-invert light\">\n<p>Montse encoratja altres clubs a <strong>provar l&#8217;aplicaci\u00f3 eAgora<\/strong> i a entaular una comunicaci\u00f3 amb l&#8217;equip per abordar les necessitats particulars i proposar possibles funcionalitats. Ella sost\u00e9 que aquesta plataforma \u00e9s una soluci\u00f3 valuosa per <strong>centralitzar tots els aspectes de la gesti\u00f3 del club en una sola aplicaci\u00f3<\/strong>, abastant des de l&#8217;organitzaci\u00f3 d&#8217;esdeveniments fins a la gesti\u00f3 de xarxes socials i pres\u00e8ncia a la web. A m\u00e9s, destaca que eAgora fomenta la <strong>creaci\u00f3 d&#8217;una comunitat m\u00e9s unida<\/strong> entre els membres, incloent tant socis com no socis, en permetre&#8217;ls estar al corrent del que passa al club. \ud83e\udd1d\ud83d\udc65<\/p>\n<\/div>\n<\/div>\n<\/div>\n<\/div>\n<\/div>\n<\/div>\n<\/div>\n<\/div>\n<\/div>\n<\/div>\n<\/div>\n<p>&nbsp;<\/p>\n<p>\ud83d\udc49 Est\u00e0s a punt per comen\u00e7ar el teu propi viatge cap a lefici\u00e8ncia? No dubtis a explorar eAgora avui mateix i descobreix com aquesta aplicaci\u00f3 pot marcar la difer\u00e8ncia a la teva organitzaci\u00f3!<\/p>\n<p>&nbsp;<\/p>\n<p style=\"text-align: center;\"><strong>Fes clic aqu\u00ed per comen\u00e7ar el teu viatge cap a una gesti\u00f3 del teu club m\u00e9s eficient amb eAgora. Comen\u00e7a Gratis ara! \ud83d\udca1\ud83c\udf10<\/strong><\/p>\n<p><!--HubSpot Call-to-Action Code --><span id=\"hs-cta-wrapper-853d4503-fcbb-4d34-a346-60f4ad805caf\" class=\"hs-cta-wrapper\"><span id=\"hs-cta-853d4503-fcbb-4d34-a346-60f4ad805caf\" class=\"hs-cta-node hs-cta-853d4503-fcbb-4d34-a346-60f4ad805caf\"><!-- [if lte IE 8]>\n\n\n<div id=\"hs-cta-ie-element\"><\/div>\n\n\n<![endif]--><a href=\"https:\/\/hubspot-cta-redirect-eu1-prod.s3.amazonaws.com\/cta\/redirect\/25066662\/853d4503-fcbb-4d34-a346-60f4ad805caf\"><img decoding=\"async\" id=\"hs-cta-img-853d4503-fcbb-4d34-a346-60f4ad805caf\" class=\"hs-cta-img aligncenter\" style=\"border-width: 0px;\" src=\"https:\/\/hubspot-no-cache-eu1-prod.s3.amazonaws.com\/cta\/default\/25066662\/853d4503-fcbb-4d34-a346-60f4ad805caf.png\" alt=\"Comen\u00e7a gratis\"><\/a><\/span><\/span><\/p>\n<p>&nbsp;<\/p>\n<p>Si heu arribat fins aquest punt, us animem a explorar tots els nostres <a href=\"https:\/\/www.eagora.app\/conocimiento\/\">exemples d&#8217;\u00e8xits #L\u00eddersLocalChangers. Fes clic aqu\u00ed per descobrir-los!<\/a><\/p>\n","protected":false},"excerpt":{"rendered":"<p>Entrevista amb Montse Chinchilla a L\u00edders Local Changers Hola a tots! En aquest des\u00e8 cap\u00edtol de #L\u00edderesLocalChangers, us compartim una entrevista inspiradora amb la Montse Chinchilla, que lidera el Club d&#8217;Orat\u00f2ria M\u00e0laga. Aquest interessant club est\u00e0 ubicat a la bonica ciutat de M\u00e0laga. \ud83c\udf06 &nbsp; Empoderant a trav\u00e9s de l&#8217;Orat\u00f2ria: Club Orat\u00f2ria de M\u00e0laga El [&hellip;]<\/p>\n","protected":false},"author":872,"featured_media":18870,"comment_status":"closed","ping_status":"open","sticky":false,"template":"","format":"standard","meta":{"content-type":"","_jetpack_memberships_contains_paid_content":false,"_joinchat":[],"footnotes":""},"categories":[93],"tags":[],"class_list":["post-19080","post","type-post","status-publish","format-standard","has-post-thumbnail","hentry","category-casos-dexit"],"yoast_head":"<!-- This site is optimized with the Yoast SEO Premium plugin v27.0 (Yoast SEO v27.0) - https:\/\/yoast.com\/product\/yoast-seo-premium-wordpress\/ -->\n<title>Entrevista amb Montse Chinchilla a L\u00edders Local Changers<\/title>\n<meta name=\"description\" content=\"La presidenta del Club Orat\u00f2ria M\u00e0laga ens explica la transformaci\u00f3 del seu club a l&#039;entrevista amb Montse Chinchilla a L\u00edders Local Changers. Descobriu-la!\" \/>\n<meta name=\"robots\" content=\"index, follow, max-snippet:-1, max-image-preview:large, max-video-preview:-1\" \/>\n<link rel=\"canonical\" href=\"https:\/\/www.eagora.app\/ca\/conocimiento\/montse-chinchilla-presidenta-del-club-oratoria-malaga-a-lidereslocalchangers\/\" \/>\n<meta property=\"og:locale\" content=\"ca_ES\" \/>\n<meta property=\"og:type\" content=\"article\" \/>\n<meta property=\"og:title\" content=\"Montse Chinchilla, Presidenta del Club Orat\u00f2ria M\u00e0laga, a #L\u00edderesLocalChangers\" \/>\n<meta property=\"og:description\" content=\"La presidenta del Club Orat\u00f2ria M\u00e0laga ens explica la transformaci\u00f3 del seu club a l&#039;entrevista amb Montse Chinchilla a L\u00edders Local Changers. Descobriu-la!\" \/>\n<meta property=\"og:url\" content=\"https:\/\/www.eagora.app\/ca\/conocimiento\/montse-chinchilla-presidenta-del-club-oratoria-malaga-a-lidereslocalchangers\/\" \/>\n<meta property=\"og:site_name\" content=\"eAgora\" \/>\n<meta property=\"article:publisher\" content=\"https:\/\/www.facebook.com\/eAgoraApp\" \/>\n<meta property=\"article:published_time\" content=\"2023-09-05T10:31:42+00:00\" \/>\n<meta property=\"og:image\" content=\"https:\/\/www.eagora.app\/wp-content\/uploads\/2023\/09\/portada.jpg\" \/>\n\t<meta property=\"og:image:width\" content=\"1920\" \/>\n\t<meta property=\"og:image:height\" content=\"1080\" \/>\n\t<meta property=\"og:image:type\" content=\"image\/jpeg\" \/>\n<meta name=\"author\" content=\"Roser Vallve\" \/>\n<meta name=\"twitter:card\" content=\"summary_large_image\" \/>\n<meta name=\"twitter:creator\" content=\"@EagoraApp\" \/>\n<meta name=\"twitter:site\" content=\"@EagoraApp\" \/>\n<meta name=\"twitter:label1\" content=\"Escrit per\" \/>\n\t<meta name=\"twitter:data1\" content=\"Roser Vallve\" \/>\n\t<meta name=\"twitter:label2\" content=\"Temps estimat de lectura\" \/>\n\t<meta name=\"twitter:data2\" content=\"3 minuts\" \/>\n<script type=\"application\/ld+json\" class=\"yoast-schema-graph\">{\"@context\":\"https:\/\/schema.org\",\"@graph\":[{\"@type\":\"Article\",\"@id\":\"https:\/\/www.eagora.app\/ca\/conocimiento\/montse-chinchilla-presidenta-del-club-oratoria-malaga-a-lidereslocalchangers\/#article\",\"isPartOf\":{\"@id\":\"https:\/\/www.eagora.app\/ca\/conocimiento\/montse-chinchilla-presidenta-del-club-oratoria-malaga-a-lidereslocalchangers\/\"},\"author\":{\"name\":\"Roser Vallve\",\"@id\":\"https:\/\/www.eagora.app\/ca\/#\/schema\/person\/f1036a22998d81569495936c2aa9cb32\"},\"headline\":\"Montse Chinchilla, Presidenta del Club Orat\u00f2ria M\u00e0laga, a #L\u00edderesLocalChangers\",\"datePublished\":\"2023-09-05T10:31:42+00:00\",\"mainEntityOfPage\":{\"@id\":\"https:\/\/www.eagora.app\/ca\/conocimiento\/montse-chinchilla-presidenta-del-club-oratoria-malaga-a-lidereslocalchangers\/\"},\"wordCount\":664,\"publisher\":{\"@id\":\"https:\/\/www.eagora.app\/ca\/#organization\"},\"image\":{\"@id\":\"https:\/\/www.eagora.app\/ca\/conocimiento\/montse-chinchilla-presidenta-del-club-oratoria-malaga-a-lidereslocalchangers\/#primaryimage\"},\"thumbnailUrl\":\"https:\/\/www.eagora.app\/wp-content\/uploads\/2023\/09\/portada.jpg\",\"articleSection\":[\"Casos d'\u00e8xit\"],\"inLanguage\":\"ca\"},{\"@type\":\"WebPage\",\"@id\":\"https:\/\/www.eagora.app\/ca\/conocimiento\/montse-chinchilla-presidenta-del-club-oratoria-malaga-a-lidereslocalchangers\/\",\"url\":\"https:\/\/www.eagora.app\/ca\/conocimiento\/montse-chinchilla-presidenta-del-club-oratoria-malaga-a-lidereslocalchangers\/\",\"name\":\"Entrevista amb Montse Chinchilla a L\u00edders Local Changers\",\"isPartOf\":{\"@id\":\"https:\/\/www.eagora.app\/ca\/#website\"},\"primaryImageOfPage\":{\"@id\":\"https:\/\/www.eagora.app\/ca\/conocimiento\/montse-chinchilla-presidenta-del-club-oratoria-malaga-a-lidereslocalchangers\/#primaryimage\"},\"image\":{\"@id\":\"https:\/\/www.eagora.app\/ca\/conocimiento\/montse-chinchilla-presidenta-del-club-oratoria-malaga-a-lidereslocalchangers\/#primaryimage\"},\"thumbnailUrl\":\"https:\/\/www.eagora.app\/wp-content\/uploads\/2023\/09\/portada.jpg\",\"datePublished\":\"2023-09-05T10:31:42+00:00\",\"description\":\"La presidenta del Club Orat\u00f2ria M\u00e0laga ens explica la transformaci\u00f3 del seu club a l'entrevista amb Montse Chinchilla a L\u00edders Local Changers. Descobriu-la!\",\"breadcrumb\":{\"@id\":\"https:\/\/www.eagora.app\/ca\/conocimiento\/montse-chinchilla-presidenta-del-club-oratoria-malaga-a-lidereslocalchangers\/#breadcrumb\"},\"inLanguage\":\"ca\",\"potentialAction\":[{\"@type\":\"ReadAction\",\"target\":[\"https:\/\/www.eagora.app\/ca\/conocimiento\/montse-chinchilla-presidenta-del-club-oratoria-malaga-a-lidereslocalchangers\/\"]}]},{\"@type\":\"ImageObject\",\"inLanguage\":\"ca\",\"@id\":\"https:\/\/www.eagora.app\/ca\/conocimiento\/montse-chinchilla-presidenta-del-club-oratoria-malaga-a-lidereslocalchangers\/#primaryimage\",\"url\":\"https:\/\/www.eagora.app\/wp-content\/uploads\/2023\/09\/portada.jpg\",\"contentUrl\":\"https:\/\/www.eagora.app\/wp-content\/uploads\/2023\/09\/portada.jpg\",\"width\":1920,\"height\":1080},{\"@type\":\"BreadcrumbList\",\"@id\":\"https:\/\/www.eagora.app\/ca\/conocimiento\/montse-chinchilla-presidenta-del-club-oratoria-malaga-a-lidereslocalchangers\/#breadcrumb\",\"itemListElement\":[{\"@type\":\"ListItem\",\"position\":1,\"name\":\"Inicio\",\"item\":\"https:\/\/www.eagora.app\/ca\/\"},{\"@type\":\"ListItem\",\"position\":2,\"name\":\"Coneixement\",\"item\":\"https:\/\/www.eagora.app\/ca\/coneixement\/\"},{\"@type\":\"ListItem\",\"position\":3,\"name\":\"Montse Chinchilla, Presidenta del Club Orat\u00f2ria M\u00e0laga, a #L\u00edderesLocalChangers\"}]},{\"@type\":\"WebSite\",\"@id\":\"https:\/\/www.eagora.app\/ca\/#website\",\"url\":\"https:\/\/www.eagora.app\/ca\/\",\"name\":\"eAgora\",\"description\":\"La plataforma que nos conecta\",\"publisher\":{\"@id\":\"https:\/\/www.eagora.app\/ca\/#organization\"},\"potentialAction\":[{\"@type\":\"SearchAction\",\"target\":{\"@type\":\"EntryPoint\",\"urlTemplate\":\"https:\/\/www.eagora.app\/ca\/?s={search_term_string}\"},\"query-input\":{\"@type\":\"PropertyValueSpecification\",\"valueRequired\":true,\"valueName\":\"search_term_string\"}}],\"inLanguage\":\"ca\"},{\"@type\":\"Organization\",\"@id\":\"https:\/\/www.eagora.app\/ca\/#organization\",\"name\":\"eAgora\",\"url\":\"https:\/\/www.eagora.app\/ca\/\",\"logo\":{\"@type\":\"ImageObject\",\"inLanguage\":\"ca\",\"@id\":\"https:\/\/www.eagora.app\/ca\/#\/schema\/logo\/image\/\",\"url\":\"https:\/\/www.eagora.app\/wp-content\/uploads\/2023\/02\/logo-eagora-emails.jpg\",\"contentUrl\":\"https:\/\/www.eagora.app\/wp-content\/uploads\/2023\/02\/logo-eagora-emails.jpg\",\"width\":550,\"height\":146,\"caption\":\"eAgora\"},\"image\":{\"@id\":\"https:\/\/www.eagora.app\/ca\/#\/schema\/logo\/image\/\"},\"sameAs\":[\"https:\/\/www.facebook.com\/eAgoraApp\",\"https:\/\/x.com\/EagoraApp\",\"https:\/\/www.instagram.com\/eagora.app\/\",\"https:\/\/www.linkedin.com\/company\/eagora\",\"https:\/\/www.youtube.com\/@eAgoraApp\"]},{\"@type\":\"Person\",\"@id\":\"https:\/\/www.eagora.app\/ca\/#\/schema\/person\/f1036a22998d81569495936c2aa9cb32\",\"name\":\"Roser Vallve\",\"image\":{\"@type\":\"ImageObject\",\"inLanguage\":\"ca\",\"@id\":\"https:\/\/www.eagora.app\/ca\/#\/schema\/person\/image\/\",\"url\":\"https:\/\/secure.gravatar.com\/avatar\/0399a104ac4b8ad3b6f7161df883d725e4edadfe16802877923fe80093335413?s=96&d=mm&r=g\",\"contentUrl\":\"https:\/\/secure.gravatar.com\/avatar\/0399a104ac4b8ad3b6f7161df883d725e4edadfe16802877923fe80093335413?s=96&d=mm&r=g\",\"caption\":\"Roser Vallve\"}}]}<\/script>\n<!-- \/ Yoast SEO Premium plugin. -->","yoast_head_json":{"title":"Entrevista amb Montse Chinchilla a L\u00edders Local Changers","description":"La presidenta del Club Orat\u00f2ria M\u00e0laga ens explica la transformaci\u00f3 del seu club a l'entrevista amb Montse Chinchilla a L\u00edders Local Changers. Descobriu-la!","robots":{"index":"index","follow":"follow","max-snippet":"max-snippet:-1","max-image-preview":"max-image-preview:large","max-video-preview":"max-video-preview:-1"},"canonical":"https:\/\/www.eagora.app\/ca\/conocimiento\/montse-chinchilla-presidenta-del-club-oratoria-malaga-a-lidereslocalchangers\/","og_locale":"ca_ES","og_type":"article","og_title":"Montse Chinchilla, Presidenta del Club Orat\u00f2ria M\u00e0laga, a #L\u00edderesLocalChangers","og_description":"La presidenta del Club Orat\u00f2ria M\u00e0laga ens explica la transformaci\u00f3 del seu club a l'entrevista amb Montse Chinchilla a L\u00edders Local Changers. Descobriu-la!","og_url":"https:\/\/www.eagora.app\/ca\/conocimiento\/montse-chinchilla-presidenta-del-club-oratoria-malaga-a-lidereslocalchangers\/","og_site_name":"eAgora","article_publisher":"https:\/\/www.facebook.com\/eAgoraApp","article_published_time":"2023-09-05T10:31:42+00:00","og_image":[{"width":1920,"height":1080,"url":"https:\/\/www.eagora.app\/wp-content\/uploads\/2023\/09\/portada.jpg","type":"image\/jpeg"}],"author":"Roser Vallve","twitter_card":"summary_large_image","twitter_creator":"@EagoraApp","twitter_site":"@EagoraApp","twitter_misc":{"Escrit per":"Roser Vallve","Temps estimat de lectura":"3 minuts"},"schema":{"@context":"https:\/\/schema.org","@graph":[{"@type":"Article","@id":"https:\/\/www.eagora.app\/ca\/conocimiento\/montse-chinchilla-presidenta-del-club-oratoria-malaga-a-lidereslocalchangers\/#article","isPartOf":{"@id":"https:\/\/www.eagora.app\/ca\/conocimiento\/montse-chinchilla-presidenta-del-club-oratoria-malaga-a-lidereslocalchangers\/"},"author":{"name":"Roser Vallve","@id":"https:\/\/www.eagora.app\/ca\/#\/schema\/person\/f1036a22998d81569495936c2aa9cb32"},"headline":"Montse Chinchilla, Presidenta del Club Orat\u00f2ria M\u00e0laga, a #L\u00edderesLocalChangers","datePublished":"2023-09-05T10:31:42+00:00","mainEntityOfPage":{"@id":"https:\/\/www.eagora.app\/ca\/conocimiento\/montse-chinchilla-presidenta-del-club-oratoria-malaga-a-lidereslocalchangers\/"},"wordCount":664,"publisher":{"@id":"https:\/\/www.eagora.app\/ca\/#organization"},"image":{"@id":"https:\/\/www.eagora.app\/ca\/conocimiento\/montse-chinchilla-presidenta-del-club-oratoria-malaga-a-lidereslocalchangers\/#primaryimage"},"thumbnailUrl":"https:\/\/www.eagora.app\/wp-content\/uploads\/2023\/09\/portada.jpg","articleSection":["Casos d'\u00e8xit"],"inLanguage":"ca"},{"@type":"WebPage","@id":"https:\/\/www.eagora.app\/ca\/conocimiento\/montse-chinchilla-presidenta-del-club-oratoria-malaga-a-lidereslocalchangers\/","url":"https:\/\/www.eagora.app\/ca\/conocimiento\/montse-chinchilla-presidenta-del-club-oratoria-malaga-a-lidereslocalchangers\/","name":"Entrevista amb Montse Chinchilla a L\u00edders Local Changers","isPartOf":{"@id":"https:\/\/www.eagora.app\/ca\/#website"},"primaryImageOfPage":{"@id":"https:\/\/www.eagora.app\/ca\/conocimiento\/montse-chinchilla-presidenta-del-club-oratoria-malaga-a-lidereslocalchangers\/#primaryimage"},"image":{"@id":"https:\/\/www.eagora.app\/ca\/conocimiento\/montse-chinchilla-presidenta-del-club-oratoria-malaga-a-lidereslocalchangers\/#primaryimage"},"thumbnailUrl":"https:\/\/www.eagora.app\/wp-content\/uploads\/2023\/09\/portada.jpg","datePublished":"2023-09-05T10:31:42+00:00","description":"La presidenta del Club Orat\u00f2ria M\u00e0laga ens explica la transformaci\u00f3 del seu club a l'entrevista amb Montse Chinchilla a L\u00edders Local Changers. Descobriu-la!","breadcrumb":{"@id":"https:\/\/www.eagora.app\/ca\/conocimiento\/montse-chinchilla-presidenta-del-club-oratoria-malaga-a-lidereslocalchangers\/#breadcrumb"},"inLanguage":"ca","potentialAction":[{"@type":"ReadAction","target":["https:\/\/www.eagora.app\/ca\/conocimiento\/montse-chinchilla-presidenta-del-club-oratoria-malaga-a-lidereslocalchangers\/"]}]},{"@type":"ImageObject","inLanguage":"ca","@id":"https:\/\/www.eagora.app\/ca\/conocimiento\/montse-chinchilla-presidenta-del-club-oratoria-malaga-a-lidereslocalchangers\/#primaryimage","url":"https:\/\/www.eagora.app\/wp-content\/uploads\/2023\/09\/portada.jpg","contentUrl":"https:\/\/www.eagora.app\/wp-content\/uploads\/2023\/09\/portada.jpg","width":1920,"height":1080},{"@type":"BreadcrumbList","@id":"https:\/\/www.eagora.app\/ca\/conocimiento\/montse-chinchilla-presidenta-del-club-oratoria-malaga-a-lidereslocalchangers\/#breadcrumb","itemListElement":[{"@type":"ListItem","position":1,"name":"Inicio","item":"https:\/\/www.eagora.app\/ca\/"},{"@type":"ListItem","position":2,"name":"Coneixement","item":"https:\/\/www.eagora.app\/ca\/coneixement\/"},{"@type":"ListItem","position":3,"name":"Montse Chinchilla, Presidenta del Club Orat\u00f2ria M\u00e0laga, a #L\u00edderesLocalChangers"}]},{"@type":"WebSite","@id":"https:\/\/www.eagora.app\/ca\/#website","url":"https:\/\/www.eagora.app\/ca\/","name":"eAgora","description":"La plataforma que nos conecta","publisher":{"@id":"https:\/\/www.eagora.app\/ca\/#organization"},"potentialAction":[{"@type":"SearchAction","target":{"@type":"EntryPoint","urlTemplate":"https:\/\/www.eagora.app\/ca\/?s={search_term_string}"},"query-input":{"@type":"PropertyValueSpecification","valueRequired":true,"valueName":"search_term_string"}}],"inLanguage":"ca"},{"@type":"Organization","@id":"https:\/\/www.eagora.app\/ca\/#organization","name":"eAgora","url":"https:\/\/www.eagora.app\/ca\/","logo":{"@type":"ImageObject","inLanguage":"ca","@id":"https:\/\/www.eagora.app\/ca\/#\/schema\/logo\/image\/","url":"https:\/\/www.eagora.app\/wp-content\/uploads\/2023\/02\/logo-eagora-emails.jpg","contentUrl":"https:\/\/www.eagora.app\/wp-content\/uploads\/2023\/02\/logo-eagora-emails.jpg","width":550,"height":146,"caption":"eAgora"},"image":{"@id":"https:\/\/www.eagora.app\/ca\/#\/schema\/logo\/image\/"},"sameAs":["https:\/\/www.facebook.com\/eAgoraApp","https:\/\/x.com\/EagoraApp","https:\/\/www.instagram.com\/eagora.app\/","https:\/\/www.linkedin.com\/company\/eagora","https:\/\/www.youtube.com\/@eAgoraApp"]},{"@type":"Person","@id":"https:\/\/www.eagora.app\/ca\/#\/schema\/person\/f1036a22998d81569495936c2aa9cb32","name":"Roser Vallve","image":{"@type":"ImageObject","inLanguage":"ca","@id":"https:\/\/www.eagora.app\/ca\/#\/schema\/person\/image\/","url":"https:\/\/secure.gravatar.com\/avatar\/0399a104ac4b8ad3b6f7161df883d725e4edadfe16802877923fe80093335413?s=96&d=mm&r=g","contentUrl":"https:\/\/secure.gravatar.com\/avatar\/0399a104ac4b8ad3b6f7161df883d725e4edadfe16802877923fe80093335413?s=96&d=mm&r=g","caption":"Roser Vallve"}}]}},"jetpack_featured_media_url":"https:\/\/www.eagora.app\/wp-content\/uploads\/2023\/09\/portada.jpg","jetpack_sharing_enabled":true,"_links":{"self":[{"href":"https:\/\/www.eagora.app\/ca\/wp-json\/wp\/v2\/posts\/19080","targetHints":{"allow":["GET"]}}],"collection":[{"href":"https:\/\/www.eagora.app\/ca\/wp-json\/wp\/v2\/posts"}],"about":[{"href":"https:\/\/www.eagora.app\/ca\/wp-json\/wp\/v2\/types\/post"}],"author":[{"embeddable":true,"href":"https:\/\/www.eagora.app\/ca\/wp-json\/wp\/v2\/users\/872"}],"replies":[{"embeddable":true,"href":"https:\/\/www.eagora.app\/ca\/wp-json\/wp\/v2\/comments?post=19080"}],"version-history":[{"count":0,"href":"https:\/\/www.eagora.app\/ca\/wp-json\/wp\/v2\/posts\/19080\/revisions"}],"wp:featuredmedia":[{"embeddable":true,"href":"https:\/\/www.eagora.app\/ca\/wp-json\/wp\/v2\/media\/18870"}],"wp:attachment":[{"href":"https:\/\/www.eagora.app\/ca\/wp-json\/wp\/v2\/media?parent=19080"}],"wp:term":[{"taxonomy":"category","embeddable":true,"href":"https:\/\/www.eagora.app\/ca\/wp-json\/wp\/v2\/categories?post=19080"},{"taxonomy":"post_tag","embeddable":true,"href":"https:\/\/www.eagora.app\/ca\/wp-json\/wp\/v2\/tags?post=19080"}],"curies":[{"name":"wp","href":"https:\/\/api.w.org\/{rel}","templated":true}]}}