{"id":19079,"date":"2023-09-04T19:21:23","date_gmt":"2023-09-04T17:21:23","guid":{"rendered":"https:\/\/www.eagora.app\/afegeix-directoris-dentitats-i-serveis-del-teu-ajuntament-o-entitat-i-oblidat-de-les-dades-desactualitzades\/"},"modified":"2023-09-04T19:21:23","modified_gmt":"2023-09-04T17:21:23","slug":"afegeix-directoris-dentitats-i-serveis-del-teu-ajuntament-o-entitat-i-oblidat-de-les-dades-desactualitzades","status":"publish","type":"post","link":"https:\/\/www.eagora.app\/ca\/conocimiento\/afegeix-directoris-dentitats-i-serveis-del-teu-ajuntament-o-entitat-i-oblidat-de-les-dades-desactualitzades\/","title":{"rendered":"Afegeix directoris d&#8217;entitats i serveis del teu ajuntament o entitat i oblida&#8217;t de les dades desactualitzades"},"content":{"rendered":"<p style=\"text-align: center;\"><strong>Afegeix directoris d&#8217;entitats i serveis del teu ajuntament o entitat i oblida&#8217;t de les dades desactualitzades<\/strong><\/p>\n<p><em>Com fer que a la teva \u00e0gora (ja siguis un Ajuntament o una entitat o negoci) apareguin directoris d&#8217;entitats i serveis amb qu\u00e8 col\u00b7labores o que formen part de la teva comunitat o municipi; i com apar\u00e8ixer tu a directoris d&#8217;altres \u00e0gores. <\/em><\/p>\n<p>&nbsp;<\/p>\n<p>Est\u00e0 cansat de tenir webs amb directoris d&#8217;entitats, serveis, etc. desactualitzats? Vols posar en valor la riquesa de la teva comunitat i enfortir els lligams amb altres entitats i serveis de la teva \u00e0rea d&#8217;influ\u00e8ncia? Vols apar\u00e8ixer al directori d&#8217;alguna \u00e0gora important com la del teu Ajuntament?<\/p>\n<p>A eAgora, el nostre objectiu \u00e9s ajudar-te a crear ponts amb altres entitats i <strong>maximitzar l&#8217;impacte de les teves accions<\/strong>. Per aix\u00f2, proporcionem r<strong>ecursos per al teu ajuntament, entitat o negoci<\/strong>, destacant les nostres eines de comunicaci\u00f3, informaci\u00f3, participaci\u00f3 i gesti\u00f3.<\/p>\n<p>Entre les eines d&#8217;informaci\u00f3, us oferim la possibilitat de crear els vostres propis directoris d&#8217;entitats i serveis col\u00b7laboradors, on podeu posar en valor tota la vostra riquesa de col\u00b7laboracions amb altres organitzacions o recursos del vostre municipi. A m\u00e9s, ara tamb\u00e9 tens l&#8217;opci\u00f3 inversa: <strong>l&#8217;oportunitat de destacar la teva \u00e0gora al directori d&#8217;entitats i comer\u00e7os del teu Ajuntament o d&#8217;altres \u00e0gores properes a tu.<\/strong> <\/p>\n<p>&nbsp;<\/p>\n<p>Comencem pel principi. Quin benefici t\u00e9 per a la teva \u00e0gora disposar de directoris? T&#8217;ho expliquem a continuaci\u00f3.<\/p>\n<h3>\ud83d\udecd\ufe0f Amb el directori de comer\u00e7os i serveis col\u00b7laboradors pots&#8230;<\/h3>\n<ul>\n<li>Visibilitzar la riquesa de la teva xarxa comercial i de serveis.<\/li>\n<li>Potenciar els teus col\u00b7laboradors i el teixit econ\u00f2mic de la teva zona d&#8217;influ\u00e8ncia o municipi.<\/li>\n<li>Els comer\u00e7os, cooperatives, serveis i negocis que decideixis, podran afegir-se al teu directori per teixir-hi xarxa.<\/li>\n<li>Tamb\u00e9 es podran visualitzar en un mapa i la teva comunitat els podr\u00e0 trobar f\u00e0cilment i accedir-hi amb un clic.<\/li>\n<\/ul>\n<p>&nbsp;<\/p>\n<h3>\ud83c\udfe2 Amb el directori d&#8217;entitats col\u00b7laboradores pots&#8230;<\/h3>\n<ul>\n<li>Visibilitzar la riquesa de la teva xarxa social i cultural.<\/li>\n<li>Podr\u00e0s potenciar les teves col\u00b7laboracions amb altres entitats de tipus associaci\u00f3, club, escola, fundacions, ONG&#8217;s, federacions, etc. Seran visibles al vostre directori i estareu teixint xarxa amb ells, de manera que seran visibles en un mapa i la vostra comunitat podr\u00e0 trobar-los f\u00e0cilment.<\/li>\n<li>Posar en valor les entitats amb les quals tinguis relaci\u00f3 i ajuda-les a donar-los m\u00e9s visibilitat i tenir m\u00e9s impacte a la zona.<\/li>\n<\/ul>\n<h2><\/h2>\n<h2>Com puc mostrar directoris d&#8217;entitats i comer\u00e7os del meu ajuntament o entitat?<\/h2>\n<p>En primer lloc, al panell de gesti\u00f3 de la vostra \u00e0gora, heu d&#8217;habilitar l&#8217;opci\u00f3 de directoris. En aquest moment, es mostrar\u00e0 a l&#8217;app la icona de directoris d&#8217;entitats i serveis i podreu anar rebent sol\u00b7licituds d&#8217;altres \u00e0gores per apar\u00e8ixer aquest directori (m\u00e9s avall expliquem com altres \u00e0gores demanaran perm\u00eds). Aquestes sol\u00b7licituds les podr\u00e0s acceptar o rebutjar.<\/p>\n<p>Un cop acceptada la sol\u00b7licitud, aquestes entitats apareixeran al directori i els teus seguidors les podran trobar\/veure\/seguir i estar al dia tamb\u00e9 de les seves novetats, enfortint aix\u00ed la vostra xarxa i cooperaci\u00f3.<\/p>\n<p>D&#8217;aquesta manera cada entitat (associaci\u00f3, escola, club, etc.) i comer\u00e7 o servei mant\u00e9 al dia el seu perfil i les seves publicacions i agenda, sense necessitat d&#8217;estar passant aquesta informaci\u00f3 cont\u00ednuament per actualitzar-la o publicar-la en una altra agora com la de un Ajuntament.<\/p>\n<p>Aix\u00ed de f\u00e0cil, cada entitat s&#8217;encarrega de les seves dades, publicacions, esdeveniments&#8230; i la ciutadania disposa de la informaci\u00f3 en temps i forma, sense necessitat de consultar diverses webs, xarxes socials, etc.<\/p>\n<p><img fetchpriority=\"high\" decoding=\"async\" class=\"wp-image-18834 aligncenter\" src=\"https:\/\/www.eagora.app\/wp-content\/uploads\/2023\/09\/0823_UIDirectorios_02.2-XL1440px-1-1024x741.jpg\" alt=\"\" width=\"573\" height=\"415\" srcset=\"https:\/\/www.eagora.app\/wp-content\/uploads\/2023\/09\/0823_UIDirectorios_02.2-XL1440px-1-1024x741.jpg 1024w, https:\/\/www.eagora.app\/wp-content\/uploads\/2023\/09\/0823_UIDirectorios_02.2-XL1440px-1-300x217.jpg 300w, https:\/\/www.eagora.app\/wp-content\/uploads\/2023\/09\/0823_UIDirectorios_02.2-XL1440px-1-768x556.jpg 768w, https:\/\/www.eagora.app\/wp-content\/uploads\/2023\/09\/0823_UIDirectorios_02.2-XL1440px-1-600x434.jpg 600w, https:\/\/www.eagora.app\/wp-content\/uploads\/2023\/09\/0823_UIDirectorios_02.2-XL1440px-1.jpg 1504w\" sizes=\"(max-width: 573px) 100vw, 573px\" \/><\/p>\n<p>&nbsp;<\/p>\n<h2>Com faig que la meva \u00e0gora aparegui al directori d&#8217;un Ajuntament o una altra \u00e0gora amb qu\u00e8 col\u00b7laboro?<\/h2>\n<p style=\"text-align: left;\"><em>Afegeix directoris d&#8217;entitats i serveis del teu ajuntament o entitat i oblida&#8217;t de les dades desactualitzades<\/em><\/p>\n<p>Vols que el teu comer\u00e7 o entitat aparegui al directori de l&#8217;Ajuntament o altres \u00e0gores afins? A continuaci\u00f3, t&#8217;expliquem pas a pas com incloure el teu comer\u00e7 o entitat al directori de l&#8217;Ajuntament:<\/p>\n<p>&nbsp;<\/p>\n<p><img decoding=\"async\" class=\"wp-image-18754 alignright\" src=\"https:\/\/www.eagora.app\/wp-content\/uploads\/2023\/09\/RRSS-general-feed-3-1024x1024.png\" alt=\"\" width=\"343\" height=\"343\" srcset=\"https:\/\/www.eagora.app\/wp-content\/uploads\/2023\/09\/RRSS-general-feed-3-1024x1024.png 1024w, https:\/\/www.eagora.app\/wp-content\/uploads\/2023\/09\/RRSS-general-feed-3-300x300.png 300w, https:\/\/www.eagora.app\/wp-content\/uploads\/2023\/09\/RRSS-general-feed-3-150x150.png 150w, https:\/\/www.eagora.app\/wp-content\/uploads\/2023\/09\/RRSS-general-feed-3-768x768.png 768w, https:\/\/www.eagora.app\/wp-content\/uploads\/2023\/09\/RRSS-general-feed-3-600x600.png 600w, https:\/\/www.eagora.app\/wp-content\/uploads\/2023\/09\/RRSS-general-feed-3-100x100.png 100w, https:\/\/www.eagora.app\/wp-content\/uploads\/2023\/09\/RRSS-general-feed-3-50x50.png 50w, https:\/\/www.eagora.app\/wp-content\/uploads\/2023\/09\/RRSS-general-feed-3.png 1080w\" sizes=\"(max-width: 343px) 100vw, 343px\" \/><\/p>\n<h2><strong>Per afegir la teva \u00e0gora al directori:<\/strong><\/h2>\n<p>Segueix aquests passos per incloure el teu comer\u00e7 o entitat al directori de l&#8217;Ajuntament a eAgora.<\/p>\n<p>1. Entra a l&#8217;<strong>\u00c0gora<\/strong> que t&#8217;interessa des de l&#8217;aplicaci\u00f3 eAgora.<\/p>\n<p>2. Premeu al men\u00fa inferior de la pantalla l&#8217;opci\u00f3 de la dreta: &#8220;<strong>M\u00e9s<\/strong>&#8220;.<\/p>\n<p>3. En aquesta nova pantalla que s&#8217;obrir\u00e0, disposeu de l&#8217;opci\u00f3 de contactar amb l&#8217;\u00c0gora, ja sigui per missatge, per tel\u00e8fon o b\u00e9 apropant-vos a l&#8217;adre\u00e7a que se us mostra. Tamb\u00e9 veur\u00e0s diferents funcions: els meus tiquets, informaci\u00f3 i tr\u00e0mits, i finalment, les opcions que ens interessen ara mateix: <strong>Comer\u00e7os i serveis propers i entitats properes. Feu clic en aquesta opci\u00f3.<\/strong><\/p>\n<p>&nbsp;<\/p>\n<p><img decoding=\"async\" class=\"wp-image-18761 alignright\" src=\"https:\/\/www.eagora.app\/wp-content\/uploads\/2023\/09\/RRSS-general-feed-4-1024x1024.png\" alt=\"\" width=\"348\" height=\"348\" srcset=\"https:\/\/www.eagora.app\/wp-content\/uploads\/2023\/09\/RRSS-general-feed-4-1024x1024.png 1024w, https:\/\/www.eagora.app\/wp-content\/uploads\/2023\/09\/RRSS-general-feed-4-300x300.png 300w, https:\/\/www.eagora.app\/wp-content\/uploads\/2023\/09\/RRSS-general-feed-4-150x150.png 150w, https:\/\/www.eagora.app\/wp-content\/uploads\/2023\/09\/RRSS-general-feed-4-768x768.png 768w, https:\/\/www.eagora.app\/wp-content\/uploads\/2023\/09\/RRSS-general-feed-4-600x600.png 600w, https:\/\/www.eagora.app\/wp-content\/uploads\/2023\/09\/RRSS-general-feed-4-100x100.png 100w, https:\/\/www.eagora.app\/wp-content\/uploads\/2023\/09\/RRSS-general-feed-4-50x50.png 50w, https:\/\/www.eagora.app\/wp-content\/uploads\/2023\/09\/RRSS-general-feed-4.png 1080w\" sizes=\"(max-width: 348px) 100vw, 348px\" \/><\/p>\n<p>&nbsp;<\/p>\n<p>4. Des del men\u00fa de Comer\u00e7os i serveis propers i entitats properes que se t&#8217;ha obert, fes clic a &#8220;<strong>Vull apar\u00e8ixer en aquest director<\/strong>i&#8221;.<\/p>\n<p><strong>Per finalitzar&#8230;<\/strong><\/p>\n<p><strong>A) Sol\u00b7licitud enviada:<\/strong> La teva sol\u00b7licitud est\u00e0 pendent d&#8217;aprovaci\u00f3 i rebr\u00e0s una notificaci\u00f3 quan s&#8217;aprovi la teva sol\u00b7licitud per apar\u00e8ixer al directori d&#8217;entitats i comer\u00e7os.<\/p>\n<p><strong>B) Sol\u00b7licitud rebutjada:<\/strong> Si la teva sol\u00b7licitud \u00e9s rebutjada per alguna ra\u00f3, pots posar-te en contacte per missatge per obtenir m\u00e9s detalls sobre la sol\u00b7licitud i prendre les mesures necess\u00e0ries.<\/p>\n<p>&nbsp;<\/p>\n<p><strong>Important:<\/strong><\/p>\n<p>A) Si ja tens una \u00e0gora creada, haur\u00e0s de triar <strong>quina de les teves \u00e0gores desitges que aparegui<\/strong> al directori.<\/p>\n<p>B) Si encara no tens una \u00e0gora creada, se t&#8217;oferir\u00e0 l&#8217;opci\u00f3 de <strong>crear una \u00e0gora<\/strong>. Recordeu que cal ser administrador d&#8217;una \u00e0gora per apar\u00e8ixer al directori.<\/p>\n<p>Un cop finalitzat aquest proc\u00e9s, rebr\u00e0s una notificaci\u00f3 a l&#8217;app eAgora on es confirmar\u00e0 el seu estat definitiu: aprovada la sol\u00b7licitud o rebutjada. Haur\u00e0s d&#8217;estar atenta a les notificacions!<\/p>\n<p>&nbsp;<\/p>\n<p>&nbsp;<\/p>\n<p><img loading=\"lazy\" decoding=\"async\" class=\"wp-image-18788 alignright\" src=\"https:\/\/www.eagora.app\/wp-content\/uploads\/2023\/09\/RRSS-general-feed-9-1024x1024.png\" alt=\"\" width=\"374\" height=\"374\" srcset=\"https:\/\/www.eagora.app\/wp-content\/uploads\/2023\/09\/RRSS-general-feed-9-1024x1024.png 1024w, https:\/\/www.eagora.app\/wp-content\/uploads\/2023\/09\/RRSS-general-feed-9-300x300.png 300w, https:\/\/www.eagora.app\/wp-content\/uploads\/2023\/09\/RRSS-general-feed-9-150x150.png 150w, https:\/\/www.eagora.app\/wp-content\/uploads\/2023\/09\/RRSS-general-feed-9-768x768.png 768w, https:\/\/www.eagora.app\/wp-content\/uploads\/2023\/09\/RRSS-general-feed-9-600x600.png 600w, https:\/\/www.eagora.app\/wp-content\/uploads\/2023\/09\/RRSS-general-feed-9-100x100.png 100w, https:\/\/www.eagora.app\/wp-content\/uploads\/2023\/09\/RRSS-general-feed-9-50x50.png 50w, https:\/\/www.eagora.app\/wp-content\/uploads\/2023\/09\/RRSS-general-feed-9.png 1080w\" sizes=\"(max-width: 374px) 100vw, 374px\" \/><\/p>\n<h2><strong>Per veure les entitats i comer\u00e7os inscrits:<\/strong><\/h2>\n<p>Segueix aquests passos per veure els comer\u00e7os o entitats al directori a eAgora.<\/p>\n<ol>\n<li>Entra a l&#8217;<strong>\u00c0gora<\/strong> que t&#8217;interessa.<\/li>\n<li>Fes clic al men\u00fa inferior de la pantalla l&#8217;opci\u00f3 de la dreta &#8220;<strong>M\u00e9s<\/strong>&#8220;.<\/li>\n<li>Fes clic a &#8220;<strong>Entitats properes<\/strong>&#8221; per veure una llista de les entitats col\u00b7laboradores de l&#8217;\u00c0gora on et trobaves.<\/li>\n<li>Clica &#8220;<strong>Comer\u00e7os i serveis propers<\/strong>&#8221; per veure una llista dels comer\u00e7os col\u00b7laboradors de l&#8217;\u00c0gora on et trobaves.<\/li>\n<\/ol>\n<p>&nbsp;<\/p>\n<p>&nbsp;<\/p>\n<div class=\"group w-full text-token-text-primary border-b border-black\/10 dark:border-gray-900\/50 bg-gray-50 dark:bg-[#444654]\" data-testid=\"conversation-turn-5\">\n<div class=\"p-4 justify-center text-base md:gap-6 md:py-6 m-auto\">\n<div class=\"flex flex-1 gap-4 text-base mx-auto md:gap-6 md:max-w-2xl lg:max-w-[38rem] xl:max-w-3xl }\">\n<div class=\"relative flex w-[calc(100%-50px)] flex-col gap-1 md:gap-3 lg:w-[calc(100%-115px)]\">\n<div class=\"flex flex-grow flex-col gap-3 max-w-full\">\n<div class=\"min-h-[20px] flex flex-col items-start gap-3 overflow-x-auto whitespace-pre-wrap break-words\">\n<div class=\"markdown prose w-full break-words dark:prose-invert light\">\n<p>Esperem que aquesta guia t&#8217;hagi ajudat a saber com pots crear directoris interessants al teu Ajuntament o entitat ia enfortir les teves col\u00b7laboracions comercials i socials a la teva comunitat! Si tens alguna pregunta addicional, no dubtis a contactar-nos.<\/p>\n<\/div>\n<p>&nbsp;<\/p>\n<\/div>\n<\/div>\n<\/div>\n<\/div>\n<\/div>\n<\/div>\n<p style=\"text-align: center;\"><strong>Si encara no has creat la teva \u00c0gora, no esperis m\u00e9s i comen\u00e7a ara de forma gratu\u00efta!<\/strong><\/p>\n<p><span id=\"hs-cta-wrapper-853d4503-fcbb-4d34-a346-60f4ad805caf\" class=\"hs-cta-wrapper\"><span id=\"hs-cta-853d4503-fcbb-4d34-a346-60f4ad805caf\" class=\"hs-cta-node hs-cta-853d4503-fcbb-4d34-a346-60f4ad805caf\"><a href=\"https:\/\/hubspot-cta-redirect-eu1-prod.s3.amazonaws.com\/cta\/redirect\/25066662\/853d4503-fcbb-4d34-a346-60f4ad805caf\"><img decoding=\"async\" id=\"hs-cta-img-853d4503-fcbb-4d34-a346-60f4ad805caf\" class=\"hs-cta-img aligncenter\" style=\"border-width: 0px;\" src=\"https:\/\/hubspot-no-cache-eu1-prod.s3.amazonaws.com\/cta\/default\/25066662\/853d4503-fcbb-4d34-a346-60f4ad805caf.png\" alt=\"Comen\u00e7a gratis\"><\/a><\/span><\/span><\/p>\n<p>&nbsp;<\/p>\n<p>Si has arribat fins aqu\u00ed, et convidem a explorar tots els nostres tutorials perqu\u00e8 puguis gaudir al m\u00e0xim amb eAgora, <a href=\"https:\/\/www.eagora.app\/conocimiento\/\">fes clic aqu\u00ed per accedir als nostres tutorials!<\/a><\/p>\n","protected":false},"excerpt":{"rendered":"<p>Afegeix directoris d&#8217;entitats i serveis del teu ajuntament o entitat i oblida&#8217;t de les dades desactualitzades Com fer que a la teva \u00e0gora (ja siguis un Ajuntament o una entitat o negoci) apareguin directoris d&#8217;entitats i serveis amb qu\u00e8 col\u00b7labores o que formen part de la teva comunitat o municipi; i com apar\u00e8ixer tu a [&hellip;]<\/p>\n","protected":false},"author":872,"featured_media":18840,"comment_status":"closed","ping_status":"open","sticky":false,"template":"","format":"standard","meta":{"content-type":"","_jetpack_memberships_contains_paid_content":false,"_joinchat":[],"footnotes":""},"categories":[116],"tags":[],"class_list":["post-19079","post","type-post","status-publish","format-standard","has-post-thumbnail","hentry","category-tutorials"],"yoast_head":"<!-- This site is optimized with the Yoast SEO Premium plugin v27.0 (Yoast SEO v27.0) - https:\/\/yoast.com\/product\/yoast-seo-premium-wordpress\/ -->\n<title>Afegeix directoris d&#039;entitats i serveis del teu ajuntament o entitat<\/title>\n<meta name=\"description\" content=\"Nova funcionalitat: Afegeix directoris d&#039;entitats i serveis del teu ajuntament o entitat i oblida&#039;t de les dades desactualitzades\" \/>\n<meta name=\"robots\" content=\"index, follow, max-snippet:-1, max-image-preview:large, max-video-preview:-1\" \/>\n<link rel=\"canonical\" href=\"https:\/\/www.eagora.app\/ca\/conocimiento\/afegeix-directoris-dentitats-i-serveis-del-teu-ajuntament-o-entitat-i-oblidat-de-les-dades-desactualitzades\/\" \/>\n<meta property=\"og:locale\" content=\"ca_ES\" \/>\n<meta property=\"og:type\" content=\"article\" \/>\n<meta property=\"og:title\" content=\"Afegeix directoris d&#039;entitats i serveis del teu ajuntament o entitat i oblida&#039;t de les dades desactualitzades\" \/>\n<meta property=\"og:description\" content=\"Nova funcionalitat: Afegeix directoris d&#039;entitats i serveis del teu ajuntament o entitat i oblida&#039;t de les dades desactualitzades\" \/>\n<meta property=\"og:url\" content=\"https:\/\/www.eagora.app\/ca\/conocimiento\/afegeix-directoris-dentitats-i-serveis-del-teu-ajuntament-o-entitat-i-oblidat-de-les-dades-desactualitzades\/\" \/>\n<meta property=\"og:site_name\" content=\"eAgora\" \/>\n<meta property=\"article:publisher\" content=\"https:\/\/www.facebook.com\/eAgoraApp\" \/>\n<meta property=\"article:published_time\" content=\"2023-09-04T17:21:23+00:00\" \/>\n<meta property=\"og:image\" content=\"https:\/\/www.eagora.app\/wp-content\/uploads\/2023\/09\/BLOG-portadas-posts-20.jpg\" \/>\n\t<meta property=\"og:image:width\" content=\"1920\" \/>\n\t<meta property=\"og:image:height\" content=\"1080\" \/>\n\t<meta property=\"og:image:type\" content=\"image\/jpeg\" \/>\n<meta name=\"author\" content=\"Roser Vallve\" \/>\n<meta name=\"twitter:card\" content=\"summary_large_image\" \/>\n<meta name=\"twitter:creator\" content=\"@EagoraApp\" \/>\n<meta name=\"twitter:site\" content=\"@EagoraApp\" \/>\n<meta name=\"twitter:label1\" content=\"Escrit per\" \/>\n\t<meta name=\"twitter:data1\" content=\"Roser Vallve\" \/>\n\t<meta name=\"twitter:label2\" content=\"Temps estimat de lectura\" \/>\n\t<meta name=\"twitter:data2\" content=\"6 minuts\" \/>\n<script type=\"application\/ld+json\" class=\"yoast-schema-graph\">{\"@context\":\"https:\/\/schema.org\",\"@graph\":[{\"@type\":\"Article\",\"@id\":\"https:\/\/www.eagora.app\/ca\/conocimiento\/afegeix-directoris-dentitats-i-serveis-del-teu-ajuntament-o-entitat-i-oblidat-de-les-dades-desactualitzades\/#article\",\"isPartOf\":{\"@id\":\"https:\/\/www.eagora.app\/ca\/conocimiento\/afegeix-directoris-dentitats-i-serveis-del-teu-ajuntament-o-entitat-i-oblidat-de-les-dades-desactualitzades\/\"},\"author\":{\"name\":\"Roser Vallve\",\"@id\":\"https:\/\/www.eagora.app\/ca\/#\/schema\/person\/f1036a22998d81569495936c2aa9cb32\"},\"headline\":\"Afegeix directoris d&#8217;entitats i serveis del teu ajuntament o entitat i oblida&#8217;t de les dades desactualitzades\",\"datePublished\":\"2023-09-04T17:21:23+00:00\",\"mainEntityOfPage\":{\"@id\":\"https:\/\/www.eagora.app\/ca\/conocimiento\/afegeix-directoris-dentitats-i-serveis-del-teu-ajuntament-o-entitat-i-oblidat-de-les-dades-desactualitzades\/\"},\"wordCount\":1201,\"publisher\":{\"@id\":\"https:\/\/www.eagora.app\/ca\/#organization\"},\"image\":{\"@id\":\"https:\/\/www.eagora.app\/ca\/conocimiento\/afegeix-directoris-dentitats-i-serveis-del-teu-ajuntament-o-entitat-i-oblidat-de-les-dades-desactualitzades\/#primaryimage\"},\"thumbnailUrl\":\"https:\/\/www.eagora.app\/wp-content\/uploads\/2023\/09\/BLOG-portadas-posts-20.jpg\",\"articleSection\":[\"Tutorials\"],\"inLanguage\":\"ca\"},{\"@type\":\"WebPage\",\"@id\":\"https:\/\/www.eagora.app\/ca\/conocimiento\/afegeix-directoris-dentitats-i-serveis-del-teu-ajuntament-o-entitat-i-oblidat-de-les-dades-desactualitzades\/\",\"url\":\"https:\/\/www.eagora.app\/ca\/conocimiento\/afegeix-directoris-dentitats-i-serveis-del-teu-ajuntament-o-entitat-i-oblidat-de-les-dades-desactualitzades\/\",\"name\":\"Afegeix directoris d'entitats i serveis del teu ajuntament o entitat\",\"isPartOf\":{\"@id\":\"https:\/\/www.eagora.app\/ca\/#website\"},\"primaryImageOfPage\":{\"@id\":\"https:\/\/www.eagora.app\/ca\/conocimiento\/afegeix-directoris-dentitats-i-serveis-del-teu-ajuntament-o-entitat-i-oblidat-de-les-dades-desactualitzades\/#primaryimage\"},\"image\":{\"@id\":\"https:\/\/www.eagora.app\/ca\/conocimiento\/afegeix-directoris-dentitats-i-serveis-del-teu-ajuntament-o-entitat-i-oblidat-de-les-dades-desactualitzades\/#primaryimage\"},\"thumbnailUrl\":\"https:\/\/www.eagora.app\/wp-content\/uploads\/2023\/09\/BLOG-portadas-posts-20.jpg\",\"datePublished\":\"2023-09-04T17:21:23+00:00\",\"description\":\"Nova funcionalitat: Afegeix directoris d'entitats i serveis del teu ajuntament o entitat i oblida't de les dades desactualitzades\",\"breadcrumb\":{\"@id\":\"https:\/\/www.eagora.app\/ca\/conocimiento\/afegeix-directoris-dentitats-i-serveis-del-teu-ajuntament-o-entitat-i-oblidat-de-les-dades-desactualitzades\/#breadcrumb\"},\"inLanguage\":\"ca\",\"potentialAction\":[{\"@type\":\"ReadAction\",\"target\":[\"https:\/\/www.eagora.app\/ca\/conocimiento\/afegeix-directoris-dentitats-i-serveis-del-teu-ajuntament-o-entitat-i-oblidat-de-les-dades-desactualitzades\/\"]}]},{\"@type\":\"ImageObject\",\"inLanguage\":\"ca\",\"@id\":\"https:\/\/www.eagora.app\/ca\/conocimiento\/afegeix-directoris-dentitats-i-serveis-del-teu-ajuntament-o-entitat-i-oblidat-de-les-dades-desactualitzades\/#primaryimage\",\"url\":\"https:\/\/www.eagora.app\/wp-content\/uploads\/2023\/09\/BLOG-portadas-posts-20.jpg\",\"contentUrl\":\"https:\/\/www.eagora.app\/wp-content\/uploads\/2023\/09\/BLOG-portadas-posts-20.jpg\",\"width\":1920,\"height\":1080},{\"@type\":\"BreadcrumbList\",\"@id\":\"https:\/\/www.eagora.app\/ca\/conocimiento\/afegeix-directoris-dentitats-i-serveis-del-teu-ajuntament-o-entitat-i-oblidat-de-les-dades-desactualitzades\/#breadcrumb\",\"itemListElement\":[{\"@type\":\"ListItem\",\"position\":1,\"name\":\"Inicio\",\"item\":\"https:\/\/www.eagora.app\/ca\/\"},{\"@type\":\"ListItem\",\"position\":2,\"name\":\"Coneixement\",\"item\":\"https:\/\/www.eagora.app\/ca\/coneixement\/\"},{\"@type\":\"ListItem\",\"position\":3,\"name\":\"Afegeix directoris d&#8217;entitats i serveis del teu ajuntament o entitat i oblida&#8217;t de les dades desactualitzades\"}]},{\"@type\":\"WebSite\",\"@id\":\"https:\/\/www.eagora.app\/ca\/#website\",\"url\":\"https:\/\/www.eagora.app\/ca\/\",\"name\":\"eAgora\",\"description\":\"La plataforma que nos conecta\",\"publisher\":{\"@id\":\"https:\/\/www.eagora.app\/ca\/#organization\"},\"potentialAction\":[{\"@type\":\"SearchAction\",\"target\":{\"@type\":\"EntryPoint\",\"urlTemplate\":\"https:\/\/www.eagora.app\/ca\/?s={search_term_string}\"},\"query-input\":{\"@type\":\"PropertyValueSpecification\",\"valueRequired\":true,\"valueName\":\"search_term_string\"}}],\"inLanguage\":\"ca\"},{\"@type\":\"Organization\",\"@id\":\"https:\/\/www.eagora.app\/ca\/#organization\",\"name\":\"eAgora\",\"url\":\"https:\/\/www.eagora.app\/ca\/\",\"logo\":{\"@type\":\"ImageObject\",\"inLanguage\":\"ca\",\"@id\":\"https:\/\/www.eagora.app\/ca\/#\/schema\/logo\/image\/\",\"url\":\"https:\/\/www.eagora.app\/wp-content\/uploads\/2023\/02\/logo-eagora-emails.jpg\",\"contentUrl\":\"https:\/\/www.eagora.app\/wp-content\/uploads\/2023\/02\/logo-eagora-emails.jpg\",\"width\":550,\"height\":146,\"caption\":\"eAgora\"},\"image\":{\"@id\":\"https:\/\/www.eagora.app\/ca\/#\/schema\/logo\/image\/\"},\"sameAs\":[\"https:\/\/www.facebook.com\/eAgoraApp\",\"https:\/\/x.com\/EagoraApp\",\"https:\/\/www.instagram.com\/eagora.app\/\",\"https:\/\/www.linkedin.com\/company\/eagora\",\"https:\/\/www.youtube.com\/@eAgoraApp\"]},{\"@type\":\"Person\",\"@id\":\"https:\/\/www.eagora.app\/ca\/#\/schema\/person\/f1036a22998d81569495936c2aa9cb32\",\"name\":\"Roser Vallve\",\"image\":{\"@type\":\"ImageObject\",\"inLanguage\":\"ca\",\"@id\":\"https:\/\/www.eagora.app\/ca\/#\/schema\/person\/image\/\",\"url\":\"https:\/\/secure.gravatar.com\/avatar\/0399a104ac4b8ad3b6f7161df883d725e4edadfe16802877923fe80093335413?s=96&d=mm&r=g\",\"contentUrl\":\"https:\/\/secure.gravatar.com\/avatar\/0399a104ac4b8ad3b6f7161df883d725e4edadfe16802877923fe80093335413?s=96&d=mm&r=g\",\"caption\":\"Roser Vallve\"}}]}<\/script>\n<!-- \/ Yoast SEO Premium plugin. -->","yoast_head_json":{"title":"Afegeix directoris d'entitats i serveis del teu ajuntament o entitat","description":"Nova funcionalitat: Afegeix directoris d'entitats i serveis del teu ajuntament o entitat i oblida't de les dades desactualitzades","robots":{"index":"index","follow":"follow","max-snippet":"max-snippet:-1","max-image-preview":"max-image-preview:large","max-video-preview":"max-video-preview:-1"},"canonical":"https:\/\/www.eagora.app\/ca\/conocimiento\/afegeix-directoris-dentitats-i-serveis-del-teu-ajuntament-o-entitat-i-oblidat-de-les-dades-desactualitzades\/","og_locale":"ca_ES","og_type":"article","og_title":"Afegeix directoris d'entitats i serveis del teu ajuntament o entitat i oblida't de les dades desactualitzades","og_description":"Nova funcionalitat: Afegeix directoris d'entitats i serveis del teu ajuntament o entitat i oblida't de les dades desactualitzades","og_url":"https:\/\/www.eagora.app\/ca\/conocimiento\/afegeix-directoris-dentitats-i-serveis-del-teu-ajuntament-o-entitat-i-oblidat-de-les-dades-desactualitzades\/","og_site_name":"eAgora","article_publisher":"https:\/\/www.facebook.com\/eAgoraApp","article_published_time":"2023-09-04T17:21:23+00:00","og_image":[{"width":1920,"height":1080,"url":"https:\/\/www.eagora.app\/wp-content\/uploads\/2023\/09\/BLOG-portadas-posts-20.jpg","type":"image\/jpeg"}],"author":"Roser Vallve","twitter_card":"summary_large_image","twitter_creator":"@EagoraApp","twitter_site":"@EagoraApp","twitter_misc":{"Escrit per":"Roser Vallve","Temps estimat de lectura":"6 minuts"},"schema":{"@context":"https:\/\/schema.org","@graph":[{"@type":"Article","@id":"https:\/\/www.eagora.app\/ca\/conocimiento\/afegeix-directoris-dentitats-i-serveis-del-teu-ajuntament-o-entitat-i-oblidat-de-les-dades-desactualitzades\/#article","isPartOf":{"@id":"https:\/\/www.eagora.app\/ca\/conocimiento\/afegeix-directoris-dentitats-i-serveis-del-teu-ajuntament-o-entitat-i-oblidat-de-les-dades-desactualitzades\/"},"author":{"name":"Roser Vallve","@id":"https:\/\/www.eagora.app\/ca\/#\/schema\/person\/f1036a22998d81569495936c2aa9cb32"},"headline":"Afegeix directoris d&#8217;entitats i serveis del teu ajuntament o entitat i oblida&#8217;t de les dades desactualitzades","datePublished":"2023-09-04T17:21:23+00:00","mainEntityOfPage":{"@id":"https:\/\/www.eagora.app\/ca\/conocimiento\/afegeix-directoris-dentitats-i-serveis-del-teu-ajuntament-o-entitat-i-oblidat-de-les-dades-desactualitzades\/"},"wordCount":1201,"publisher":{"@id":"https:\/\/www.eagora.app\/ca\/#organization"},"image":{"@id":"https:\/\/www.eagora.app\/ca\/conocimiento\/afegeix-directoris-dentitats-i-serveis-del-teu-ajuntament-o-entitat-i-oblidat-de-les-dades-desactualitzades\/#primaryimage"},"thumbnailUrl":"https:\/\/www.eagora.app\/wp-content\/uploads\/2023\/09\/BLOG-portadas-posts-20.jpg","articleSection":["Tutorials"],"inLanguage":"ca"},{"@type":"WebPage","@id":"https:\/\/www.eagora.app\/ca\/conocimiento\/afegeix-directoris-dentitats-i-serveis-del-teu-ajuntament-o-entitat-i-oblidat-de-les-dades-desactualitzades\/","url":"https:\/\/www.eagora.app\/ca\/conocimiento\/afegeix-directoris-dentitats-i-serveis-del-teu-ajuntament-o-entitat-i-oblidat-de-les-dades-desactualitzades\/","name":"Afegeix directoris d'entitats i serveis del teu ajuntament o entitat","isPartOf":{"@id":"https:\/\/www.eagora.app\/ca\/#website"},"primaryImageOfPage":{"@id":"https:\/\/www.eagora.app\/ca\/conocimiento\/afegeix-directoris-dentitats-i-serveis-del-teu-ajuntament-o-entitat-i-oblidat-de-les-dades-desactualitzades\/#primaryimage"},"image":{"@id":"https:\/\/www.eagora.app\/ca\/conocimiento\/afegeix-directoris-dentitats-i-serveis-del-teu-ajuntament-o-entitat-i-oblidat-de-les-dades-desactualitzades\/#primaryimage"},"thumbnailUrl":"https:\/\/www.eagora.app\/wp-content\/uploads\/2023\/09\/BLOG-portadas-posts-20.jpg","datePublished":"2023-09-04T17:21:23+00:00","description":"Nova funcionalitat: Afegeix directoris d'entitats i serveis del teu ajuntament o entitat i oblida't de les dades desactualitzades","breadcrumb":{"@id":"https:\/\/www.eagora.app\/ca\/conocimiento\/afegeix-directoris-dentitats-i-serveis-del-teu-ajuntament-o-entitat-i-oblidat-de-les-dades-desactualitzades\/#breadcrumb"},"inLanguage":"ca","potentialAction":[{"@type":"ReadAction","target":["https:\/\/www.eagora.app\/ca\/conocimiento\/afegeix-directoris-dentitats-i-serveis-del-teu-ajuntament-o-entitat-i-oblidat-de-les-dades-desactualitzades\/"]}]},{"@type":"ImageObject","inLanguage":"ca","@id":"https:\/\/www.eagora.app\/ca\/conocimiento\/afegeix-directoris-dentitats-i-serveis-del-teu-ajuntament-o-entitat-i-oblidat-de-les-dades-desactualitzades\/#primaryimage","url":"https:\/\/www.eagora.app\/wp-content\/uploads\/2023\/09\/BLOG-portadas-posts-20.jpg","contentUrl":"https:\/\/www.eagora.app\/wp-content\/uploads\/2023\/09\/BLOG-portadas-posts-20.jpg","width":1920,"height":1080},{"@type":"BreadcrumbList","@id":"https:\/\/www.eagora.app\/ca\/conocimiento\/afegeix-directoris-dentitats-i-serveis-del-teu-ajuntament-o-entitat-i-oblidat-de-les-dades-desactualitzades\/#breadcrumb","itemListElement":[{"@type":"ListItem","position":1,"name":"Inicio","item":"https:\/\/www.eagora.app\/ca\/"},{"@type":"ListItem","position":2,"name":"Coneixement","item":"https:\/\/www.eagora.app\/ca\/coneixement\/"},{"@type":"ListItem","position":3,"name":"Afegeix directoris d&#8217;entitats i serveis del teu ajuntament o entitat i oblida&#8217;t de les dades desactualitzades"}]},{"@type":"WebSite","@id":"https:\/\/www.eagora.app\/ca\/#website","url":"https:\/\/www.eagora.app\/ca\/","name":"eAgora","description":"La plataforma que nos conecta","publisher":{"@id":"https:\/\/www.eagora.app\/ca\/#organization"},"potentialAction":[{"@type":"SearchAction","target":{"@type":"EntryPoint","urlTemplate":"https:\/\/www.eagora.app\/ca\/?s={search_term_string}"},"query-input":{"@type":"PropertyValueSpecification","valueRequired":true,"valueName":"search_term_string"}}],"inLanguage":"ca"},{"@type":"Organization","@id":"https:\/\/www.eagora.app\/ca\/#organization","name":"eAgora","url":"https:\/\/www.eagora.app\/ca\/","logo":{"@type":"ImageObject","inLanguage":"ca","@id":"https:\/\/www.eagora.app\/ca\/#\/schema\/logo\/image\/","url":"https:\/\/www.eagora.app\/wp-content\/uploads\/2023\/02\/logo-eagora-emails.jpg","contentUrl":"https:\/\/www.eagora.app\/wp-content\/uploads\/2023\/02\/logo-eagora-emails.jpg","width":550,"height":146,"caption":"eAgora"},"image":{"@id":"https:\/\/www.eagora.app\/ca\/#\/schema\/logo\/image\/"},"sameAs":["https:\/\/www.facebook.com\/eAgoraApp","https:\/\/x.com\/EagoraApp","https:\/\/www.instagram.com\/eagora.app\/","https:\/\/www.linkedin.com\/company\/eagora","https:\/\/www.youtube.com\/@eAgoraApp"]},{"@type":"Person","@id":"https:\/\/www.eagora.app\/ca\/#\/schema\/person\/f1036a22998d81569495936c2aa9cb32","name":"Roser Vallve","image":{"@type":"ImageObject","inLanguage":"ca","@id":"https:\/\/www.eagora.app\/ca\/#\/schema\/person\/image\/","url":"https:\/\/secure.gravatar.com\/avatar\/0399a104ac4b8ad3b6f7161df883d725e4edadfe16802877923fe80093335413?s=96&d=mm&r=g","contentUrl":"https:\/\/secure.gravatar.com\/avatar\/0399a104ac4b8ad3b6f7161df883d725e4edadfe16802877923fe80093335413?s=96&d=mm&r=g","caption":"Roser Vallve"}}]}},"jetpack_featured_media_url":"https:\/\/www.eagora.app\/wp-content\/uploads\/2023\/09\/BLOG-portadas-posts-20.jpg","jetpack_sharing_enabled":true,"_links":{"self":[{"href":"https:\/\/www.eagora.app\/ca\/wp-json\/wp\/v2\/posts\/19079","targetHints":{"allow":["GET"]}}],"collection":[{"href":"https:\/\/www.eagora.app\/ca\/wp-json\/wp\/v2\/posts"}],"about":[{"href":"https:\/\/www.eagora.app\/ca\/wp-json\/wp\/v2\/types\/post"}],"author":[{"embeddable":true,"href":"https:\/\/www.eagora.app\/ca\/wp-json\/wp\/v2\/users\/872"}],"replies":[{"embeddable":true,"href":"https:\/\/www.eagora.app\/ca\/wp-json\/wp\/v2\/comments?post=19079"}],"version-history":[{"count":0,"href":"https:\/\/www.eagora.app\/ca\/wp-json\/wp\/v2\/posts\/19079\/revisions"}],"wp:featuredmedia":[{"embeddable":true,"href":"https:\/\/www.eagora.app\/ca\/wp-json\/wp\/v2\/media\/18840"}],"wp:attachment":[{"href":"https:\/\/www.eagora.app\/ca\/wp-json\/wp\/v2\/media?parent=19079"}],"wp:term":[{"taxonomy":"category","embeddable":true,"href":"https:\/\/www.eagora.app\/ca\/wp-json\/wp\/v2\/categories?post=19079"},{"taxonomy":"post_tag","embeddable":true,"href":"https:\/\/www.eagora.app\/ca\/wp-json\/wp\/v2\/tags?post=19079"}],"curies":[{"name":"wp","href":"https:\/\/api.w.org\/{rel}","templated":true}]}}