{"id":19076,"date":"2023-09-01T11:42:38","date_gmt":"2023-09-01T09:42:38","guid":{"rendered":"https:\/\/www.eagora.app\/com-publicar-a-la-teva-agenda-i-al-mateix-temps-a-xarxes-a-lapartat-noticies-i-notificar-a-temps-real\/"},"modified":"2023-09-14T09:19:19","modified_gmt":"2023-09-14T07:19:19","slug":"com-publicar-a-la-teva-agenda-i-al-mateix-temps-a-xarxes-a-lapartat-noticies-i-notificar-a-temps-real","status":"publish","type":"post","link":"https:\/\/www.eagora.app\/ca\/conocimiento\/com-publicar-a-la-teva-agenda-i-al-mateix-temps-a-xarxes-a-lapartat-noticies-i-notificar-a-temps-real\/","title":{"rendered":"Com publicar a la teva agenda i al mateix temps a xarxes, a l&#8217;apartat not\u00edcies i notificar a temps real"},"content":{"rendered":"<h2>Tenir al dia la teva agenda no ha de ser un mal de cap<\/h2>\n<p><em>Publica a la teva agenda, publica en apartat not\u00edcies, comparteix a xarxes socials i notifica alhora i a temps real amb eAgora<\/em><\/p>\n<p>&nbsp;<\/p>\n<p><strong>L\u00b4agenda \u00e9s l\u00b4\u00e0nima de qualsevol comunitat.<\/strong> Per a un Ajuntament, el lloc on posa en valor totes aquelles accions i actes que organitza amb afecte. Per a una associaci\u00f3, un impuls a les seves activitats i propostes per impactar a la societat. Per a un negoci, una mostra de la seva proposta de valor i la seva contribuci\u00f3 a una millor qualitat de vida de les persones.<\/p>\n<p>I aix\u00ed, les agendes de qualsevol comunitat s\u00f3n el lloc de trobada per compartir moments feli\u00e7os, per crear vincles, per connectar amb altres persones, cr\u00e9ixer i viure noves experi\u00e8ncies tots junts.<\/p>\n<p>Per aix\u00f2 t&#8217;ho posem molt f\u00e0cil.<\/p>\n<p>Al mateix temps que prepares la informaci\u00f3 per donar a con\u00e8ixer el teu esdeveniment, est\u00e0s convertint-lo en una publicaci\u00f3 a la teva agenda i no nom\u00e9s aix\u00f2. Qu\u00e8 hem aconseguit nom\u00e9s publicant una \u00fanica vegada? Aqu\u00ed est\u00e1n las claves:<\/p>\n<ul>\n<li>Publiques l&#8217;esdeveniment com a not\u00edcia a l&#8217;app ia la webapp de la teva \u00e0gora.<\/li>\n<li>Publiques l&#8217;esdeveniment a l&#8217;agenda de l&#8217;app i la webapp de la teva \u00e0gora.<\/li>\n<li>Notifiques a tots els teus seguidors mitjan\u00e7ant una notificaci\u00f3 push als seus tel\u00e8fons.<\/li>\n<li>Publiques l&#8217;esdeveniment al teu Facebook i Instagram.<\/li>\n<li>Envieu un mail a tots els vostres seguidors que han deixat registrat el vostre mail.<\/li>\n<li>Publiques l&#8217;esdeveniment a la teva web oficial.<\/li>\n<\/ul>\n<p>S\u00ed, tot aix\u00f2 amb una \u00fanica publicaci\u00f3. Quant de temps t&#8217;estar\u00e0s estalviant?<\/p>\n<p>&nbsp;<\/p>\n<h2>Estalvia temps publicant els teus esdeveniments<\/h2>\n<p><em>Publica a la teva agenda, publica en apartat not\u00edcies, comparteix a xarxes socials i notifica alhora i a temps real amb eAgora<\/em><\/p>\n<p>&nbsp;<\/p>\n<p>Fes tu mateix@ els n\u00fameros. Per\u00f2 per aqu\u00ed va una pista&#8230;<\/p>\n<p>Publicant un esdeveniment a eAgora la mitjana \u00e9s de 3 minuts del teu temps.<\/p>\n<ul>\n<li>Publiques l&#8217;esdeveniment com a not\u00edcia a l&#8217;app i webapp. Segurament uses whatsapp o telegram per fer-lo arribar a tota la teva comunitat. Temps 2 minuts a preparar la publicaci\u00f3 a whatsapp.<\/li>\n<li>Publiques l&#8217;esdeveniment a l&#8217;agenda de l&#8217;app i la webapp de la teva \u00e0gora. No ho pots fer a whatsapp ni telegram, no tenen agendes.<\/li>\n<li>Notifiques a tots els teus seguidors mitjan\u00e7ant una notificaci\u00f3 push als seus tel\u00e8fons. Aix\u00f2 ja ho fas amb whatsapp o telegram.<\/li>\n<li>Publiques l&#8217;esdeveniment al teu Facebook i Instagram. Quants minuts trigues? Normalment no menys de 10.<\/li>\n<li>Envieu un mail a tots els vostres seguidors que han deixat registrat el vostre mail. Quants minuts trigues? Normalment no menys de 10.<\/li>\n<li>Publiques l&#8217;esdeveniment a la teva web oficial. Quants minuts trigues? Normalment no menys de 10.<\/li>\n<\/ul>\n<p>Conclusi\u00f3, sense eAgora est\u00e0s invertint una mitja hora per publicar els teus esdeveniments a la teva web, xarxes i enviar correu electr\u00f2nic a tot el m\u00f3n, a m\u00e9s dels teus grups de whatsapp o telegram.<\/p>\n<p>Amb eAgora, fas el mateix, a m\u00e9s de tenir una agenda integrada a una app (cosa que perds amb whatsapp o telegram), en nom\u00e9s 3 minuts.<\/p>\n<p>&nbsp;<\/p>\n<h2>Quin preu poses al teu temps?<\/h2>\n<p>Aix\u00f2 ja ho deixem a la teva avaluaci\u00f3. eAgora ha sentit les peticions de les <a href=\"https:\/\/www.eagora.app\/plataforma\/sectores\/\">m\u00e9s de 600 comunitats que ja tenen la seva pr\u00f2pia \u00e0gora<\/a> i en funci\u00f3 de les seves necessitats hem anat evolucionant la nostra soluci\u00f3.<\/p>\n<p>&nbsp;<\/p>\n<h2>Com puc publicar un esdeveniment amb <a href=\"https:\/\/www.eagora.app\">eAgora<\/a>?<\/h2>\n<p>\u00c9s molt senzill. Tot seguit et deixem un <a href=\"https:\/\/youtu.be\/TS7ZOLHUfPQ\">videotutorial on et mostrem com es publica<\/a>. El videotutorial dura menys de dos minuts. \u00c9s el que al final trigar\u00e0s a tenir la teva agenda al dia.<\/p>\n<p>&nbsp;<\/p>\n<p style=\"text-align: center;\"><a href=\"https:\/\/youtu.be\/TS7ZOLHUfPQ\"><img fetchpriority=\"high\" decoding=\"async\" class=\"aligncenter wp-image-18466\" src=\"https:\/\/www.eagora.app\/wp-content\/uploads\/2023\/08\/BLOG-portadas-posts-11-1024x576.jpg\" alt=\"Enlla\u00e7 a videotutorial a Youtube: Publica a la teva agenda, comparteix a xarxes socials i notifica al mateix temps ia temps real\" width=\"587\" height=\"330\" srcset=\"https:\/\/www.eagora.app\/wp-content\/uploads\/2023\/08\/BLOG-portadas-posts-11-1024x576.jpg 1024w, https:\/\/www.eagora.app\/wp-content\/uploads\/2023\/08\/BLOG-portadas-posts-11-300x169.jpg 300w, https:\/\/www.eagora.app\/wp-content\/uploads\/2023\/08\/BLOG-portadas-posts-11-768x432.jpg 768w, https:\/\/www.eagora.app\/wp-content\/uploads\/2023\/08\/BLOG-portadas-posts-11-1536x864.jpg 1536w, https:\/\/www.eagora.app\/wp-content\/uploads\/2023\/08\/BLOG-portadas-posts-11-600x338.jpg 600w, https:\/\/www.eagora.app\/wp-content\/uploads\/2023\/08\/BLOG-portadas-posts-11.jpg 1920w\" sizes=\"(max-width: 587px) 100vw, 587px\" \/><\/a><\/p>\n<p>&nbsp;<\/p>\n<p><span id=\"hs-cta-wrapper-853d4503-fcbb-4d34-a346-60f4ad805caf\" class=\"hs-cta-wrapper\"><span id=\"hs-cta-853d4503-fcbb-4d34-a346-60f4ad805caf\" class=\"hs-cta-node hs-cta-853d4503-fcbb-4d34-a346-60f4ad805caf\"><a href=\"https:\/\/hubspot-cta-redirect-eu1-prod.s3.amazonaws.com\/cta\/redirect\/25066662\/853d4503-fcbb-4d34-a346-60f4ad805caf\"><img decoding=\"async\" id=\"hs-cta-img-853d4503-fcbb-4d34-a346-60f4ad805caf\" class=\"hs-cta-img aligncenter\" style=\"border-width: 0px;\" src=\"https:\/\/hubspot-no-cache-eu1-prod.s3.amazonaws.com\/cta\/default\/25066662\/853d4503-fcbb-4d34-a346-60f4ad805caf.png\" alt=\"Comen\u00e7a gratis\"><\/a><\/span><\/span><\/p>\n<p>&nbsp;<\/p>\n<p>Si has arribat fins aqu\u00ed, et convidem a explorar tots els nostres tutorials perqu\u00e8 puguis gaudir al m\u00e0xim amb eAgora, <a href=\"https:\/\/www.eagora.app\/conocimiento\/\">fes clic aqu\u00ed per accedir als nostres tutorials!<\/a><\/p>\n","protected":false},"excerpt":{"rendered":"<p>Tenir al dia la teva agenda no ha de ser un mal de cap Publica a la teva agenda, publica en apartat not\u00edcies, comparteix a xarxes socials i notifica alhora i a temps real amb eAgora &nbsp; L\u00b4agenda \u00e9s l\u00b4\u00e0nima de qualsevol comunitat. Per a un Ajuntament, el lloc on posa en valor totes aquelles [&hellip;]<\/p>\n","protected":false},"author":3,"featured_media":19077,"comment_status":"closed","ping_status":"open","sticky":false,"template":"","format":"standard","meta":{"content-type":"","_jetpack_memberships_contains_paid_content":false,"_joinchat":[],"footnotes":""},"categories":[116],"tags":[],"class_list":["post-19076","post","type-post","status-publish","format-standard","has-post-thumbnail","hentry","category-tutorials"],"yoast_head":"<!-- This site is optimized with the Yoast SEO Premium plugin v27.0 (Yoast SEO v27.0) - https:\/\/yoast.com\/product\/yoast-seo-premium-wordpress\/ -->\n<title>Publica a la teva agenda, apartat not\u00edcies i xarxes socials i notifica<\/title>\n<meta name=\"description\" content=\"Com publicar a la teva agenda, a l&#039;apartat not\u00edcies ia xarxes, alhora i notificar a temps real amb l&#039;aplicaci\u00f3 eAgora Tutorials\" \/>\n<meta name=\"robots\" content=\"index, follow, max-snippet:-1, max-image-preview:large, max-video-preview:-1\" \/>\n<link rel=\"canonical\" href=\"https:\/\/www.eagora.app\/ca\/conocimiento\/com-publicar-a-la-teva-agenda-i-al-mateix-temps-a-xarxes-a-lapartat-noticies-i-notificar-a-temps-real\/\" \/>\n<meta property=\"og:locale\" content=\"ca_ES\" \/>\n<meta property=\"og:type\" content=\"article\" \/>\n<meta property=\"og:title\" content=\"Com publicar a la teva agenda i al mateix temps a xarxes, a l&#039;apartat not\u00edcies i notificar a temps real\" \/>\n<meta property=\"og:description\" content=\"Com publicar a la teva agenda, a l&#039;apartat not\u00edcies ia xarxes, alhora i notificar a temps real amb l&#039;aplicaci\u00f3 eAgora Tutorials\" \/>\n<meta property=\"og:url\" content=\"https:\/\/www.eagora.app\/ca\/conocimiento\/com-publicar-a-la-teva-agenda-i-al-mateix-temps-a-xarxes-a-lapartat-noticies-i-notificar-a-temps-real\/\" \/>\n<meta property=\"og:site_name\" content=\"eAgora\" \/>\n<meta property=\"article:publisher\" content=\"https:\/\/www.facebook.com\/eAgoraApp\" \/>\n<meta property=\"article:published_time\" content=\"2023-09-01T09:42:38+00:00\" \/>\n<meta property=\"article:modified_time\" content=\"2023-09-14T07:19:19+00:00\" \/>\n<meta property=\"og:image\" content=\"https:\/\/www.eagora.app\/wp-content\/uploads\/2023\/08\/BLOG-portadas-posts-11.jpg\" \/>\n\t<meta property=\"og:image:width\" content=\"1920\" \/>\n\t<meta property=\"og:image:height\" content=\"1080\" \/>\n\t<meta property=\"og:image:type\" content=\"image\/jpeg\" \/>\n<meta name=\"author\" content=\"Mar\u00eda Mart\u00ednez\" \/>\n<meta name=\"twitter:card\" content=\"summary_large_image\" \/>\n<meta name=\"twitter:creator\" content=\"@EagoraApp\" \/>\n<meta name=\"twitter:site\" content=\"@EagoraApp\" \/>\n<meta name=\"twitter:label1\" content=\"Escrit per\" \/>\n\t<meta name=\"twitter:data1\" content=\"Mar\u00eda Mart\u00ednez\" \/>\n\t<meta name=\"twitter:label2\" content=\"Temps estimat de lectura\" \/>\n\t<meta name=\"twitter:data2\" content=\"3 minuts\" \/>\n<script type=\"application\/ld+json\" class=\"yoast-schema-graph\">{\"@context\":\"https:\/\/schema.org\",\"@graph\":[{\"@type\":\"Article\",\"@id\":\"https:\/\/www.eagora.app\/ca\/conocimiento\/com-publicar-a-la-teva-agenda-i-al-mateix-temps-a-xarxes-a-lapartat-noticies-i-notificar-a-temps-real\/#article\",\"isPartOf\":{\"@id\":\"https:\/\/www.eagora.app\/ca\/conocimiento\/com-publicar-a-la-teva-agenda-i-al-mateix-temps-a-xarxes-a-lapartat-noticies-i-notificar-a-temps-real\/\"},\"author\":{\"name\":\"Mar\u00eda Mart\u00ednez\",\"@id\":\"https:\/\/www.eagora.app\/ca\/#\/schema\/person\/6b7ff2920592639d9e7730026d5810a0\"},\"headline\":\"Com publicar a la teva agenda i al mateix temps a xarxes, a l&#8217;apartat not\u00edcies i notificar a temps real\",\"datePublished\":\"2023-09-01T09:42:38+00:00\",\"dateModified\":\"2023-09-14T07:19:19+00:00\",\"mainEntityOfPage\":{\"@id\":\"https:\/\/www.eagora.app\/ca\/conocimiento\/com-publicar-a-la-teva-agenda-i-al-mateix-temps-a-xarxes-a-lapartat-noticies-i-notificar-a-temps-real\/\"},\"wordCount\":689,\"publisher\":{\"@id\":\"https:\/\/www.eagora.app\/ca\/#organization\"},\"image\":{\"@id\":\"https:\/\/www.eagora.app\/ca\/conocimiento\/com-publicar-a-la-teva-agenda-i-al-mateix-temps-a-xarxes-a-lapartat-noticies-i-notificar-a-temps-real\/#primaryimage\"},\"thumbnailUrl\":\"https:\/\/www.eagora.app\/wp-content\/uploads\/2023\/08\/BLOG-portadas-posts-11.jpg\",\"articleSection\":[\"Tutorials\"],\"inLanguage\":\"ca\"},{\"@type\":\"WebPage\",\"@id\":\"https:\/\/www.eagora.app\/ca\/conocimiento\/com-publicar-a-la-teva-agenda-i-al-mateix-temps-a-xarxes-a-lapartat-noticies-i-notificar-a-temps-real\/\",\"url\":\"https:\/\/www.eagora.app\/ca\/conocimiento\/com-publicar-a-la-teva-agenda-i-al-mateix-temps-a-xarxes-a-lapartat-noticies-i-notificar-a-temps-real\/\",\"name\":\"Publica a la teva agenda, apartat not\u00edcies i xarxes socials i notifica\",\"isPartOf\":{\"@id\":\"https:\/\/www.eagora.app\/ca\/#website\"},\"primaryImageOfPage\":{\"@id\":\"https:\/\/www.eagora.app\/ca\/conocimiento\/com-publicar-a-la-teva-agenda-i-al-mateix-temps-a-xarxes-a-lapartat-noticies-i-notificar-a-temps-real\/#primaryimage\"},\"image\":{\"@id\":\"https:\/\/www.eagora.app\/ca\/conocimiento\/com-publicar-a-la-teva-agenda-i-al-mateix-temps-a-xarxes-a-lapartat-noticies-i-notificar-a-temps-real\/#primaryimage\"},\"thumbnailUrl\":\"https:\/\/www.eagora.app\/wp-content\/uploads\/2023\/08\/BLOG-portadas-posts-11.jpg\",\"datePublished\":\"2023-09-01T09:42:38+00:00\",\"dateModified\":\"2023-09-14T07:19:19+00:00\",\"description\":\"Com publicar a la teva agenda, a l'apartat not\u00edcies ia xarxes, alhora i notificar a temps real amb l'aplicaci\u00f3 eAgora Tutorials\",\"breadcrumb\":{\"@id\":\"https:\/\/www.eagora.app\/ca\/conocimiento\/com-publicar-a-la-teva-agenda-i-al-mateix-temps-a-xarxes-a-lapartat-noticies-i-notificar-a-temps-real\/#breadcrumb\"},\"inLanguage\":\"ca\",\"potentialAction\":[{\"@type\":\"ReadAction\",\"target\":[\"https:\/\/www.eagora.app\/ca\/conocimiento\/com-publicar-a-la-teva-agenda-i-al-mateix-temps-a-xarxes-a-lapartat-noticies-i-notificar-a-temps-real\/\"]}]},{\"@type\":\"ImageObject\",\"inLanguage\":\"ca\",\"@id\":\"https:\/\/www.eagora.app\/ca\/conocimiento\/com-publicar-a-la-teva-agenda-i-al-mateix-temps-a-xarxes-a-lapartat-noticies-i-notificar-a-temps-real\/#primaryimage\",\"url\":\"https:\/\/www.eagora.app\/wp-content\/uploads\/2023\/08\/BLOG-portadas-posts-11.jpg\",\"contentUrl\":\"https:\/\/www.eagora.app\/wp-content\/uploads\/2023\/08\/BLOG-portadas-posts-11.jpg\",\"width\":1920,\"height\":1080},{\"@type\":\"BreadcrumbList\",\"@id\":\"https:\/\/www.eagora.app\/ca\/conocimiento\/com-publicar-a-la-teva-agenda-i-al-mateix-temps-a-xarxes-a-lapartat-noticies-i-notificar-a-temps-real\/#breadcrumb\",\"itemListElement\":[{\"@type\":\"ListItem\",\"position\":1,\"name\":\"Inicio\",\"item\":\"https:\/\/www.eagora.app\/ca\/\"},{\"@type\":\"ListItem\",\"position\":2,\"name\":\"Coneixement\",\"item\":\"https:\/\/www.eagora.app\/ca\/coneixement\/\"},{\"@type\":\"ListItem\",\"position\":3,\"name\":\"Com publicar a la teva agenda i al mateix temps a xarxes, a l&#8217;apartat not\u00edcies i notificar a temps real\"}]},{\"@type\":\"WebSite\",\"@id\":\"https:\/\/www.eagora.app\/ca\/#website\",\"url\":\"https:\/\/www.eagora.app\/ca\/\",\"name\":\"eAgora\",\"description\":\"La plataforma que nos conecta\",\"publisher\":{\"@id\":\"https:\/\/www.eagora.app\/ca\/#organization\"},\"potentialAction\":[{\"@type\":\"SearchAction\",\"target\":{\"@type\":\"EntryPoint\",\"urlTemplate\":\"https:\/\/www.eagora.app\/ca\/?s={search_term_string}\"},\"query-input\":{\"@type\":\"PropertyValueSpecification\",\"valueRequired\":true,\"valueName\":\"search_term_string\"}}],\"inLanguage\":\"ca\"},{\"@type\":\"Organization\",\"@id\":\"https:\/\/www.eagora.app\/ca\/#organization\",\"name\":\"eAgora\",\"url\":\"https:\/\/www.eagora.app\/ca\/\",\"logo\":{\"@type\":\"ImageObject\",\"inLanguage\":\"ca\",\"@id\":\"https:\/\/www.eagora.app\/ca\/#\/schema\/logo\/image\/\",\"url\":\"https:\/\/www.eagora.app\/wp-content\/uploads\/2023\/02\/logo-eagora-emails.jpg\",\"contentUrl\":\"https:\/\/www.eagora.app\/wp-content\/uploads\/2023\/02\/logo-eagora-emails.jpg\",\"width\":550,\"height\":146,\"caption\":\"eAgora\"},\"image\":{\"@id\":\"https:\/\/www.eagora.app\/ca\/#\/schema\/logo\/image\/\"},\"sameAs\":[\"https:\/\/www.facebook.com\/eAgoraApp\",\"https:\/\/x.com\/EagoraApp\",\"https:\/\/www.instagram.com\/eagora.app\/\",\"https:\/\/www.linkedin.com\/company\/eagora\",\"https:\/\/www.youtube.com\/@eAgoraApp\"]},{\"@type\":\"Person\",\"@id\":\"https:\/\/www.eagora.app\/ca\/#\/schema\/person\/6b7ff2920592639d9e7730026d5810a0\",\"name\":\"Mar\u00eda Mart\u00ednez\",\"image\":{\"@type\":\"ImageObject\",\"inLanguage\":\"ca\",\"@id\":\"https:\/\/www.eagora.app\/ca\/#\/schema\/person\/image\/\",\"url\":\"https:\/\/secure.gravatar.com\/avatar\/7e4eb5a9ab33c08fa0964d05b79cdd4d3f7240f2f329937ed5e3c3c0ea884d92?s=96&d=mm&r=g\",\"contentUrl\":\"https:\/\/secure.gravatar.com\/avatar\/7e4eb5a9ab33c08fa0964d05b79cdd4d3f7240f2f329937ed5e3c3c0ea884d92?s=96&d=mm&r=g\",\"caption\":\"Mar\u00eda Mart\u00ednez\"}}]}<\/script>\n<!-- \/ Yoast SEO Premium plugin. -->","yoast_head_json":{"title":"Publica a la teva agenda, apartat not\u00edcies i xarxes socials i notifica","description":"Com publicar a la teva agenda, a l'apartat not\u00edcies ia xarxes, alhora i notificar a temps real amb l'aplicaci\u00f3 eAgora Tutorials","robots":{"index":"index","follow":"follow","max-snippet":"max-snippet:-1","max-image-preview":"max-image-preview:large","max-video-preview":"max-video-preview:-1"},"canonical":"https:\/\/www.eagora.app\/ca\/conocimiento\/com-publicar-a-la-teva-agenda-i-al-mateix-temps-a-xarxes-a-lapartat-noticies-i-notificar-a-temps-real\/","og_locale":"ca_ES","og_type":"article","og_title":"Com publicar a la teva agenda i al mateix temps a xarxes, a l'apartat not\u00edcies i notificar a temps real","og_description":"Com publicar a la teva agenda, a l'apartat not\u00edcies ia xarxes, alhora i notificar a temps real amb l'aplicaci\u00f3 eAgora Tutorials","og_url":"https:\/\/www.eagora.app\/ca\/conocimiento\/com-publicar-a-la-teva-agenda-i-al-mateix-temps-a-xarxes-a-lapartat-noticies-i-notificar-a-temps-real\/","og_site_name":"eAgora","article_publisher":"https:\/\/www.facebook.com\/eAgoraApp","article_published_time":"2023-09-01T09:42:38+00:00","article_modified_time":"2023-09-14T07:19:19+00:00","og_image":[{"width":1920,"height":1080,"url":"https:\/\/www.eagora.app\/wp-content\/uploads\/2023\/08\/BLOG-portadas-posts-11.jpg","type":"image\/jpeg"}],"author":"Mar\u00eda Mart\u00ednez","twitter_card":"summary_large_image","twitter_creator":"@EagoraApp","twitter_site":"@EagoraApp","twitter_misc":{"Escrit per":"Mar\u00eda Mart\u00ednez","Temps estimat de lectura":"3 minuts"},"schema":{"@context":"https:\/\/schema.org","@graph":[{"@type":"Article","@id":"https:\/\/www.eagora.app\/ca\/conocimiento\/com-publicar-a-la-teva-agenda-i-al-mateix-temps-a-xarxes-a-lapartat-noticies-i-notificar-a-temps-real\/#article","isPartOf":{"@id":"https:\/\/www.eagora.app\/ca\/conocimiento\/com-publicar-a-la-teva-agenda-i-al-mateix-temps-a-xarxes-a-lapartat-noticies-i-notificar-a-temps-real\/"},"author":{"name":"Mar\u00eda Mart\u00ednez","@id":"https:\/\/www.eagora.app\/ca\/#\/schema\/person\/6b7ff2920592639d9e7730026d5810a0"},"headline":"Com publicar a la teva agenda i al mateix temps a xarxes, a l&#8217;apartat not\u00edcies i notificar a temps real","datePublished":"2023-09-01T09:42:38+00:00","dateModified":"2023-09-14T07:19:19+00:00","mainEntityOfPage":{"@id":"https:\/\/www.eagora.app\/ca\/conocimiento\/com-publicar-a-la-teva-agenda-i-al-mateix-temps-a-xarxes-a-lapartat-noticies-i-notificar-a-temps-real\/"},"wordCount":689,"publisher":{"@id":"https:\/\/www.eagora.app\/ca\/#organization"},"image":{"@id":"https:\/\/www.eagora.app\/ca\/conocimiento\/com-publicar-a-la-teva-agenda-i-al-mateix-temps-a-xarxes-a-lapartat-noticies-i-notificar-a-temps-real\/#primaryimage"},"thumbnailUrl":"https:\/\/www.eagora.app\/wp-content\/uploads\/2023\/08\/BLOG-portadas-posts-11.jpg","articleSection":["Tutorials"],"inLanguage":"ca"},{"@type":"WebPage","@id":"https:\/\/www.eagora.app\/ca\/conocimiento\/com-publicar-a-la-teva-agenda-i-al-mateix-temps-a-xarxes-a-lapartat-noticies-i-notificar-a-temps-real\/","url":"https:\/\/www.eagora.app\/ca\/conocimiento\/com-publicar-a-la-teva-agenda-i-al-mateix-temps-a-xarxes-a-lapartat-noticies-i-notificar-a-temps-real\/","name":"Publica a la teva agenda, apartat not\u00edcies i xarxes socials i notifica","isPartOf":{"@id":"https:\/\/www.eagora.app\/ca\/#website"},"primaryImageOfPage":{"@id":"https:\/\/www.eagora.app\/ca\/conocimiento\/com-publicar-a-la-teva-agenda-i-al-mateix-temps-a-xarxes-a-lapartat-noticies-i-notificar-a-temps-real\/#primaryimage"},"image":{"@id":"https:\/\/www.eagora.app\/ca\/conocimiento\/com-publicar-a-la-teva-agenda-i-al-mateix-temps-a-xarxes-a-lapartat-noticies-i-notificar-a-temps-real\/#primaryimage"},"thumbnailUrl":"https:\/\/www.eagora.app\/wp-content\/uploads\/2023\/08\/BLOG-portadas-posts-11.jpg","datePublished":"2023-09-01T09:42:38+00:00","dateModified":"2023-09-14T07:19:19+00:00","description":"Com publicar a la teva agenda, a l'apartat not\u00edcies ia xarxes, alhora i notificar a temps real amb l'aplicaci\u00f3 eAgora Tutorials","breadcrumb":{"@id":"https:\/\/www.eagora.app\/ca\/conocimiento\/com-publicar-a-la-teva-agenda-i-al-mateix-temps-a-xarxes-a-lapartat-noticies-i-notificar-a-temps-real\/#breadcrumb"},"inLanguage":"ca","potentialAction":[{"@type":"ReadAction","target":["https:\/\/www.eagora.app\/ca\/conocimiento\/com-publicar-a-la-teva-agenda-i-al-mateix-temps-a-xarxes-a-lapartat-noticies-i-notificar-a-temps-real\/"]}]},{"@type":"ImageObject","inLanguage":"ca","@id":"https:\/\/www.eagora.app\/ca\/conocimiento\/com-publicar-a-la-teva-agenda-i-al-mateix-temps-a-xarxes-a-lapartat-noticies-i-notificar-a-temps-real\/#primaryimage","url":"https:\/\/www.eagora.app\/wp-content\/uploads\/2023\/08\/BLOG-portadas-posts-11.jpg","contentUrl":"https:\/\/www.eagora.app\/wp-content\/uploads\/2023\/08\/BLOG-portadas-posts-11.jpg","width":1920,"height":1080},{"@type":"BreadcrumbList","@id":"https:\/\/www.eagora.app\/ca\/conocimiento\/com-publicar-a-la-teva-agenda-i-al-mateix-temps-a-xarxes-a-lapartat-noticies-i-notificar-a-temps-real\/#breadcrumb","itemListElement":[{"@type":"ListItem","position":1,"name":"Inicio","item":"https:\/\/www.eagora.app\/ca\/"},{"@type":"ListItem","position":2,"name":"Coneixement","item":"https:\/\/www.eagora.app\/ca\/coneixement\/"},{"@type":"ListItem","position":3,"name":"Com publicar a la teva agenda i al mateix temps a xarxes, a l&#8217;apartat not\u00edcies i notificar a temps real"}]},{"@type":"WebSite","@id":"https:\/\/www.eagora.app\/ca\/#website","url":"https:\/\/www.eagora.app\/ca\/","name":"eAgora","description":"La plataforma que nos conecta","publisher":{"@id":"https:\/\/www.eagora.app\/ca\/#organization"},"potentialAction":[{"@type":"SearchAction","target":{"@type":"EntryPoint","urlTemplate":"https:\/\/www.eagora.app\/ca\/?s={search_term_string}"},"query-input":{"@type":"PropertyValueSpecification","valueRequired":true,"valueName":"search_term_string"}}],"inLanguage":"ca"},{"@type":"Organization","@id":"https:\/\/www.eagora.app\/ca\/#organization","name":"eAgora","url":"https:\/\/www.eagora.app\/ca\/","logo":{"@type":"ImageObject","inLanguage":"ca","@id":"https:\/\/www.eagora.app\/ca\/#\/schema\/logo\/image\/","url":"https:\/\/www.eagora.app\/wp-content\/uploads\/2023\/02\/logo-eagora-emails.jpg","contentUrl":"https:\/\/www.eagora.app\/wp-content\/uploads\/2023\/02\/logo-eagora-emails.jpg","width":550,"height":146,"caption":"eAgora"},"image":{"@id":"https:\/\/www.eagora.app\/ca\/#\/schema\/logo\/image\/"},"sameAs":["https:\/\/www.facebook.com\/eAgoraApp","https:\/\/x.com\/EagoraApp","https:\/\/www.instagram.com\/eagora.app\/","https:\/\/www.linkedin.com\/company\/eagora","https:\/\/www.youtube.com\/@eAgoraApp"]},{"@type":"Person","@id":"https:\/\/www.eagora.app\/ca\/#\/schema\/person\/6b7ff2920592639d9e7730026d5810a0","name":"Mar\u00eda Mart\u00ednez","image":{"@type":"ImageObject","inLanguage":"ca","@id":"https:\/\/www.eagora.app\/ca\/#\/schema\/person\/image\/","url":"https:\/\/secure.gravatar.com\/avatar\/7e4eb5a9ab33c08fa0964d05b79cdd4d3f7240f2f329937ed5e3c3c0ea884d92?s=96&d=mm&r=g","contentUrl":"https:\/\/secure.gravatar.com\/avatar\/7e4eb5a9ab33c08fa0964d05b79cdd4d3f7240f2f329937ed5e3c3c0ea884d92?s=96&d=mm&r=g","caption":"Mar\u00eda Mart\u00ednez"}}]}},"jetpack_featured_media_url":"https:\/\/www.eagora.app\/wp-content\/uploads\/2023\/08\/BLOG-portadas-posts-11.jpg","jetpack_sharing_enabled":true,"_links":{"self":[{"href":"https:\/\/www.eagora.app\/ca\/wp-json\/wp\/v2\/posts\/19076","targetHints":{"allow":["GET"]}}],"collection":[{"href":"https:\/\/www.eagora.app\/ca\/wp-json\/wp\/v2\/posts"}],"about":[{"href":"https:\/\/www.eagora.app\/ca\/wp-json\/wp\/v2\/types\/post"}],"author":[{"embeddable":true,"href":"https:\/\/www.eagora.app\/ca\/wp-json\/wp\/v2\/users\/3"}],"replies":[{"embeddable":true,"href":"https:\/\/www.eagora.app\/ca\/wp-json\/wp\/v2\/comments?post=19076"}],"version-history":[{"count":0,"href":"https:\/\/www.eagora.app\/ca\/wp-json\/wp\/v2\/posts\/19076\/revisions"}],"wp:featuredmedia":[{"embeddable":true,"href":"https:\/\/www.eagora.app\/ca\/wp-json\/wp\/v2\/media\/19077"}],"wp:attachment":[{"href":"https:\/\/www.eagora.app\/ca\/wp-json\/wp\/v2\/media?parent=19076"}],"wp:term":[{"taxonomy":"category","embeddable":true,"href":"https:\/\/www.eagora.app\/ca\/wp-json\/wp\/v2\/categories?post=19076"},{"taxonomy":"post_tag","embeddable":true,"href":"https:\/\/www.eagora.app\/ca\/wp-json\/wp\/v2\/tags?post=19076"}],"curies":[{"name":"wp","href":"https:\/\/api.w.org\/{rel}","templated":true}]}}