{"id":18200,"date":"2023-08-16T14:05:41","date_gmt":"2023-08-16T12:05:41","guid":{"rendered":"https:\/\/www.eagora.app\/cesar-perez-president-de-lafa-joan-plana-a-liderslocalchangers\/"},"modified":"2023-08-16T14:05:41","modified_gmt":"2023-08-16T12:05:41","slug":"cesar-perez-president-de-lafa-joan-plana-a-liderslocalchangers","status":"publish","type":"post","link":"https:\/\/www.eagora.app\/ca\/conocimiento\/cesar-perez-president-de-lafa-joan-plana-a-liderslocalchangers\/","title":{"rendered":"C\u00e9sar P\u00e9rez, President de l&#8217;AFA Joan Plana, a #L\u00eddersLocalChangers"},"content":{"rendered":"<p>Salutacions a tots! Avui, al nov\u00e8 episodi de <strong>#L\u00eddersLocalChangers<\/strong>, ens submergim en una inspiradora entrevista amb <strong>C\u00e9sar P\u00e9rez, el president d&#8217;AFA Joan Plana<\/strong>. Aquesta Associaci\u00f3 de Fam\u00edlies d&#8217;Alumnes es troba a l&#8217;encantador poble de Puigpelat, a la bonica prov\u00edncia de Tarragona.<\/p>\n<h2>\ud83d\ude80 Automatitzaci\u00f3 per a un Futur Millor<\/h2>\n<p>L&#8217;any passat, C\u00e9sar i el seu equip van plantejar-se un objectiu auda\u00e7: <strong>optimitzar els processos d&#8217;inscripci\u00f3<\/strong>. Van comprendre que en reduir el temps invertit en aquestes gestions, podrien enfocar-se en altres \u00e0rees crucials, com ara millorar les instal\u00b7lacions, oferir formacions educatives i explorar opcions d&#8217;enriquiment extracurricular.<\/p>\n<h2>\ud83d\udd0d Efici\u00e8ncia, Precisi\u00f3 i Facilitat<\/h2>\n<p>Tres elements claus van impulsar el cam\u00ed cap a la transformaci\u00f3. En primer lloc, l&#8217;\u00e8mfasi a <strong>millorar la tra\u00e7abilitat i minimitzar els errors<\/strong>. En centralitzar la informaci\u00f3 en un \u00fanic lloc, van garantir dades precises i sense marge d&#8217;error. En segon lloc, aspiraven a <strong>simplificar el proc\u00e9s per als pares<\/strong>. Conscients de les estretes agendes familiars, van buscar simplificar la inscripci\u00f3 per a totes les fam\u00edlies, fent que el proc\u00e9s fos senzill i sense complicacions.<\/p>\n<p style=\"text-align: center;\"><iframe title=\"YouTube video player\" src=\"https:\/\/www.youtube.com\/embed\/m4VVYw4VBGI\" width=\"560\" height=\"315\" frameborder=\"0\" allowfullscreen=\"allowfullscreen\" data-mce-fragment=\"1\"><\/iframe><\/p>\n<p style=\"text-align: center;\">No et perdis aquest emocionant testimoni de transformaci\u00f3 al v\u00eddeo de C\u00e9sar P\u00e9rez aqu\u00ed!<\/p>\n<h2>\ud83d\udca1 L&#8217;Elecci\u00f3 Encertada: eAgora<\/h2>\n<p>Despr\u00e9s d&#8217;analitzar diverses opcions, van arribar a una elecci\u00f3 clara: <strong>eAgora<\/strong>. Aquesta plataforma va proporcionar la flexibilitat que requerien, un suport t\u00e8cnic r\u00e0pid i una relaci\u00f3 cost-benefici que s&#8217;ajustava perfectament als recursos limitats. Amb eAgora, van aconseguir agilitzar el proc\u00e9s, garantir la seguretat de les dades i optimitzar els recursos disponibles.<\/p>\n<h2>\ud83c\udf1f Inspirant un Futur M\u00e9s Eficient<\/h2>\n<p>Des d&#8217;AFA Joan Plana, tenen el prop\u00f2sit ferm de <strong>compartir la seva experi\u00e8ncia i motivar altres organitzacions<\/strong> a seguir els seus passos. A l&#8217;era digital, l&#8217;automatitzaci\u00f3 s&#8217;erigeix \u200b\u200bcom una eina fonamental per alliberar temps i recursos valuosos. El canvi \u00e9s un cam\u00ed que val la pena rec\u00f3rrer! Abracem l&#8217;evoluci\u00f3 i celebrem els beneficis que el segle XXI t\u00e9 per oferir.<\/p>\n<p>&nbsp;<\/p>\n<p>I si est\u00e0s llest per fer el seg\u00fcent pas cap a l&#8217;efici\u00e8ncia en els teus processos, comen\u00e7a el teu propi viatge amb <strong>eAgora<\/strong> avui mateix! Fes clic aqu\u00ed per comen\u00e7ar gratis!<\/p>\n<p>&nbsp;<\/p>\n<p>&nbsp;<\/p>\n<p><!--HubSpot Call-to-Action Code --><span id=\"hs-cta-wrapper-853d4503-fcbb-4d34-a346-60f4ad805caf\" class=\"hs-cta-wrapper\"><span id=\"hs-cta-853d4503-fcbb-4d34-a346-60f4ad805caf\" class=\"hs-cta-node hs-cta-853d4503-fcbb-4d34-a346-60f4ad805caf\"><!-- [if lte IE 8]>\n\n\n<div id=\"hs-cta-ie-element\"><\/div>\n\n\n<![endif]--><a href=\"https:\/\/hubspot-cta-redirect-eu1-prod.s3.amazonaws.com\/cta\/redirect\/25066662\/853d4503-fcbb-4d34-a346-60f4ad805caf\"><img decoding=\"async\" id=\"hs-cta-img-853d4503-fcbb-4d34-a346-60f4ad805caf\" class=\"hs-cta-img aligncenter\" style=\"border-width: 0px;\" src=\"https:\/\/hubspot-no-cache-eu1-prod.s3.amazonaws.com\/cta\/default\/25066662\/853d4503-fcbb-4d34-a346-60f4ad805caf.png\" alt=\"Comen\u00e7a gratis\"><\/a><\/span><\/span><\/p>\n<p>&nbsp;<\/p>\n","protected":false},"excerpt":{"rendered":"<p>Salutacions a tots! Avui, al nov\u00e8 episodi de #L\u00eddersLocalChangers, ens submergim en una inspiradora entrevista amb C\u00e9sar P\u00e9rez, el president d&#8217;AFA Joan Plana. Aquesta Associaci\u00f3 de Fam\u00edlies d&#8217;Alumnes es troba a l&#8217;encantador poble de Puigpelat, a la bonica prov\u00edncia de Tarragona. \ud83d\ude80 Automatitzaci\u00f3 per a un Futur Millor L&#8217;any passat, C\u00e9sar i el seu equip [&hellip;]<\/p>\n","protected":false},"author":872,"featured_media":18102,"comment_status":"closed","ping_status":"open","sticky":false,"template":"","format":"standard","meta":{"content-type":"","_jetpack_memberships_contains_paid_content":false,"_joinchat":[],"footnotes":""},"categories":[93],"tags":[],"class_list":["post-18200","post","type-post","status-publish","format-standard","has-post-thumbnail","hentry","category-casos-dexit"],"yoast_head":"<!-- This site is optimized with the Yoast SEO Premium plugin v27.0 (Yoast SEO v27.0) - https:\/\/yoast.com\/product\/yoast-seo-premium-wordpress\/ -->\n<title>Entrevista amb C\u00e9sar P\u00e9rez, a L\u00edders Local Changers eAgora<\/title>\n<meta name=\"description\" content=\"El president de l&#039;AFA Joan Plana de Puigpelat ens explica en aquesta entrevista la transformaci\u00f3 que ha viscut la seva AFA gr\u00e0cies a eAgora.\" \/>\n<meta name=\"robots\" content=\"index, follow, max-snippet:-1, max-image-preview:large, max-video-preview:-1\" \/>\n<link rel=\"canonical\" href=\"https:\/\/www.eagora.app\/ca\/conocimiento\/cesar-perez-president-de-lafa-joan-plana-a-liderslocalchangers\/\" \/>\n<meta property=\"og:locale\" content=\"ca_ES\" \/>\n<meta property=\"og:type\" content=\"article\" \/>\n<meta property=\"og:title\" content=\"C\u00e9sar P\u00e9rez, President de l&#039;AFA Joan Plana, a #L\u00eddersLocalChangers\" \/>\n<meta property=\"og:description\" content=\"El president de l&#039;AFA Joan Plana de Puigpelat ens explica en aquesta entrevista la transformaci\u00f3 que ha viscut la seva AFA gr\u00e0cies a eAgora.\" \/>\n<meta property=\"og:url\" content=\"https:\/\/www.eagora.app\/ca\/conocimiento\/cesar-perez-president-de-lafa-joan-plana-a-liderslocalchangers\/\" \/>\n<meta property=\"og:site_name\" content=\"eAgora\" \/>\n<meta property=\"article:publisher\" content=\"https:\/\/www.facebook.com\/eAgoraApp\" \/>\n<meta property=\"article:published_time\" content=\"2023-08-16T12:05:41+00:00\" \/>\n<meta property=\"og:image\" content=\"https:\/\/www.eagora.app\/wp-content\/uploads\/2023\/08\/VIDEOS-portada-lidereslocalchangers.jpg\" \/>\n\t<meta property=\"og:image:width\" content=\"1920\" \/>\n\t<meta property=\"og:image:height\" content=\"1080\" \/>\n\t<meta property=\"og:image:type\" content=\"image\/jpeg\" \/>\n<meta name=\"author\" content=\"Roser Vallve\" \/>\n<meta name=\"twitter:card\" content=\"summary_large_image\" \/>\n<meta name=\"twitter:creator\" content=\"@EagoraApp\" \/>\n<meta name=\"twitter:site\" content=\"@EagoraApp\" \/>\n<meta name=\"twitter:label1\" content=\"Escrit per\" \/>\n\t<meta name=\"twitter:data1\" content=\"Roser Vallve\" \/>\n\t<meta name=\"twitter:label2\" content=\"Temps estimat de lectura\" \/>\n\t<meta name=\"twitter:data2\" content=\"2 minuts\" \/>\n<script type=\"application\/ld+json\" class=\"yoast-schema-graph\">{\"@context\":\"https:\/\/schema.org\",\"@graph\":[{\"@type\":\"Article\",\"@id\":\"https:\/\/www.eagora.app\/ca\/conocimiento\/cesar-perez-president-de-lafa-joan-plana-a-liderslocalchangers\/#article\",\"isPartOf\":{\"@id\":\"https:\/\/www.eagora.app\/ca\/conocimiento\/cesar-perez-president-de-lafa-joan-plana-a-liderslocalchangers\/\"},\"author\":{\"name\":\"Roser Vallve\",\"@id\":\"https:\/\/www.eagora.app\/ca\/#\/schema\/person\/f1036a22998d81569495936c2aa9cb32\"},\"headline\":\"C\u00e9sar P\u00e9rez, President de l&#8217;AFA Joan Plana, a #L\u00eddersLocalChangers\",\"datePublished\":\"2023-08-16T12:05:41+00:00\",\"mainEntityOfPage\":{\"@id\":\"https:\/\/www.eagora.app\/ca\/conocimiento\/cesar-perez-president-de-lafa-joan-plana-a-liderslocalchangers\/\"},\"wordCount\":398,\"publisher\":{\"@id\":\"https:\/\/www.eagora.app\/ca\/#organization\"},\"image\":{\"@id\":\"https:\/\/www.eagora.app\/ca\/conocimiento\/cesar-perez-president-de-lafa-joan-plana-a-liderslocalchangers\/#primaryimage\"},\"thumbnailUrl\":\"https:\/\/www.eagora.app\/wp-content\/uploads\/2023\/08\/VIDEOS-portada-lidereslocalchangers.jpg\",\"articleSection\":[\"Casos d'\u00e8xit\"],\"inLanguage\":\"ca\"},{\"@type\":\"WebPage\",\"@id\":\"https:\/\/www.eagora.app\/ca\/conocimiento\/cesar-perez-president-de-lafa-joan-plana-a-liderslocalchangers\/\",\"url\":\"https:\/\/www.eagora.app\/ca\/conocimiento\/cesar-perez-president-de-lafa-joan-plana-a-liderslocalchangers\/\",\"name\":\"Entrevista amb C\u00e9sar P\u00e9rez, a L\u00edders Local Changers eAgora\",\"isPartOf\":{\"@id\":\"https:\/\/www.eagora.app\/ca\/#website\"},\"primaryImageOfPage\":{\"@id\":\"https:\/\/www.eagora.app\/ca\/conocimiento\/cesar-perez-president-de-lafa-joan-plana-a-liderslocalchangers\/#primaryimage\"},\"image\":{\"@id\":\"https:\/\/www.eagora.app\/ca\/conocimiento\/cesar-perez-president-de-lafa-joan-plana-a-liderslocalchangers\/#primaryimage\"},\"thumbnailUrl\":\"https:\/\/www.eagora.app\/wp-content\/uploads\/2023\/08\/VIDEOS-portada-lidereslocalchangers.jpg\",\"datePublished\":\"2023-08-16T12:05:41+00:00\",\"description\":\"El president de l'AFA Joan Plana de Puigpelat ens explica en aquesta entrevista la transformaci\u00f3 que ha viscut la seva AFA gr\u00e0cies a eAgora.\",\"breadcrumb\":{\"@id\":\"https:\/\/www.eagora.app\/ca\/conocimiento\/cesar-perez-president-de-lafa-joan-plana-a-liderslocalchangers\/#breadcrumb\"},\"inLanguage\":\"ca\",\"potentialAction\":[{\"@type\":\"ReadAction\",\"target\":[\"https:\/\/www.eagora.app\/ca\/conocimiento\/cesar-perez-president-de-lafa-joan-plana-a-liderslocalchangers\/\"]}]},{\"@type\":\"ImageObject\",\"inLanguage\":\"ca\",\"@id\":\"https:\/\/www.eagora.app\/ca\/conocimiento\/cesar-perez-president-de-lafa-joan-plana-a-liderslocalchangers\/#primaryimage\",\"url\":\"https:\/\/www.eagora.app\/wp-content\/uploads\/2023\/08\/VIDEOS-portada-lidereslocalchangers.jpg\",\"contentUrl\":\"https:\/\/www.eagora.app\/wp-content\/uploads\/2023\/08\/VIDEOS-portada-lidereslocalchangers.jpg\",\"width\":1920,\"height\":1080},{\"@type\":\"BreadcrumbList\",\"@id\":\"https:\/\/www.eagora.app\/ca\/conocimiento\/cesar-perez-president-de-lafa-joan-plana-a-liderslocalchangers\/#breadcrumb\",\"itemListElement\":[{\"@type\":\"ListItem\",\"position\":1,\"name\":\"Inicio\",\"item\":\"https:\/\/www.eagora.app\/ca\/\"},{\"@type\":\"ListItem\",\"position\":2,\"name\":\"Coneixement\",\"item\":\"https:\/\/www.eagora.app\/ca\/coneixement\/\"},{\"@type\":\"ListItem\",\"position\":3,\"name\":\"C\u00e9sar P\u00e9rez, President de l&#8217;AFA Joan Plana, a #L\u00eddersLocalChangers\"}]},{\"@type\":\"WebSite\",\"@id\":\"https:\/\/www.eagora.app\/ca\/#website\",\"url\":\"https:\/\/www.eagora.app\/ca\/\",\"name\":\"eAgora\",\"description\":\"La plataforma que nos conecta\",\"publisher\":{\"@id\":\"https:\/\/www.eagora.app\/ca\/#organization\"},\"potentialAction\":[{\"@type\":\"SearchAction\",\"target\":{\"@type\":\"EntryPoint\",\"urlTemplate\":\"https:\/\/www.eagora.app\/ca\/?s={search_term_string}\"},\"query-input\":{\"@type\":\"PropertyValueSpecification\",\"valueRequired\":true,\"valueName\":\"search_term_string\"}}],\"inLanguage\":\"ca\"},{\"@type\":\"Organization\",\"@id\":\"https:\/\/www.eagora.app\/ca\/#organization\",\"name\":\"eAgora\",\"url\":\"https:\/\/www.eagora.app\/ca\/\",\"logo\":{\"@type\":\"ImageObject\",\"inLanguage\":\"ca\",\"@id\":\"https:\/\/www.eagora.app\/ca\/#\/schema\/logo\/image\/\",\"url\":\"https:\/\/www.eagora.app\/wp-content\/uploads\/2023\/02\/logo-eagora-emails.jpg\",\"contentUrl\":\"https:\/\/www.eagora.app\/wp-content\/uploads\/2023\/02\/logo-eagora-emails.jpg\",\"width\":550,\"height\":146,\"caption\":\"eAgora\"},\"image\":{\"@id\":\"https:\/\/www.eagora.app\/ca\/#\/schema\/logo\/image\/\"},\"sameAs\":[\"https:\/\/www.facebook.com\/eAgoraApp\",\"https:\/\/x.com\/EagoraApp\",\"https:\/\/www.instagram.com\/eagora.app\/\",\"https:\/\/www.linkedin.com\/company\/eagora\",\"https:\/\/www.youtube.com\/@eAgoraApp\"]},{\"@type\":\"Person\",\"@id\":\"https:\/\/www.eagora.app\/ca\/#\/schema\/person\/f1036a22998d81569495936c2aa9cb32\",\"name\":\"Roser Vallve\",\"image\":{\"@type\":\"ImageObject\",\"inLanguage\":\"ca\",\"@id\":\"https:\/\/www.eagora.app\/ca\/#\/schema\/person\/image\/\",\"url\":\"https:\/\/secure.gravatar.com\/avatar\/0399a104ac4b8ad3b6f7161df883d725e4edadfe16802877923fe80093335413?s=96&d=mm&r=g\",\"contentUrl\":\"https:\/\/secure.gravatar.com\/avatar\/0399a104ac4b8ad3b6f7161df883d725e4edadfe16802877923fe80093335413?s=96&d=mm&r=g\",\"caption\":\"Roser Vallve\"}}]}<\/script>\n<!-- \/ Yoast SEO Premium plugin. -->","yoast_head_json":{"title":"Entrevista amb C\u00e9sar P\u00e9rez, a L\u00edders Local Changers eAgora","description":"El president de l'AFA Joan Plana de Puigpelat ens explica en aquesta entrevista la transformaci\u00f3 que ha viscut la seva AFA gr\u00e0cies a eAgora.","robots":{"index":"index","follow":"follow","max-snippet":"max-snippet:-1","max-image-preview":"max-image-preview:large","max-video-preview":"max-video-preview:-1"},"canonical":"https:\/\/www.eagora.app\/ca\/conocimiento\/cesar-perez-president-de-lafa-joan-plana-a-liderslocalchangers\/","og_locale":"ca_ES","og_type":"article","og_title":"C\u00e9sar P\u00e9rez, President de l'AFA Joan Plana, a #L\u00eddersLocalChangers","og_description":"El president de l'AFA Joan Plana de Puigpelat ens explica en aquesta entrevista la transformaci\u00f3 que ha viscut la seva AFA gr\u00e0cies a eAgora.","og_url":"https:\/\/www.eagora.app\/ca\/conocimiento\/cesar-perez-president-de-lafa-joan-plana-a-liderslocalchangers\/","og_site_name":"eAgora","article_publisher":"https:\/\/www.facebook.com\/eAgoraApp","article_published_time":"2023-08-16T12:05:41+00:00","og_image":[{"width":1920,"height":1080,"url":"https:\/\/www.eagora.app\/wp-content\/uploads\/2023\/08\/VIDEOS-portada-lidereslocalchangers.jpg","type":"image\/jpeg"}],"author":"Roser Vallve","twitter_card":"summary_large_image","twitter_creator":"@EagoraApp","twitter_site":"@EagoraApp","twitter_misc":{"Escrit per":"Roser Vallve","Temps estimat de lectura":"2 minuts"},"schema":{"@context":"https:\/\/schema.org","@graph":[{"@type":"Article","@id":"https:\/\/www.eagora.app\/ca\/conocimiento\/cesar-perez-president-de-lafa-joan-plana-a-liderslocalchangers\/#article","isPartOf":{"@id":"https:\/\/www.eagora.app\/ca\/conocimiento\/cesar-perez-president-de-lafa-joan-plana-a-liderslocalchangers\/"},"author":{"name":"Roser Vallve","@id":"https:\/\/www.eagora.app\/ca\/#\/schema\/person\/f1036a22998d81569495936c2aa9cb32"},"headline":"C\u00e9sar P\u00e9rez, President de l&#8217;AFA Joan Plana, a #L\u00eddersLocalChangers","datePublished":"2023-08-16T12:05:41+00:00","mainEntityOfPage":{"@id":"https:\/\/www.eagora.app\/ca\/conocimiento\/cesar-perez-president-de-lafa-joan-plana-a-liderslocalchangers\/"},"wordCount":398,"publisher":{"@id":"https:\/\/www.eagora.app\/ca\/#organization"},"image":{"@id":"https:\/\/www.eagora.app\/ca\/conocimiento\/cesar-perez-president-de-lafa-joan-plana-a-liderslocalchangers\/#primaryimage"},"thumbnailUrl":"https:\/\/www.eagora.app\/wp-content\/uploads\/2023\/08\/VIDEOS-portada-lidereslocalchangers.jpg","articleSection":["Casos d'\u00e8xit"],"inLanguage":"ca"},{"@type":"WebPage","@id":"https:\/\/www.eagora.app\/ca\/conocimiento\/cesar-perez-president-de-lafa-joan-plana-a-liderslocalchangers\/","url":"https:\/\/www.eagora.app\/ca\/conocimiento\/cesar-perez-president-de-lafa-joan-plana-a-liderslocalchangers\/","name":"Entrevista amb C\u00e9sar P\u00e9rez, a L\u00edders Local Changers eAgora","isPartOf":{"@id":"https:\/\/www.eagora.app\/ca\/#website"},"primaryImageOfPage":{"@id":"https:\/\/www.eagora.app\/ca\/conocimiento\/cesar-perez-president-de-lafa-joan-plana-a-liderslocalchangers\/#primaryimage"},"image":{"@id":"https:\/\/www.eagora.app\/ca\/conocimiento\/cesar-perez-president-de-lafa-joan-plana-a-liderslocalchangers\/#primaryimage"},"thumbnailUrl":"https:\/\/www.eagora.app\/wp-content\/uploads\/2023\/08\/VIDEOS-portada-lidereslocalchangers.jpg","datePublished":"2023-08-16T12:05:41+00:00","description":"El president de l'AFA Joan Plana de Puigpelat ens explica en aquesta entrevista la transformaci\u00f3 que ha viscut la seva AFA gr\u00e0cies a eAgora.","breadcrumb":{"@id":"https:\/\/www.eagora.app\/ca\/conocimiento\/cesar-perez-president-de-lafa-joan-plana-a-liderslocalchangers\/#breadcrumb"},"inLanguage":"ca","potentialAction":[{"@type":"ReadAction","target":["https:\/\/www.eagora.app\/ca\/conocimiento\/cesar-perez-president-de-lafa-joan-plana-a-liderslocalchangers\/"]}]},{"@type":"ImageObject","inLanguage":"ca","@id":"https:\/\/www.eagora.app\/ca\/conocimiento\/cesar-perez-president-de-lafa-joan-plana-a-liderslocalchangers\/#primaryimage","url":"https:\/\/www.eagora.app\/wp-content\/uploads\/2023\/08\/VIDEOS-portada-lidereslocalchangers.jpg","contentUrl":"https:\/\/www.eagora.app\/wp-content\/uploads\/2023\/08\/VIDEOS-portada-lidereslocalchangers.jpg","width":1920,"height":1080},{"@type":"BreadcrumbList","@id":"https:\/\/www.eagora.app\/ca\/conocimiento\/cesar-perez-president-de-lafa-joan-plana-a-liderslocalchangers\/#breadcrumb","itemListElement":[{"@type":"ListItem","position":1,"name":"Inicio","item":"https:\/\/www.eagora.app\/ca\/"},{"@type":"ListItem","position":2,"name":"Coneixement","item":"https:\/\/www.eagora.app\/ca\/coneixement\/"},{"@type":"ListItem","position":3,"name":"C\u00e9sar P\u00e9rez, President de l&#8217;AFA Joan Plana, a #L\u00eddersLocalChangers"}]},{"@type":"WebSite","@id":"https:\/\/www.eagora.app\/ca\/#website","url":"https:\/\/www.eagora.app\/ca\/","name":"eAgora","description":"La plataforma que nos conecta","publisher":{"@id":"https:\/\/www.eagora.app\/ca\/#organization"},"potentialAction":[{"@type":"SearchAction","target":{"@type":"EntryPoint","urlTemplate":"https:\/\/www.eagora.app\/ca\/?s={search_term_string}"},"query-input":{"@type":"PropertyValueSpecification","valueRequired":true,"valueName":"search_term_string"}}],"inLanguage":"ca"},{"@type":"Organization","@id":"https:\/\/www.eagora.app\/ca\/#organization","name":"eAgora","url":"https:\/\/www.eagora.app\/ca\/","logo":{"@type":"ImageObject","inLanguage":"ca","@id":"https:\/\/www.eagora.app\/ca\/#\/schema\/logo\/image\/","url":"https:\/\/www.eagora.app\/wp-content\/uploads\/2023\/02\/logo-eagora-emails.jpg","contentUrl":"https:\/\/www.eagora.app\/wp-content\/uploads\/2023\/02\/logo-eagora-emails.jpg","width":550,"height":146,"caption":"eAgora"},"image":{"@id":"https:\/\/www.eagora.app\/ca\/#\/schema\/logo\/image\/"},"sameAs":["https:\/\/www.facebook.com\/eAgoraApp","https:\/\/x.com\/EagoraApp","https:\/\/www.instagram.com\/eagora.app\/","https:\/\/www.linkedin.com\/company\/eagora","https:\/\/www.youtube.com\/@eAgoraApp"]},{"@type":"Person","@id":"https:\/\/www.eagora.app\/ca\/#\/schema\/person\/f1036a22998d81569495936c2aa9cb32","name":"Roser Vallve","image":{"@type":"ImageObject","inLanguage":"ca","@id":"https:\/\/www.eagora.app\/ca\/#\/schema\/person\/image\/","url":"https:\/\/secure.gravatar.com\/avatar\/0399a104ac4b8ad3b6f7161df883d725e4edadfe16802877923fe80093335413?s=96&d=mm&r=g","contentUrl":"https:\/\/secure.gravatar.com\/avatar\/0399a104ac4b8ad3b6f7161df883d725e4edadfe16802877923fe80093335413?s=96&d=mm&r=g","caption":"Roser Vallve"}}]}},"jetpack_featured_media_url":"https:\/\/www.eagora.app\/wp-content\/uploads\/2023\/08\/VIDEOS-portada-lidereslocalchangers.jpg","jetpack_sharing_enabled":true,"_links":{"self":[{"href":"https:\/\/www.eagora.app\/ca\/wp-json\/wp\/v2\/posts\/18200","targetHints":{"allow":["GET"]}}],"collection":[{"href":"https:\/\/www.eagora.app\/ca\/wp-json\/wp\/v2\/posts"}],"about":[{"href":"https:\/\/www.eagora.app\/ca\/wp-json\/wp\/v2\/types\/post"}],"author":[{"embeddable":true,"href":"https:\/\/www.eagora.app\/ca\/wp-json\/wp\/v2\/users\/872"}],"replies":[{"embeddable":true,"href":"https:\/\/www.eagora.app\/ca\/wp-json\/wp\/v2\/comments?post=18200"}],"version-history":[{"count":0,"href":"https:\/\/www.eagora.app\/ca\/wp-json\/wp\/v2\/posts\/18200\/revisions"}],"wp:featuredmedia":[{"embeddable":true,"href":"https:\/\/www.eagora.app\/ca\/wp-json\/wp\/v2\/media\/18102"}],"wp:attachment":[{"href":"https:\/\/www.eagora.app\/ca\/wp-json\/wp\/v2\/media?parent=18200"}],"wp:term":[{"taxonomy":"category","embeddable":true,"href":"https:\/\/www.eagora.app\/ca\/wp-json\/wp\/v2\/categories?post=18200"},{"taxonomy":"post_tag","embeddable":true,"href":"https:\/\/www.eagora.app\/ca\/wp-json\/wp\/v2\/tags?post=18200"}],"curies":[{"name":"wp","href":"https:\/\/api.w.org\/{rel}","templated":true}]}}