{"id":18198,"date":"2023-07-28T14:16:29","date_gmt":"2023-07-28T12:16:29","guid":{"rendered":"https:\/\/www.eagora.app\/jordi-molinera-alcalde-de-lajuntament-daltafulla-a-lideresquedescubrimos\/"},"modified":"2023-07-28T14:16:29","modified_gmt":"2023-07-28T12:16:29","slug":"jordi-molinera-alcalde-de-lajuntament-daltafulla-a-lideresquedescubrimos","status":"publish","type":"post","link":"https:\/\/www.eagora.app\/ca\/conocimiento\/jordi-molinera-alcalde-de-lajuntament-daltafulla-a-lideresquedescubrimos\/","title":{"rendered":"Jordi Molinera, Alcalde de l&#8217;Ajuntament d&#8217;Altafulla, a #L\u00edderesQueDescubrimos"},"content":{"rendered":"<p>\ud83d\udce2 Entrevista Exclusiva amb Jordi Molinera, Alcalde d&#8217;Altafulla! \ud83c\udf99\ufe0f\ud83c\udfdb\ufe0f<\/p>\n<p>Avui tenim el privilegi de conversar amb Jordi Molinera, l?alcalde d?Altafulla, que ens explica sobre la <strong>transformaci\u00f3<\/strong> que ha viscut el municipi gr\u00e0cies a eines com eAgora.<\/p>\n<p>A l&#8217;era de les xarxes socials, \u00e9s ir\u00f2nic pensar que la comunicaci\u00f3 i la informaci\u00f3 no eren tan accessibles per a la poblaci\u00f3 abans d&#8217;implementar aquesta innovadora app. Per\u00f2 gr\u00e0cies a eAgora, els ciutadans d&#8217;Altafulla compten ara amb una font valuosa d&#8217;informaci\u00f3 que els ha perm\u00e8s estar <strong>m\u00e9s informats i connectats amb el seu govern local<\/strong>.<\/p>\n<p>Un dels \u00e8xits m\u00e9s destacats ha estat la implementaci\u00f3 dels <strong>pressupostos participatius<\/strong> a trav\u00e9s d&#8217;eAgora, que a la seva primera edici\u00f3 van obtenir un impressionant 15% de participaci\u00f3 ciutadana, un \u00e8xit significatiu per ser la primera vegada.<\/p>\n<p>&nbsp;<\/p>\n<p><iframe title=\"YouTube video player\" src=\"https:\/\/www.youtube.com\/embed\/tw7yWVS22mQ\" width=\"560\" height=\"315\" frameborder=\"0\" allowfullscreen=\"allowfullscreen\"><\/iframe><\/p>\n<p>Una an\u00e8cdota divertida va sorgir amb els pressupostos participatius, ja que van trencar l&#8217;estereotip que la gent gran no utilitzaria l&#8217;app. Al contrari! Els ciutadans grans es van sumar amb entusiasme i per\u00edcia a la plataforma, demostrant que estaven m\u00e9s que disposats a <strong>participar activament<\/strong> en el proc\u00e9s.<\/p>\n<p>Els ciutadans d&#8217;Altafulla han expressat el desig de <strong>potenciar encara m\u00e9s l&#8217;eina<\/strong> eAgora, especialment quan enfronten l\u00ednies ocupades, buscant una soluci\u00f3. Les ganes d&#8217;utilitzar l&#8217;app s\u00f3n evidents, i aix\u00f2 \u00e9s degut, en gran mesura, al fet que eAgora els brinda una major quantitat d&#8217;informaci\u00f3 per prendre decisions informades.<\/p>\n<p>\u00c9s inspirador veure com l&#8217;Ajuntament d&#8217;Altafulla ha trobat a eAgora una valuosa aliada per impulsar la participaci\u00f3 ciutadana i millorar la comunicaci\u00f3 amb els seus ciutadans. <strong>Continuem treballant junts per construir un municipi m\u00e9s connectat i participatiu!<\/strong> \ud83d\udcaa\ud83e\udd1d<\/p>\n<p>&nbsp;<\/p>\n<p>Aprofita l&#8217;oportunitat d&#8217;<strong>unir forces, impulsar la participaci\u00f3 i fomentar la solidaritat<\/strong> al teu entorn. Amb eAgora, estar\u00e0s fent passos cap a una <strong>comunitat m\u00e9s din\u00e0mica i compromesa<\/strong>. Uneix-te avui i descobreix com eAgora pot <strong>potenciar la teva iniciativa<\/strong> de forma gratu\u00efta! \ud83c\udf1f<\/p>\n","protected":false},"excerpt":{"rendered":"<p>\ud83d\udce2 Entrevista Exclusiva amb Jordi Molinera, Alcalde d&#8217;Altafulla! \ud83c\udf99\ufe0f\ud83c\udfdb\ufe0f Avui tenim el privilegi de conversar amb Jordi Molinera, l?alcalde d?Altafulla, que ens explica sobre la transformaci\u00f3 que ha viscut el municipi gr\u00e0cies a eines com eAgora. A l&#8217;era de les xarxes socials, \u00e9s ir\u00f2nic pensar que la comunicaci\u00f3 i la informaci\u00f3 no eren tan accessibles [&hellip;]<\/p>\n","protected":false},"author":872,"featured_media":17621,"comment_status":"closed","ping_status":"open","sticky":false,"template":"","format":"standard","meta":{"content-type":"","_jetpack_memberships_contains_paid_content":false,"_joinchat":[],"footnotes":""},"categories":[93],"tags":[],"class_list":["post-18198","post","type-post","status-publish","format-standard","has-post-thumbnail","hentry","category-casos-dexit"],"yoast_head":"<!-- This site is optimized with the Yoast SEO Premium plugin v27.0 (Yoast SEO v27.0) - https:\/\/yoast.com\/product\/yoast-seo-premium-wordpress\/ -->\n<title>Entrevista amb Jordi Molinera, a L\u00edders que descobrim eAgora<\/title>\n<meta name=\"description\" content=\"L&#039;alcalde d&#039;Altafulla, Jordi Molinera, ens explica en aquesta entrevista la transformaci\u00f3 que ha viscut el municipi despr\u00e9s d&#039;utilitzar eAgora.\" \/>\n<meta name=\"robots\" content=\"index, follow, max-snippet:-1, max-image-preview:large, max-video-preview:-1\" \/>\n<link rel=\"canonical\" href=\"https:\/\/www.eagora.app\/ca\/conocimiento\/jordi-molinera-alcalde-de-lajuntament-daltafulla-a-lideresquedescubrimos\/\" \/>\n<meta property=\"og:locale\" content=\"ca_ES\" \/>\n<meta property=\"og:type\" content=\"article\" \/>\n<meta property=\"og:title\" content=\"Jordi Molinera, Alcalde de l&#039;Ajuntament d&#039;Altafulla, a #L\u00edderesQueDescubrimos\" \/>\n<meta property=\"og:description\" content=\"L&#039;alcalde d&#039;Altafulla, Jordi Molinera, ens explica en aquesta entrevista la transformaci\u00f3 que ha viscut el municipi despr\u00e9s d&#039;utilitzar eAgora.\" \/>\n<meta property=\"og:url\" content=\"https:\/\/www.eagora.app\/ca\/conocimiento\/jordi-molinera-alcalde-de-lajuntament-daltafulla-a-lideresquedescubrimos\/\" \/>\n<meta property=\"og:site_name\" content=\"eAgora\" \/>\n<meta property=\"article:publisher\" content=\"https:\/\/www.facebook.com\/eAgoraApp\" \/>\n<meta property=\"article:published_time\" content=\"2023-07-28T12:16:29+00:00\" \/>\n<meta property=\"og:image\" content=\"https:\/\/www.eagora.app\/wp-content\/uploads\/2023\/07\/VIDEOS-portada-lideresquedescubrimos.jpg\" \/>\n\t<meta property=\"og:image:width\" content=\"1920\" \/>\n\t<meta property=\"og:image:height\" content=\"1080\" \/>\n\t<meta property=\"og:image:type\" content=\"image\/jpeg\" \/>\n<meta name=\"author\" content=\"Roser Vallve\" \/>\n<meta name=\"twitter:card\" content=\"summary_large_image\" \/>\n<meta name=\"twitter:creator\" content=\"@EagoraApp\" \/>\n<meta name=\"twitter:site\" content=\"@EagoraApp\" \/>\n<meta name=\"twitter:label1\" content=\"Escrit per\" \/>\n\t<meta name=\"twitter:data1\" content=\"Roser Vallve\" \/>\n\t<meta name=\"twitter:label2\" content=\"Temps estimat de lectura\" \/>\n\t<meta name=\"twitter:data2\" content=\"2 minuts\" \/>\n<script type=\"application\/ld+json\" class=\"yoast-schema-graph\">{\"@context\":\"https:\/\/schema.org\",\"@graph\":[{\"@type\":\"Article\",\"@id\":\"https:\/\/www.eagora.app\/ca\/conocimiento\/jordi-molinera-alcalde-de-lajuntament-daltafulla-a-lideresquedescubrimos\/#article\",\"isPartOf\":{\"@id\":\"https:\/\/www.eagora.app\/ca\/conocimiento\/jordi-molinera-alcalde-de-lajuntament-daltafulla-a-lideresquedescubrimos\/\"},\"author\":{\"name\":\"Roser Vallve\",\"@id\":\"https:\/\/www.eagora.app\/ca\/#\/schema\/person\/f1036a22998d81569495936c2aa9cb32\"},\"headline\":\"Jordi Molinera, Alcalde de l&#8217;Ajuntament d&#8217;Altafulla, a #L\u00edderesQueDescubrimos\",\"datePublished\":\"2023-07-28T12:16:29+00:00\",\"mainEntityOfPage\":{\"@id\":\"https:\/\/www.eagora.app\/ca\/conocimiento\/jordi-molinera-alcalde-de-lajuntament-daltafulla-a-lideresquedescubrimos\/\"},\"wordCount\":351,\"publisher\":{\"@id\":\"https:\/\/www.eagora.app\/ca\/#organization\"},\"image\":{\"@id\":\"https:\/\/www.eagora.app\/ca\/conocimiento\/jordi-molinera-alcalde-de-lajuntament-daltafulla-a-lideresquedescubrimos\/#primaryimage\"},\"thumbnailUrl\":\"https:\/\/www.eagora.app\/wp-content\/uploads\/2023\/07\/VIDEOS-portada-lideresquedescubrimos.jpg\",\"articleSection\":[\"Casos d'\u00e8xit\"],\"inLanguage\":\"ca\"},{\"@type\":\"WebPage\",\"@id\":\"https:\/\/www.eagora.app\/ca\/conocimiento\/jordi-molinera-alcalde-de-lajuntament-daltafulla-a-lideresquedescubrimos\/\",\"url\":\"https:\/\/www.eagora.app\/ca\/conocimiento\/jordi-molinera-alcalde-de-lajuntament-daltafulla-a-lideresquedescubrimos\/\",\"name\":\"Entrevista amb Jordi Molinera, a L\u00edders que descobrim eAgora\",\"isPartOf\":{\"@id\":\"https:\/\/www.eagora.app\/ca\/#website\"},\"primaryImageOfPage\":{\"@id\":\"https:\/\/www.eagora.app\/ca\/conocimiento\/jordi-molinera-alcalde-de-lajuntament-daltafulla-a-lideresquedescubrimos\/#primaryimage\"},\"image\":{\"@id\":\"https:\/\/www.eagora.app\/ca\/conocimiento\/jordi-molinera-alcalde-de-lajuntament-daltafulla-a-lideresquedescubrimos\/#primaryimage\"},\"thumbnailUrl\":\"https:\/\/www.eagora.app\/wp-content\/uploads\/2023\/07\/VIDEOS-portada-lideresquedescubrimos.jpg\",\"datePublished\":\"2023-07-28T12:16:29+00:00\",\"description\":\"L'alcalde d'Altafulla, Jordi Molinera, ens explica en aquesta entrevista la transformaci\u00f3 que ha viscut el municipi despr\u00e9s d'utilitzar eAgora.\",\"breadcrumb\":{\"@id\":\"https:\/\/www.eagora.app\/ca\/conocimiento\/jordi-molinera-alcalde-de-lajuntament-daltafulla-a-lideresquedescubrimos\/#breadcrumb\"},\"inLanguage\":\"ca\",\"potentialAction\":[{\"@type\":\"ReadAction\",\"target\":[\"https:\/\/www.eagora.app\/ca\/conocimiento\/jordi-molinera-alcalde-de-lajuntament-daltafulla-a-lideresquedescubrimos\/\"]}]},{\"@type\":\"ImageObject\",\"inLanguage\":\"ca\",\"@id\":\"https:\/\/www.eagora.app\/ca\/conocimiento\/jordi-molinera-alcalde-de-lajuntament-daltafulla-a-lideresquedescubrimos\/#primaryimage\",\"url\":\"https:\/\/www.eagora.app\/wp-content\/uploads\/2023\/07\/VIDEOS-portada-lideresquedescubrimos.jpg\",\"contentUrl\":\"https:\/\/www.eagora.app\/wp-content\/uploads\/2023\/07\/VIDEOS-portada-lideresquedescubrimos.jpg\",\"width\":1920,\"height\":1080},{\"@type\":\"BreadcrumbList\",\"@id\":\"https:\/\/www.eagora.app\/ca\/conocimiento\/jordi-molinera-alcalde-de-lajuntament-daltafulla-a-lideresquedescubrimos\/#breadcrumb\",\"itemListElement\":[{\"@type\":\"ListItem\",\"position\":1,\"name\":\"Inicio\",\"item\":\"https:\/\/www.eagora.app\/ca\/\"},{\"@type\":\"ListItem\",\"position\":2,\"name\":\"Coneixement\",\"item\":\"https:\/\/www.eagora.app\/ca\/coneixement\/\"},{\"@type\":\"ListItem\",\"position\":3,\"name\":\"Jordi Molinera, Alcalde de l&#8217;Ajuntament d&#8217;Altafulla, a #L\u00edderesQueDescubrimos\"}]},{\"@type\":\"WebSite\",\"@id\":\"https:\/\/www.eagora.app\/ca\/#website\",\"url\":\"https:\/\/www.eagora.app\/ca\/\",\"name\":\"eAgora\",\"description\":\"La plataforma que nos conecta\",\"publisher\":{\"@id\":\"https:\/\/www.eagora.app\/ca\/#organization\"},\"potentialAction\":[{\"@type\":\"SearchAction\",\"target\":{\"@type\":\"EntryPoint\",\"urlTemplate\":\"https:\/\/www.eagora.app\/ca\/?s={search_term_string}\"},\"query-input\":{\"@type\":\"PropertyValueSpecification\",\"valueRequired\":true,\"valueName\":\"search_term_string\"}}],\"inLanguage\":\"ca\"},{\"@type\":\"Organization\",\"@id\":\"https:\/\/www.eagora.app\/ca\/#organization\",\"name\":\"eAgora\",\"url\":\"https:\/\/www.eagora.app\/ca\/\",\"logo\":{\"@type\":\"ImageObject\",\"inLanguage\":\"ca\",\"@id\":\"https:\/\/www.eagora.app\/ca\/#\/schema\/logo\/image\/\",\"url\":\"https:\/\/www.eagora.app\/wp-content\/uploads\/2023\/02\/logo-eagora-emails.jpg\",\"contentUrl\":\"https:\/\/www.eagora.app\/wp-content\/uploads\/2023\/02\/logo-eagora-emails.jpg\",\"width\":550,\"height\":146,\"caption\":\"eAgora\"},\"image\":{\"@id\":\"https:\/\/www.eagora.app\/ca\/#\/schema\/logo\/image\/\"},\"sameAs\":[\"https:\/\/www.facebook.com\/eAgoraApp\",\"https:\/\/x.com\/EagoraApp\",\"https:\/\/www.instagram.com\/eagora.app\/\",\"https:\/\/www.linkedin.com\/company\/eagora\",\"https:\/\/www.youtube.com\/@eAgoraApp\"]},{\"@type\":\"Person\",\"@id\":\"https:\/\/www.eagora.app\/ca\/#\/schema\/person\/f1036a22998d81569495936c2aa9cb32\",\"name\":\"Roser Vallve\",\"image\":{\"@type\":\"ImageObject\",\"inLanguage\":\"ca\",\"@id\":\"https:\/\/www.eagora.app\/ca\/#\/schema\/person\/image\/\",\"url\":\"https:\/\/secure.gravatar.com\/avatar\/0399a104ac4b8ad3b6f7161df883d725e4edadfe16802877923fe80093335413?s=96&d=mm&r=g\",\"contentUrl\":\"https:\/\/secure.gravatar.com\/avatar\/0399a104ac4b8ad3b6f7161df883d725e4edadfe16802877923fe80093335413?s=96&d=mm&r=g\",\"caption\":\"Roser Vallve\"}}]}<\/script>\n<!-- \/ Yoast SEO Premium plugin. -->","yoast_head_json":{"title":"Entrevista amb Jordi Molinera, a L\u00edders que descobrim eAgora","description":"L'alcalde d'Altafulla, Jordi Molinera, ens explica en aquesta entrevista la transformaci\u00f3 que ha viscut el municipi despr\u00e9s d'utilitzar eAgora.","robots":{"index":"index","follow":"follow","max-snippet":"max-snippet:-1","max-image-preview":"max-image-preview:large","max-video-preview":"max-video-preview:-1"},"canonical":"https:\/\/www.eagora.app\/ca\/conocimiento\/jordi-molinera-alcalde-de-lajuntament-daltafulla-a-lideresquedescubrimos\/","og_locale":"ca_ES","og_type":"article","og_title":"Jordi Molinera, Alcalde de l'Ajuntament d'Altafulla, a #L\u00edderesQueDescubrimos","og_description":"L'alcalde d'Altafulla, Jordi Molinera, ens explica en aquesta entrevista la transformaci\u00f3 que ha viscut el municipi despr\u00e9s d'utilitzar eAgora.","og_url":"https:\/\/www.eagora.app\/ca\/conocimiento\/jordi-molinera-alcalde-de-lajuntament-daltafulla-a-lideresquedescubrimos\/","og_site_name":"eAgora","article_publisher":"https:\/\/www.facebook.com\/eAgoraApp","article_published_time":"2023-07-28T12:16:29+00:00","og_image":[{"width":1920,"height":1080,"url":"https:\/\/www.eagora.app\/wp-content\/uploads\/2023\/07\/VIDEOS-portada-lideresquedescubrimos.jpg","type":"image\/jpeg"}],"author":"Roser Vallve","twitter_card":"summary_large_image","twitter_creator":"@EagoraApp","twitter_site":"@EagoraApp","twitter_misc":{"Escrit per":"Roser Vallve","Temps estimat de lectura":"2 minuts"},"schema":{"@context":"https:\/\/schema.org","@graph":[{"@type":"Article","@id":"https:\/\/www.eagora.app\/ca\/conocimiento\/jordi-molinera-alcalde-de-lajuntament-daltafulla-a-lideresquedescubrimos\/#article","isPartOf":{"@id":"https:\/\/www.eagora.app\/ca\/conocimiento\/jordi-molinera-alcalde-de-lajuntament-daltafulla-a-lideresquedescubrimos\/"},"author":{"name":"Roser Vallve","@id":"https:\/\/www.eagora.app\/ca\/#\/schema\/person\/f1036a22998d81569495936c2aa9cb32"},"headline":"Jordi Molinera, Alcalde de l&#8217;Ajuntament d&#8217;Altafulla, a #L\u00edderesQueDescubrimos","datePublished":"2023-07-28T12:16:29+00:00","mainEntityOfPage":{"@id":"https:\/\/www.eagora.app\/ca\/conocimiento\/jordi-molinera-alcalde-de-lajuntament-daltafulla-a-lideresquedescubrimos\/"},"wordCount":351,"publisher":{"@id":"https:\/\/www.eagora.app\/ca\/#organization"},"image":{"@id":"https:\/\/www.eagora.app\/ca\/conocimiento\/jordi-molinera-alcalde-de-lajuntament-daltafulla-a-lideresquedescubrimos\/#primaryimage"},"thumbnailUrl":"https:\/\/www.eagora.app\/wp-content\/uploads\/2023\/07\/VIDEOS-portada-lideresquedescubrimos.jpg","articleSection":["Casos d'\u00e8xit"],"inLanguage":"ca"},{"@type":"WebPage","@id":"https:\/\/www.eagora.app\/ca\/conocimiento\/jordi-molinera-alcalde-de-lajuntament-daltafulla-a-lideresquedescubrimos\/","url":"https:\/\/www.eagora.app\/ca\/conocimiento\/jordi-molinera-alcalde-de-lajuntament-daltafulla-a-lideresquedescubrimos\/","name":"Entrevista amb Jordi Molinera, a L\u00edders que descobrim eAgora","isPartOf":{"@id":"https:\/\/www.eagora.app\/ca\/#website"},"primaryImageOfPage":{"@id":"https:\/\/www.eagora.app\/ca\/conocimiento\/jordi-molinera-alcalde-de-lajuntament-daltafulla-a-lideresquedescubrimos\/#primaryimage"},"image":{"@id":"https:\/\/www.eagora.app\/ca\/conocimiento\/jordi-molinera-alcalde-de-lajuntament-daltafulla-a-lideresquedescubrimos\/#primaryimage"},"thumbnailUrl":"https:\/\/www.eagora.app\/wp-content\/uploads\/2023\/07\/VIDEOS-portada-lideresquedescubrimos.jpg","datePublished":"2023-07-28T12:16:29+00:00","description":"L'alcalde d'Altafulla, Jordi Molinera, ens explica en aquesta entrevista la transformaci\u00f3 que ha viscut el municipi despr\u00e9s d'utilitzar eAgora.","breadcrumb":{"@id":"https:\/\/www.eagora.app\/ca\/conocimiento\/jordi-molinera-alcalde-de-lajuntament-daltafulla-a-lideresquedescubrimos\/#breadcrumb"},"inLanguage":"ca","potentialAction":[{"@type":"ReadAction","target":["https:\/\/www.eagora.app\/ca\/conocimiento\/jordi-molinera-alcalde-de-lajuntament-daltafulla-a-lideresquedescubrimos\/"]}]},{"@type":"ImageObject","inLanguage":"ca","@id":"https:\/\/www.eagora.app\/ca\/conocimiento\/jordi-molinera-alcalde-de-lajuntament-daltafulla-a-lideresquedescubrimos\/#primaryimage","url":"https:\/\/www.eagora.app\/wp-content\/uploads\/2023\/07\/VIDEOS-portada-lideresquedescubrimos.jpg","contentUrl":"https:\/\/www.eagora.app\/wp-content\/uploads\/2023\/07\/VIDEOS-portada-lideresquedescubrimos.jpg","width":1920,"height":1080},{"@type":"BreadcrumbList","@id":"https:\/\/www.eagora.app\/ca\/conocimiento\/jordi-molinera-alcalde-de-lajuntament-daltafulla-a-lideresquedescubrimos\/#breadcrumb","itemListElement":[{"@type":"ListItem","position":1,"name":"Inicio","item":"https:\/\/www.eagora.app\/ca\/"},{"@type":"ListItem","position":2,"name":"Coneixement","item":"https:\/\/www.eagora.app\/ca\/coneixement\/"},{"@type":"ListItem","position":3,"name":"Jordi Molinera, Alcalde de l&#8217;Ajuntament d&#8217;Altafulla, a #L\u00edderesQueDescubrimos"}]},{"@type":"WebSite","@id":"https:\/\/www.eagora.app\/ca\/#website","url":"https:\/\/www.eagora.app\/ca\/","name":"eAgora","description":"La plataforma que nos conecta","publisher":{"@id":"https:\/\/www.eagora.app\/ca\/#organization"},"potentialAction":[{"@type":"SearchAction","target":{"@type":"EntryPoint","urlTemplate":"https:\/\/www.eagora.app\/ca\/?s={search_term_string}"},"query-input":{"@type":"PropertyValueSpecification","valueRequired":true,"valueName":"search_term_string"}}],"inLanguage":"ca"},{"@type":"Organization","@id":"https:\/\/www.eagora.app\/ca\/#organization","name":"eAgora","url":"https:\/\/www.eagora.app\/ca\/","logo":{"@type":"ImageObject","inLanguage":"ca","@id":"https:\/\/www.eagora.app\/ca\/#\/schema\/logo\/image\/","url":"https:\/\/www.eagora.app\/wp-content\/uploads\/2023\/02\/logo-eagora-emails.jpg","contentUrl":"https:\/\/www.eagora.app\/wp-content\/uploads\/2023\/02\/logo-eagora-emails.jpg","width":550,"height":146,"caption":"eAgora"},"image":{"@id":"https:\/\/www.eagora.app\/ca\/#\/schema\/logo\/image\/"},"sameAs":["https:\/\/www.facebook.com\/eAgoraApp","https:\/\/x.com\/EagoraApp","https:\/\/www.instagram.com\/eagora.app\/","https:\/\/www.linkedin.com\/company\/eagora","https:\/\/www.youtube.com\/@eAgoraApp"]},{"@type":"Person","@id":"https:\/\/www.eagora.app\/ca\/#\/schema\/person\/f1036a22998d81569495936c2aa9cb32","name":"Roser Vallve","image":{"@type":"ImageObject","inLanguage":"ca","@id":"https:\/\/www.eagora.app\/ca\/#\/schema\/person\/image\/","url":"https:\/\/secure.gravatar.com\/avatar\/0399a104ac4b8ad3b6f7161df883d725e4edadfe16802877923fe80093335413?s=96&d=mm&r=g","contentUrl":"https:\/\/secure.gravatar.com\/avatar\/0399a104ac4b8ad3b6f7161df883d725e4edadfe16802877923fe80093335413?s=96&d=mm&r=g","caption":"Roser Vallve"}}]}},"jetpack_featured_media_url":"https:\/\/www.eagora.app\/wp-content\/uploads\/2023\/07\/VIDEOS-portada-lideresquedescubrimos.jpg","jetpack_sharing_enabled":true,"_links":{"self":[{"href":"https:\/\/www.eagora.app\/ca\/wp-json\/wp\/v2\/posts\/18198","targetHints":{"allow":["GET"]}}],"collection":[{"href":"https:\/\/www.eagora.app\/ca\/wp-json\/wp\/v2\/posts"}],"about":[{"href":"https:\/\/www.eagora.app\/ca\/wp-json\/wp\/v2\/types\/post"}],"author":[{"embeddable":true,"href":"https:\/\/www.eagora.app\/ca\/wp-json\/wp\/v2\/users\/872"}],"replies":[{"embeddable":true,"href":"https:\/\/www.eagora.app\/ca\/wp-json\/wp\/v2\/comments?post=18198"}],"version-history":[{"count":0,"href":"https:\/\/www.eagora.app\/ca\/wp-json\/wp\/v2\/posts\/18198\/revisions"}],"wp:featuredmedia":[{"embeddable":true,"href":"https:\/\/www.eagora.app\/ca\/wp-json\/wp\/v2\/media\/17621"}],"wp:attachment":[{"href":"https:\/\/www.eagora.app\/ca\/wp-json\/wp\/v2\/media?parent=18198"}],"wp:term":[{"taxonomy":"category","embeddable":true,"href":"https:\/\/www.eagora.app\/ca\/wp-json\/wp\/v2\/categories?post=18198"},{"taxonomy":"post_tag","embeddable":true,"href":"https:\/\/www.eagora.app\/ca\/wp-json\/wp\/v2\/tags?post=18198"}],"curies":[{"name":"wp","href":"https:\/\/api.w.org\/{rel}","templated":true}]}}