{"id":18196,"date":"2023-10-10T10:13:23","date_gmt":"2023-10-10T08:13:23","guid":{"rendered":"https:\/\/www.eagora.app\/?p=18196"},"modified":"2023-11-08T13:18:22","modified_gmt":"2023-11-08T11:18:22","slug":"com-configurar-la-teva-agora-principal-per-defecte","status":"publish","type":"post","link":"https:\/\/www.eagora.app\/ca\/conocimiento\/com-configurar-la-teva-agora-principal-per-defecte\/","title":{"rendered":"Com configurar la teva \u00e0gora principal per defecte"},"content":{"rendered":"<h2 style=\"text-align: center;\"><strong>Accedeix a la teva \u00e0gora principal autom\u00e0ticament per defecte<\/strong><\/h2>\n<p style=\"text-align: center;\"><em>Com configurar la teva \u00e0gora principal per defecte<\/em><\/p>\n<p>&nbsp;<\/p>\n<h3 style=\"text-align: left;\"><strong>El m\u00e9s important per a tu, m\u00e9s a prop teu<\/strong><\/h3>\n<p>Ara en entrar a l&#8217;<a href=\"https:\/\/www.eagora.app\">aplicaci\u00f3 eAgora<\/a>, per defecte apareixer\u00e0 la teva \u00e0gora preferida a la pantalla \u2b50, sense necessitat d&#8217;haver de buscar-la entre la llista d&#8217;\u00e0gores. Amb aix\u00f2, us <strong>apropem a la vostra comunitat<\/strong> perqu\u00e8 pugueu connectar m\u00e9s f\u00e0cil i r\u00e0pid que mai.<\/p>\n<p>&nbsp;<\/p>\n<h3><strong>Tutorial<\/strong><\/h3>\n<p><strong>Com configuro la meva \u00e0gora preferida per defecte?<\/strong><\/p>\n<p>1. Ves a l&#8217;apartat <strong>Les Teves \u00c0gores<\/strong>.<\/p>\n<p>2. Fes clic al <strong>s\u00edmbol d&#8217;estrelleta<\/strong> que vegis al costat de l&#8217;\u00e0gora que vulguis marcar com a principal \u2b50. Aquesta \u00e0gora ser\u00e0 la que s&#8217;obrir\u00e0 autom\u00e0ticament per defecte quan obris l&#8217;aplicaci\u00f3. Pots modificar-ho m\u00e9s endavant si vols canviar-la.<\/p>\n<p>3. Quan obris l&#8217;app la propera vegada, veur\u00e0s la teva \u00e0gora principal per defecte. Fes clic al <strong>s\u00edmbol de caseta<\/strong> a la part superior esquerra de l&#8217;aplicaci\u00f3 \ud83c\udfe0 per tornar a la teva llista d&#8217;\u00e0gores.<\/p>\n<p>4. Aqu\u00ed pots veure la resta d&#8217;\u00e0gores que tens guardades, i revisar quina tens marcada com a favorita, marcada amb una estrelleta. Pots <strong>canviar la teva \u00e0gora preferida<\/strong> prement a l&#8217;estrelleta d&#8217;una altra \u00e0gora i repetint els passos esmentats a dalt.<\/p>\n<p><img fetchpriority=\"high\" decoding=\"async\" class=\"aligncenter wp-image-17594 \" src=\"https:\/\/www.eagora.app\/wp-content\/uploads\/2023\/07\/RRSS-general-feed-e1690469728183.png\" alt=\"\" width=\"868\" height=\"518\" srcset=\"https:\/\/www.eagora.app\/wp-content\/uploads\/2023\/07\/RRSS-general-feed-e1690469728183.png 1080w, https:\/\/www.eagora.app\/wp-content\/uploads\/2023\/07\/RRSS-general-feed-e1690469728183-300x179.png 300w, https:\/\/www.eagora.app\/wp-content\/uploads\/2023\/07\/RRSS-general-feed-e1690469728183-1024x612.png 1024w, https:\/\/www.eagora.app\/wp-content\/uploads\/2023\/07\/RRSS-general-feed-e1690469728183-768x459.png 768w, https:\/\/www.eagora.app\/wp-content\/uploads\/2023\/07\/RRSS-general-feed-e1690469728183-600x358.png 600w\" sizes=\"(max-width: 868px) 100vw, 868px\" \/><\/p>\n<p><strong>T&#8217;ho hem posat m\u00e9s f\u00e0cil que mai!<\/strong> Ara estar\u00e0s m\u00e9s a prop de la teva comunitat.<\/p>\n<p>&nbsp;<\/p>\n<p style=\"text-align: center;\"><strong>Encara no tens l&#8217;app eAgora? Comen\u00e7a gratis! \ud83d\udc47<\/strong><\/p>\n<p><!--HubSpot Call-to-Action Code --><span id=\"hs-cta-wrapper-853d4503-fcbb-4d34-a346-60f4ad805caf\" class=\"hs-cta-wrapper\"><span id=\"hs-cta-853d4503-fcbb-4d34-a346-60f4ad805caf\" class=\"hs-cta-node hs-cta-853d4503-fcbb-4d34-a346-60f4ad805caf\"><!-- [if lte IE 8]>\n\n\n<div id=\"hs-cta-ie-element\"><\/div>\n\n\n<![endif]--><a href=\"https:\/\/hubspot-cta-redirect-eu1-prod.s3.amazonaws.com\/cta\/redirect\/25066662\/853d4503-fcbb-4d34-a346-60f4ad805caf\"><img decoding=\"async\" id=\"hs-cta-img-853d4503-fcbb-4d34-a346-60f4ad805caf\" class=\"hs-cta-img aligncenter\" style=\"border-width: 0px;\" src=\"https:\/\/hubspot-no-cache-eu1-prod.s3.amazonaws.com\/cta\/default\/25066662\/853d4503-fcbb-4d34-a346-60f4ad805caf.png\" alt=\"Comen\u00e7a gratis\" \/><\/a><\/span><\/span><\/p>\n<p>&nbsp;<\/p>\n<p><img decoding=\"async\" class=\"size-full wp-image-19777 aligncenter\" src=\"https:\/\/www.eagora.app\/wp-content\/uploads\/2023\/10\/FIRMA-EMAIL-Ferias-5.png\" alt=\"\" width=\"800\" height=\"300\" srcset=\"https:\/\/www.eagora.app\/wp-content\/uploads\/2023\/10\/FIRMA-EMAIL-Ferias-5.png 800w, https:\/\/www.eagora.app\/wp-content\/uploads\/2023\/10\/FIRMA-EMAIL-Ferias-5-300x113.png 300w, https:\/\/www.eagora.app\/wp-content\/uploads\/2023\/10\/FIRMA-EMAIL-Ferias-5-768x288.png 768w, https:\/\/www.eagora.app\/wp-content\/uploads\/2023\/10\/FIRMA-EMAIL-Ferias-5-600x225.png 600w\" sizes=\"(max-width: 800px) 100vw, 800px\" \/><\/p>\n<p>&nbsp;<\/p>\n","protected":false},"excerpt":{"rendered":"<p>Accedeix a la teva \u00e0gora principal autom\u00e0ticament per defecte Com configurar la teva \u00e0gora principal per defecte &nbsp; El m\u00e9s important per a tu, m\u00e9s a prop teu Ara en entrar a l&#8217;aplicaci\u00f3 eAgora, per defecte apareixer\u00e0 la teva \u00e0gora preferida a la pantalla \u2b50, sense necessitat d&#8217;haver de buscar-la entre la llista d&#8217;\u00e0gores. Amb [&hellip;]<\/p>\n","protected":false},"author":872,"featured_media":17573,"comment_status":"closed","ping_status":"open","sticky":false,"template":"","format":"standard","meta":{"content-type":"","_jetpack_memberships_contains_paid_content":false,"_joinchat":[],"footnotes":""},"categories":[116],"tags":[],"class_list":["post-18196","post","type-post","status-publish","format-standard","has-post-thumbnail","hentry","category-tutorials"],"yoast_head":"<!-- This site is optimized with the Yoast SEO Premium plugin v27.0 (Yoast SEO v27.0) - https:\/\/yoast.com\/product\/yoast-seo-premium-wordpress\/ -->\n<title>Com configurar la teva \u00e0gora principal per defecte<\/title>\n<meta name=\"description\" content=\"T&#039;expliquem com configurar la teva \u00e0gora principal eAgora per defecte. T&#039;apropem a la teva comunitat perqu\u00e8 puguis connectar m\u00e9s f\u00e0cil que mai.\" \/>\n<meta name=\"robots\" content=\"index, follow, max-snippet:-1, max-image-preview:large, max-video-preview:-1\" \/>\n<link rel=\"canonical\" href=\"https:\/\/www.eagora.app\/ca\/conocimiento\/com-configurar-la-teva-agora-principal-per-defecte\/\" \/>\n<meta property=\"og:locale\" content=\"ca_ES\" \/>\n<meta property=\"og:type\" content=\"article\" \/>\n<meta property=\"og:title\" content=\"Com configurar la teva \u00e0gora principal per defecte\" \/>\n<meta property=\"og:description\" content=\"T&#039;expliquem com configurar la teva \u00e0gora principal eAgora per defecte. T&#039;apropem a la teva comunitat perqu\u00e8 puguis connectar m\u00e9s f\u00e0cil que mai.\" \/>\n<meta property=\"og:url\" content=\"https:\/\/www.eagora.app\/ca\/conocimiento\/com-configurar-la-teva-agora-principal-per-defecte\/\" \/>\n<meta property=\"og:site_name\" content=\"eAgora\" \/>\n<meta property=\"article:publisher\" content=\"https:\/\/www.facebook.com\/eAgoraApp\" \/>\n<meta property=\"article:published_time\" content=\"2023-10-10T08:13:23+00:00\" \/>\n<meta property=\"article:modified_time\" content=\"2023-11-08T11:18:22+00:00\" \/>\n<meta property=\"og:image\" content=\"https:\/\/www.eagora.app\/wp-content\/uploads\/2023\/07\/Blog-portada-app.jpg\" \/>\n\t<meta property=\"og:image:width\" content=\"1920\" \/>\n\t<meta property=\"og:image:height\" content=\"1080\" \/>\n\t<meta property=\"og:image:type\" content=\"image\/jpeg\" \/>\n<meta name=\"author\" content=\"Roser Vallve\" \/>\n<meta name=\"twitter:card\" content=\"summary_large_image\" \/>\n<meta name=\"twitter:creator\" content=\"@EagoraApp\" \/>\n<meta name=\"twitter:site\" content=\"@EagoraApp\" \/>\n<meta name=\"twitter:label1\" content=\"Escrit per\" \/>\n\t<meta name=\"twitter:data1\" content=\"Roser Vallve\" \/>\n\t<meta name=\"twitter:label2\" content=\"Temps estimat de lectura\" \/>\n\t<meta name=\"twitter:data2\" content=\"2 minuts\" \/>\n<script type=\"application\/ld+json\" class=\"yoast-schema-graph\">{\"@context\":\"https:\/\/schema.org\",\"@graph\":[{\"@type\":\"Article\",\"@id\":\"https:\/\/www.eagora.app\/ca\/conocimiento\/com-configurar-la-teva-agora-principal-per-defecte\/#article\",\"isPartOf\":{\"@id\":\"https:\/\/www.eagora.app\/ca\/conocimiento\/com-configurar-la-teva-agora-principal-per-defecte\/\"},\"author\":{\"name\":\"Roser Vallve\",\"@id\":\"https:\/\/www.eagora.app\/ca\/#\/schema\/person\/f1036a22998d81569495936c2aa9cb32\"},\"headline\":\"Com configurar la teva \u00e0gora principal per defecte\",\"datePublished\":\"2023-10-10T08:13:23+00:00\",\"dateModified\":\"2023-11-08T11:18:22+00:00\",\"mainEntityOfPage\":{\"@id\":\"https:\/\/www.eagora.app\/ca\/conocimiento\/com-configurar-la-teva-agora-principal-per-defecte\/\"},\"wordCount\":261,\"publisher\":{\"@id\":\"https:\/\/www.eagora.app\/ca\/#organization\"},\"image\":{\"@id\":\"https:\/\/www.eagora.app\/ca\/conocimiento\/com-configurar-la-teva-agora-principal-per-defecte\/#primaryimage\"},\"thumbnailUrl\":\"https:\/\/www.eagora.app\/wp-content\/uploads\/2023\/07\/Blog-portada-app.jpg\",\"articleSection\":[\"Tutorials\"],\"inLanguage\":\"ca\"},{\"@type\":\"WebPage\",\"@id\":\"https:\/\/www.eagora.app\/ca\/conocimiento\/com-configurar-la-teva-agora-principal-per-defecte\/\",\"url\":\"https:\/\/www.eagora.app\/ca\/conocimiento\/com-configurar-la-teva-agora-principal-per-defecte\/\",\"name\":\"Com configurar la teva \u00e0gora principal per defecte\",\"isPartOf\":{\"@id\":\"https:\/\/www.eagora.app\/ca\/#website\"},\"primaryImageOfPage\":{\"@id\":\"https:\/\/www.eagora.app\/ca\/conocimiento\/com-configurar-la-teva-agora-principal-per-defecte\/#primaryimage\"},\"image\":{\"@id\":\"https:\/\/www.eagora.app\/ca\/conocimiento\/com-configurar-la-teva-agora-principal-per-defecte\/#primaryimage\"},\"thumbnailUrl\":\"https:\/\/www.eagora.app\/wp-content\/uploads\/2023\/07\/Blog-portada-app.jpg\",\"datePublished\":\"2023-10-10T08:13:23+00:00\",\"dateModified\":\"2023-11-08T11:18:22+00:00\",\"description\":\"T'expliquem com configurar la teva \u00e0gora principal eAgora per defecte. T'apropem a la teva comunitat perqu\u00e8 puguis connectar m\u00e9s f\u00e0cil que mai.\",\"breadcrumb\":{\"@id\":\"https:\/\/www.eagora.app\/ca\/conocimiento\/com-configurar-la-teva-agora-principal-per-defecte\/#breadcrumb\"},\"inLanguage\":\"ca\",\"potentialAction\":[{\"@type\":\"ReadAction\",\"target\":[\"https:\/\/www.eagora.app\/ca\/conocimiento\/com-configurar-la-teva-agora-principal-per-defecte\/\"]}]},{\"@type\":\"ImageObject\",\"inLanguage\":\"ca\",\"@id\":\"https:\/\/www.eagora.app\/ca\/conocimiento\/com-configurar-la-teva-agora-principal-per-defecte\/#primaryimage\",\"url\":\"https:\/\/www.eagora.app\/wp-content\/uploads\/2023\/07\/Blog-portada-app.jpg\",\"contentUrl\":\"https:\/\/www.eagora.app\/wp-content\/uploads\/2023\/07\/Blog-portada-app.jpg\",\"width\":1920,\"height\":1080},{\"@type\":\"BreadcrumbList\",\"@id\":\"https:\/\/www.eagora.app\/ca\/conocimiento\/com-configurar-la-teva-agora-principal-per-defecte\/#breadcrumb\",\"itemListElement\":[{\"@type\":\"ListItem\",\"position\":1,\"name\":\"Inicio\",\"item\":\"https:\/\/www.eagora.app\/ca\/\"},{\"@type\":\"ListItem\",\"position\":2,\"name\":\"Coneixement\",\"item\":\"https:\/\/www.eagora.app\/ca\/coneixement\/\"},{\"@type\":\"ListItem\",\"position\":3,\"name\":\"Com configurar la teva \u00e0gora principal per defecte\"}]},{\"@type\":\"WebSite\",\"@id\":\"https:\/\/www.eagora.app\/ca\/#website\",\"url\":\"https:\/\/www.eagora.app\/ca\/\",\"name\":\"eAgora\",\"description\":\"La plataforma que nos conecta\",\"publisher\":{\"@id\":\"https:\/\/www.eagora.app\/ca\/#organization\"},\"potentialAction\":[{\"@type\":\"SearchAction\",\"target\":{\"@type\":\"EntryPoint\",\"urlTemplate\":\"https:\/\/www.eagora.app\/ca\/?s={search_term_string}\"},\"query-input\":{\"@type\":\"PropertyValueSpecification\",\"valueRequired\":true,\"valueName\":\"search_term_string\"}}],\"inLanguage\":\"ca\"},{\"@type\":\"Organization\",\"@id\":\"https:\/\/www.eagora.app\/ca\/#organization\",\"name\":\"eAgora\",\"url\":\"https:\/\/www.eagora.app\/ca\/\",\"logo\":{\"@type\":\"ImageObject\",\"inLanguage\":\"ca\",\"@id\":\"https:\/\/www.eagora.app\/ca\/#\/schema\/logo\/image\/\",\"url\":\"https:\/\/www.eagora.app\/wp-content\/uploads\/2023\/02\/logo-eagora-emails.jpg\",\"contentUrl\":\"https:\/\/www.eagora.app\/wp-content\/uploads\/2023\/02\/logo-eagora-emails.jpg\",\"width\":550,\"height\":146,\"caption\":\"eAgora\"},\"image\":{\"@id\":\"https:\/\/www.eagora.app\/ca\/#\/schema\/logo\/image\/\"},\"sameAs\":[\"https:\/\/www.facebook.com\/eAgoraApp\",\"https:\/\/x.com\/EagoraApp\",\"https:\/\/www.instagram.com\/eagora.app\/\",\"https:\/\/www.linkedin.com\/company\/eagora\",\"https:\/\/www.youtube.com\/@eAgoraApp\"]},{\"@type\":\"Person\",\"@id\":\"https:\/\/www.eagora.app\/ca\/#\/schema\/person\/f1036a22998d81569495936c2aa9cb32\",\"name\":\"Roser Vallve\",\"image\":{\"@type\":\"ImageObject\",\"inLanguage\":\"ca\",\"@id\":\"https:\/\/www.eagora.app\/ca\/#\/schema\/person\/image\/\",\"url\":\"https:\/\/secure.gravatar.com\/avatar\/0399a104ac4b8ad3b6f7161df883d725e4edadfe16802877923fe80093335413?s=96&d=mm&r=g\",\"contentUrl\":\"https:\/\/secure.gravatar.com\/avatar\/0399a104ac4b8ad3b6f7161df883d725e4edadfe16802877923fe80093335413?s=96&d=mm&r=g\",\"caption\":\"Roser Vallve\"}}]}<\/script>\n<!-- \/ Yoast SEO Premium plugin. -->","yoast_head_json":{"title":"Com configurar la teva \u00e0gora principal per defecte","description":"T'expliquem com configurar la teva \u00e0gora principal eAgora per defecte. T'apropem a la teva comunitat perqu\u00e8 puguis connectar m\u00e9s f\u00e0cil que mai.","robots":{"index":"index","follow":"follow","max-snippet":"max-snippet:-1","max-image-preview":"max-image-preview:large","max-video-preview":"max-video-preview:-1"},"canonical":"https:\/\/www.eagora.app\/ca\/conocimiento\/com-configurar-la-teva-agora-principal-per-defecte\/","og_locale":"ca_ES","og_type":"article","og_title":"Com configurar la teva \u00e0gora principal per defecte","og_description":"T'expliquem com configurar la teva \u00e0gora principal eAgora per defecte. T'apropem a la teva comunitat perqu\u00e8 puguis connectar m\u00e9s f\u00e0cil que mai.","og_url":"https:\/\/www.eagora.app\/ca\/conocimiento\/com-configurar-la-teva-agora-principal-per-defecte\/","og_site_name":"eAgora","article_publisher":"https:\/\/www.facebook.com\/eAgoraApp","article_published_time":"2023-10-10T08:13:23+00:00","article_modified_time":"2023-11-08T11:18:22+00:00","og_image":[{"width":1920,"height":1080,"url":"https:\/\/www.eagora.app\/wp-content\/uploads\/2023\/07\/Blog-portada-app.jpg","type":"image\/jpeg"}],"author":"Roser Vallve","twitter_card":"summary_large_image","twitter_creator":"@EagoraApp","twitter_site":"@EagoraApp","twitter_misc":{"Escrit per":"Roser Vallve","Temps estimat de lectura":"2 minuts"},"schema":{"@context":"https:\/\/schema.org","@graph":[{"@type":"Article","@id":"https:\/\/www.eagora.app\/ca\/conocimiento\/com-configurar-la-teva-agora-principal-per-defecte\/#article","isPartOf":{"@id":"https:\/\/www.eagora.app\/ca\/conocimiento\/com-configurar-la-teva-agora-principal-per-defecte\/"},"author":{"name":"Roser Vallve","@id":"https:\/\/www.eagora.app\/ca\/#\/schema\/person\/f1036a22998d81569495936c2aa9cb32"},"headline":"Com configurar la teva \u00e0gora principal per defecte","datePublished":"2023-10-10T08:13:23+00:00","dateModified":"2023-11-08T11:18:22+00:00","mainEntityOfPage":{"@id":"https:\/\/www.eagora.app\/ca\/conocimiento\/com-configurar-la-teva-agora-principal-per-defecte\/"},"wordCount":261,"publisher":{"@id":"https:\/\/www.eagora.app\/ca\/#organization"},"image":{"@id":"https:\/\/www.eagora.app\/ca\/conocimiento\/com-configurar-la-teva-agora-principal-per-defecte\/#primaryimage"},"thumbnailUrl":"https:\/\/www.eagora.app\/wp-content\/uploads\/2023\/07\/Blog-portada-app.jpg","articleSection":["Tutorials"],"inLanguage":"ca"},{"@type":"WebPage","@id":"https:\/\/www.eagora.app\/ca\/conocimiento\/com-configurar-la-teva-agora-principal-per-defecte\/","url":"https:\/\/www.eagora.app\/ca\/conocimiento\/com-configurar-la-teva-agora-principal-per-defecte\/","name":"Com configurar la teva \u00e0gora principal per defecte","isPartOf":{"@id":"https:\/\/www.eagora.app\/ca\/#website"},"primaryImageOfPage":{"@id":"https:\/\/www.eagora.app\/ca\/conocimiento\/com-configurar-la-teva-agora-principal-per-defecte\/#primaryimage"},"image":{"@id":"https:\/\/www.eagora.app\/ca\/conocimiento\/com-configurar-la-teva-agora-principal-per-defecte\/#primaryimage"},"thumbnailUrl":"https:\/\/www.eagora.app\/wp-content\/uploads\/2023\/07\/Blog-portada-app.jpg","datePublished":"2023-10-10T08:13:23+00:00","dateModified":"2023-11-08T11:18:22+00:00","description":"T'expliquem com configurar la teva \u00e0gora principal eAgora per defecte. T'apropem a la teva comunitat perqu\u00e8 puguis connectar m\u00e9s f\u00e0cil que mai.","breadcrumb":{"@id":"https:\/\/www.eagora.app\/ca\/conocimiento\/com-configurar-la-teva-agora-principal-per-defecte\/#breadcrumb"},"inLanguage":"ca","potentialAction":[{"@type":"ReadAction","target":["https:\/\/www.eagora.app\/ca\/conocimiento\/com-configurar-la-teva-agora-principal-per-defecte\/"]}]},{"@type":"ImageObject","inLanguage":"ca","@id":"https:\/\/www.eagora.app\/ca\/conocimiento\/com-configurar-la-teva-agora-principal-per-defecte\/#primaryimage","url":"https:\/\/www.eagora.app\/wp-content\/uploads\/2023\/07\/Blog-portada-app.jpg","contentUrl":"https:\/\/www.eagora.app\/wp-content\/uploads\/2023\/07\/Blog-portada-app.jpg","width":1920,"height":1080},{"@type":"BreadcrumbList","@id":"https:\/\/www.eagora.app\/ca\/conocimiento\/com-configurar-la-teva-agora-principal-per-defecte\/#breadcrumb","itemListElement":[{"@type":"ListItem","position":1,"name":"Inicio","item":"https:\/\/www.eagora.app\/ca\/"},{"@type":"ListItem","position":2,"name":"Coneixement","item":"https:\/\/www.eagora.app\/ca\/coneixement\/"},{"@type":"ListItem","position":3,"name":"Com configurar la teva \u00e0gora principal per defecte"}]},{"@type":"WebSite","@id":"https:\/\/www.eagora.app\/ca\/#website","url":"https:\/\/www.eagora.app\/ca\/","name":"eAgora","description":"La plataforma que nos conecta","publisher":{"@id":"https:\/\/www.eagora.app\/ca\/#organization"},"potentialAction":[{"@type":"SearchAction","target":{"@type":"EntryPoint","urlTemplate":"https:\/\/www.eagora.app\/ca\/?s={search_term_string}"},"query-input":{"@type":"PropertyValueSpecification","valueRequired":true,"valueName":"search_term_string"}}],"inLanguage":"ca"},{"@type":"Organization","@id":"https:\/\/www.eagora.app\/ca\/#organization","name":"eAgora","url":"https:\/\/www.eagora.app\/ca\/","logo":{"@type":"ImageObject","inLanguage":"ca","@id":"https:\/\/www.eagora.app\/ca\/#\/schema\/logo\/image\/","url":"https:\/\/www.eagora.app\/wp-content\/uploads\/2023\/02\/logo-eagora-emails.jpg","contentUrl":"https:\/\/www.eagora.app\/wp-content\/uploads\/2023\/02\/logo-eagora-emails.jpg","width":550,"height":146,"caption":"eAgora"},"image":{"@id":"https:\/\/www.eagora.app\/ca\/#\/schema\/logo\/image\/"},"sameAs":["https:\/\/www.facebook.com\/eAgoraApp","https:\/\/x.com\/EagoraApp","https:\/\/www.instagram.com\/eagora.app\/","https:\/\/www.linkedin.com\/company\/eagora","https:\/\/www.youtube.com\/@eAgoraApp"]},{"@type":"Person","@id":"https:\/\/www.eagora.app\/ca\/#\/schema\/person\/f1036a22998d81569495936c2aa9cb32","name":"Roser Vallve","image":{"@type":"ImageObject","inLanguage":"ca","@id":"https:\/\/www.eagora.app\/ca\/#\/schema\/person\/image\/","url":"https:\/\/secure.gravatar.com\/avatar\/0399a104ac4b8ad3b6f7161df883d725e4edadfe16802877923fe80093335413?s=96&d=mm&r=g","contentUrl":"https:\/\/secure.gravatar.com\/avatar\/0399a104ac4b8ad3b6f7161df883d725e4edadfe16802877923fe80093335413?s=96&d=mm&r=g","caption":"Roser Vallve"}}]}},"jetpack_featured_media_url":"https:\/\/www.eagora.app\/wp-content\/uploads\/2023\/07\/Blog-portada-app.jpg","jetpack_sharing_enabled":true,"_links":{"self":[{"href":"https:\/\/www.eagora.app\/ca\/wp-json\/wp\/v2\/posts\/18196","targetHints":{"allow":["GET"]}}],"collection":[{"href":"https:\/\/www.eagora.app\/ca\/wp-json\/wp\/v2\/posts"}],"about":[{"href":"https:\/\/www.eagora.app\/ca\/wp-json\/wp\/v2\/types\/post"}],"author":[{"embeddable":true,"href":"https:\/\/www.eagora.app\/ca\/wp-json\/wp\/v2\/users\/872"}],"replies":[{"embeddable":true,"href":"https:\/\/www.eagora.app\/ca\/wp-json\/wp\/v2\/comments?post=18196"}],"version-history":[{"count":0,"href":"https:\/\/www.eagora.app\/ca\/wp-json\/wp\/v2\/posts\/18196\/revisions"}],"wp:featuredmedia":[{"embeddable":true,"href":"https:\/\/www.eagora.app\/ca\/wp-json\/wp\/v2\/media\/17573"}],"wp:attachment":[{"href":"https:\/\/www.eagora.app\/ca\/wp-json\/wp\/v2\/media?parent=18196"}],"wp:term":[{"taxonomy":"category","embeddable":true,"href":"https:\/\/www.eagora.app\/ca\/wp-json\/wp\/v2\/categories?post=18196"},{"taxonomy":"post_tag","embeddable":true,"href":"https:\/\/www.eagora.app\/ca\/wp-json\/wp\/v2\/tags?post=18196"}],"curies":[{"name":"wp","href":"https:\/\/api.w.org\/{rel}","templated":true}]}}