{"id":18193,"date":"2023-07-18T10:40:54","date_gmt":"2023-07-18T08:40:54","guid":{"rendered":"https:\/\/www.eagora.app\/obertura-del-balco-de-lajuntament-del-vendrell-per-la-festa-major\/"},"modified":"2023-07-18T10:40:54","modified_gmt":"2023-07-18T08:40:54","slug":"obertura-del-balco-de-lajuntament-del-vendrell-per-la-festa-major","status":"publish","type":"post","link":"https:\/\/www.eagora.app\/ca\/conocimiento\/obertura-del-balco-de-lajuntament-del-vendrell-per-la-festa-major\/","title":{"rendered":"Obertura del Balc\u00f3 de l&#8217;Ajuntament del Vendrell per la Festa Major"},"content":{"rendered":"<p style=\"text-align: center;\"><strong>Del 3 al 19 de juliol es poden omplir les butlletes per prendre part al sorteig<\/strong><\/p>\n<p>El balc\u00f3 de l&#8217;Ajuntament del <strong>Vendrell<\/strong> tornar\u00e0 a obrir els ve\u00efns del municipi per la Festa Major de Santa Anna. La regidora de Participaci\u00f3 Ciutadana i Cultura Popular, <strong>Mariona Figueras<\/strong>, ha explicat que dues persones, amb un acompanyant cadascuna, podran veure la <strong>cercavila<\/strong> del dia 26 i la del dia 27 des de dalt del consistori.<\/p>\n<p>Seran, doncs, quatre persones cadascun dels dos dies que podran accedir al <strong>balc\u00f3<\/strong> per veure des d&#8217;un lloc privilegiat aquests dos actes. Els interessats poden emplenar la butlleta per prendre part al <strong>sorteig<\/strong> i dipositar-la a les <strong>urnes<\/strong> que hi haur\u00e0 del 3 al 19 de juliol a l&#8217;Ajuntament, al CIT oa l&#8217;oficina de Turisme de Coma-ruga. Tamb\u00e9 es podr\u00e0 fer a trav\u00e9s de l&#8217;app <a href=\"https:\/\/www.eagora.app\/conocimiento\/una-primavera-inmersiva-en-silicon-valley\/\">eAgora<\/a>.<\/p>\n<p>Aquesta iniciativa es va posar en marxa el 2016 i, despr\u00e9s de dos anys de <strong>par\u00e8ntesi<\/strong> per la pand\u00e8mia, es va tornar a recuperar el 2022 passat.<\/p>\n<p>&nbsp;<\/p>\n<p>La font original d&#8217;aquesta not\u00edcia \u00e9s: <a href=\"https:\/\/tarragonadigital.com\/noticia\/10633\/vendrell-obre-nou-balco-ajuntament-veins-gaudir-festa-major\">https:\/\/tarragonadigital.com\/noticia\/10633\/vendrell-obre-nou-balco-ajuntament-veins-gaudir-festa-major<\/a><\/p>\n","protected":false},"excerpt":{"rendered":"<p>Del 3 al 19 de juliol es poden omplir les butlletes per prendre part al sorteig El balc\u00f3 de l&#8217;Ajuntament del Vendrell tornar\u00e0 a obrir els ve\u00efns del municipi per la Festa Major de Santa Anna. La regidora de Participaci\u00f3 Ciutadana i Cultura Popular, Mariona Figueras, ha explicat que dues persones, amb un acompanyant cadascuna, [&hellip;]<\/p>\n","protected":false},"author":872,"featured_media":17366,"comment_status":"closed","ping_status":"open","sticky":false,"template":"","format":"standard","meta":{"content-type":"","_jetpack_memberships_contains_paid_content":false,"_joinchat":[],"footnotes":""},"categories":[117],"tags":[],"class_list":["post-18193","post","type-post","status-publish","format-standard","has-post-thumbnail","hentry","category-premsa"],"yoast_head":"<!-- This site is optimized with the Yoast SEO Premium plugin v27.0 (Yoast SEO v27.0) - https:\/\/yoast.com\/product\/yoast-seo-premium-wordpress\/ -->\n<title>Obertura del balc\u00f3 de l&#039;Ajuntament del Vendrell per Festa Major<\/title>\n<meta name=\"description\" content=\"Del 3 al 19 de juliol, el balc\u00f3 de l&#039;Ajuntament del Vendrell es tornar\u00e0 a obrir els ve\u00efns del municipi per la Festa Major de Santa Anna.\" \/>\n<meta name=\"robots\" content=\"index, follow, max-snippet:-1, max-image-preview:large, max-video-preview:-1\" \/>\n<link rel=\"canonical\" href=\"https:\/\/www.eagora.app\/ca\/conocimiento\/obertura-del-balco-de-lajuntament-del-vendrell-per-la-festa-major\/\" \/>\n<meta property=\"og:locale\" content=\"ca_ES\" \/>\n<meta property=\"og:type\" content=\"article\" \/>\n<meta property=\"og:title\" content=\"Obertura del Balc\u00f3 de l&#039;Ajuntament del Vendrell per la Festa Major\" \/>\n<meta property=\"og:description\" content=\"Del 3 al 19 de juliol, el balc\u00f3 de l&#039;Ajuntament del Vendrell es tornar\u00e0 a obrir els ve\u00efns del municipi per la Festa Major de Santa Anna.\" \/>\n<meta property=\"og:url\" content=\"https:\/\/www.eagora.app\/ca\/conocimiento\/obertura-del-balco-de-lajuntament-del-vendrell-per-la-festa-major\/\" \/>\n<meta property=\"og:site_name\" content=\"eAgora\" \/>\n<meta property=\"article:publisher\" content=\"https:\/\/www.facebook.com\/eAgoraApp\" \/>\n<meta property=\"article:published_time\" content=\"2023-07-18T08:40:54+00:00\" \/>\n<meta name=\"author\" content=\"Roser Vallve\" \/>\n<meta name=\"twitter:card\" content=\"summary_large_image\" \/>\n<meta name=\"twitter:creator\" content=\"@EagoraApp\" \/>\n<meta name=\"twitter:site\" content=\"@EagoraApp\" \/>\n<meta name=\"twitter:label1\" content=\"Escrit per\" \/>\n\t<meta name=\"twitter:data1\" content=\"Roser Vallve\" \/>\n\t<meta name=\"twitter:label2\" content=\"Temps estimat de lectura\" \/>\n\t<meta name=\"twitter:data2\" content=\"1 minut\" \/>\n<script type=\"application\/ld+json\" class=\"yoast-schema-graph\">{\"@context\":\"https:\/\/schema.org\",\"@graph\":[{\"@type\":\"Article\",\"@id\":\"https:\/\/www.eagora.app\/ca\/conocimiento\/obertura-del-balco-de-lajuntament-del-vendrell-per-la-festa-major\/#article\",\"isPartOf\":{\"@id\":\"https:\/\/www.eagora.app\/ca\/conocimiento\/obertura-del-balco-de-lajuntament-del-vendrell-per-la-festa-major\/\"},\"author\":{\"name\":\"Roser Vallve\",\"@id\":\"https:\/\/www.eagora.app\/ca\/#\/schema\/person\/f1036a22998d81569495936c2aa9cb32\"},\"headline\":\"Obertura del Balc\u00f3 de l&#8217;Ajuntament del Vendrell per la Festa Major\",\"datePublished\":\"2023-07-18T08:40:54+00:00\",\"mainEntityOfPage\":{\"@id\":\"https:\/\/www.eagora.app\/ca\/conocimiento\/obertura-del-balco-de-lajuntament-del-vendrell-per-la-festa-major\/\"},\"wordCount\":193,\"publisher\":{\"@id\":\"https:\/\/www.eagora.app\/ca\/#organization\"},\"image\":{\"@id\":\"https:\/\/www.eagora.app\/ca\/conocimiento\/obertura-del-balco-de-lajuntament-del-vendrell-per-la-festa-major\/#primaryimage\"},\"thumbnailUrl\":\"https:\/\/www.eagora.app\/wp-content\/uploads\/2023\/07\/1200_1687866554Mariona_Figueras.jpg\",\"articleSection\":[\"Premsa\"],\"inLanguage\":\"ca\"},{\"@type\":\"WebPage\",\"@id\":\"https:\/\/www.eagora.app\/ca\/conocimiento\/obertura-del-balco-de-lajuntament-del-vendrell-per-la-festa-major\/\",\"url\":\"https:\/\/www.eagora.app\/ca\/conocimiento\/obertura-del-balco-de-lajuntament-del-vendrell-per-la-festa-major\/\",\"name\":\"Obertura del balc\u00f3 de l'Ajuntament del Vendrell per Festa Major\",\"isPartOf\":{\"@id\":\"https:\/\/www.eagora.app\/ca\/#website\"},\"primaryImageOfPage\":{\"@id\":\"https:\/\/www.eagora.app\/ca\/conocimiento\/obertura-del-balco-de-lajuntament-del-vendrell-per-la-festa-major\/#primaryimage\"},\"image\":{\"@id\":\"https:\/\/www.eagora.app\/ca\/conocimiento\/obertura-del-balco-de-lajuntament-del-vendrell-per-la-festa-major\/#primaryimage\"},\"thumbnailUrl\":\"https:\/\/www.eagora.app\/wp-content\/uploads\/2023\/07\/1200_1687866554Mariona_Figueras.jpg\",\"datePublished\":\"2023-07-18T08:40:54+00:00\",\"description\":\"Del 3 al 19 de juliol, el balc\u00f3 de l'Ajuntament del Vendrell es tornar\u00e0 a obrir els ve\u00efns del municipi per la Festa Major de Santa Anna.\",\"breadcrumb\":{\"@id\":\"https:\/\/www.eagora.app\/ca\/conocimiento\/obertura-del-balco-de-lajuntament-del-vendrell-per-la-festa-major\/#breadcrumb\"},\"inLanguage\":\"ca\",\"potentialAction\":[{\"@type\":\"ReadAction\",\"target\":[\"https:\/\/www.eagora.app\/ca\/conocimiento\/obertura-del-balco-de-lajuntament-del-vendrell-per-la-festa-major\/\"]}]},{\"@type\":\"ImageObject\",\"inLanguage\":\"ca\",\"@id\":\"https:\/\/www.eagora.app\/ca\/conocimiento\/obertura-del-balco-de-lajuntament-del-vendrell-per-la-festa-major\/#primaryimage\",\"url\":\"https:\/\/www.eagora.app\/wp-content\/uploads\/2023\/07\/1200_1687866554Mariona_Figueras.jpg\",\"contentUrl\":\"https:\/\/www.eagora.app\/wp-content\/uploads\/2023\/07\/1200_1687866554Mariona_Figueras.jpg\",\"width\":1200,\"height\":675},{\"@type\":\"BreadcrumbList\",\"@id\":\"https:\/\/www.eagora.app\/ca\/conocimiento\/obertura-del-balco-de-lajuntament-del-vendrell-per-la-festa-major\/#breadcrumb\",\"itemListElement\":[{\"@type\":\"ListItem\",\"position\":1,\"name\":\"Inicio\",\"item\":\"https:\/\/www.eagora.app\/ca\/\"},{\"@type\":\"ListItem\",\"position\":2,\"name\":\"Coneixement\",\"item\":\"https:\/\/www.eagora.app\/ca\/coneixement\/\"},{\"@type\":\"ListItem\",\"position\":3,\"name\":\"Obertura del Balc\u00f3 de l&#8217;Ajuntament del Vendrell per la Festa Major\"}]},{\"@type\":\"WebSite\",\"@id\":\"https:\/\/www.eagora.app\/ca\/#website\",\"url\":\"https:\/\/www.eagora.app\/ca\/\",\"name\":\"eAgora\",\"description\":\"La plataforma que nos conecta\",\"publisher\":{\"@id\":\"https:\/\/www.eagora.app\/ca\/#organization\"},\"potentialAction\":[{\"@type\":\"SearchAction\",\"target\":{\"@type\":\"EntryPoint\",\"urlTemplate\":\"https:\/\/www.eagora.app\/ca\/?s={search_term_string}\"},\"query-input\":{\"@type\":\"PropertyValueSpecification\",\"valueRequired\":true,\"valueName\":\"search_term_string\"}}],\"inLanguage\":\"ca\"},{\"@type\":\"Organization\",\"@id\":\"https:\/\/www.eagora.app\/ca\/#organization\",\"name\":\"eAgora\",\"url\":\"https:\/\/www.eagora.app\/ca\/\",\"logo\":{\"@type\":\"ImageObject\",\"inLanguage\":\"ca\",\"@id\":\"https:\/\/www.eagora.app\/ca\/#\/schema\/logo\/image\/\",\"url\":\"https:\/\/www.eagora.app\/wp-content\/uploads\/2023\/02\/logo-eagora-emails.jpg\",\"contentUrl\":\"https:\/\/www.eagora.app\/wp-content\/uploads\/2023\/02\/logo-eagora-emails.jpg\",\"width\":550,\"height\":146,\"caption\":\"eAgora\"},\"image\":{\"@id\":\"https:\/\/www.eagora.app\/ca\/#\/schema\/logo\/image\/\"},\"sameAs\":[\"https:\/\/www.facebook.com\/eAgoraApp\",\"https:\/\/x.com\/EagoraApp\",\"https:\/\/www.instagram.com\/eagora.app\/\",\"https:\/\/www.linkedin.com\/company\/eagora\",\"https:\/\/www.youtube.com\/@eAgoraApp\"]},{\"@type\":\"Person\",\"@id\":\"https:\/\/www.eagora.app\/ca\/#\/schema\/person\/f1036a22998d81569495936c2aa9cb32\",\"name\":\"Roser Vallve\",\"image\":{\"@type\":\"ImageObject\",\"inLanguage\":\"ca\",\"@id\":\"https:\/\/www.eagora.app\/ca\/#\/schema\/person\/image\/\",\"url\":\"https:\/\/secure.gravatar.com\/avatar\/0399a104ac4b8ad3b6f7161df883d725e4edadfe16802877923fe80093335413?s=96&d=mm&r=g\",\"contentUrl\":\"https:\/\/secure.gravatar.com\/avatar\/0399a104ac4b8ad3b6f7161df883d725e4edadfe16802877923fe80093335413?s=96&d=mm&r=g\",\"caption\":\"Roser Vallve\"}}]}<\/script>\n<!-- \/ Yoast SEO Premium plugin. -->","yoast_head_json":{"title":"Obertura del balc\u00f3 de l'Ajuntament del Vendrell per Festa Major","description":"Del 3 al 19 de juliol, el balc\u00f3 de l'Ajuntament del Vendrell es tornar\u00e0 a obrir els ve\u00efns del municipi per la Festa Major de Santa Anna.","robots":{"index":"index","follow":"follow","max-snippet":"max-snippet:-1","max-image-preview":"max-image-preview:large","max-video-preview":"max-video-preview:-1"},"canonical":"https:\/\/www.eagora.app\/ca\/conocimiento\/obertura-del-balco-de-lajuntament-del-vendrell-per-la-festa-major\/","og_locale":"ca_ES","og_type":"article","og_title":"Obertura del Balc\u00f3 de l'Ajuntament del Vendrell per la Festa Major","og_description":"Del 3 al 19 de juliol, el balc\u00f3 de l'Ajuntament del Vendrell es tornar\u00e0 a obrir els ve\u00efns del municipi per la Festa Major de Santa Anna.","og_url":"https:\/\/www.eagora.app\/ca\/conocimiento\/obertura-del-balco-de-lajuntament-del-vendrell-per-la-festa-major\/","og_site_name":"eAgora","article_publisher":"https:\/\/www.facebook.com\/eAgoraApp","article_published_time":"2023-07-18T08:40:54+00:00","author":"Roser Vallve","twitter_card":"summary_large_image","twitter_creator":"@EagoraApp","twitter_site":"@EagoraApp","twitter_misc":{"Escrit per":"Roser Vallve","Temps estimat de lectura":"1 minut"},"schema":{"@context":"https:\/\/schema.org","@graph":[{"@type":"Article","@id":"https:\/\/www.eagora.app\/ca\/conocimiento\/obertura-del-balco-de-lajuntament-del-vendrell-per-la-festa-major\/#article","isPartOf":{"@id":"https:\/\/www.eagora.app\/ca\/conocimiento\/obertura-del-balco-de-lajuntament-del-vendrell-per-la-festa-major\/"},"author":{"name":"Roser Vallve","@id":"https:\/\/www.eagora.app\/ca\/#\/schema\/person\/f1036a22998d81569495936c2aa9cb32"},"headline":"Obertura del Balc\u00f3 de l&#8217;Ajuntament del Vendrell per la Festa Major","datePublished":"2023-07-18T08:40:54+00:00","mainEntityOfPage":{"@id":"https:\/\/www.eagora.app\/ca\/conocimiento\/obertura-del-balco-de-lajuntament-del-vendrell-per-la-festa-major\/"},"wordCount":193,"publisher":{"@id":"https:\/\/www.eagora.app\/ca\/#organization"},"image":{"@id":"https:\/\/www.eagora.app\/ca\/conocimiento\/obertura-del-balco-de-lajuntament-del-vendrell-per-la-festa-major\/#primaryimage"},"thumbnailUrl":"https:\/\/www.eagora.app\/wp-content\/uploads\/2023\/07\/1200_1687866554Mariona_Figueras.jpg","articleSection":["Premsa"],"inLanguage":"ca"},{"@type":"WebPage","@id":"https:\/\/www.eagora.app\/ca\/conocimiento\/obertura-del-balco-de-lajuntament-del-vendrell-per-la-festa-major\/","url":"https:\/\/www.eagora.app\/ca\/conocimiento\/obertura-del-balco-de-lajuntament-del-vendrell-per-la-festa-major\/","name":"Obertura del balc\u00f3 de l'Ajuntament del Vendrell per Festa Major","isPartOf":{"@id":"https:\/\/www.eagora.app\/ca\/#website"},"primaryImageOfPage":{"@id":"https:\/\/www.eagora.app\/ca\/conocimiento\/obertura-del-balco-de-lajuntament-del-vendrell-per-la-festa-major\/#primaryimage"},"image":{"@id":"https:\/\/www.eagora.app\/ca\/conocimiento\/obertura-del-balco-de-lajuntament-del-vendrell-per-la-festa-major\/#primaryimage"},"thumbnailUrl":"https:\/\/www.eagora.app\/wp-content\/uploads\/2023\/07\/1200_1687866554Mariona_Figueras.jpg","datePublished":"2023-07-18T08:40:54+00:00","description":"Del 3 al 19 de juliol, el balc\u00f3 de l'Ajuntament del Vendrell es tornar\u00e0 a obrir els ve\u00efns del municipi per la Festa Major de Santa Anna.","breadcrumb":{"@id":"https:\/\/www.eagora.app\/ca\/conocimiento\/obertura-del-balco-de-lajuntament-del-vendrell-per-la-festa-major\/#breadcrumb"},"inLanguage":"ca","potentialAction":[{"@type":"ReadAction","target":["https:\/\/www.eagora.app\/ca\/conocimiento\/obertura-del-balco-de-lajuntament-del-vendrell-per-la-festa-major\/"]}]},{"@type":"ImageObject","inLanguage":"ca","@id":"https:\/\/www.eagora.app\/ca\/conocimiento\/obertura-del-balco-de-lajuntament-del-vendrell-per-la-festa-major\/#primaryimage","url":"https:\/\/www.eagora.app\/wp-content\/uploads\/2023\/07\/1200_1687866554Mariona_Figueras.jpg","contentUrl":"https:\/\/www.eagora.app\/wp-content\/uploads\/2023\/07\/1200_1687866554Mariona_Figueras.jpg","width":1200,"height":675},{"@type":"BreadcrumbList","@id":"https:\/\/www.eagora.app\/ca\/conocimiento\/obertura-del-balco-de-lajuntament-del-vendrell-per-la-festa-major\/#breadcrumb","itemListElement":[{"@type":"ListItem","position":1,"name":"Inicio","item":"https:\/\/www.eagora.app\/ca\/"},{"@type":"ListItem","position":2,"name":"Coneixement","item":"https:\/\/www.eagora.app\/ca\/coneixement\/"},{"@type":"ListItem","position":3,"name":"Obertura del Balc\u00f3 de l&#8217;Ajuntament del Vendrell per la Festa Major"}]},{"@type":"WebSite","@id":"https:\/\/www.eagora.app\/ca\/#website","url":"https:\/\/www.eagora.app\/ca\/","name":"eAgora","description":"La plataforma que nos conecta","publisher":{"@id":"https:\/\/www.eagora.app\/ca\/#organization"},"potentialAction":[{"@type":"SearchAction","target":{"@type":"EntryPoint","urlTemplate":"https:\/\/www.eagora.app\/ca\/?s={search_term_string}"},"query-input":{"@type":"PropertyValueSpecification","valueRequired":true,"valueName":"search_term_string"}}],"inLanguage":"ca"},{"@type":"Organization","@id":"https:\/\/www.eagora.app\/ca\/#organization","name":"eAgora","url":"https:\/\/www.eagora.app\/ca\/","logo":{"@type":"ImageObject","inLanguage":"ca","@id":"https:\/\/www.eagora.app\/ca\/#\/schema\/logo\/image\/","url":"https:\/\/www.eagora.app\/wp-content\/uploads\/2023\/02\/logo-eagora-emails.jpg","contentUrl":"https:\/\/www.eagora.app\/wp-content\/uploads\/2023\/02\/logo-eagora-emails.jpg","width":550,"height":146,"caption":"eAgora"},"image":{"@id":"https:\/\/www.eagora.app\/ca\/#\/schema\/logo\/image\/"},"sameAs":["https:\/\/www.facebook.com\/eAgoraApp","https:\/\/x.com\/EagoraApp","https:\/\/www.instagram.com\/eagora.app\/","https:\/\/www.linkedin.com\/company\/eagora","https:\/\/www.youtube.com\/@eAgoraApp"]},{"@type":"Person","@id":"https:\/\/www.eagora.app\/ca\/#\/schema\/person\/f1036a22998d81569495936c2aa9cb32","name":"Roser Vallve","image":{"@type":"ImageObject","inLanguage":"ca","@id":"https:\/\/www.eagora.app\/ca\/#\/schema\/person\/image\/","url":"https:\/\/secure.gravatar.com\/avatar\/0399a104ac4b8ad3b6f7161df883d725e4edadfe16802877923fe80093335413?s=96&d=mm&r=g","contentUrl":"https:\/\/secure.gravatar.com\/avatar\/0399a104ac4b8ad3b6f7161df883d725e4edadfe16802877923fe80093335413?s=96&d=mm&r=g","caption":"Roser Vallve"}}]}},"jetpack_featured_media_url":"https:\/\/www.eagora.app\/wp-content\/uploads\/2023\/07\/1200_1687866554Mariona_Figueras.jpg","jetpack_sharing_enabled":true,"_links":{"self":[{"href":"https:\/\/www.eagora.app\/ca\/wp-json\/wp\/v2\/posts\/18193","targetHints":{"allow":["GET"]}}],"collection":[{"href":"https:\/\/www.eagora.app\/ca\/wp-json\/wp\/v2\/posts"}],"about":[{"href":"https:\/\/www.eagora.app\/ca\/wp-json\/wp\/v2\/types\/post"}],"author":[{"embeddable":true,"href":"https:\/\/www.eagora.app\/ca\/wp-json\/wp\/v2\/users\/872"}],"replies":[{"embeddable":true,"href":"https:\/\/www.eagora.app\/ca\/wp-json\/wp\/v2\/comments?post=18193"}],"version-history":[{"count":0,"href":"https:\/\/www.eagora.app\/ca\/wp-json\/wp\/v2\/posts\/18193\/revisions"}],"wp:featuredmedia":[{"embeddable":true,"href":"https:\/\/www.eagora.app\/ca\/wp-json\/wp\/v2\/media\/17366"}],"wp:attachment":[{"href":"https:\/\/www.eagora.app\/ca\/wp-json\/wp\/v2\/media?parent=18193"}],"wp:term":[{"taxonomy":"category","embeddable":true,"href":"https:\/\/www.eagora.app\/ca\/wp-json\/wp\/v2\/categories?post=18193"},{"taxonomy":"post_tag","embeddable":true,"href":"https:\/\/www.eagora.app\/ca\/wp-json\/wp\/v2\/tags?post=18193"}],"curies":[{"name":"wp","href":"https:\/\/api.w.org\/{rel}","templated":true}]}}