{"id":18190,"date":"2023-07-04T12:33:32","date_gmt":"2023-07-04T10:33:32","guid":{"rendered":"https:\/\/www.eagora.app\/oriol-escursell-fundador-de-nilak-a-lidersquedescubrim\/"},"modified":"2023-07-04T12:33:32","modified_gmt":"2023-07-04T10:33:32","slug":"oriol-escursell-fundador-de-nilak-a-lidersquedescubrim","status":"publish","type":"post","link":"https:\/\/www.eagora.app\/ca\/conocimiento\/oriol-escursell-fundador-de-nilak-a-lidersquedescubrim\/","title":{"rendered":"Oriol Escursell, Fundador de Nilak, a #L\u00eddersQueDescubrim"},"content":{"rendered":"<p>Avui coneixem l&#8217;experi\u00e8ncia d&#8217;Oriol Escursell, fundador de Nilak, que considera eAgora com un mitj\u00e0 de comunicaci\u00f3 fonamental&#8230; equiparable als bans! \ud83d\udce2<\/p>\n<p>&nbsp;<\/p>\n<p>Nilak \u00e9s un projecte que va n\u00e9ixer fa 5 anys\u2728, com a circ teatre itinerant \ud83c\udfad per a comarques que no disposen d&#8217;un espai esc\u00e8nic p\u00fablic o amb programaci\u00f3 espai.<\/p>\n<p><iframe title=\"YouTube video player\" src=\"https:\/\/www.youtube.com\/embed\/d8Gg0aaM4z4\" width=\"560\" height=\"315\" frameborder=\"0\" allowfullscreen=\"allowfullscreen\"><\/iframe><\/p>\n<p>Oriol ens explica com l&#8217;aplicaci\u00f3 els serveix com a canal directe \u27a1\ufe0f amb ajuntaments i com a via directa per connectar \ud83e\udd1d amb la gent dels municipis. A m\u00e9s, per la tipologia del seu projecte els \u00e9s imprescindible con\u00e8ixer i entendre com funcionen els municipis on van, i fer servir els mateixos canals que ells utilitzen en el dia a dia.<\/p>\n<p>&nbsp;<\/p>\n<p>A Nilak es van sorprendre molt en veure que fossin on fossin, a tots els municipis on anaven ja tenien l&#8217;app! \ud83d\udcf2\ud83d\udca1. Per aix\u00f2, l&#8217;app ha esdevingut el seu <strong>mitj\u00e0 real de connexi\u00f3<\/strong>, <strong>comunicaci\u00f3<\/strong> i <strong>comprensi\u00f3 del seu entorn<\/strong> \ud83d\udcac que els permet <strong>desenvolupar el projecte<\/strong>.<\/p>\n<p><strong><a href=\"https:\/\/www.eagora.app\/tu-agora-gratis\">Crea la teva \u00e0gora gratu\u00efta<\/a> i descobreix com eAgora pot potenciar el teu projecte!<\/strong><\/p>\n","protected":false},"excerpt":{"rendered":"<p>Avui coneixem l&#8217;experi\u00e8ncia d&#8217;Oriol Escursell, fundador de Nilak, que considera eAgora com un mitj\u00e0 de comunicaci\u00f3 fonamental&#8230; equiparable als bans! \ud83d\udce2 &nbsp; Nilak \u00e9s un projecte que va n\u00e9ixer fa 5 anys\u2728, com a circ teatre itinerant \ud83c\udfad per a comarques que no disposen d&#8217;un espai esc\u00e8nic p\u00fablic o amb programaci\u00f3 espai. Oriol ens explica [&hellip;]<\/p>\n","protected":false},"author":872,"featured_media":16900,"comment_status":"closed","ping_status":"open","sticky":false,"template":"","format":"standard","meta":{"content-type":"","_jetpack_memberships_contains_paid_content":false,"_joinchat":[],"footnotes":""},"categories":[93],"tags":[],"class_list":["post-18190","post","type-post","status-publish","format-standard","has-post-thumbnail","hentry","category-casos-dexit"],"yoast_head":"<!-- This site is optimized with the Yoast SEO Premium plugin v27.0 (Yoast SEO v27.0) - https:\/\/yoast.com\/product\/yoast-seo-premium-wordpress\/ -->\n<title>Oriol Escursell, fundador de Nilak amb eAgora<\/title>\n<meta name=\"description\" content=\"Coneix la hist\u00f2ria d&#039;Oriol amb Nilak, que ens explica com eAgora \u00e9s el principal mitj\u00e0 de comunicaci\u00f3 i connexi\u00f3 al seu projecte.\" \/>\n<meta name=\"robots\" content=\"index, follow, max-snippet:-1, max-image-preview:large, max-video-preview:-1\" \/>\n<link rel=\"canonical\" href=\"https:\/\/www.eagora.app\/ca\/conocimiento\/oriol-escursell-fundador-de-nilak-a-lidersquedescubrim\/\" \/>\n<meta property=\"og:locale\" content=\"ca_ES\" \/>\n<meta property=\"og:type\" content=\"article\" \/>\n<meta property=\"og:title\" content=\"Oriol Escursell, Fundador de Nilak, a #L\u00eddersQueDescubrim\" \/>\n<meta property=\"og:description\" content=\"Coneix la hist\u00f2ria d&#039;Oriol amb Nilak, que ens explica com eAgora \u00e9s el principal mitj\u00e0 de comunicaci\u00f3 i connexi\u00f3 al seu projecte.\" \/>\n<meta property=\"og:url\" content=\"https:\/\/www.eagora.app\/ca\/conocimiento\/oriol-escursell-fundador-de-nilak-a-lidersquedescubrim\/\" \/>\n<meta property=\"og:site_name\" content=\"eAgora\" \/>\n<meta property=\"article:publisher\" content=\"https:\/\/www.facebook.com\/eAgoraApp\" \/>\n<meta property=\"article:published_time\" content=\"2023-07-04T10:33:32+00:00\" \/>\n<meta property=\"og:image\" content=\"https:\/\/www.eagora.app\/wp-content\/uploads\/2023\/07\/VIDEOS-portada-lideresquedescubrimos-4.jpg\" \/>\n\t<meta property=\"og:image:width\" content=\"1920\" \/>\n\t<meta property=\"og:image:height\" content=\"1080\" \/>\n\t<meta property=\"og:image:type\" content=\"image\/jpeg\" \/>\n<meta name=\"author\" content=\"Roser Vallve\" \/>\n<meta name=\"twitter:card\" content=\"summary_large_image\" \/>\n<meta name=\"twitter:creator\" content=\"@EagoraApp\" \/>\n<meta name=\"twitter:site\" content=\"@EagoraApp\" \/>\n<meta name=\"twitter:label1\" content=\"Escrit per\" \/>\n\t<meta name=\"twitter:data1\" content=\"Roser Vallve\" \/>\n\t<meta name=\"twitter:label2\" content=\"Temps estimat de lectura\" \/>\n\t<meta name=\"twitter:data2\" content=\"1 minut\" \/>\n<script type=\"application\/ld+json\" class=\"yoast-schema-graph\">{\"@context\":\"https:\/\/schema.org\",\"@graph\":[{\"@type\":\"Article\",\"@id\":\"https:\/\/www.eagora.app\/ca\/conocimiento\/oriol-escursell-fundador-de-nilak-a-lidersquedescubrim\/#article\",\"isPartOf\":{\"@id\":\"https:\/\/www.eagora.app\/ca\/conocimiento\/oriol-escursell-fundador-de-nilak-a-lidersquedescubrim\/\"},\"author\":{\"name\":\"Roser Vallve\",\"@id\":\"https:\/\/www.eagora.app\/ca\/#\/schema\/person\/f1036a22998d81569495936c2aa9cb32\"},\"headline\":\"Oriol Escursell, Fundador de Nilak, a #L\u00eddersQueDescubrim\",\"datePublished\":\"2023-07-04T10:33:32+00:00\",\"mainEntityOfPage\":{\"@id\":\"https:\/\/www.eagora.app\/ca\/conocimiento\/oriol-escursell-fundador-de-nilak-a-lidersquedescubrim\/\"},\"wordCount\":188,\"publisher\":{\"@id\":\"https:\/\/www.eagora.app\/ca\/#organization\"},\"image\":{\"@id\":\"https:\/\/www.eagora.app\/ca\/conocimiento\/oriol-escursell-fundador-de-nilak-a-lidersquedescubrim\/#primaryimage\"},\"thumbnailUrl\":\"https:\/\/www.eagora.app\/wp-content\/uploads\/2023\/07\/VIDEOS-portada-lideresquedescubrimos-4.jpg\",\"articleSection\":[\"Casos d'\u00e8xit\"],\"inLanguage\":\"ca\"},{\"@type\":\"WebPage\",\"@id\":\"https:\/\/www.eagora.app\/ca\/conocimiento\/oriol-escursell-fundador-de-nilak-a-lidersquedescubrim\/\",\"url\":\"https:\/\/www.eagora.app\/ca\/conocimiento\/oriol-escursell-fundador-de-nilak-a-lidersquedescubrim\/\",\"name\":\"Oriol Escursell, fundador de Nilak amb eAgora\",\"isPartOf\":{\"@id\":\"https:\/\/www.eagora.app\/ca\/#website\"},\"primaryImageOfPage\":{\"@id\":\"https:\/\/www.eagora.app\/ca\/conocimiento\/oriol-escursell-fundador-de-nilak-a-lidersquedescubrim\/#primaryimage\"},\"image\":{\"@id\":\"https:\/\/www.eagora.app\/ca\/conocimiento\/oriol-escursell-fundador-de-nilak-a-lidersquedescubrim\/#primaryimage\"},\"thumbnailUrl\":\"https:\/\/www.eagora.app\/wp-content\/uploads\/2023\/07\/VIDEOS-portada-lideresquedescubrimos-4.jpg\",\"datePublished\":\"2023-07-04T10:33:32+00:00\",\"description\":\"Coneix la hist\u00f2ria d'Oriol amb Nilak, que ens explica com eAgora \u00e9s el principal mitj\u00e0 de comunicaci\u00f3 i connexi\u00f3 al seu projecte.\",\"breadcrumb\":{\"@id\":\"https:\/\/www.eagora.app\/ca\/conocimiento\/oriol-escursell-fundador-de-nilak-a-lidersquedescubrim\/#breadcrumb\"},\"inLanguage\":\"ca\",\"potentialAction\":[{\"@type\":\"ReadAction\",\"target\":[\"https:\/\/www.eagora.app\/ca\/conocimiento\/oriol-escursell-fundador-de-nilak-a-lidersquedescubrim\/\"]}]},{\"@type\":\"ImageObject\",\"inLanguage\":\"ca\",\"@id\":\"https:\/\/www.eagora.app\/ca\/conocimiento\/oriol-escursell-fundador-de-nilak-a-lidersquedescubrim\/#primaryimage\",\"url\":\"https:\/\/www.eagora.app\/wp-content\/uploads\/2023\/07\/VIDEOS-portada-lideresquedescubrimos-4.jpg\",\"contentUrl\":\"https:\/\/www.eagora.app\/wp-content\/uploads\/2023\/07\/VIDEOS-portada-lideresquedescubrimos-4.jpg\",\"width\":1920,\"height\":1080,\"caption\":\"V\u00cdDEOS - portada #lideresquedescubrimos-6\"},{\"@type\":\"BreadcrumbList\",\"@id\":\"https:\/\/www.eagora.app\/ca\/conocimiento\/oriol-escursell-fundador-de-nilak-a-lidersquedescubrim\/#breadcrumb\",\"itemListElement\":[{\"@type\":\"ListItem\",\"position\":1,\"name\":\"Inicio\",\"item\":\"https:\/\/www.eagora.app\/ca\/\"},{\"@type\":\"ListItem\",\"position\":2,\"name\":\"Coneixement\",\"item\":\"https:\/\/www.eagora.app\/ca\/coneixement\/\"},{\"@type\":\"ListItem\",\"position\":3,\"name\":\"Oriol Escursell, Fundador de Nilak, a #L\u00eddersQueDescubrim\"}]},{\"@type\":\"WebSite\",\"@id\":\"https:\/\/www.eagora.app\/ca\/#website\",\"url\":\"https:\/\/www.eagora.app\/ca\/\",\"name\":\"eAgora\",\"description\":\"La plataforma que nos conecta\",\"publisher\":{\"@id\":\"https:\/\/www.eagora.app\/ca\/#organization\"},\"potentialAction\":[{\"@type\":\"SearchAction\",\"target\":{\"@type\":\"EntryPoint\",\"urlTemplate\":\"https:\/\/www.eagora.app\/ca\/?s={search_term_string}\"},\"query-input\":{\"@type\":\"PropertyValueSpecification\",\"valueRequired\":true,\"valueName\":\"search_term_string\"}}],\"inLanguage\":\"ca\"},{\"@type\":\"Organization\",\"@id\":\"https:\/\/www.eagora.app\/ca\/#organization\",\"name\":\"eAgora\",\"url\":\"https:\/\/www.eagora.app\/ca\/\",\"logo\":{\"@type\":\"ImageObject\",\"inLanguage\":\"ca\",\"@id\":\"https:\/\/www.eagora.app\/ca\/#\/schema\/logo\/image\/\",\"url\":\"https:\/\/www.eagora.app\/wp-content\/uploads\/2023\/02\/logo-eagora-emails.jpg\",\"contentUrl\":\"https:\/\/www.eagora.app\/wp-content\/uploads\/2023\/02\/logo-eagora-emails.jpg\",\"width\":550,\"height\":146,\"caption\":\"eAgora\"},\"image\":{\"@id\":\"https:\/\/www.eagora.app\/ca\/#\/schema\/logo\/image\/\"},\"sameAs\":[\"https:\/\/www.facebook.com\/eAgoraApp\",\"https:\/\/x.com\/EagoraApp\",\"https:\/\/www.instagram.com\/eagora.app\/\",\"https:\/\/www.linkedin.com\/company\/eagora\",\"https:\/\/www.youtube.com\/@eAgoraApp\"]},{\"@type\":\"Person\",\"@id\":\"https:\/\/www.eagora.app\/ca\/#\/schema\/person\/f1036a22998d81569495936c2aa9cb32\",\"name\":\"Roser Vallve\",\"image\":{\"@type\":\"ImageObject\",\"inLanguage\":\"ca\",\"@id\":\"https:\/\/www.eagora.app\/ca\/#\/schema\/person\/image\/\",\"url\":\"https:\/\/secure.gravatar.com\/avatar\/0399a104ac4b8ad3b6f7161df883d725e4edadfe16802877923fe80093335413?s=96&d=mm&r=g\",\"contentUrl\":\"https:\/\/secure.gravatar.com\/avatar\/0399a104ac4b8ad3b6f7161df883d725e4edadfe16802877923fe80093335413?s=96&d=mm&r=g\",\"caption\":\"Roser Vallve\"}}]}<\/script>\n<!-- \/ Yoast SEO Premium plugin. -->","yoast_head_json":{"title":"Oriol Escursell, fundador de Nilak amb eAgora","description":"Coneix la hist\u00f2ria d'Oriol amb Nilak, que ens explica com eAgora \u00e9s el principal mitj\u00e0 de comunicaci\u00f3 i connexi\u00f3 al seu projecte.","robots":{"index":"index","follow":"follow","max-snippet":"max-snippet:-1","max-image-preview":"max-image-preview:large","max-video-preview":"max-video-preview:-1"},"canonical":"https:\/\/www.eagora.app\/ca\/conocimiento\/oriol-escursell-fundador-de-nilak-a-lidersquedescubrim\/","og_locale":"ca_ES","og_type":"article","og_title":"Oriol Escursell, Fundador de Nilak, a #L\u00eddersQueDescubrim","og_description":"Coneix la hist\u00f2ria d'Oriol amb Nilak, que ens explica com eAgora \u00e9s el principal mitj\u00e0 de comunicaci\u00f3 i connexi\u00f3 al seu projecte.","og_url":"https:\/\/www.eagora.app\/ca\/conocimiento\/oriol-escursell-fundador-de-nilak-a-lidersquedescubrim\/","og_site_name":"eAgora","article_publisher":"https:\/\/www.facebook.com\/eAgoraApp","article_published_time":"2023-07-04T10:33:32+00:00","og_image":[{"width":1920,"height":1080,"url":"https:\/\/www.eagora.app\/wp-content\/uploads\/2023\/07\/VIDEOS-portada-lideresquedescubrimos-4.jpg","type":"image\/jpeg"}],"author":"Roser Vallve","twitter_card":"summary_large_image","twitter_creator":"@EagoraApp","twitter_site":"@EagoraApp","twitter_misc":{"Escrit per":"Roser Vallve","Temps estimat de lectura":"1 minut"},"schema":{"@context":"https:\/\/schema.org","@graph":[{"@type":"Article","@id":"https:\/\/www.eagora.app\/ca\/conocimiento\/oriol-escursell-fundador-de-nilak-a-lidersquedescubrim\/#article","isPartOf":{"@id":"https:\/\/www.eagora.app\/ca\/conocimiento\/oriol-escursell-fundador-de-nilak-a-lidersquedescubrim\/"},"author":{"name":"Roser Vallve","@id":"https:\/\/www.eagora.app\/ca\/#\/schema\/person\/f1036a22998d81569495936c2aa9cb32"},"headline":"Oriol Escursell, Fundador de Nilak, a #L\u00eddersQueDescubrim","datePublished":"2023-07-04T10:33:32+00:00","mainEntityOfPage":{"@id":"https:\/\/www.eagora.app\/ca\/conocimiento\/oriol-escursell-fundador-de-nilak-a-lidersquedescubrim\/"},"wordCount":188,"publisher":{"@id":"https:\/\/www.eagora.app\/ca\/#organization"},"image":{"@id":"https:\/\/www.eagora.app\/ca\/conocimiento\/oriol-escursell-fundador-de-nilak-a-lidersquedescubrim\/#primaryimage"},"thumbnailUrl":"https:\/\/www.eagora.app\/wp-content\/uploads\/2023\/07\/VIDEOS-portada-lideresquedescubrimos-4.jpg","articleSection":["Casos d'\u00e8xit"],"inLanguage":"ca"},{"@type":"WebPage","@id":"https:\/\/www.eagora.app\/ca\/conocimiento\/oriol-escursell-fundador-de-nilak-a-lidersquedescubrim\/","url":"https:\/\/www.eagora.app\/ca\/conocimiento\/oriol-escursell-fundador-de-nilak-a-lidersquedescubrim\/","name":"Oriol Escursell, fundador de Nilak amb eAgora","isPartOf":{"@id":"https:\/\/www.eagora.app\/ca\/#website"},"primaryImageOfPage":{"@id":"https:\/\/www.eagora.app\/ca\/conocimiento\/oriol-escursell-fundador-de-nilak-a-lidersquedescubrim\/#primaryimage"},"image":{"@id":"https:\/\/www.eagora.app\/ca\/conocimiento\/oriol-escursell-fundador-de-nilak-a-lidersquedescubrim\/#primaryimage"},"thumbnailUrl":"https:\/\/www.eagora.app\/wp-content\/uploads\/2023\/07\/VIDEOS-portada-lideresquedescubrimos-4.jpg","datePublished":"2023-07-04T10:33:32+00:00","description":"Coneix la hist\u00f2ria d'Oriol amb Nilak, que ens explica com eAgora \u00e9s el principal mitj\u00e0 de comunicaci\u00f3 i connexi\u00f3 al seu projecte.","breadcrumb":{"@id":"https:\/\/www.eagora.app\/ca\/conocimiento\/oriol-escursell-fundador-de-nilak-a-lidersquedescubrim\/#breadcrumb"},"inLanguage":"ca","potentialAction":[{"@type":"ReadAction","target":["https:\/\/www.eagora.app\/ca\/conocimiento\/oriol-escursell-fundador-de-nilak-a-lidersquedescubrim\/"]}]},{"@type":"ImageObject","inLanguage":"ca","@id":"https:\/\/www.eagora.app\/ca\/conocimiento\/oriol-escursell-fundador-de-nilak-a-lidersquedescubrim\/#primaryimage","url":"https:\/\/www.eagora.app\/wp-content\/uploads\/2023\/07\/VIDEOS-portada-lideresquedescubrimos-4.jpg","contentUrl":"https:\/\/www.eagora.app\/wp-content\/uploads\/2023\/07\/VIDEOS-portada-lideresquedescubrimos-4.jpg","width":1920,"height":1080,"caption":"V\u00cdDEOS - portada #lideresquedescubrimos-6"},{"@type":"BreadcrumbList","@id":"https:\/\/www.eagora.app\/ca\/conocimiento\/oriol-escursell-fundador-de-nilak-a-lidersquedescubrim\/#breadcrumb","itemListElement":[{"@type":"ListItem","position":1,"name":"Inicio","item":"https:\/\/www.eagora.app\/ca\/"},{"@type":"ListItem","position":2,"name":"Coneixement","item":"https:\/\/www.eagora.app\/ca\/coneixement\/"},{"@type":"ListItem","position":3,"name":"Oriol Escursell, Fundador de Nilak, a #L\u00eddersQueDescubrim"}]},{"@type":"WebSite","@id":"https:\/\/www.eagora.app\/ca\/#website","url":"https:\/\/www.eagora.app\/ca\/","name":"eAgora","description":"La plataforma que nos conecta","publisher":{"@id":"https:\/\/www.eagora.app\/ca\/#organization"},"potentialAction":[{"@type":"SearchAction","target":{"@type":"EntryPoint","urlTemplate":"https:\/\/www.eagora.app\/ca\/?s={search_term_string}"},"query-input":{"@type":"PropertyValueSpecification","valueRequired":true,"valueName":"search_term_string"}}],"inLanguage":"ca"},{"@type":"Organization","@id":"https:\/\/www.eagora.app\/ca\/#organization","name":"eAgora","url":"https:\/\/www.eagora.app\/ca\/","logo":{"@type":"ImageObject","inLanguage":"ca","@id":"https:\/\/www.eagora.app\/ca\/#\/schema\/logo\/image\/","url":"https:\/\/www.eagora.app\/wp-content\/uploads\/2023\/02\/logo-eagora-emails.jpg","contentUrl":"https:\/\/www.eagora.app\/wp-content\/uploads\/2023\/02\/logo-eagora-emails.jpg","width":550,"height":146,"caption":"eAgora"},"image":{"@id":"https:\/\/www.eagora.app\/ca\/#\/schema\/logo\/image\/"},"sameAs":["https:\/\/www.facebook.com\/eAgoraApp","https:\/\/x.com\/EagoraApp","https:\/\/www.instagram.com\/eagora.app\/","https:\/\/www.linkedin.com\/company\/eagora","https:\/\/www.youtube.com\/@eAgoraApp"]},{"@type":"Person","@id":"https:\/\/www.eagora.app\/ca\/#\/schema\/person\/f1036a22998d81569495936c2aa9cb32","name":"Roser Vallve","image":{"@type":"ImageObject","inLanguage":"ca","@id":"https:\/\/www.eagora.app\/ca\/#\/schema\/person\/image\/","url":"https:\/\/secure.gravatar.com\/avatar\/0399a104ac4b8ad3b6f7161df883d725e4edadfe16802877923fe80093335413?s=96&d=mm&r=g","contentUrl":"https:\/\/secure.gravatar.com\/avatar\/0399a104ac4b8ad3b6f7161df883d725e4edadfe16802877923fe80093335413?s=96&d=mm&r=g","caption":"Roser Vallve"}}]}},"jetpack_featured_media_url":"https:\/\/www.eagora.app\/wp-content\/uploads\/2023\/07\/VIDEOS-portada-lideresquedescubrimos-4.jpg","jetpack_sharing_enabled":true,"_links":{"self":[{"href":"https:\/\/www.eagora.app\/ca\/wp-json\/wp\/v2\/posts\/18190","targetHints":{"allow":["GET"]}}],"collection":[{"href":"https:\/\/www.eagora.app\/ca\/wp-json\/wp\/v2\/posts"}],"about":[{"href":"https:\/\/www.eagora.app\/ca\/wp-json\/wp\/v2\/types\/post"}],"author":[{"embeddable":true,"href":"https:\/\/www.eagora.app\/ca\/wp-json\/wp\/v2\/users\/872"}],"replies":[{"embeddable":true,"href":"https:\/\/www.eagora.app\/ca\/wp-json\/wp\/v2\/comments?post=18190"}],"version-history":[{"count":0,"href":"https:\/\/www.eagora.app\/ca\/wp-json\/wp\/v2\/posts\/18190\/revisions"}],"wp:featuredmedia":[{"embeddable":true,"href":"https:\/\/www.eagora.app\/ca\/wp-json\/wp\/v2\/media\/16900"}],"wp:attachment":[{"href":"https:\/\/www.eagora.app\/ca\/wp-json\/wp\/v2\/media?parent=18190"}],"wp:term":[{"taxonomy":"category","embeddable":true,"href":"https:\/\/www.eagora.app\/ca\/wp-json\/wp\/v2\/categories?post=18190"},{"taxonomy":"post_tag","embeddable":true,"href":"https:\/\/www.eagora.app\/ca\/wp-json\/wp\/v2\/tags?post=18190"}],"curies":[{"name":"wp","href":"https:\/\/api.w.org\/{rel}","templated":true}]}}