{"id":17294,"date":"2023-07-14T11:50:02","date_gmt":"2023-07-14T09:50:02","guid":{"rendered":"https:\/\/www.eagora.app\/liders-que-ens-inspiren-campanya-en-suport-a-lesclerosi-multiple-elsalamus\/"},"modified":"2023-07-14T11:53:36","modified_gmt":"2023-07-14T09:53:36","slug":"liders-que-ens-inspiren-campanya-en-suport-a-lesclerosi-multiple-elsalamus","status":"publish","type":"post","link":"https:\/\/www.eagora.app\/ca\/conocimiento\/liders-que-ens-inspiren-campanya-en-suport-a-lesclerosi-multiple-elsalamus\/","title":{"rendered":"L\u00edders que ens inspiren: campanya en suport a l&#8217;Esclerosi m\u00faltiple #ELSALAMUS"},"content":{"rendered":"<p>Felicitats a l&#8217;Ajuntament dels Alam\u00fas per la incre\u00efble campanya &#8220;FEM MULLA&#8217;T&#8221; en suport a l&#8217;Esclerosi m\u00faltiple!<\/p>\n<p><img fetchpriority=\"high\" decoding=\"async\" class=\" wp-image-17275 aligncenter\" src=\"https:\/\/www.eagora.app\/wp-content\/uploads\/2023\/07\/campana-22FEM-MULLAT22-en-apoyo-a-la-Esclerosis-multiple-300x300.jpg\" alt=\"campanya \"FEM MULLA'T\" en suport a l'Esclerosi m\u00faltiple\" width=\"367\" height=\"367\" srcset=\"https:\/\/www.eagora.app\/wp-content\/uploads\/2023\/07\/campana-22FEM-MULLAT22-en-apoyo-a-la-Esclerosis-multiple-300x300.jpg 300w, https:\/\/www.eagora.app\/wp-content\/uploads\/2023\/07\/campana-22FEM-MULLAT22-en-apoyo-a-la-Esclerosis-multiple-1024x1024.jpg 1024w, https:\/\/www.eagora.app\/wp-content\/uploads\/2023\/07\/campana-22FEM-MULLAT22-en-apoyo-a-la-Esclerosis-multiple-150x150.jpg 150w, https:\/\/www.eagora.app\/wp-content\/uploads\/2023\/07\/campana-22FEM-MULLAT22-en-apoyo-a-la-Esclerosis-multiple-768x768.jpg 768w, https:\/\/www.eagora.app\/wp-content\/uploads\/2023\/07\/campana-22FEM-MULLAT22-en-apoyo-a-la-Esclerosis-multiple-600x600.jpg 600w, https:\/\/www.eagora.app\/wp-content\/uploads\/2023\/07\/campana-22FEM-MULLAT22-en-apoyo-a-la-Esclerosis-multiple-100x100.jpg 100w, https:\/\/www.eagora.app\/wp-content\/uploads\/2023\/07\/campana-22FEM-MULLAT22-en-apoyo-a-la-Esclerosis-multiple-50x50.jpg 50w, https:\/\/www.eagora.app\/wp-content\/uploads\/2023\/07\/campana-22FEM-MULLAT22-en-apoyo-a-la-Esclerosis-multiple.jpg 1080w\" sizes=\"(max-width: 367px) 100vw, 367px\" \/><\/p>\n<p>Aquesta setmana, la comunitat dels Alam\u00fas ha tingut l&#8217;oportunitat d&#8217;unir-se a la causa a trav\u00e9s de la campanya desenvolupada en les Piscines municipals del municipi. Cada euro recaptat es destinar\u00e0 a la recerca de l&#8217;Esclerosi m\u00faltiple, brindant esperan\u00e7a i suport als qui m\u00e9s ho necessiten!<\/p>\n<p>Volem recon\u00e8ixer el comprom\u00eds i la dedicaci\u00f3 dels organitzadors, els qui demostren ser veritables #LocalChangers en impulsar un canvi positiu en la comunitat. La vostra labor ens inspira!<\/p>\n","protected":false},"excerpt":{"rendered":"<p>Felicitats a l&#8217;Ajuntament dels Alam\u00fas per la incre\u00efble campanya &#8220;FEM MULLA&#8217;T&#8221; en suport a l&#8217;Esclerosi m\u00faltiple!<\/p>\n","protected":false},"author":12,"featured_media":17286,"comment_status":"closed","ping_status":"open","sticky":false,"template":"","format":"standard","meta":{"content-type":"","_jetpack_memberships_contains_paid_content":false,"_joinchat":[],"footnotes":""},"categories":[93],"tags":[],"class_list":["post-17294","post","type-post","status-publish","format-standard","has-post-thumbnail","hentry","category-casos-dexit"],"yoast_head":"<!-- This site is optimized with the Yoast SEO Premium plugin v27.0 (Yoast SEO v27.0) - https:\/\/yoast.com\/product\/yoast-seo-premium-wordpress\/ -->\n<title>L\u00edders que ens inspiren: campanya en suport a l&#039;Esclerosi m\u00faltiple #ELSALAMUS<\/title>\n<meta name=\"description\" content=\"Felicitats a l&#039;Ajuntament dels Alam\u00fas per la incre\u00efble campanya &quot;FEM MULLA&#039;T&quot; en suport a l&#039;Esclerosi m\u00faltiple!, i emprar eAgora per a comunicar-ho.\" \/>\n<meta name=\"robots\" content=\"index, follow, max-snippet:-1, max-image-preview:large, max-video-preview:-1\" \/>\n<link rel=\"canonical\" href=\"https:\/\/www.eagora.app\/ca\/conocimiento\/liders-que-ens-inspiren-campanya-en-suport-a-lesclerosi-multiple-elsalamus\/\" \/>\n<meta property=\"og:locale\" content=\"ca_ES\" \/>\n<meta property=\"og:type\" content=\"article\" \/>\n<meta property=\"og:title\" content=\"L\u00edders que ens inspiren: campanya en suport a l&#039;Esclerosi m\u00faltiple #ELSALAMUS\" \/>\n<meta property=\"og:description\" content=\"Felicitats a l&#039;Ajuntament dels Alam\u00fas per la incre\u00efble campanya &quot;FEM MULLA&#039;T&quot; en suport a l&#039;Esclerosi m\u00faltiple!, i emprar eAgora per a comunicar-ho.\" \/>\n<meta property=\"og:url\" content=\"https:\/\/www.eagora.app\/ca\/conocimiento\/liders-que-ens-inspiren-campanya-en-suport-a-lesclerosi-multiple-elsalamus\/\" \/>\n<meta property=\"og:site_name\" content=\"eAgora\" \/>\n<meta property=\"article:publisher\" content=\"https:\/\/www.facebook.com\/eAgoraApp\" \/>\n<meta property=\"article:published_time\" content=\"2023-07-14T09:50:02+00:00\" \/>\n<meta property=\"article:modified_time\" content=\"2023-07-14T09:53:36+00:00\" \/>\n<meta property=\"og:image\" content=\"https:\/\/www.eagora.app\/wp-content\/uploads\/2023\/07\/campana-22FEM-MULLAT22-en-apoyo-a-la-Esclerosis-multiple-1.jpg\" \/>\n\t<meta property=\"og:image:width\" content=\"1920\" \/>\n\t<meta property=\"og:image:height\" content=\"1080\" \/>\n\t<meta property=\"og:image:type\" content=\"image\/jpeg\" \/>\n<meta name=\"author\" content=\"Alexandra Gallego\" \/>\n<meta name=\"twitter:card\" content=\"summary_large_image\" \/>\n<meta name=\"twitter:creator\" content=\"@EagoraApp\" \/>\n<meta name=\"twitter:site\" content=\"@EagoraApp\" \/>\n<meta name=\"twitter:label1\" content=\"Escrit per\" \/>\n\t<meta name=\"twitter:data1\" content=\"Alexandra Gallego\" \/>\n<script type=\"application\/ld+json\" class=\"yoast-schema-graph\">{\"@context\":\"https:\/\/schema.org\",\"@graph\":[{\"@type\":\"Article\",\"@id\":\"https:\/\/www.eagora.app\/ca\/conocimiento\/liders-que-ens-inspiren-campanya-en-suport-a-lesclerosi-multiple-elsalamus\/#article\",\"isPartOf\":{\"@id\":\"https:\/\/www.eagora.app\/ca\/conocimiento\/liders-que-ens-inspiren-campanya-en-suport-a-lesclerosi-multiple-elsalamus\/\"},\"author\":{\"name\":\"Alexandra Gallego\",\"@id\":\"https:\/\/www.eagora.app\/ca\/#\/schema\/person\/a4a60fc1ef1735a32fe2ec549cdbfd52\"},\"headline\":\"L\u00edders que ens inspiren: campanya en suport a l&#8217;Esclerosi m\u00faltiple #ELSALAMUS\",\"datePublished\":\"2023-07-14T09:50:02+00:00\",\"dateModified\":\"2023-07-14T09:53:36+00:00\",\"mainEntityOfPage\":{\"@id\":\"https:\/\/www.eagora.app\/ca\/conocimiento\/liders-que-ens-inspiren-campanya-en-suport-a-lesclerosi-multiple-elsalamus\/\"},\"wordCount\":36,\"publisher\":{\"@id\":\"https:\/\/www.eagora.app\/ca\/#organization\"},\"image\":{\"@id\":\"https:\/\/www.eagora.app\/ca\/conocimiento\/liders-que-ens-inspiren-campanya-en-suport-a-lesclerosi-multiple-elsalamus\/#primaryimage\"},\"thumbnailUrl\":\"https:\/\/www.eagora.app\/wp-content\/uploads\/2023\/07\/campana-22FEM-MULLAT22-en-apoyo-a-la-Esclerosis-multiple-1.jpg\",\"articleSection\":[\"Casos d'\u00e8xit\"],\"inLanguage\":\"ca\"},{\"@type\":\"WebPage\",\"@id\":\"https:\/\/www.eagora.app\/ca\/conocimiento\/liders-que-ens-inspiren-campanya-en-suport-a-lesclerosi-multiple-elsalamus\/\",\"url\":\"https:\/\/www.eagora.app\/ca\/conocimiento\/liders-que-ens-inspiren-campanya-en-suport-a-lesclerosi-multiple-elsalamus\/\",\"name\":\"L\u00edders que ens inspiren: campanya en suport a l'Esclerosi m\u00faltiple #ELSALAMUS\",\"isPartOf\":{\"@id\":\"https:\/\/www.eagora.app\/ca\/#website\"},\"primaryImageOfPage\":{\"@id\":\"https:\/\/www.eagora.app\/ca\/conocimiento\/liders-que-ens-inspiren-campanya-en-suport-a-lesclerosi-multiple-elsalamus\/#primaryimage\"},\"image\":{\"@id\":\"https:\/\/www.eagora.app\/ca\/conocimiento\/liders-que-ens-inspiren-campanya-en-suport-a-lesclerosi-multiple-elsalamus\/#primaryimage\"},\"thumbnailUrl\":\"https:\/\/www.eagora.app\/wp-content\/uploads\/2023\/07\/campana-22FEM-MULLAT22-en-apoyo-a-la-Esclerosis-multiple-1.jpg\",\"datePublished\":\"2023-07-14T09:50:02+00:00\",\"dateModified\":\"2023-07-14T09:53:36+00:00\",\"description\":\"Felicitats a l'Ajuntament dels Alam\u00fas per la incre\u00efble campanya \\\"FEM MULLA'T\\\" en suport a l'Esclerosi m\u00faltiple!, i emprar eAgora per a comunicar-ho.\",\"breadcrumb\":{\"@id\":\"https:\/\/www.eagora.app\/ca\/conocimiento\/liders-que-ens-inspiren-campanya-en-suport-a-lesclerosi-multiple-elsalamus\/#breadcrumb\"},\"inLanguage\":\"ca\",\"potentialAction\":[{\"@type\":\"ReadAction\",\"target\":[\"https:\/\/www.eagora.app\/ca\/conocimiento\/liders-que-ens-inspiren-campanya-en-suport-a-lesclerosi-multiple-elsalamus\/\"]}]},{\"@type\":\"ImageObject\",\"inLanguage\":\"ca\",\"@id\":\"https:\/\/www.eagora.app\/ca\/conocimiento\/liders-que-ens-inspiren-campanya-en-suport-a-lesclerosi-multiple-elsalamus\/#primaryimage\",\"url\":\"https:\/\/www.eagora.app\/wp-content\/uploads\/2023\/07\/campana-22FEM-MULLAT22-en-apoyo-a-la-Esclerosis-multiple-1.jpg\",\"contentUrl\":\"https:\/\/www.eagora.app\/wp-content\/uploads\/2023\/07\/campana-22FEM-MULLAT22-en-apoyo-a-la-Esclerosis-multiple-1.jpg\",\"width\":1920,\"height\":1080,\"caption\":\"campa\u00f1a \\\"FEM MULLA'T\\\" en apoyo a la Esclerosis m\u00faltiple\"},{\"@type\":\"BreadcrumbList\",\"@id\":\"https:\/\/www.eagora.app\/ca\/conocimiento\/liders-que-ens-inspiren-campanya-en-suport-a-lesclerosi-multiple-elsalamus\/#breadcrumb\",\"itemListElement\":[{\"@type\":\"ListItem\",\"position\":1,\"name\":\"Inicio\",\"item\":\"https:\/\/www.eagora.app\/ca\/\"},{\"@type\":\"ListItem\",\"position\":2,\"name\":\"Coneixement\",\"item\":\"https:\/\/www.eagora.app\/ca\/coneixement\/\"},{\"@type\":\"ListItem\",\"position\":3,\"name\":\"L\u00edders que ens inspiren: campanya en suport a l&#8217;Esclerosi m\u00faltiple #ELSALAMUS\"}]},{\"@type\":\"WebSite\",\"@id\":\"https:\/\/www.eagora.app\/ca\/#website\",\"url\":\"https:\/\/www.eagora.app\/ca\/\",\"name\":\"eAgora\",\"description\":\"La plataforma que nos conecta\",\"publisher\":{\"@id\":\"https:\/\/www.eagora.app\/ca\/#organization\"},\"potentialAction\":[{\"@type\":\"SearchAction\",\"target\":{\"@type\":\"EntryPoint\",\"urlTemplate\":\"https:\/\/www.eagora.app\/ca\/?s={search_term_string}\"},\"query-input\":{\"@type\":\"PropertyValueSpecification\",\"valueRequired\":true,\"valueName\":\"search_term_string\"}}],\"inLanguage\":\"ca\"},{\"@type\":\"Organization\",\"@id\":\"https:\/\/www.eagora.app\/ca\/#organization\",\"name\":\"eAgora\",\"url\":\"https:\/\/www.eagora.app\/ca\/\",\"logo\":{\"@type\":\"ImageObject\",\"inLanguage\":\"ca\",\"@id\":\"https:\/\/www.eagora.app\/ca\/#\/schema\/logo\/image\/\",\"url\":\"https:\/\/www.eagora.app\/wp-content\/uploads\/2023\/02\/logo-eagora-emails.jpg\",\"contentUrl\":\"https:\/\/www.eagora.app\/wp-content\/uploads\/2023\/02\/logo-eagora-emails.jpg\",\"width\":550,\"height\":146,\"caption\":\"eAgora\"},\"image\":{\"@id\":\"https:\/\/www.eagora.app\/ca\/#\/schema\/logo\/image\/\"},\"sameAs\":[\"https:\/\/www.facebook.com\/eAgoraApp\",\"https:\/\/x.com\/EagoraApp\",\"https:\/\/www.instagram.com\/eagora.app\/\",\"https:\/\/www.linkedin.com\/company\/eagora\",\"https:\/\/www.youtube.com\/@eAgoraApp\"]},{\"@type\":\"Person\",\"@id\":\"https:\/\/www.eagora.app\/ca\/#\/schema\/person\/a4a60fc1ef1735a32fe2ec549cdbfd52\",\"name\":\"Alexandra Gallego\",\"image\":{\"@type\":\"ImageObject\",\"inLanguage\":\"ca\",\"@id\":\"https:\/\/www.eagora.app\/ca\/#\/schema\/person\/image\/\",\"url\":\"https:\/\/secure.gravatar.com\/avatar\/040b2e489de6f908c77a3de90c4ff9b87097b9ca5726a0c9c132b167326130cc?s=96&d=mm&r=g\",\"contentUrl\":\"https:\/\/secure.gravatar.com\/avatar\/040b2e489de6f908c77a3de90c4ff9b87097b9ca5726a0c9c132b167326130cc?s=96&d=mm&r=g\",\"caption\":\"Alexandra Gallego\"}}]}<\/script>\n<!-- \/ Yoast SEO Premium plugin. -->","yoast_head_json":{"title":"L\u00edders que ens inspiren: campanya en suport a l'Esclerosi m\u00faltiple #ELSALAMUS","description":"Felicitats a l'Ajuntament dels Alam\u00fas per la incre\u00efble campanya \"FEM MULLA'T\" en suport a l'Esclerosi m\u00faltiple!, i emprar eAgora per a comunicar-ho.","robots":{"index":"index","follow":"follow","max-snippet":"max-snippet:-1","max-image-preview":"max-image-preview:large","max-video-preview":"max-video-preview:-1"},"canonical":"https:\/\/www.eagora.app\/ca\/conocimiento\/liders-que-ens-inspiren-campanya-en-suport-a-lesclerosi-multiple-elsalamus\/","og_locale":"ca_ES","og_type":"article","og_title":"L\u00edders que ens inspiren: campanya en suport a l'Esclerosi m\u00faltiple #ELSALAMUS","og_description":"Felicitats a l'Ajuntament dels Alam\u00fas per la incre\u00efble campanya \"FEM MULLA'T\" en suport a l'Esclerosi m\u00faltiple!, i emprar eAgora per a comunicar-ho.","og_url":"https:\/\/www.eagora.app\/ca\/conocimiento\/liders-que-ens-inspiren-campanya-en-suport-a-lesclerosi-multiple-elsalamus\/","og_site_name":"eAgora","article_publisher":"https:\/\/www.facebook.com\/eAgoraApp","article_published_time":"2023-07-14T09:50:02+00:00","article_modified_time":"2023-07-14T09:53:36+00:00","og_image":[{"width":1920,"height":1080,"url":"https:\/\/www.eagora.app\/wp-content\/uploads\/2023\/07\/campana-22FEM-MULLAT22-en-apoyo-a-la-Esclerosis-multiple-1.jpg","type":"image\/jpeg"}],"author":"Alexandra Gallego","twitter_card":"summary_large_image","twitter_creator":"@EagoraApp","twitter_site":"@EagoraApp","twitter_misc":{"Escrit per":"Alexandra Gallego"},"schema":{"@context":"https:\/\/schema.org","@graph":[{"@type":"Article","@id":"https:\/\/www.eagora.app\/ca\/conocimiento\/liders-que-ens-inspiren-campanya-en-suport-a-lesclerosi-multiple-elsalamus\/#article","isPartOf":{"@id":"https:\/\/www.eagora.app\/ca\/conocimiento\/liders-que-ens-inspiren-campanya-en-suport-a-lesclerosi-multiple-elsalamus\/"},"author":{"name":"Alexandra Gallego","@id":"https:\/\/www.eagora.app\/ca\/#\/schema\/person\/a4a60fc1ef1735a32fe2ec549cdbfd52"},"headline":"L\u00edders que ens inspiren: campanya en suport a l&#8217;Esclerosi m\u00faltiple #ELSALAMUS","datePublished":"2023-07-14T09:50:02+00:00","dateModified":"2023-07-14T09:53:36+00:00","mainEntityOfPage":{"@id":"https:\/\/www.eagora.app\/ca\/conocimiento\/liders-que-ens-inspiren-campanya-en-suport-a-lesclerosi-multiple-elsalamus\/"},"wordCount":36,"publisher":{"@id":"https:\/\/www.eagora.app\/ca\/#organization"},"image":{"@id":"https:\/\/www.eagora.app\/ca\/conocimiento\/liders-que-ens-inspiren-campanya-en-suport-a-lesclerosi-multiple-elsalamus\/#primaryimage"},"thumbnailUrl":"https:\/\/www.eagora.app\/wp-content\/uploads\/2023\/07\/campana-22FEM-MULLAT22-en-apoyo-a-la-Esclerosis-multiple-1.jpg","articleSection":["Casos d'\u00e8xit"],"inLanguage":"ca"},{"@type":"WebPage","@id":"https:\/\/www.eagora.app\/ca\/conocimiento\/liders-que-ens-inspiren-campanya-en-suport-a-lesclerosi-multiple-elsalamus\/","url":"https:\/\/www.eagora.app\/ca\/conocimiento\/liders-que-ens-inspiren-campanya-en-suport-a-lesclerosi-multiple-elsalamus\/","name":"L\u00edders que ens inspiren: campanya en suport a l'Esclerosi m\u00faltiple #ELSALAMUS","isPartOf":{"@id":"https:\/\/www.eagora.app\/ca\/#website"},"primaryImageOfPage":{"@id":"https:\/\/www.eagora.app\/ca\/conocimiento\/liders-que-ens-inspiren-campanya-en-suport-a-lesclerosi-multiple-elsalamus\/#primaryimage"},"image":{"@id":"https:\/\/www.eagora.app\/ca\/conocimiento\/liders-que-ens-inspiren-campanya-en-suport-a-lesclerosi-multiple-elsalamus\/#primaryimage"},"thumbnailUrl":"https:\/\/www.eagora.app\/wp-content\/uploads\/2023\/07\/campana-22FEM-MULLAT22-en-apoyo-a-la-Esclerosis-multiple-1.jpg","datePublished":"2023-07-14T09:50:02+00:00","dateModified":"2023-07-14T09:53:36+00:00","description":"Felicitats a l'Ajuntament dels Alam\u00fas per la incre\u00efble campanya \"FEM MULLA'T\" en suport a l'Esclerosi m\u00faltiple!, i emprar eAgora per a comunicar-ho.","breadcrumb":{"@id":"https:\/\/www.eagora.app\/ca\/conocimiento\/liders-que-ens-inspiren-campanya-en-suport-a-lesclerosi-multiple-elsalamus\/#breadcrumb"},"inLanguage":"ca","potentialAction":[{"@type":"ReadAction","target":["https:\/\/www.eagora.app\/ca\/conocimiento\/liders-que-ens-inspiren-campanya-en-suport-a-lesclerosi-multiple-elsalamus\/"]}]},{"@type":"ImageObject","inLanguage":"ca","@id":"https:\/\/www.eagora.app\/ca\/conocimiento\/liders-que-ens-inspiren-campanya-en-suport-a-lesclerosi-multiple-elsalamus\/#primaryimage","url":"https:\/\/www.eagora.app\/wp-content\/uploads\/2023\/07\/campana-22FEM-MULLAT22-en-apoyo-a-la-Esclerosis-multiple-1.jpg","contentUrl":"https:\/\/www.eagora.app\/wp-content\/uploads\/2023\/07\/campana-22FEM-MULLAT22-en-apoyo-a-la-Esclerosis-multiple-1.jpg","width":1920,"height":1080,"caption":"campa\u00f1a \"FEM MULLA'T\" en apoyo a la Esclerosis m\u00faltiple"},{"@type":"BreadcrumbList","@id":"https:\/\/www.eagora.app\/ca\/conocimiento\/liders-que-ens-inspiren-campanya-en-suport-a-lesclerosi-multiple-elsalamus\/#breadcrumb","itemListElement":[{"@type":"ListItem","position":1,"name":"Inicio","item":"https:\/\/www.eagora.app\/ca\/"},{"@type":"ListItem","position":2,"name":"Coneixement","item":"https:\/\/www.eagora.app\/ca\/coneixement\/"},{"@type":"ListItem","position":3,"name":"L\u00edders que ens inspiren: campanya en suport a l&#8217;Esclerosi m\u00faltiple #ELSALAMUS"}]},{"@type":"WebSite","@id":"https:\/\/www.eagora.app\/ca\/#website","url":"https:\/\/www.eagora.app\/ca\/","name":"eAgora","description":"La plataforma que nos conecta","publisher":{"@id":"https:\/\/www.eagora.app\/ca\/#organization"},"potentialAction":[{"@type":"SearchAction","target":{"@type":"EntryPoint","urlTemplate":"https:\/\/www.eagora.app\/ca\/?s={search_term_string}"},"query-input":{"@type":"PropertyValueSpecification","valueRequired":true,"valueName":"search_term_string"}}],"inLanguage":"ca"},{"@type":"Organization","@id":"https:\/\/www.eagora.app\/ca\/#organization","name":"eAgora","url":"https:\/\/www.eagora.app\/ca\/","logo":{"@type":"ImageObject","inLanguage":"ca","@id":"https:\/\/www.eagora.app\/ca\/#\/schema\/logo\/image\/","url":"https:\/\/www.eagora.app\/wp-content\/uploads\/2023\/02\/logo-eagora-emails.jpg","contentUrl":"https:\/\/www.eagora.app\/wp-content\/uploads\/2023\/02\/logo-eagora-emails.jpg","width":550,"height":146,"caption":"eAgora"},"image":{"@id":"https:\/\/www.eagora.app\/ca\/#\/schema\/logo\/image\/"},"sameAs":["https:\/\/www.facebook.com\/eAgoraApp","https:\/\/x.com\/EagoraApp","https:\/\/www.instagram.com\/eagora.app\/","https:\/\/www.linkedin.com\/company\/eagora","https:\/\/www.youtube.com\/@eAgoraApp"]},{"@type":"Person","@id":"https:\/\/www.eagora.app\/ca\/#\/schema\/person\/a4a60fc1ef1735a32fe2ec549cdbfd52","name":"Alexandra Gallego","image":{"@type":"ImageObject","inLanguage":"ca","@id":"https:\/\/www.eagora.app\/ca\/#\/schema\/person\/image\/","url":"https:\/\/secure.gravatar.com\/avatar\/040b2e489de6f908c77a3de90c4ff9b87097b9ca5726a0c9c132b167326130cc?s=96&d=mm&r=g","contentUrl":"https:\/\/secure.gravatar.com\/avatar\/040b2e489de6f908c77a3de90c4ff9b87097b9ca5726a0c9c132b167326130cc?s=96&d=mm&r=g","caption":"Alexandra Gallego"}}]}},"jetpack_featured_media_url":"https:\/\/www.eagora.app\/wp-content\/uploads\/2023\/07\/campana-22FEM-MULLAT22-en-apoyo-a-la-Esclerosis-multiple-1.jpg","jetpack_sharing_enabled":true,"_links":{"self":[{"href":"https:\/\/www.eagora.app\/ca\/wp-json\/wp\/v2\/posts\/17294","targetHints":{"allow":["GET"]}}],"collection":[{"href":"https:\/\/www.eagora.app\/ca\/wp-json\/wp\/v2\/posts"}],"about":[{"href":"https:\/\/www.eagora.app\/ca\/wp-json\/wp\/v2\/types\/post"}],"author":[{"embeddable":true,"href":"https:\/\/www.eagora.app\/ca\/wp-json\/wp\/v2\/users\/12"}],"replies":[{"embeddable":true,"href":"https:\/\/www.eagora.app\/ca\/wp-json\/wp\/v2\/comments?post=17294"}],"version-history":[{"count":0,"href":"https:\/\/www.eagora.app\/ca\/wp-json\/wp\/v2\/posts\/17294\/revisions"}],"wp:featuredmedia":[{"embeddable":true,"href":"https:\/\/www.eagora.app\/ca\/wp-json\/wp\/v2\/media\/17286"}],"wp:attachment":[{"href":"https:\/\/www.eagora.app\/ca\/wp-json\/wp\/v2\/media?parent=17294"}],"wp:term":[{"taxonomy":"category","embeddable":true,"href":"https:\/\/www.eagora.app\/ca\/wp-json\/wp\/v2\/categories?post=17294"},{"taxonomy":"post_tag","embeddable":true,"href":"https:\/\/www.eagora.app\/ca\/wp-json\/wp\/v2\/tags?post=17294"}],"curies":[{"name":"wp","href":"https:\/\/api.w.org\/{rel}","templated":true}]}}