{"id":17235,"date":"2023-07-13T11:57:04","date_gmt":"2023-07-13T09:57:04","guid":{"rendered":"https:\/\/www.eagora.app\/miguel-martinez-responsable-dpto-dinformatica-a-lajuntament-dayora-en-lidersquedescobrim\/"},"modified":"2023-07-13T11:57:04","modified_gmt":"2023-07-13T09:57:04","slug":"miguel-martinez-responsable-dpto-dinformatica-a-lajuntament-dayora-en-lidersquedescobrim","status":"publish","type":"post","link":"https:\/\/www.eagora.app\/ca\/conocimiento\/miguel-martinez-responsable-dpto-dinformatica-a-lajuntament-dayora-en-lidersquedescobrim\/","title":{"rendered":"Miguel Mart\u00ednez, Responsable Dpto. d&#8217;Inform\u00e0tica a l&#8217;Ajuntament d&#8217;Ayora, en #L\u00eddersQueDescobrim"},"content":{"rendered":"<p>Avui et presentem a <strong>Miguel Mart\u00ednez<\/strong>, Responsable d&#8217;Inform\u00e0tica a l&#8217;<strong>Ajuntament d&#8217;Ayora<\/strong>! Descobreix com eAgora els ha ajudat a mantenir una comunicaci\u00f3 directa i en temps real amb la ciutadania, fins al punt que ara els ciutadans esperen amb \u00e0nsies rebre actualitzacions del poble amb eAgora!<\/p>\n<p style=\"text-align: center;\"><iframe title=\"YouTube video player\" src=\"https:\/\/www.youtube.com\/embed\/xXWH50CE4tE\" width=\"560\" height=\"315\" frameborder=\"0\" allowfullscreen=\"allowfullscreen\"><\/iframe><\/p>\n<p>&nbsp;<\/p>\n<p>Miguel ens conta que, sent natiu d&#8217;Aiora, un poble gran a Val\u00e8ncia, molts pobles de la comarca utilitzen eAgora i estan encantats amb aquesta eina que els mant\u00e9 comunicats.<\/p>\n<p>En 2014, van comen\u00e7ar a utilitzar eAgora (abans eBando) com a complement al sistema de megafonia. Havien provat amb correu electr\u00f2nic i missatges de text, per\u00f2 un generava mala reputaci\u00f3 en el servidor i l&#8217;altre resultava cost\u00f3s. No obstant aix\u00f2, <strong>amb eAgora van trobar la soluci\u00f3 perfecta per a millorar la comunicaci\u00f3 amb la ciutadania de manera din\u00e0mica i r\u00e0pida<\/strong>. Ara, a trav\u00e9s de eAgora, poden informar sobre llocs de treball, corts d&#8217;aigua o comunicar les festes. De fet, si alguna cosa no s&#8217;anuncia per eAgora, sembla que no est\u00e0 publicat. <strong>S&#8217;ha convertit en una comunicaci\u00f3 essencial per a mantenir a la gent informada i connectada!<\/strong><\/p>\n<p>Miguel admet que al principi tenien un cert temor que les persones majors tinguessin dificultats per a adaptar-se, per\u00f2 ara fins i tot ells utilitzen eBando sense cap problema. <strong>La penetraci\u00f3 de l&#8217;aplicaci\u00f3 en la poblaci\u00f3 ha estat incre\u00efble!<\/strong> Fins i tot els ciutadans demanen que els instal\u00b7lin l&#8217;aplicaci\u00f3, els encanta usar-la en el seu dia a dia!<\/p>\n<p>Una an\u00e8cdota destacable \u00e9s com els m\u00e9s <strong>majors estan encantats d&#8217;usar eAgora i prefereixen aquesta eina en lloc de WhatsApp<\/strong>, que a vegades pot ser complicat de manejar. A m\u00e9s, eAgora ha estat de gran utilitat durant les nevades, permetent comunicar a la gent les carreteres tallades i evitant problemes majors.<\/p>\n<p>L&#8217;abans i despr\u00e9s de eAgora a Aiora \u00e9s impressionant. Abans, utilitzaven un sistema antic de b\u00e0ndols, per\u00f2 a l&#8217;\u00e9sser un municipi extens, no tots rebien els comunicats, especialment aquells que vivien en \u00e0rees rurals. No obstant aix\u00f2, amb eAgora, <strong>ara tots s&#8217;assabenten dels talls de llum, aigua i altres informacions rellevants.<\/strong><\/p>\n<p>L&#8217;Ajuntament d&#8217;<strong>Ayora aposta per l&#8217;evoluci\u00f3 i innovaci\u00f3 per a satisfer les necessitats espec\u00edfiques de les comarques petites<\/strong>. El seu objectiu \u00e9s crear comunitat i que els ciutadans se sentin part activa de l&#8217;Ajuntament. Amb eAgora, brinden les eines necess\u00e0ries perqu\u00e8 la gent es mantingui informada i connectada. El teu municipi o entitat encara no usa eAgora? <strong><a href=\"https:\/\/www.eagora.app\/tu-agora-gratis\">Comen\u00e7a gratis!<\/a><\/strong><\/p>\n","protected":false},"excerpt":{"rendered":"<p>Avui et presentem a Miguel Mart\u00ednez, Responsable d&#8217;Inform\u00e0tica a l&#8217;Ajuntament d&#8217;Ayora! Descobreix com eAgora els ha ajudat a mantenir una comunicaci\u00f3 directa i en temps real amb la ciutadania, fins al punt que ara els ciutadans esperen amb \u00e0nsies rebre actualitzacions del poble amb eAgora! &nbsp; Miguel ens conta que, sent natiu d&#8217;Aiora, un poble [&hellip;]<\/p>\n","protected":false},"author":872,"featured_media":17228,"comment_status":"closed","ping_status":"open","sticky":false,"template":"","format":"standard","meta":{"content-type":"","_jetpack_memberships_contains_paid_content":false,"_joinchat":[],"footnotes":""},"categories":[93],"tags":[],"class_list":["post-17235","post","type-post","status-publish","format-standard","has-post-thumbnail","hentry","category-casos-dexit"],"yoast_head":"<!-- This site is optimized with the Yoast SEO Premium plugin v27.0 (Yoast SEO v27.0) - https:\/\/yoast.com\/product\/yoast-seo-premium-wordpress\/ -->\n<title>Miguel Mart\u00ednez, Dpto. d&#039;Inform\u00e0tica a l&#039;Ajuntament d&#039;Ayora<\/title>\n<meta name=\"description\" content=\"Descobreix com eAgora els ha ajudat a mantenir una comunicaci\u00f3 directa i en temps real amb la ciutadania.\" \/>\n<meta name=\"robots\" content=\"index, follow, max-snippet:-1, max-image-preview:large, max-video-preview:-1\" \/>\n<link rel=\"canonical\" href=\"https:\/\/www.eagora.app\/ca\/conocimiento\/miguel-martinez-responsable-dpto-dinformatica-a-lajuntament-dayora-en-lidersquedescobrim\/\" \/>\n<meta property=\"og:locale\" content=\"ca_ES\" \/>\n<meta property=\"og:type\" content=\"article\" \/>\n<meta property=\"og:title\" content=\"Miguel Mart\u00ednez, Responsable Dpto. d&#039;Inform\u00e0tica a l&#039;Ajuntament d&#039;Ayora, en #L\u00eddersQueDescobrim\" \/>\n<meta property=\"og:description\" content=\"Descobreix com eAgora els ha ajudat a mantenir una comunicaci\u00f3 directa i en temps real amb la ciutadania.\" \/>\n<meta property=\"og:url\" content=\"https:\/\/www.eagora.app\/ca\/conocimiento\/miguel-martinez-responsable-dpto-dinformatica-a-lajuntament-dayora-en-lidersquedescobrim\/\" \/>\n<meta property=\"og:site_name\" content=\"eAgora\" \/>\n<meta property=\"article:publisher\" content=\"https:\/\/www.facebook.com\/eAgoraApp\" \/>\n<meta property=\"article:published_time\" content=\"2023-07-13T09:57:04+00:00\" \/>\n<meta property=\"og:image\" content=\"https:\/\/www.eagora.app\/wp-content\/uploads\/2023\/07\/Miguel-Martinez-Responsable-Dpto.-de-Informatica-en-el-Ayuntamiento-de-Ayora-en-LideresQueDescubrimos.jpg\" \/>\n\t<meta property=\"og:image:width\" content=\"1920\" \/>\n\t<meta property=\"og:image:height\" content=\"1080\" \/>\n\t<meta property=\"og:image:type\" content=\"image\/jpeg\" \/>\n<meta name=\"author\" content=\"Roser Vallve\" \/>\n<meta name=\"twitter:card\" content=\"summary_large_image\" \/>\n<meta name=\"twitter:creator\" content=\"@EagoraApp\" \/>\n<meta name=\"twitter:site\" content=\"@EagoraApp\" \/>\n<meta name=\"twitter:label1\" content=\"Escrit per\" \/>\n\t<meta name=\"twitter:data1\" content=\"Roser Vallve\" \/>\n\t<meta name=\"twitter:label2\" content=\"Temps estimat de lectura\" \/>\n\t<meta name=\"twitter:data2\" content=\"2 minuts\" \/>\n<script type=\"application\/ld+json\" class=\"yoast-schema-graph\">{\"@context\":\"https:\/\/schema.org\",\"@graph\":[{\"@type\":\"Article\",\"@id\":\"https:\/\/www.eagora.app\/ca\/conocimiento\/miguel-martinez-responsable-dpto-dinformatica-a-lajuntament-dayora-en-lidersquedescobrim\/#article\",\"isPartOf\":{\"@id\":\"https:\/\/www.eagora.app\/ca\/conocimiento\/miguel-martinez-responsable-dpto-dinformatica-a-lajuntament-dayora-en-lidersquedescobrim\/\"},\"author\":{\"name\":\"Roser Vallve\",\"@id\":\"https:\/\/www.eagora.app\/ca\/#\/schema\/person\/f1036a22998d81569495936c2aa9cb32\"},\"headline\":\"Miguel Mart\u00ednez, Responsable Dpto. d&#8217;Inform\u00e0tica a l&#8217;Ajuntament d&#8217;Ayora, en #L\u00eddersQueDescobrim\",\"datePublished\":\"2023-07-13T09:57:04+00:00\",\"mainEntityOfPage\":{\"@id\":\"https:\/\/www.eagora.app\/ca\/conocimiento\/miguel-martinez-responsable-dpto-dinformatica-a-lajuntament-dayora-en-lidersquedescobrim\/\"},\"wordCount\":451,\"publisher\":{\"@id\":\"https:\/\/www.eagora.app\/ca\/#organization\"},\"image\":{\"@id\":\"https:\/\/www.eagora.app\/ca\/conocimiento\/miguel-martinez-responsable-dpto-dinformatica-a-lajuntament-dayora-en-lidersquedescobrim\/#primaryimage\"},\"thumbnailUrl\":\"https:\/\/www.eagora.app\/wp-content\/uploads\/2023\/07\/Miguel-Martinez-Responsable-Dpto.-de-Informatica-en-el-Ayuntamiento-de-Ayora-en-LideresQueDescubrimos.jpg\",\"articleSection\":[\"Casos d'\u00e8xit\"],\"inLanguage\":\"ca\"},{\"@type\":\"WebPage\",\"@id\":\"https:\/\/www.eagora.app\/ca\/conocimiento\/miguel-martinez-responsable-dpto-dinformatica-a-lajuntament-dayora-en-lidersquedescobrim\/\",\"url\":\"https:\/\/www.eagora.app\/ca\/conocimiento\/miguel-martinez-responsable-dpto-dinformatica-a-lajuntament-dayora-en-lidersquedescobrim\/\",\"name\":\"Miguel Mart\u00ednez, Dpto. d'Inform\u00e0tica a l'Ajuntament d'Ayora\",\"isPartOf\":{\"@id\":\"https:\/\/www.eagora.app\/ca\/#website\"},\"primaryImageOfPage\":{\"@id\":\"https:\/\/www.eagora.app\/ca\/conocimiento\/miguel-martinez-responsable-dpto-dinformatica-a-lajuntament-dayora-en-lidersquedescobrim\/#primaryimage\"},\"image\":{\"@id\":\"https:\/\/www.eagora.app\/ca\/conocimiento\/miguel-martinez-responsable-dpto-dinformatica-a-lajuntament-dayora-en-lidersquedescobrim\/#primaryimage\"},\"thumbnailUrl\":\"https:\/\/www.eagora.app\/wp-content\/uploads\/2023\/07\/Miguel-Martinez-Responsable-Dpto.-de-Informatica-en-el-Ayuntamiento-de-Ayora-en-LideresQueDescubrimos.jpg\",\"datePublished\":\"2023-07-13T09:57:04+00:00\",\"description\":\"Descobreix com eAgora els ha ajudat a mantenir una comunicaci\u00f3 directa i en temps real amb la ciutadania.\",\"breadcrumb\":{\"@id\":\"https:\/\/www.eagora.app\/ca\/conocimiento\/miguel-martinez-responsable-dpto-dinformatica-a-lajuntament-dayora-en-lidersquedescobrim\/#breadcrumb\"},\"inLanguage\":\"ca\",\"potentialAction\":[{\"@type\":\"ReadAction\",\"target\":[\"https:\/\/www.eagora.app\/ca\/conocimiento\/miguel-martinez-responsable-dpto-dinformatica-a-lajuntament-dayora-en-lidersquedescobrim\/\"]}]},{\"@type\":\"ImageObject\",\"inLanguage\":\"ca\",\"@id\":\"https:\/\/www.eagora.app\/ca\/conocimiento\/miguel-martinez-responsable-dpto-dinformatica-a-lajuntament-dayora-en-lidersquedescobrim\/#primaryimage\",\"url\":\"https:\/\/www.eagora.app\/wp-content\/uploads\/2023\/07\/Miguel-Martinez-Responsable-Dpto.-de-Informatica-en-el-Ayuntamiento-de-Ayora-en-LideresQueDescubrimos.jpg\",\"contentUrl\":\"https:\/\/www.eagora.app\/wp-content\/uploads\/2023\/07\/Miguel-Martinez-Responsable-Dpto.-de-Informatica-en-el-Ayuntamiento-de-Ayora-en-LideresQueDescubrimos.jpg\",\"width\":1920,\"height\":1080,\"caption\":\"Miguel Mart\u00ednez, Responsable Dpto. de Inform\u00e1tica en el Ayuntamiento de Ayora, en #L\u00edderesQueDescubrimos\"},{\"@type\":\"BreadcrumbList\",\"@id\":\"https:\/\/www.eagora.app\/ca\/conocimiento\/miguel-martinez-responsable-dpto-dinformatica-a-lajuntament-dayora-en-lidersquedescobrim\/#breadcrumb\",\"itemListElement\":[{\"@type\":\"ListItem\",\"position\":1,\"name\":\"Inicio\",\"item\":\"https:\/\/www.eagora.app\/ca\/\"},{\"@type\":\"ListItem\",\"position\":2,\"name\":\"Coneixement\",\"item\":\"https:\/\/www.eagora.app\/ca\/coneixement\/\"},{\"@type\":\"ListItem\",\"position\":3,\"name\":\"Miguel Mart\u00ednez, Responsable Dpto. d&#8217;Inform\u00e0tica a l&#8217;Ajuntament d&#8217;Ayora, en #L\u00eddersQueDescobrim\"}]},{\"@type\":\"WebSite\",\"@id\":\"https:\/\/www.eagora.app\/ca\/#website\",\"url\":\"https:\/\/www.eagora.app\/ca\/\",\"name\":\"eAgora\",\"description\":\"La plataforma que nos conecta\",\"publisher\":{\"@id\":\"https:\/\/www.eagora.app\/ca\/#organization\"},\"potentialAction\":[{\"@type\":\"SearchAction\",\"target\":{\"@type\":\"EntryPoint\",\"urlTemplate\":\"https:\/\/www.eagora.app\/ca\/?s={search_term_string}\"},\"query-input\":{\"@type\":\"PropertyValueSpecification\",\"valueRequired\":true,\"valueName\":\"search_term_string\"}}],\"inLanguage\":\"ca\"},{\"@type\":\"Organization\",\"@id\":\"https:\/\/www.eagora.app\/ca\/#organization\",\"name\":\"eAgora\",\"url\":\"https:\/\/www.eagora.app\/ca\/\",\"logo\":{\"@type\":\"ImageObject\",\"inLanguage\":\"ca\",\"@id\":\"https:\/\/www.eagora.app\/ca\/#\/schema\/logo\/image\/\",\"url\":\"https:\/\/www.eagora.app\/wp-content\/uploads\/2023\/02\/logo-eagora-emails.jpg\",\"contentUrl\":\"https:\/\/www.eagora.app\/wp-content\/uploads\/2023\/02\/logo-eagora-emails.jpg\",\"width\":550,\"height\":146,\"caption\":\"eAgora\"},\"image\":{\"@id\":\"https:\/\/www.eagora.app\/ca\/#\/schema\/logo\/image\/\"},\"sameAs\":[\"https:\/\/www.facebook.com\/eAgoraApp\",\"https:\/\/x.com\/EagoraApp\",\"https:\/\/www.instagram.com\/eagora.app\/\",\"https:\/\/www.linkedin.com\/company\/eagora\",\"https:\/\/www.youtube.com\/@eAgoraApp\"]},{\"@type\":\"Person\",\"@id\":\"https:\/\/www.eagora.app\/ca\/#\/schema\/person\/f1036a22998d81569495936c2aa9cb32\",\"name\":\"Roser Vallve\",\"image\":{\"@type\":\"ImageObject\",\"inLanguage\":\"ca\",\"@id\":\"https:\/\/www.eagora.app\/ca\/#\/schema\/person\/image\/\",\"url\":\"https:\/\/secure.gravatar.com\/avatar\/0399a104ac4b8ad3b6f7161df883d725e4edadfe16802877923fe80093335413?s=96&d=mm&r=g\",\"contentUrl\":\"https:\/\/secure.gravatar.com\/avatar\/0399a104ac4b8ad3b6f7161df883d725e4edadfe16802877923fe80093335413?s=96&d=mm&r=g\",\"caption\":\"Roser Vallve\"}}]}<\/script>\n<!-- \/ Yoast SEO Premium plugin. -->","yoast_head_json":{"title":"Miguel Mart\u00ednez, Dpto. d'Inform\u00e0tica a l'Ajuntament d'Ayora","description":"Descobreix com eAgora els ha ajudat a mantenir una comunicaci\u00f3 directa i en temps real amb la ciutadania.","robots":{"index":"index","follow":"follow","max-snippet":"max-snippet:-1","max-image-preview":"max-image-preview:large","max-video-preview":"max-video-preview:-1"},"canonical":"https:\/\/www.eagora.app\/ca\/conocimiento\/miguel-martinez-responsable-dpto-dinformatica-a-lajuntament-dayora-en-lidersquedescobrim\/","og_locale":"ca_ES","og_type":"article","og_title":"Miguel Mart\u00ednez, Responsable Dpto. d'Inform\u00e0tica a l'Ajuntament d'Ayora, en #L\u00eddersQueDescobrim","og_description":"Descobreix com eAgora els ha ajudat a mantenir una comunicaci\u00f3 directa i en temps real amb la ciutadania.","og_url":"https:\/\/www.eagora.app\/ca\/conocimiento\/miguel-martinez-responsable-dpto-dinformatica-a-lajuntament-dayora-en-lidersquedescobrim\/","og_site_name":"eAgora","article_publisher":"https:\/\/www.facebook.com\/eAgoraApp","article_published_time":"2023-07-13T09:57:04+00:00","og_image":[{"width":1920,"height":1080,"url":"https:\/\/www.eagora.app\/wp-content\/uploads\/2023\/07\/Miguel-Martinez-Responsable-Dpto.-de-Informatica-en-el-Ayuntamiento-de-Ayora-en-LideresQueDescubrimos.jpg","type":"image\/jpeg"}],"author":"Roser Vallve","twitter_card":"summary_large_image","twitter_creator":"@EagoraApp","twitter_site":"@EagoraApp","twitter_misc":{"Escrit per":"Roser Vallve","Temps estimat de lectura":"2 minuts"},"schema":{"@context":"https:\/\/schema.org","@graph":[{"@type":"Article","@id":"https:\/\/www.eagora.app\/ca\/conocimiento\/miguel-martinez-responsable-dpto-dinformatica-a-lajuntament-dayora-en-lidersquedescobrim\/#article","isPartOf":{"@id":"https:\/\/www.eagora.app\/ca\/conocimiento\/miguel-martinez-responsable-dpto-dinformatica-a-lajuntament-dayora-en-lidersquedescobrim\/"},"author":{"name":"Roser Vallve","@id":"https:\/\/www.eagora.app\/ca\/#\/schema\/person\/f1036a22998d81569495936c2aa9cb32"},"headline":"Miguel Mart\u00ednez, Responsable Dpto. d&#8217;Inform\u00e0tica a l&#8217;Ajuntament d&#8217;Ayora, en #L\u00eddersQueDescobrim","datePublished":"2023-07-13T09:57:04+00:00","mainEntityOfPage":{"@id":"https:\/\/www.eagora.app\/ca\/conocimiento\/miguel-martinez-responsable-dpto-dinformatica-a-lajuntament-dayora-en-lidersquedescobrim\/"},"wordCount":451,"publisher":{"@id":"https:\/\/www.eagora.app\/ca\/#organization"},"image":{"@id":"https:\/\/www.eagora.app\/ca\/conocimiento\/miguel-martinez-responsable-dpto-dinformatica-a-lajuntament-dayora-en-lidersquedescobrim\/#primaryimage"},"thumbnailUrl":"https:\/\/www.eagora.app\/wp-content\/uploads\/2023\/07\/Miguel-Martinez-Responsable-Dpto.-de-Informatica-en-el-Ayuntamiento-de-Ayora-en-LideresQueDescubrimos.jpg","articleSection":["Casos d'\u00e8xit"],"inLanguage":"ca"},{"@type":"WebPage","@id":"https:\/\/www.eagora.app\/ca\/conocimiento\/miguel-martinez-responsable-dpto-dinformatica-a-lajuntament-dayora-en-lidersquedescobrim\/","url":"https:\/\/www.eagora.app\/ca\/conocimiento\/miguel-martinez-responsable-dpto-dinformatica-a-lajuntament-dayora-en-lidersquedescobrim\/","name":"Miguel Mart\u00ednez, Dpto. d'Inform\u00e0tica a l'Ajuntament d'Ayora","isPartOf":{"@id":"https:\/\/www.eagora.app\/ca\/#website"},"primaryImageOfPage":{"@id":"https:\/\/www.eagora.app\/ca\/conocimiento\/miguel-martinez-responsable-dpto-dinformatica-a-lajuntament-dayora-en-lidersquedescobrim\/#primaryimage"},"image":{"@id":"https:\/\/www.eagora.app\/ca\/conocimiento\/miguel-martinez-responsable-dpto-dinformatica-a-lajuntament-dayora-en-lidersquedescobrim\/#primaryimage"},"thumbnailUrl":"https:\/\/www.eagora.app\/wp-content\/uploads\/2023\/07\/Miguel-Martinez-Responsable-Dpto.-de-Informatica-en-el-Ayuntamiento-de-Ayora-en-LideresQueDescubrimos.jpg","datePublished":"2023-07-13T09:57:04+00:00","description":"Descobreix com eAgora els ha ajudat a mantenir una comunicaci\u00f3 directa i en temps real amb la ciutadania.","breadcrumb":{"@id":"https:\/\/www.eagora.app\/ca\/conocimiento\/miguel-martinez-responsable-dpto-dinformatica-a-lajuntament-dayora-en-lidersquedescobrim\/#breadcrumb"},"inLanguage":"ca","potentialAction":[{"@type":"ReadAction","target":["https:\/\/www.eagora.app\/ca\/conocimiento\/miguel-martinez-responsable-dpto-dinformatica-a-lajuntament-dayora-en-lidersquedescobrim\/"]}]},{"@type":"ImageObject","inLanguage":"ca","@id":"https:\/\/www.eagora.app\/ca\/conocimiento\/miguel-martinez-responsable-dpto-dinformatica-a-lajuntament-dayora-en-lidersquedescobrim\/#primaryimage","url":"https:\/\/www.eagora.app\/wp-content\/uploads\/2023\/07\/Miguel-Martinez-Responsable-Dpto.-de-Informatica-en-el-Ayuntamiento-de-Ayora-en-LideresQueDescubrimos.jpg","contentUrl":"https:\/\/www.eagora.app\/wp-content\/uploads\/2023\/07\/Miguel-Martinez-Responsable-Dpto.-de-Informatica-en-el-Ayuntamiento-de-Ayora-en-LideresQueDescubrimos.jpg","width":1920,"height":1080,"caption":"Miguel Mart\u00ednez, Responsable Dpto. de Inform\u00e1tica en el Ayuntamiento de Ayora, en #L\u00edderesQueDescubrimos"},{"@type":"BreadcrumbList","@id":"https:\/\/www.eagora.app\/ca\/conocimiento\/miguel-martinez-responsable-dpto-dinformatica-a-lajuntament-dayora-en-lidersquedescobrim\/#breadcrumb","itemListElement":[{"@type":"ListItem","position":1,"name":"Inicio","item":"https:\/\/www.eagora.app\/ca\/"},{"@type":"ListItem","position":2,"name":"Coneixement","item":"https:\/\/www.eagora.app\/ca\/coneixement\/"},{"@type":"ListItem","position":3,"name":"Miguel Mart\u00ednez, Responsable Dpto. d&#8217;Inform\u00e0tica a l&#8217;Ajuntament d&#8217;Ayora, en #L\u00eddersQueDescobrim"}]},{"@type":"WebSite","@id":"https:\/\/www.eagora.app\/ca\/#website","url":"https:\/\/www.eagora.app\/ca\/","name":"eAgora","description":"La plataforma que nos conecta","publisher":{"@id":"https:\/\/www.eagora.app\/ca\/#organization"},"potentialAction":[{"@type":"SearchAction","target":{"@type":"EntryPoint","urlTemplate":"https:\/\/www.eagora.app\/ca\/?s={search_term_string}"},"query-input":{"@type":"PropertyValueSpecification","valueRequired":true,"valueName":"search_term_string"}}],"inLanguage":"ca"},{"@type":"Organization","@id":"https:\/\/www.eagora.app\/ca\/#organization","name":"eAgora","url":"https:\/\/www.eagora.app\/ca\/","logo":{"@type":"ImageObject","inLanguage":"ca","@id":"https:\/\/www.eagora.app\/ca\/#\/schema\/logo\/image\/","url":"https:\/\/www.eagora.app\/wp-content\/uploads\/2023\/02\/logo-eagora-emails.jpg","contentUrl":"https:\/\/www.eagora.app\/wp-content\/uploads\/2023\/02\/logo-eagora-emails.jpg","width":550,"height":146,"caption":"eAgora"},"image":{"@id":"https:\/\/www.eagora.app\/ca\/#\/schema\/logo\/image\/"},"sameAs":["https:\/\/www.facebook.com\/eAgoraApp","https:\/\/x.com\/EagoraApp","https:\/\/www.instagram.com\/eagora.app\/","https:\/\/www.linkedin.com\/company\/eagora","https:\/\/www.youtube.com\/@eAgoraApp"]},{"@type":"Person","@id":"https:\/\/www.eagora.app\/ca\/#\/schema\/person\/f1036a22998d81569495936c2aa9cb32","name":"Roser Vallve","image":{"@type":"ImageObject","inLanguage":"ca","@id":"https:\/\/www.eagora.app\/ca\/#\/schema\/person\/image\/","url":"https:\/\/secure.gravatar.com\/avatar\/0399a104ac4b8ad3b6f7161df883d725e4edadfe16802877923fe80093335413?s=96&d=mm&r=g","contentUrl":"https:\/\/secure.gravatar.com\/avatar\/0399a104ac4b8ad3b6f7161df883d725e4edadfe16802877923fe80093335413?s=96&d=mm&r=g","caption":"Roser Vallve"}}]}},"jetpack_featured_media_url":"https:\/\/www.eagora.app\/wp-content\/uploads\/2023\/07\/Miguel-Martinez-Responsable-Dpto.-de-Informatica-en-el-Ayuntamiento-de-Ayora-en-LideresQueDescubrimos.jpg","jetpack_sharing_enabled":true,"_links":{"self":[{"href":"https:\/\/www.eagora.app\/ca\/wp-json\/wp\/v2\/posts\/17235","targetHints":{"allow":["GET"]}}],"collection":[{"href":"https:\/\/www.eagora.app\/ca\/wp-json\/wp\/v2\/posts"}],"about":[{"href":"https:\/\/www.eagora.app\/ca\/wp-json\/wp\/v2\/types\/post"}],"author":[{"embeddable":true,"href":"https:\/\/www.eagora.app\/ca\/wp-json\/wp\/v2\/users\/872"}],"replies":[{"embeddable":true,"href":"https:\/\/www.eagora.app\/ca\/wp-json\/wp\/v2\/comments?post=17235"}],"version-history":[{"count":0,"href":"https:\/\/www.eagora.app\/ca\/wp-json\/wp\/v2\/posts\/17235\/revisions"}],"wp:featuredmedia":[{"embeddable":true,"href":"https:\/\/www.eagora.app\/ca\/wp-json\/wp\/v2\/media\/17228"}],"wp:attachment":[{"href":"https:\/\/www.eagora.app\/ca\/wp-json\/wp\/v2\/media?parent=17235"}],"wp:term":[{"taxonomy":"category","embeddable":true,"href":"https:\/\/www.eagora.app\/ca\/wp-json\/wp\/v2\/categories?post=17235"},{"taxonomy":"post_tag","embeddable":true,"href":"https:\/\/www.eagora.app\/ca\/wp-json\/wp\/v2\/tags?post=17235"}],"curies":[{"name":"wp","href":"https:\/\/api.w.org\/{rel}","templated":true}]}}