{"id":17031,"date":"2023-07-07T13:00:05","date_gmt":"2023-07-07T11:00:05","guid":{"rendered":"https:\/\/www.eagora.app\/liders-que-ens-inspiren-xxxv-festa-del-basquet-lleidata-lesborgesblanques\/"},"modified":"2023-07-07T13:00:05","modified_gmt":"2023-07-07T11:00:05","slug":"liders-que-ens-inspiren-xxxv-festa-del-basquet-lleidata-lesborgesblanques","status":"publish","type":"post","link":"https:\/\/www.eagora.app\/ca\/conocimiento\/liders-que-ens-inspiren-xxxv-festa-del-basquet-lleidata-lesborgesblanques\/","title":{"rendered":"L\u00edders que ens inspiren: XXXV Festa del b\u00e1squet lleidat\u00e0 #LESBORGESBLANQUES"},"content":{"rendered":"<p>Avui ens hem emocionat en #L\u00eddersQueEnsInspiren amb l&#8217;Ajuntament de les Borges Blanques pel seu preci\u00f3s homenatge esportiu!<\/p>\n<p><img fetchpriority=\"high\" decoding=\"async\" class=\" wp-image-17021 aligncenter\" src=\"https:\/\/www.eagora.app\/wp-content\/uploads\/2023\/07\/XXXV-Fiesta-del-basquet-leridano-1-300x300.jpg\" alt=\"XXXV Festa del b\u00e0squet lleidat\u00e0.\" width=\"398\" height=\"398\" srcset=\"https:\/\/www.eagora.app\/wp-content\/uploads\/2023\/07\/XXXV-Fiesta-del-basquet-leridano-1-300x300.jpg 300w, https:\/\/www.eagora.app\/wp-content\/uploads\/2023\/07\/XXXV-Fiesta-del-basquet-leridano-1-1024x1024.jpg 1024w, https:\/\/www.eagora.app\/wp-content\/uploads\/2023\/07\/XXXV-Fiesta-del-basquet-leridano-1-150x150.jpg 150w, https:\/\/www.eagora.app\/wp-content\/uploads\/2023\/07\/XXXV-Fiesta-del-basquet-leridano-1-768x768.jpg 768w, https:\/\/www.eagora.app\/wp-content\/uploads\/2023\/07\/XXXV-Fiesta-del-basquet-leridano-1-600x600.jpg 600w, https:\/\/www.eagora.app\/wp-content\/uploads\/2023\/07\/XXXV-Fiesta-del-basquet-leridano-1-100x100.jpg 100w, https:\/\/www.eagora.app\/wp-content\/uploads\/2023\/07\/XXXV-Fiesta-del-basquet-leridano-1-50x50.jpg 50w, https:\/\/www.eagora.app\/wp-content\/uploads\/2023\/07\/XXXV-Fiesta-del-basquet-leridano-1.jpg 1080w\" sizes=\"(max-width: 398px) 100vw, 398px\" \/><\/p>\n<p>&nbsp;<\/p>\n<p>La XXXV Festa del B\u00e0squet Lleidat\u00e0 \u00e9s un esdeveniment en qu\u00e8 Lleida homenatja les seves millors jugadores de la temporada, als equips campions, als diferents ascensos de categoria, a les seves millors entrenadores i a tots els que han contribu\u00eft a millorar el b\u00e0squet en la zona de Lleida durant aquesta temporada. La festa va tenir lloc en el Pavell\u00f3 de l&#8217;Oli de Les Borges Blanques, a m\u00e9s ha coincidit amb el centenari de Federaci\u00f3 Catalana de Basquetbol i el vuitanta aniversari del Club B\u00e0squet Borges Garrigues, la qual cosa l&#8217;ha fet molt m\u00e9s especial. Moltes felicitats!<\/p>\n","protected":false},"excerpt":{"rendered":"<p>Avui ens hem emocionat en #L\u00eddersQueEnsInspiren amb l&#8217;Ajuntament de les Borges Blanques pel seu preci\u00f3s homenatge esportiu! &nbsp; La XXXV Festa del B\u00e0squet Lleidat\u00e0 \u00e9s un esdeveniment en qu\u00e8 Lleida homenatja les seves millors jugadores de la temporada, als equips campions, als diferents ascensos de categoria, a les seves millors entrenadores i a tots els [&hellip;]<\/p>\n","protected":false},"author":12,"featured_media":17014,"comment_status":"closed","ping_status":"open","sticky":false,"template":"","format":"standard","meta":{"content-type":"","_jetpack_memberships_contains_paid_content":false,"_joinchat":[],"footnotes":""},"categories":[93],"tags":[],"class_list":["post-17031","post","type-post","status-publish","format-standard","has-post-thumbnail","hentry","category-casos-dexit"],"yoast_head":"<!-- This site is optimized with the Yoast SEO Premium plugin v27.0 (Yoast SEO v27.0) - https:\/\/yoast.com\/product\/yoast-seo-premium-wordpress\/ -->\n<title>L\u00edders que ens inspiren: XXXV Festa del b\u00e1squet lleidat\u00e0 #LESBORGESBLANQUES<\/title>\n<meta name=\"description\" content=\"Avui ens hem emocionat en #L\u00eddersQueEnsInspiren amb l&#039;Ajuntament de les Borges Blanques pel seu preci\u00f3s homenatge esportiu!\" \/>\n<meta name=\"robots\" content=\"index, follow, max-snippet:-1, max-image-preview:large, max-video-preview:-1\" \/>\n<link rel=\"canonical\" href=\"https:\/\/www.eagora.app\/ca\/conocimiento\/liders-que-ens-inspiren-xxxv-festa-del-basquet-lleidata-lesborgesblanques\/\" \/>\n<meta property=\"og:locale\" content=\"ca_ES\" \/>\n<meta property=\"og:type\" content=\"article\" \/>\n<meta property=\"og:title\" content=\"L\u00edders que ens inspiren: XXXV Festa del b\u00e1squet lleidat\u00e0 #LESBORGESBLANQUES\" \/>\n<meta property=\"og:description\" content=\"Avui ens hem emocionat en #L\u00eddersQueEnsInspiren amb l&#039;Ajuntament de les Borges Blanques pel seu preci\u00f3s homenatge esportiu!\" \/>\n<meta property=\"og:url\" content=\"https:\/\/www.eagora.app\/ca\/conocimiento\/liders-que-ens-inspiren-xxxv-festa-del-basquet-lleidata-lesborgesblanques\/\" \/>\n<meta property=\"og:site_name\" content=\"eAgora\" \/>\n<meta property=\"article:publisher\" content=\"https:\/\/www.facebook.com\/eAgoraApp\" \/>\n<meta property=\"article:published_time\" content=\"2023-07-07T11:00:05+00:00\" \/>\n<meta property=\"og:image\" content=\"https:\/\/www.eagora.app\/wp-content\/uploads\/2023\/07\/XXXV-Fiesta-del-basquet-leridano.jpg\" \/>\n\t<meta property=\"og:image:width\" content=\"1920\" \/>\n\t<meta property=\"og:image:height\" content=\"1080\" \/>\n\t<meta property=\"og:image:type\" content=\"image\/jpeg\" \/>\n<meta name=\"author\" content=\"Alexandra Gallego\" \/>\n<meta name=\"twitter:card\" content=\"summary_large_image\" \/>\n<meta name=\"twitter:creator\" content=\"@EagoraApp\" \/>\n<meta name=\"twitter:site\" content=\"@EagoraApp\" \/>\n<meta name=\"twitter:label1\" content=\"Escrit per\" \/>\n\t<meta name=\"twitter:data1\" content=\"Alexandra Gallego\" \/>\n\t<meta name=\"twitter:label2\" content=\"Temps estimat de lectura\" \/>\n\t<meta name=\"twitter:data2\" content=\"1 minut\" \/>\n<script type=\"application\/ld+json\" class=\"yoast-schema-graph\">{\"@context\":\"https:\/\/schema.org\",\"@graph\":[{\"@type\":\"Article\",\"@id\":\"https:\/\/www.eagora.app\/ca\/conocimiento\/liders-que-ens-inspiren-xxxv-festa-del-basquet-lleidata-lesborgesblanques\/#article\",\"isPartOf\":{\"@id\":\"https:\/\/www.eagora.app\/ca\/conocimiento\/liders-que-ens-inspiren-xxxv-festa-del-basquet-lleidata-lesborgesblanques\/\"},\"author\":{\"name\":\"Alexandra Gallego\",\"@id\":\"https:\/\/www.eagora.app\/ca\/#\/schema\/person\/a4a60fc1ef1735a32fe2ec549cdbfd52\"},\"headline\":\"L\u00edders que ens inspiren: XXXV Festa del b\u00e1squet lleidat\u00e0 #LESBORGESBLANQUES\",\"datePublished\":\"2023-07-07T11:00:05+00:00\",\"mainEntityOfPage\":{\"@id\":\"https:\/\/www.eagora.app\/ca\/conocimiento\/liders-que-ens-inspiren-xxxv-festa-del-basquet-lleidata-lesborgesblanques\/\"},\"wordCount\":138,\"publisher\":{\"@id\":\"https:\/\/www.eagora.app\/ca\/#organization\"},\"image\":{\"@id\":\"https:\/\/www.eagora.app\/ca\/conocimiento\/liders-que-ens-inspiren-xxxv-festa-del-basquet-lleidata-lesborgesblanques\/#primaryimage\"},\"thumbnailUrl\":\"https:\/\/www.eagora.app\/wp-content\/uploads\/2023\/07\/XXXV-Fiesta-del-basquet-leridano.jpg\",\"articleSection\":[\"Casos d'\u00e8xit\"],\"inLanguage\":\"ca\"},{\"@type\":\"WebPage\",\"@id\":\"https:\/\/www.eagora.app\/ca\/conocimiento\/liders-que-ens-inspiren-xxxv-festa-del-basquet-lleidata-lesborgesblanques\/\",\"url\":\"https:\/\/www.eagora.app\/ca\/conocimiento\/liders-que-ens-inspiren-xxxv-festa-del-basquet-lleidata-lesborgesblanques\/\",\"name\":\"L\u00edders que ens inspiren: XXXV Festa del b\u00e1squet lleidat\u00e0 #LESBORGESBLANQUES\",\"isPartOf\":{\"@id\":\"https:\/\/www.eagora.app\/ca\/#website\"},\"primaryImageOfPage\":{\"@id\":\"https:\/\/www.eagora.app\/ca\/conocimiento\/liders-que-ens-inspiren-xxxv-festa-del-basquet-lleidata-lesborgesblanques\/#primaryimage\"},\"image\":{\"@id\":\"https:\/\/www.eagora.app\/ca\/conocimiento\/liders-que-ens-inspiren-xxxv-festa-del-basquet-lleidata-lesborgesblanques\/#primaryimage\"},\"thumbnailUrl\":\"https:\/\/www.eagora.app\/wp-content\/uploads\/2023\/07\/XXXV-Fiesta-del-basquet-leridano.jpg\",\"datePublished\":\"2023-07-07T11:00:05+00:00\",\"description\":\"Avui ens hem emocionat en #L\u00eddersQueEnsInspiren amb l'Ajuntament de les Borges Blanques pel seu preci\u00f3s homenatge esportiu!\",\"breadcrumb\":{\"@id\":\"https:\/\/www.eagora.app\/ca\/conocimiento\/liders-que-ens-inspiren-xxxv-festa-del-basquet-lleidata-lesborgesblanques\/#breadcrumb\"},\"inLanguage\":\"ca\",\"potentialAction\":[{\"@type\":\"ReadAction\",\"target\":[\"https:\/\/www.eagora.app\/ca\/conocimiento\/liders-que-ens-inspiren-xxxv-festa-del-basquet-lleidata-lesborgesblanques\/\"]}]},{\"@type\":\"ImageObject\",\"inLanguage\":\"ca\",\"@id\":\"https:\/\/www.eagora.app\/ca\/conocimiento\/liders-que-ens-inspiren-xxxv-festa-del-basquet-lleidata-lesborgesblanques\/#primaryimage\",\"url\":\"https:\/\/www.eagora.app\/wp-content\/uploads\/2023\/07\/XXXV-Fiesta-del-basquet-leridano.jpg\",\"contentUrl\":\"https:\/\/www.eagora.app\/wp-content\/uploads\/2023\/07\/XXXV-Fiesta-del-basquet-leridano.jpg\",\"width\":1920,\"height\":1080,\"caption\":\"XXXV Fiesta del b\u00e1squet leridano\"},{\"@type\":\"BreadcrumbList\",\"@id\":\"https:\/\/www.eagora.app\/ca\/conocimiento\/liders-que-ens-inspiren-xxxv-festa-del-basquet-lleidata-lesborgesblanques\/#breadcrumb\",\"itemListElement\":[{\"@type\":\"ListItem\",\"position\":1,\"name\":\"Inicio\",\"item\":\"https:\/\/www.eagora.app\/ca\/\"},{\"@type\":\"ListItem\",\"position\":2,\"name\":\"Coneixement\",\"item\":\"https:\/\/www.eagora.app\/ca\/coneixement\/\"},{\"@type\":\"ListItem\",\"position\":3,\"name\":\"L\u00edders que ens inspiren: XXXV Festa del b\u00e1squet lleidat\u00e0 #LESBORGESBLANQUES\"}]},{\"@type\":\"WebSite\",\"@id\":\"https:\/\/www.eagora.app\/ca\/#website\",\"url\":\"https:\/\/www.eagora.app\/ca\/\",\"name\":\"eAgora\",\"description\":\"La plataforma que nos conecta\",\"publisher\":{\"@id\":\"https:\/\/www.eagora.app\/ca\/#organization\"},\"potentialAction\":[{\"@type\":\"SearchAction\",\"target\":{\"@type\":\"EntryPoint\",\"urlTemplate\":\"https:\/\/www.eagora.app\/ca\/?s={search_term_string}\"},\"query-input\":{\"@type\":\"PropertyValueSpecification\",\"valueRequired\":true,\"valueName\":\"search_term_string\"}}],\"inLanguage\":\"ca\"},{\"@type\":\"Organization\",\"@id\":\"https:\/\/www.eagora.app\/ca\/#organization\",\"name\":\"eAgora\",\"url\":\"https:\/\/www.eagora.app\/ca\/\",\"logo\":{\"@type\":\"ImageObject\",\"inLanguage\":\"ca\",\"@id\":\"https:\/\/www.eagora.app\/ca\/#\/schema\/logo\/image\/\",\"url\":\"https:\/\/www.eagora.app\/wp-content\/uploads\/2023\/02\/logo-eagora-emails.jpg\",\"contentUrl\":\"https:\/\/www.eagora.app\/wp-content\/uploads\/2023\/02\/logo-eagora-emails.jpg\",\"width\":550,\"height\":146,\"caption\":\"eAgora\"},\"image\":{\"@id\":\"https:\/\/www.eagora.app\/ca\/#\/schema\/logo\/image\/\"},\"sameAs\":[\"https:\/\/www.facebook.com\/eAgoraApp\",\"https:\/\/x.com\/EagoraApp\",\"https:\/\/www.instagram.com\/eagora.app\/\",\"https:\/\/www.linkedin.com\/company\/eagora\",\"https:\/\/www.youtube.com\/@eAgoraApp\"]},{\"@type\":\"Person\",\"@id\":\"https:\/\/www.eagora.app\/ca\/#\/schema\/person\/a4a60fc1ef1735a32fe2ec549cdbfd52\",\"name\":\"Alexandra Gallego\",\"image\":{\"@type\":\"ImageObject\",\"inLanguage\":\"ca\",\"@id\":\"https:\/\/www.eagora.app\/ca\/#\/schema\/person\/image\/\",\"url\":\"https:\/\/secure.gravatar.com\/avatar\/040b2e489de6f908c77a3de90c4ff9b87097b9ca5726a0c9c132b167326130cc?s=96&d=mm&r=g\",\"contentUrl\":\"https:\/\/secure.gravatar.com\/avatar\/040b2e489de6f908c77a3de90c4ff9b87097b9ca5726a0c9c132b167326130cc?s=96&d=mm&r=g\",\"caption\":\"Alexandra Gallego\"}}]}<\/script>\n<!-- \/ Yoast SEO Premium plugin. -->","yoast_head_json":{"title":"L\u00edders que ens inspiren: XXXV Festa del b\u00e1squet lleidat\u00e0 #LESBORGESBLANQUES","description":"Avui ens hem emocionat en #L\u00eddersQueEnsInspiren amb l'Ajuntament de les Borges Blanques pel seu preci\u00f3s homenatge esportiu!","robots":{"index":"index","follow":"follow","max-snippet":"max-snippet:-1","max-image-preview":"max-image-preview:large","max-video-preview":"max-video-preview:-1"},"canonical":"https:\/\/www.eagora.app\/ca\/conocimiento\/liders-que-ens-inspiren-xxxv-festa-del-basquet-lleidata-lesborgesblanques\/","og_locale":"ca_ES","og_type":"article","og_title":"L\u00edders que ens inspiren: XXXV Festa del b\u00e1squet lleidat\u00e0 #LESBORGESBLANQUES","og_description":"Avui ens hem emocionat en #L\u00eddersQueEnsInspiren amb l'Ajuntament de les Borges Blanques pel seu preci\u00f3s homenatge esportiu!","og_url":"https:\/\/www.eagora.app\/ca\/conocimiento\/liders-que-ens-inspiren-xxxv-festa-del-basquet-lleidata-lesborgesblanques\/","og_site_name":"eAgora","article_publisher":"https:\/\/www.facebook.com\/eAgoraApp","article_published_time":"2023-07-07T11:00:05+00:00","og_image":[{"width":1920,"height":1080,"url":"https:\/\/www.eagora.app\/wp-content\/uploads\/2023\/07\/XXXV-Fiesta-del-basquet-leridano.jpg","type":"image\/jpeg"}],"author":"Alexandra Gallego","twitter_card":"summary_large_image","twitter_creator":"@EagoraApp","twitter_site":"@EagoraApp","twitter_misc":{"Escrit per":"Alexandra Gallego","Temps estimat de lectura":"1 minut"},"schema":{"@context":"https:\/\/schema.org","@graph":[{"@type":"Article","@id":"https:\/\/www.eagora.app\/ca\/conocimiento\/liders-que-ens-inspiren-xxxv-festa-del-basquet-lleidata-lesborgesblanques\/#article","isPartOf":{"@id":"https:\/\/www.eagora.app\/ca\/conocimiento\/liders-que-ens-inspiren-xxxv-festa-del-basquet-lleidata-lesborgesblanques\/"},"author":{"name":"Alexandra Gallego","@id":"https:\/\/www.eagora.app\/ca\/#\/schema\/person\/a4a60fc1ef1735a32fe2ec549cdbfd52"},"headline":"L\u00edders que ens inspiren: XXXV Festa del b\u00e1squet lleidat\u00e0 #LESBORGESBLANQUES","datePublished":"2023-07-07T11:00:05+00:00","mainEntityOfPage":{"@id":"https:\/\/www.eagora.app\/ca\/conocimiento\/liders-que-ens-inspiren-xxxv-festa-del-basquet-lleidata-lesborgesblanques\/"},"wordCount":138,"publisher":{"@id":"https:\/\/www.eagora.app\/ca\/#organization"},"image":{"@id":"https:\/\/www.eagora.app\/ca\/conocimiento\/liders-que-ens-inspiren-xxxv-festa-del-basquet-lleidata-lesborgesblanques\/#primaryimage"},"thumbnailUrl":"https:\/\/www.eagora.app\/wp-content\/uploads\/2023\/07\/XXXV-Fiesta-del-basquet-leridano.jpg","articleSection":["Casos d'\u00e8xit"],"inLanguage":"ca"},{"@type":"WebPage","@id":"https:\/\/www.eagora.app\/ca\/conocimiento\/liders-que-ens-inspiren-xxxv-festa-del-basquet-lleidata-lesborgesblanques\/","url":"https:\/\/www.eagora.app\/ca\/conocimiento\/liders-que-ens-inspiren-xxxv-festa-del-basquet-lleidata-lesborgesblanques\/","name":"L\u00edders que ens inspiren: XXXV Festa del b\u00e1squet lleidat\u00e0 #LESBORGESBLANQUES","isPartOf":{"@id":"https:\/\/www.eagora.app\/ca\/#website"},"primaryImageOfPage":{"@id":"https:\/\/www.eagora.app\/ca\/conocimiento\/liders-que-ens-inspiren-xxxv-festa-del-basquet-lleidata-lesborgesblanques\/#primaryimage"},"image":{"@id":"https:\/\/www.eagora.app\/ca\/conocimiento\/liders-que-ens-inspiren-xxxv-festa-del-basquet-lleidata-lesborgesblanques\/#primaryimage"},"thumbnailUrl":"https:\/\/www.eagora.app\/wp-content\/uploads\/2023\/07\/XXXV-Fiesta-del-basquet-leridano.jpg","datePublished":"2023-07-07T11:00:05+00:00","description":"Avui ens hem emocionat en #L\u00eddersQueEnsInspiren amb l'Ajuntament de les Borges Blanques pel seu preci\u00f3s homenatge esportiu!","breadcrumb":{"@id":"https:\/\/www.eagora.app\/ca\/conocimiento\/liders-que-ens-inspiren-xxxv-festa-del-basquet-lleidata-lesborgesblanques\/#breadcrumb"},"inLanguage":"ca","potentialAction":[{"@type":"ReadAction","target":["https:\/\/www.eagora.app\/ca\/conocimiento\/liders-que-ens-inspiren-xxxv-festa-del-basquet-lleidata-lesborgesblanques\/"]}]},{"@type":"ImageObject","inLanguage":"ca","@id":"https:\/\/www.eagora.app\/ca\/conocimiento\/liders-que-ens-inspiren-xxxv-festa-del-basquet-lleidata-lesborgesblanques\/#primaryimage","url":"https:\/\/www.eagora.app\/wp-content\/uploads\/2023\/07\/XXXV-Fiesta-del-basquet-leridano.jpg","contentUrl":"https:\/\/www.eagora.app\/wp-content\/uploads\/2023\/07\/XXXV-Fiesta-del-basquet-leridano.jpg","width":1920,"height":1080,"caption":"XXXV Fiesta del b\u00e1squet leridano"},{"@type":"BreadcrumbList","@id":"https:\/\/www.eagora.app\/ca\/conocimiento\/liders-que-ens-inspiren-xxxv-festa-del-basquet-lleidata-lesborgesblanques\/#breadcrumb","itemListElement":[{"@type":"ListItem","position":1,"name":"Inicio","item":"https:\/\/www.eagora.app\/ca\/"},{"@type":"ListItem","position":2,"name":"Coneixement","item":"https:\/\/www.eagora.app\/ca\/coneixement\/"},{"@type":"ListItem","position":3,"name":"L\u00edders que ens inspiren: XXXV Festa del b\u00e1squet lleidat\u00e0 #LESBORGESBLANQUES"}]},{"@type":"WebSite","@id":"https:\/\/www.eagora.app\/ca\/#website","url":"https:\/\/www.eagora.app\/ca\/","name":"eAgora","description":"La plataforma que nos conecta","publisher":{"@id":"https:\/\/www.eagora.app\/ca\/#organization"},"potentialAction":[{"@type":"SearchAction","target":{"@type":"EntryPoint","urlTemplate":"https:\/\/www.eagora.app\/ca\/?s={search_term_string}"},"query-input":{"@type":"PropertyValueSpecification","valueRequired":true,"valueName":"search_term_string"}}],"inLanguage":"ca"},{"@type":"Organization","@id":"https:\/\/www.eagora.app\/ca\/#organization","name":"eAgora","url":"https:\/\/www.eagora.app\/ca\/","logo":{"@type":"ImageObject","inLanguage":"ca","@id":"https:\/\/www.eagora.app\/ca\/#\/schema\/logo\/image\/","url":"https:\/\/www.eagora.app\/wp-content\/uploads\/2023\/02\/logo-eagora-emails.jpg","contentUrl":"https:\/\/www.eagora.app\/wp-content\/uploads\/2023\/02\/logo-eagora-emails.jpg","width":550,"height":146,"caption":"eAgora"},"image":{"@id":"https:\/\/www.eagora.app\/ca\/#\/schema\/logo\/image\/"},"sameAs":["https:\/\/www.facebook.com\/eAgoraApp","https:\/\/x.com\/EagoraApp","https:\/\/www.instagram.com\/eagora.app\/","https:\/\/www.linkedin.com\/company\/eagora","https:\/\/www.youtube.com\/@eAgoraApp"]},{"@type":"Person","@id":"https:\/\/www.eagora.app\/ca\/#\/schema\/person\/a4a60fc1ef1735a32fe2ec549cdbfd52","name":"Alexandra Gallego","image":{"@type":"ImageObject","inLanguage":"ca","@id":"https:\/\/www.eagora.app\/ca\/#\/schema\/person\/image\/","url":"https:\/\/secure.gravatar.com\/avatar\/040b2e489de6f908c77a3de90c4ff9b87097b9ca5726a0c9c132b167326130cc?s=96&d=mm&r=g","contentUrl":"https:\/\/secure.gravatar.com\/avatar\/040b2e489de6f908c77a3de90c4ff9b87097b9ca5726a0c9c132b167326130cc?s=96&d=mm&r=g","caption":"Alexandra Gallego"}}]}},"jetpack_featured_media_url":"https:\/\/www.eagora.app\/wp-content\/uploads\/2023\/07\/XXXV-Fiesta-del-basquet-leridano.jpg","jetpack_sharing_enabled":true,"_links":{"self":[{"href":"https:\/\/www.eagora.app\/ca\/wp-json\/wp\/v2\/posts\/17031","targetHints":{"allow":["GET"]}}],"collection":[{"href":"https:\/\/www.eagora.app\/ca\/wp-json\/wp\/v2\/posts"}],"about":[{"href":"https:\/\/www.eagora.app\/ca\/wp-json\/wp\/v2\/types\/post"}],"author":[{"embeddable":true,"href":"https:\/\/www.eagora.app\/ca\/wp-json\/wp\/v2\/users\/12"}],"replies":[{"embeddable":true,"href":"https:\/\/www.eagora.app\/ca\/wp-json\/wp\/v2\/comments?post=17031"}],"version-history":[{"count":0,"href":"https:\/\/www.eagora.app\/ca\/wp-json\/wp\/v2\/posts\/17031\/revisions"}],"wp:featuredmedia":[{"embeddable":true,"href":"https:\/\/www.eagora.app\/ca\/wp-json\/wp\/v2\/media\/17014"}],"wp:attachment":[{"href":"https:\/\/www.eagora.app\/ca\/wp-json\/wp\/v2\/media?parent=17031"}],"wp:term":[{"taxonomy":"category","embeddable":true,"href":"https:\/\/www.eagora.app\/ca\/wp-json\/wp\/v2\/categories?post=17031"},{"taxonomy":"post_tag","embeddable":true,"href":"https:\/\/www.eagora.app\/ca\/wp-json\/wp\/v2\/tags?post=17031"}],"curies":[{"name":"wp","href":"https:\/\/api.w.org\/{rel}","templated":true}]}}