{"id":14590,"date":"2021-12-03T15:00:40","date_gmt":"2021-12-03T13:00:40","guid":{"rendered":"https:\/\/www.eagora.app\/?p=14590"},"modified":"2023-05-12T12:39:57","modified_gmt":"2023-05-12T10:39:57","slug":"premis-empren-2021-nou-impuls-a-lemprenedoria-local","status":"publish","type":"post","link":"https:\/\/www.eagora.app\/ca\/conocimiento\/premis-empren-2021-nou-impuls-a-lemprenedoria-local\/","title":{"rendered":"Premis Empr\u00e8n 2021: nou impuls a l&#8217;emprenedoria local"},"content":{"rendered":"<p>Els Premis Empr\u00e8n de la Diputaci\u00f3 de Tarragona impulsen nous projectes empresarials nascuts al Camp de Tarragona, les Terres de l&#8217;Ebre i el Baix Pened\u00e8s. Aquest dijous s&#8217;han donat a con\u00e8ixer els projectes guardonats a l&#8217;edici\u00f3 d&#8217;enguany: es tracta de l&#8217;ag\u00e8ncia de viatges en l\u00ednia especialitzada en experi\u00e8ncies immersives NJOY CATALONIA, SC, de Tortosa (categoria Turisme, cultura i experi\u00e8ncies); la creaci\u00f3 d&#8217;un electrode adaptat a nounats per a enregistraments electroencefalogr\u00e0fics per part d&#8217;aCUP-E, de Tarragona (categoria Salut i esport); TREELLUM TECHNOLOGIES, de Tarragona, pel desenvolupament d&#8217;eines tecnol\u00f2giques que permeten l&#8217;\u00fas de la llum natural per a la investigaci\u00f3 cient\u00edfica (categoria Tecnologia i Innovaci\u00f3); els envasos biodegradables per a allotjaments tur\u00edstics d&#8217;IDISAPPEAR, de Riudoms, (categoria Efici\u00e8ncia energ\u00e8tica i sostenibilitat), i la marca inclusiva ALL SKIN WEAR, del Vendrell, per la seva aposta per la inclusivitat i la igualtat (categoria Economia social).<\/p>\n<p class=\"Textbody\"><img fetchpriority=\"high\" decoding=\"async\" src=\"https:\/\/www.dipta.cat\/sites\/default\/files\/inline-images\/Captura2.PNG\" alt=\"Guanyadors dels Premis Empr\u00e8n\" width=\"964\" height=\"561\" data-entity-type=\"file\" data-entity-uuid=\"35c83656-f98f-4142-be59-46ebc1f09a42\" \/><\/p>\n<p>El lliurament dels guardons s&#8217;ha celebrat aquest dijous al nou Centre d&#8217;Innovaci\u00f3 i Formaci\u00f3 de la Boca de la Mina de la Diputaci\u00f3 a Reus, en un acte encap\u00e7alat per la presidenta de la instituci\u00f3, Noem\u00ed Llaurad\u00f3, i per la diputada d&#8217;Ocupaci\u00f3 i Emprenedoria, Carme Ferrer. Els projectes guanyadors rebran una premi econ\u00f2mic de 4.000\u20ac que servir\u00e0 per fer avan\u00e7ar el projecte, aix\u00ed com un servei d&#8217;assessorament personalitzat per part de l&#8217;equip t\u00e8cnic de la Diputaci\u00f3 i de les entitats col\u00b7laboradores. A m\u00e9s, els Premis Empr\u00e8n 2021 han reconegut 15 projectes m\u00e9s de les diferents categories, amb una dotaci\u00f3 de 1.000\u20ac cadascun: KOONERFY (Tarragona), PRIORAT EXPLAINED (Falset), A PROP EBRE, SCP (Jes\u00fas), LA LLATADORA (Rasquera), NOSTRUMNATURLAB (Tarragona), AGE&amp;THECITY (Alforja), CENTRE M\u00c8DIC TRIGON (Alcanar), VIRANTE (Cambrils), VIRTUAM 360\u00ba SCP (Tarragona), ELS CORREMARGES SCCL (Passanant i Belltall), MICROALGAE LAB (Tarragona), EAGORA, ALGORISME DEL CANVI SL (Reus), CUIDAPRO (Els Muntells), LES ABELLES COOP REUS SCCL (Reus) i NIU (Altafulla).<\/p>\n<p>La 9a edici\u00f3 dels Premis Empr\u00e8n de la Diputaci\u00f3 ha impulsat un total de 20 projectes empresarials del Camp de Tarragona, les Terres de l&#8217;Ebre i el Baix Pened\u00e8s, amb una dotaci\u00f3 econ\u00f2mica total de 35.000\u20ac. L&#8217;objectiu del certamen \u00e9s fomentar l&#8217;esperit emprenedor i la innovaci\u00f3, alhora que es vol contribuir a impulsar l&#8217;ocupaci\u00f3 i l&#8217;economia del territori amb la creaci\u00f3 de noves empreses. En aquest sentit, la presidenta de la Diputaci\u00f3 de Tarragona, Noem\u00ed Llaurad\u00f3, ha posat de manifest durant l&#8217;acte que &#8220;aquests guardons s\u00f3n una baula indispensable en la voluntat de la Diputaci\u00f3 d\u2019incentivar l\u2019activitat econ\u00f2mica basada en el coneixement, la tecnologia i la innovaci\u00f3&#8221;. A m\u00e9s, ha destacat que &#8220;el paper de les persones emprenedores \u00e9s vital en aquest proc\u00e9s de generaci\u00f3 de riquesa per al nostre territori, en base a nous models de negoci amb valor afegit, m\u00e9s competitius i adaptats als nous temps i a les noves necessitats de la ciutadania&#8221;.<\/p>\n<p>Els Premis Empr\u00e8n s\u00f3n un dels eixos centrals de tot un conjunt d\u2019actuacions la Diputaci\u00f3 de Tarragona impulsa per donar suport a les iniciatives emprenedores i al creixement econ\u00f2mic, social i sostenible del territori. La diputada d&#8217;Ocupaci\u00f3 i Emprenedoria, Carme Ferrer, ha destacat el nivell de les 63 propostes rebudes i ha afirmat que &#8220;apostant pel talent no nom\u00e9s guanyem competitivitat, sin\u00f3 que tamb\u00e9 contribu\u00efm a generar creixement que impacta de forma positiva a la societat&#8221;. Des de l&#8217;any 2013, el certamen ha impulsat m\u00e9s de 200 projectes nascuts arreu de la demarcaci\u00f3 de Tarragona.<\/p>\n<p>L&#8217;acte, que s&#8217;ha pogut seguir en directe a trav\u00e9s del Canal de Youtube de la Diputaci\u00f3, ha comptat amb la participaci\u00f3 de Diana Ballart, CEO &amp; Co-Founder The Smart Lollipop, que ha ofert la &#8220;Emprendre innovant, tan complex com necessari. Com fer-ho i gaudir del cam\u00ed&#8221;.<\/p>\n<p>&nbsp;<\/p>\n<p>La font original d&#8217;aquesta not\u00edcia \u00e9s:\u00a0<a href=\"https:\/\/www.dipta.cat\/noticies\/premis-empren-2021-nou-impuls-emprenedoria-local\">https:\/\/www.dipta.cat\/noticies\/premis-empren-2021-nou-impuls-emprenedoria-local<\/a><\/p>\n","protected":false},"excerpt":{"rendered":"<p>Els Premis Empr\u00e8n de la Diputaci\u00f3 de Tarragona impulsen nous projectes empresarials nascuts al Camp de Tarragona, les Terres de l&#8217;Ebre i el Baix Pened\u00e8s. Aquest dijous s&#8217;han donat a con\u00e8ixer els projectes guardonats a l&#8217;edici\u00f3 d&#8217;enguany: es tracta de l&#8217;ag\u00e8ncia de viatges en l\u00ednia especialitzada en experi\u00e8ncies immersives NJOY CATALONIA, SC, de Tortosa (categoria [&hellip;]<\/p>\n","protected":false},"author":1,"featured_media":14591,"comment_status":"closed","ping_status":"open","sticky":false,"template":"","format":"standard","meta":{"content-type":"","_jetpack_memberships_contains_paid_content":false,"_joinchat":[],"footnotes":""},"categories":[117],"tags":[],"class_list":["post-14590","post","type-post","status-publish","format-standard","has-post-thumbnail","hentry","category-premsa"],"yoast_head":"<!-- This site is optimized with the Yoast SEO Premium plugin v27.0 (Yoast SEO v27.0) - https:\/\/yoast.com\/product\/yoast-seo-premium-wordpress\/ -->\n<title>Premis Empr\u00e8n 2021: nou impuls a l&#039;emprenedoria local - eAgora<\/title>\n<meta name=\"description\" content=\"Els Premis Empr\u00e8n de la Diputaci\u00f3 de Tarragona impulsen nous projectes empresarials nascuts al Camp de Tarragona, les Terres de l&#039;Ebre i el Baix Pened\u00e8s.\" \/>\n<meta name=\"robots\" content=\"index, follow, max-snippet:-1, max-image-preview:large, max-video-preview:-1\" \/>\n<link rel=\"canonical\" href=\"https:\/\/www.eagora.app\/ca\/conocimiento\/premis-empren-2021-nou-impuls-a-lemprenedoria-local\/\" \/>\n<meta property=\"og:locale\" content=\"ca_ES\" \/>\n<meta property=\"og:type\" content=\"article\" \/>\n<meta property=\"og:title\" content=\"Premis Empr\u00e8n 2021: nou impuls a l&#039;emprenedoria local\" \/>\n<meta property=\"og:description\" content=\"Els Premis Empr\u00e8n de la Diputaci\u00f3 de Tarragona impulsen nous projectes empresarials nascuts al Camp de Tarragona, les Terres de l&#039;Ebre i el Baix Pened\u00e8s.\" \/>\n<meta property=\"og:url\" content=\"https:\/\/www.eagora.app\/ca\/conocimiento\/premis-empren-2021-nou-impuls-a-lemprenedoria-local\/\" \/>\n<meta property=\"og:site_name\" content=\"eAgora\" \/>\n<meta property=\"article:publisher\" content=\"https:\/\/www.facebook.com\/eAgoraApp\" \/>\n<meta property=\"article:published_time\" content=\"2021-12-03T13:00:40+00:00\" \/>\n<meta property=\"article:modified_time\" content=\"2023-05-12T10:39:57+00:00\" \/>\n<meta property=\"og:image\" content=\"https:\/\/www.eagora.app\/wp-content\/uploads\/2023\/05\/Premis-Empren-2021.png\" \/>\n\t<meta property=\"og:image:width\" content=\"939\" \/>\n\t<meta property=\"og:image:height\" content=\"599\" \/>\n\t<meta property=\"og:image:type\" content=\"image\/png\" \/>\n<meta name=\"author\" content=\"eAgora\" \/>\n<meta name=\"twitter:card\" content=\"summary_large_image\" \/>\n<meta name=\"twitter:creator\" content=\"@EagoraApp\" \/>\n<meta name=\"twitter:site\" content=\"@EagoraApp\" \/>\n<meta name=\"twitter:label1\" content=\"Escrit per\" \/>\n\t<meta name=\"twitter:data1\" content=\"eAgora\" \/>\n\t<meta name=\"twitter:label2\" content=\"Temps estimat de lectura\" \/>\n\t<meta name=\"twitter:data2\" content=\"3 minuts\" \/>\n<script type=\"application\/ld+json\" class=\"yoast-schema-graph\">{\"@context\":\"https:\/\/schema.org\",\"@graph\":[{\"@type\":\"Article\",\"@id\":\"https:\/\/www.eagora.app\/ca\/conocimiento\/premis-empren-2021-nou-impuls-a-lemprenedoria-local\/#article\",\"isPartOf\":{\"@id\":\"https:\/\/www.eagora.app\/ca\/conocimiento\/premis-empren-2021-nou-impuls-a-lemprenedoria-local\/\"},\"author\":{\"name\":\"eAgora\",\"@id\":\"https:\/\/www.eagora.app\/ca\/#\/schema\/person\/2c0bcd4ab853064ddae221de085fc6cb\"},\"headline\":\"Premis Empr\u00e8n 2021: nou impuls a l&#8217;emprenedoria local\",\"datePublished\":\"2021-12-03T13:00:40+00:00\",\"dateModified\":\"2023-05-12T10:39:57+00:00\",\"mainEntityOfPage\":{\"@id\":\"https:\/\/www.eagora.app\/ca\/conocimiento\/premis-empren-2021-nou-impuls-a-lemprenedoria-local\/\"},\"wordCount\":676,\"publisher\":{\"@id\":\"https:\/\/www.eagora.app\/ca\/#organization\"},\"image\":{\"@id\":\"https:\/\/www.eagora.app\/ca\/conocimiento\/premis-empren-2021-nou-impuls-a-lemprenedoria-local\/#primaryimage\"},\"thumbnailUrl\":\"https:\/\/www.eagora.app\/wp-content\/uploads\/2023\/05\/Premis-Empren-2021.png\",\"articleSection\":[\"Premsa\"],\"inLanguage\":\"ca\"},{\"@type\":\"WebPage\",\"@id\":\"https:\/\/www.eagora.app\/ca\/conocimiento\/premis-empren-2021-nou-impuls-a-lemprenedoria-local\/\",\"url\":\"https:\/\/www.eagora.app\/ca\/conocimiento\/premis-empren-2021-nou-impuls-a-lemprenedoria-local\/\",\"name\":\"Premis Empr\u00e8n 2021: nou impuls a l'emprenedoria local - eAgora\",\"isPartOf\":{\"@id\":\"https:\/\/www.eagora.app\/ca\/#website\"},\"primaryImageOfPage\":{\"@id\":\"https:\/\/www.eagora.app\/ca\/conocimiento\/premis-empren-2021-nou-impuls-a-lemprenedoria-local\/#primaryimage\"},\"image\":{\"@id\":\"https:\/\/www.eagora.app\/ca\/conocimiento\/premis-empren-2021-nou-impuls-a-lemprenedoria-local\/#primaryimage\"},\"thumbnailUrl\":\"https:\/\/www.eagora.app\/wp-content\/uploads\/2023\/05\/Premis-Empren-2021.png\",\"datePublished\":\"2021-12-03T13:00:40+00:00\",\"dateModified\":\"2023-05-12T10:39:57+00:00\",\"description\":\"Els Premis Empr\u00e8n de la Diputaci\u00f3 de Tarragona impulsen nous projectes empresarials nascuts al Camp de Tarragona, les Terres de l'Ebre i el Baix Pened\u00e8s.\",\"breadcrumb\":{\"@id\":\"https:\/\/www.eagora.app\/ca\/conocimiento\/premis-empren-2021-nou-impuls-a-lemprenedoria-local\/#breadcrumb\"},\"inLanguage\":\"ca\",\"potentialAction\":[{\"@type\":\"ReadAction\",\"target\":[\"https:\/\/www.eagora.app\/ca\/conocimiento\/premis-empren-2021-nou-impuls-a-lemprenedoria-local\/\"]}]},{\"@type\":\"ImageObject\",\"inLanguage\":\"ca\",\"@id\":\"https:\/\/www.eagora.app\/ca\/conocimiento\/premis-empren-2021-nou-impuls-a-lemprenedoria-local\/#primaryimage\",\"url\":\"https:\/\/www.eagora.app\/wp-content\/uploads\/2023\/05\/Premis-Empren-2021.png\",\"contentUrl\":\"https:\/\/www.eagora.app\/wp-content\/uploads\/2023\/05\/Premis-Empren-2021.png\",\"width\":939,\"height\":599},{\"@type\":\"BreadcrumbList\",\"@id\":\"https:\/\/www.eagora.app\/ca\/conocimiento\/premis-empren-2021-nou-impuls-a-lemprenedoria-local\/#breadcrumb\",\"itemListElement\":[{\"@type\":\"ListItem\",\"position\":1,\"name\":\"Inicio\",\"item\":\"https:\/\/www.eagora.app\/ca\/\"},{\"@type\":\"ListItem\",\"position\":2,\"name\":\"Coneixement\",\"item\":\"https:\/\/www.eagora.app\/ca\/coneixement\/\"},{\"@type\":\"ListItem\",\"position\":3,\"name\":\"Premis Empr\u00e8n 2021: nou impuls a l&#8217;emprenedoria local\"}]},{\"@type\":\"WebSite\",\"@id\":\"https:\/\/www.eagora.app\/ca\/#website\",\"url\":\"https:\/\/www.eagora.app\/ca\/\",\"name\":\"eAgora\",\"description\":\"La plataforma que nos conecta\",\"publisher\":{\"@id\":\"https:\/\/www.eagora.app\/ca\/#organization\"},\"potentialAction\":[{\"@type\":\"SearchAction\",\"target\":{\"@type\":\"EntryPoint\",\"urlTemplate\":\"https:\/\/www.eagora.app\/ca\/?s={search_term_string}\"},\"query-input\":{\"@type\":\"PropertyValueSpecification\",\"valueRequired\":true,\"valueName\":\"search_term_string\"}}],\"inLanguage\":\"ca\"},{\"@type\":\"Organization\",\"@id\":\"https:\/\/www.eagora.app\/ca\/#organization\",\"name\":\"eAgora\",\"url\":\"https:\/\/www.eagora.app\/ca\/\",\"logo\":{\"@type\":\"ImageObject\",\"inLanguage\":\"ca\",\"@id\":\"https:\/\/www.eagora.app\/ca\/#\/schema\/logo\/image\/\",\"url\":\"https:\/\/www.eagora.app\/wp-content\/uploads\/2023\/02\/logo-eagora-emails.jpg\",\"contentUrl\":\"https:\/\/www.eagora.app\/wp-content\/uploads\/2023\/02\/logo-eagora-emails.jpg\",\"width\":550,\"height\":146,\"caption\":\"eAgora\"},\"image\":{\"@id\":\"https:\/\/www.eagora.app\/ca\/#\/schema\/logo\/image\/\"},\"sameAs\":[\"https:\/\/www.facebook.com\/eAgoraApp\",\"https:\/\/x.com\/EagoraApp\",\"https:\/\/www.instagram.com\/eagora.app\/\",\"https:\/\/www.linkedin.com\/company\/eagora\",\"https:\/\/www.youtube.com\/@eAgoraApp\"]},{\"@type\":\"Person\",\"@id\":\"https:\/\/www.eagora.app\/ca\/#\/schema\/person\/2c0bcd4ab853064ddae221de085fc6cb\",\"name\":\"eAgora\",\"image\":{\"@type\":\"ImageObject\",\"inLanguage\":\"ca\",\"@id\":\"https:\/\/www.eagora.app\/ca\/#\/schema\/person\/image\/\",\"url\":\"https:\/\/secure.gravatar.com\/avatar\/4064788de93df47d7b610fff59afd18d60068c3080ef7ed5ca23850e566aef16?s=96&d=mm&r=g\",\"contentUrl\":\"https:\/\/secure.gravatar.com\/avatar\/4064788de93df47d7b610fff59afd18d60068c3080ef7ed5ca23850e566aef16?s=96&d=mm&r=g\",\"caption\":\"eAgora\"},\"sameAs\":[\"https:\/\/v2.eagora.app\"]}]}<\/script>\n<!-- \/ Yoast SEO Premium plugin. -->","yoast_head_json":{"title":"Premis Empr\u00e8n 2021: nou impuls a l'emprenedoria local - eAgora","description":"Els Premis Empr\u00e8n de la Diputaci\u00f3 de Tarragona impulsen nous projectes empresarials nascuts al Camp de Tarragona, les Terres de l'Ebre i el Baix Pened\u00e8s.","robots":{"index":"index","follow":"follow","max-snippet":"max-snippet:-1","max-image-preview":"max-image-preview:large","max-video-preview":"max-video-preview:-1"},"canonical":"https:\/\/www.eagora.app\/ca\/conocimiento\/premis-empren-2021-nou-impuls-a-lemprenedoria-local\/","og_locale":"ca_ES","og_type":"article","og_title":"Premis Empr\u00e8n 2021: nou impuls a l'emprenedoria local","og_description":"Els Premis Empr\u00e8n de la Diputaci\u00f3 de Tarragona impulsen nous projectes empresarials nascuts al Camp de Tarragona, les Terres de l'Ebre i el Baix Pened\u00e8s.","og_url":"https:\/\/www.eagora.app\/ca\/conocimiento\/premis-empren-2021-nou-impuls-a-lemprenedoria-local\/","og_site_name":"eAgora","article_publisher":"https:\/\/www.facebook.com\/eAgoraApp","article_published_time":"2021-12-03T13:00:40+00:00","article_modified_time":"2023-05-12T10:39:57+00:00","og_image":[{"width":939,"height":599,"url":"https:\/\/www.eagora.app\/wp-content\/uploads\/2023\/05\/Premis-Empren-2021.png","type":"image\/png"}],"author":"eAgora","twitter_card":"summary_large_image","twitter_creator":"@EagoraApp","twitter_site":"@EagoraApp","twitter_misc":{"Escrit per":"eAgora","Temps estimat de lectura":"3 minuts"},"schema":{"@context":"https:\/\/schema.org","@graph":[{"@type":"Article","@id":"https:\/\/www.eagora.app\/ca\/conocimiento\/premis-empren-2021-nou-impuls-a-lemprenedoria-local\/#article","isPartOf":{"@id":"https:\/\/www.eagora.app\/ca\/conocimiento\/premis-empren-2021-nou-impuls-a-lemprenedoria-local\/"},"author":{"name":"eAgora","@id":"https:\/\/www.eagora.app\/ca\/#\/schema\/person\/2c0bcd4ab853064ddae221de085fc6cb"},"headline":"Premis Empr\u00e8n 2021: nou impuls a l&#8217;emprenedoria local","datePublished":"2021-12-03T13:00:40+00:00","dateModified":"2023-05-12T10:39:57+00:00","mainEntityOfPage":{"@id":"https:\/\/www.eagora.app\/ca\/conocimiento\/premis-empren-2021-nou-impuls-a-lemprenedoria-local\/"},"wordCount":676,"publisher":{"@id":"https:\/\/www.eagora.app\/ca\/#organization"},"image":{"@id":"https:\/\/www.eagora.app\/ca\/conocimiento\/premis-empren-2021-nou-impuls-a-lemprenedoria-local\/#primaryimage"},"thumbnailUrl":"https:\/\/www.eagora.app\/wp-content\/uploads\/2023\/05\/Premis-Empren-2021.png","articleSection":["Premsa"],"inLanguage":"ca"},{"@type":"WebPage","@id":"https:\/\/www.eagora.app\/ca\/conocimiento\/premis-empren-2021-nou-impuls-a-lemprenedoria-local\/","url":"https:\/\/www.eagora.app\/ca\/conocimiento\/premis-empren-2021-nou-impuls-a-lemprenedoria-local\/","name":"Premis Empr\u00e8n 2021: nou impuls a l'emprenedoria local - eAgora","isPartOf":{"@id":"https:\/\/www.eagora.app\/ca\/#website"},"primaryImageOfPage":{"@id":"https:\/\/www.eagora.app\/ca\/conocimiento\/premis-empren-2021-nou-impuls-a-lemprenedoria-local\/#primaryimage"},"image":{"@id":"https:\/\/www.eagora.app\/ca\/conocimiento\/premis-empren-2021-nou-impuls-a-lemprenedoria-local\/#primaryimage"},"thumbnailUrl":"https:\/\/www.eagora.app\/wp-content\/uploads\/2023\/05\/Premis-Empren-2021.png","datePublished":"2021-12-03T13:00:40+00:00","dateModified":"2023-05-12T10:39:57+00:00","description":"Els Premis Empr\u00e8n de la Diputaci\u00f3 de Tarragona impulsen nous projectes empresarials nascuts al Camp de Tarragona, les Terres de l'Ebre i el Baix Pened\u00e8s.","breadcrumb":{"@id":"https:\/\/www.eagora.app\/ca\/conocimiento\/premis-empren-2021-nou-impuls-a-lemprenedoria-local\/#breadcrumb"},"inLanguage":"ca","potentialAction":[{"@type":"ReadAction","target":["https:\/\/www.eagora.app\/ca\/conocimiento\/premis-empren-2021-nou-impuls-a-lemprenedoria-local\/"]}]},{"@type":"ImageObject","inLanguage":"ca","@id":"https:\/\/www.eagora.app\/ca\/conocimiento\/premis-empren-2021-nou-impuls-a-lemprenedoria-local\/#primaryimage","url":"https:\/\/www.eagora.app\/wp-content\/uploads\/2023\/05\/Premis-Empren-2021.png","contentUrl":"https:\/\/www.eagora.app\/wp-content\/uploads\/2023\/05\/Premis-Empren-2021.png","width":939,"height":599},{"@type":"BreadcrumbList","@id":"https:\/\/www.eagora.app\/ca\/conocimiento\/premis-empren-2021-nou-impuls-a-lemprenedoria-local\/#breadcrumb","itemListElement":[{"@type":"ListItem","position":1,"name":"Inicio","item":"https:\/\/www.eagora.app\/ca\/"},{"@type":"ListItem","position":2,"name":"Coneixement","item":"https:\/\/www.eagora.app\/ca\/coneixement\/"},{"@type":"ListItem","position":3,"name":"Premis Empr\u00e8n 2021: nou impuls a l&#8217;emprenedoria local"}]},{"@type":"WebSite","@id":"https:\/\/www.eagora.app\/ca\/#website","url":"https:\/\/www.eagora.app\/ca\/","name":"eAgora","description":"La plataforma que nos conecta","publisher":{"@id":"https:\/\/www.eagora.app\/ca\/#organization"},"potentialAction":[{"@type":"SearchAction","target":{"@type":"EntryPoint","urlTemplate":"https:\/\/www.eagora.app\/ca\/?s={search_term_string}"},"query-input":{"@type":"PropertyValueSpecification","valueRequired":true,"valueName":"search_term_string"}}],"inLanguage":"ca"},{"@type":"Organization","@id":"https:\/\/www.eagora.app\/ca\/#organization","name":"eAgora","url":"https:\/\/www.eagora.app\/ca\/","logo":{"@type":"ImageObject","inLanguage":"ca","@id":"https:\/\/www.eagora.app\/ca\/#\/schema\/logo\/image\/","url":"https:\/\/www.eagora.app\/wp-content\/uploads\/2023\/02\/logo-eagora-emails.jpg","contentUrl":"https:\/\/www.eagora.app\/wp-content\/uploads\/2023\/02\/logo-eagora-emails.jpg","width":550,"height":146,"caption":"eAgora"},"image":{"@id":"https:\/\/www.eagora.app\/ca\/#\/schema\/logo\/image\/"},"sameAs":["https:\/\/www.facebook.com\/eAgoraApp","https:\/\/x.com\/EagoraApp","https:\/\/www.instagram.com\/eagora.app\/","https:\/\/www.linkedin.com\/company\/eagora","https:\/\/www.youtube.com\/@eAgoraApp"]},{"@type":"Person","@id":"https:\/\/www.eagora.app\/ca\/#\/schema\/person\/2c0bcd4ab853064ddae221de085fc6cb","name":"eAgora","image":{"@type":"ImageObject","inLanguage":"ca","@id":"https:\/\/www.eagora.app\/ca\/#\/schema\/person\/image\/","url":"https:\/\/secure.gravatar.com\/avatar\/4064788de93df47d7b610fff59afd18d60068c3080ef7ed5ca23850e566aef16?s=96&d=mm&r=g","contentUrl":"https:\/\/secure.gravatar.com\/avatar\/4064788de93df47d7b610fff59afd18d60068c3080ef7ed5ca23850e566aef16?s=96&d=mm&r=g","caption":"eAgora"},"sameAs":["https:\/\/v2.eagora.app"]}]}},"jetpack_featured_media_url":"https:\/\/www.eagora.app\/wp-content\/uploads\/2023\/05\/Premis-Empren-2021.png","jetpack_sharing_enabled":true,"_links":{"self":[{"href":"https:\/\/www.eagora.app\/ca\/wp-json\/wp\/v2\/posts\/14590","targetHints":{"allow":["GET"]}}],"collection":[{"href":"https:\/\/www.eagora.app\/ca\/wp-json\/wp\/v2\/posts"}],"about":[{"href":"https:\/\/www.eagora.app\/ca\/wp-json\/wp\/v2\/types\/post"}],"author":[{"embeddable":true,"href":"https:\/\/www.eagora.app\/ca\/wp-json\/wp\/v2\/users\/1"}],"replies":[{"embeddable":true,"href":"https:\/\/www.eagora.app\/ca\/wp-json\/wp\/v2\/comments?post=14590"}],"version-history":[{"count":0,"href":"https:\/\/www.eagora.app\/ca\/wp-json\/wp\/v2\/posts\/14590\/revisions"}],"wp:featuredmedia":[{"embeddable":true,"href":"https:\/\/www.eagora.app\/ca\/wp-json\/wp\/v2\/media\/14591"}],"wp:attachment":[{"href":"https:\/\/www.eagora.app\/ca\/wp-json\/wp\/v2\/media?parent=14590"}],"wp:term":[{"taxonomy":"category","embeddable":true,"href":"https:\/\/www.eagora.app\/ca\/wp-json\/wp\/v2\/categories?post=14590"},{"taxonomy":"post_tag","embeddable":true,"href":"https:\/\/www.eagora.app\/ca\/wp-json\/wp\/v2\/tags?post=14590"}],"curies":[{"name":"wp","href":"https:\/\/api.w.org\/{rel}","templated":true}]}}