{"id":14582,"date":"2022-02-21T13:00:31","date_gmt":"2022-02-21T11:00:31","guid":{"rendered":"https:\/\/www.eagora.app\/?p=14582"},"modified":"2023-05-12T12:32:57","modified_gmt":"2023-05-12T10:32:57","slug":"vila-rodona-posa-en-marxa-una-nova-app-per-apropar-el-govern-municipal-a-la-ciutadania","status":"publish","type":"post","link":"https:\/\/www.eagora.app\/ca\/conocimiento\/vila-rodona-posa-en-marxa-una-nova-app-per-apropar-el-govern-municipal-a-la-ciutadania\/","title":{"rendered":"Vila-rodona posa en marxa una nova app per apropar el govern municipal a la ciutadania"},"content":{"rendered":"<p>L\u2019Ajuntament de Vila-Rodona fa un pas m\u00e9s en l\u2019\u00e0mbit de la transpar\u00e8ncia i posa en marxa\u00a0 l\u2019app eAgora, una\u00a0<strong>nova eina tecnol\u00f2gica que t\u00e9 per objectiu<\/strong>\u00a0facilitar la comunicaci\u00f3 amb la ciutadania i oferir un recurs per a poder proposar iniciatives i publicar esdeveniments per part de tothom.<\/p>\n<p>Es tracta d\u2019<a href=\"https:\/\/www.eagora.app\/\"><em>eAgora<\/em><\/a>, una\u00a0<strong>aplicaci\u00f3 m\u00f2bil<\/strong>\u00a0<strong>gratu\u00efta\u00a0<\/strong>que esdev\u00e9 un punt de trobada digital per a dinamitzar la vida al municipi i fomentar la participaci\u00f3 ciutadana, amb l\u2019objectiu de generar\u00a0<strong>accions reals<\/strong>\u00a0que\u00a0 ajudin a avan\u00e7ar cap a un model de municipi m\u00e9s participatiu, comprom\u00e8s i sostenible.<\/p>\n<p><strong>LA PRIMERA XARXA PER ALS MUNICIPIS QUE PROMOU LA SOSTENIBILITAT a TRAV\u00c9S DE LA PARTICIPACI\u00d3 CIUTADANA<\/strong><\/p>\n<p>eAgora \u00e9s una xarxa social en la que, enlloc de seguir persones, seguim canals tem\u00e0tics. Aquesta xarxa social, a trav\u00e9s de punts i ins\u00edgnies que podran guanyar els usuaris i usu\u00e0ries, dona visibilitat i refor\u00e7a aquelles accions amb un major impacte positiu al municipi i les relaciona directament amb l\u2019Agenda 2030 i els ODS.<\/p>\n<p>\u00c9s la primera app municipal que fomenta la participaci\u00f3 ciutadana i la vincula a l\u2019Agenda 2030, facilitant un espai de di\u00e0leg directe entre ve\u00efns, ve\u00efnes, entitats, comer\u00e7os, empreses i l\u2019Ajuntament.<\/p>\n<p><strong>LA PRIMERA APP QUE REGISTRA A TEMPS REAL ELS ODS DE L\u2019AGENDA 2030<\/strong><\/p>\n<p>Tamb\u00e9 facilita la recerca de qualsevol tipus d\u2019acte al municipi a trav\u00e9s del seu calendari; aix\u00ed com reportar incid\u00e8ncies de la via p\u00fablica i rebre informaci\u00f3 directa de l\u2019Ajuntament. En un futur, l\u2019app inclour\u00e0 altres funcionalitats relacionades amb l\u2019administraci\u00f3 electr\u00f2nica i les smartcities, per a facilitar a tothom la realitzaci\u00f3 de tr\u00e0mits administratius a trav\u00e9s del m\u00f2bil i tenir a m\u00e0 tota la informaci\u00f3 del municipi.<\/p>\n<p>S\u00f3n moltes les utilitats que l\u2019aplicaci\u00f3 ofereix i oferir\u00e0 en un futur, convertint-se en la primera app ALL-IN-ONE per a l\u2019administraci\u00f3 que impulsa l\u2019Agenda 2030.<\/p>\n<p><strong>ACTE DE PRESENTACI\u00d3 DE L\u2019APP<\/strong><\/p>\n<p>Per a con\u00e8ixer les seves possibilitats i funcionament l\u2019Ajuntament us convida a un\u00a0<strong>acte de presentaci\u00f3 el proper dijous, 3 de mar\u00e7, a les 20.00h, a la Biblioteca.<\/strong><\/p>\n<p>&nbsp;<\/p>\n<p>La font original d&#8217;aquesta not\u00edcia \u00e9s:\u00a0<a href=\"https:\/\/laciutat.cat\/la-ciutat-alt-camp\/vila-rodona-posa-en-marxa-una-nova-app-per-apropar-el-govern-municipal-a-la-ciutadania#\">https:\/\/laciutat.cat\/la-ciutat-alt-camp\/vila-rodona-posa-en-marxa-una-nova-app-per-apropar-el-govern-municipal-a-la-ciutadania#<\/a><\/p>\n","protected":false},"excerpt":{"rendered":"<p>L\u2019Ajuntament de Vila-Rodona fa un pas m\u00e9s en l\u2019\u00e0mbit de la transpar\u00e8ncia i posa en marxa\u00a0 l\u2019app eAgora, una\u00a0nova eina tecnol\u00f2gica que t\u00e9 per objectiu\u00a0facilitar la comunicaci\u00f3 amb la ciutadania i oferir un recurs per a poder proposar iniciatives i publicar esdeveniments per part de tothom. Es tracta d\u2019eAgora, una\u00a0aplicaci\u00f3 m\u00f2bil\u00a0gratu\u00efta\u00a0que esdev\u00e9 un punt de [&hellip;]<\/p>\n","protected":false},"author":1,"featured_media":14583,"comment_status":"closed","ping_status":"open","sticky":false,"template":"","format":"standard","meta":{"content-type":"","_jetpack_memberships_contains_paid_content":false,"_joinchat":[],"footnotes":""},"categories":[117],"tags":[],"class_list":["post-14582","post","type-post","status-publish","format-standard","has-post-thumbnail","hentry","category-premsa"],"yoast_head":"<!-- This site is optimized with the Yoast SEO Premium plugin v27.0 (Yoast SEO v27.0) - https:\/\/yoast.com\/product\/yoast-seo-premium-wordpress\/ -->\n<title>Vila-rodona posa en marxa una nova app per apropar el govern municipal a la ciutadania<\/title>\n<meta name=\"description\" content=\"L\u2019Ajuntament de Vila-Rodona fa un pas m\u00e9s en l\u2019\u00e0mbit de la transpar\u00e8ncia i posa en marxa\u00a0 l\u2019app eAgora, una\u00a0nova eina tecnol\u00f2gica que t\u00e9 per objectiu\u00a0facilitar la comunicaci\u00f3 amb la ciutadania i oferir un recurs per a poder proposar iniciatives i publicar esdeveniments per part de tothom.\" \/>\n<meta name=\"robots\" content=\"index, follow, max-snippet:-1, max-image-preview:large, max-video-preview:-1\" \/>\n<link rel=\"canonical\" href=\"https:\/\/www.eagora.app\/ca\/conocimiento\/vila-rodona-posa-en-marxa-una-nova-app-per-apropar-el-govern-municipal-a-la-ciutadania\/\" \/>\n<meta property=\"og:locale\" content=\"ca_ES\" \/>\n<meta property=\"og:type\" content=\"article\" \/>\n<meta property=\"og:title\" content=\"Vila-rodona posa en marxa una nova app per apropar el govern municipal a la ciutadania\" \/>\n<meta property=\"og:description\" content=\"L\u2019Ajuntament de Vila-Rodona fa un pas m\u00e9s en l\u2019\u00e0mbit de la transpar\u00e8ncia i posa en marxa\u00a0 l\u2019app eAgora, una\u00a0nova eina tecnol\u00f2gica que t\u00e9 per objectiu\u00a0facilitar la comunicaci\u00f3 amb la ciutadania i oferir un recurs per a poder proposar iniciatives i publicar esdeveniments per part de tothom.\" \/>\n<meta property=\"og:url\" content=\"https:\/\/www.eagora.app\/ca\/conocimiento\/vila-rodona-posa-en-marxa-una-nova-app-per-apropar-el-govern-municipal-a-la-ciutadania\/\" \/>\n<meta property=\"og:site_name\" content=\"eAgora\" \/>\n<meta property=\"article:publisher\" content=\"https:\/\/www.facebook.com\/eAgoraApp\" \/>\n<meta property=\"article:published_time\" content=\"2022-02-21T11:00:31+00:00\" \/>\n<meta property=\"article:modified_time\" content=\"2023-05-12T10:32:57+00:00\" \/>\n<meta property=\"og:image\" content=\"https:\/\/www.eagora.app\/wp-content\/uploads\/2023\/05\/rodona.jpg\" \/>\n\t<meta property=\"og:image:width\" content=\"643\" \/>\n\t<meta property=\"og:image:height\" content=\"355\" \/>\n\t<meta property=\"og:image:type\" content=\"image\/jpeg\" \/>\n<meta name=\"author\" content=\"eAgora\" \/>\n<meta name=\"twitter:card\" content=\"summary_large_image\" \/>\n<meta name=\"twitter:creator\" content=\"@EagoraApp\" \/>\n<meta name=\"twitter:site\" content=\"@EagoraApp\" \/>\n<meta name=\"twitter:label1\" content=\"Escrit per\" \/>\n\t<meta name=\"twitter:data1\" content=\"eAgora\" \/>\n\t<meta name=\"twitter:label2\" content=\"Temps estimat de lectura\" \/>\n\t<meta name=\"twitter:data2\" content=\"2 minuts\" \/>\n<script type=\"application\/ld+json\" class=\"yoast-schema-graph\">{\"@context\":\"https:\/\/schema.org\",\"@graph\":[{\"@type\":\"Article\",\"@id\":\"https:\/\/www.eagora.app\/ca\/conocimiento\/vila-rodona-posa-en-marxa-una-nova-app-per-apropar-el-govern-municipal-a-la-ciutadania\/#article\",\"isPartOf\":{\"@id\":\"https:\/\/www.eagora.app\/ca\/conocimiento\/vila-rodona-posa-en-marxa-una-nova-app-per-apropar-el-govern-municipal-a-la-ciutadania\/\"},\"author\":{\"name\":\"eAgora\",\"@id\":\"https:\/\/www.eagora.app\/ca\/#\/schema\/person\/2c0bcd4ab853064ddae221de085fc6cb\"},\"headline\":\"Vila-rodona posa en marxa una nova app per apropar el govern municipal a la ciutadania\",\"datePublished\":\"2022-02-21T11:00:31+00:00\",\"dateModified\":\"2023-05-12T10:32:57+00:00\",\"mainEntityOfPage\":{\"@id\":\"https:\/\/www.eagora.app\/ca\/conocimiento\/vila-rodona-posa-en-marxa-una-nova-app-per-apropar-el-govern-municipal-a-la-ciutadania\/\"},\"wordCount\":401,\"publisher\":{\"@id\":\"https:\/\/www.eagora.app\/ca\/#organization\"},\"image\":{\"@id\":\"https:\/\/www.eagora.app\/ca\/conocimiento\/vila-rodona-posa-en-marxa-una-nova-app-per-apropar-el-govern-municipal-a-la-ciutadania\/#primaryimage\"},\"thumbnailUrl\":\"https:\/\/www.eagora.app\/wp-content\/uploads\/2023\/05\/rodona.jpg\",\"articleSection\":[\"Premsa\"],\"inLanguage\":\"ca\"},{\"@type\":\"WebPage\",\"@id\":\"https:\/\/www.eagora.app\/ca\/conocimiento\/vila-rodona-posa-en-marxa-una-nova-app-per-apropar-el-govern-municipal-a-la-ciutadania\/\",\"url\":\"https:\/\/www.eagora.app\/ca\/conocimiento\/vila-rodona-posa-en-marxa-una-nova-app-per-apropar-el-govern-municipal-a-la-ciutadania\/\",\"name\":\"Vila-rodona posa en marxa una nova app per apropar el govern municipal a la ciutadania\",\"isPartOf\":{\"@id\":\"https:\/\/www.eagora.app\/ca\/#website\"},\"primaryImageOfPage\":{\"@id\":\"https:\/\/www.eagora.app\/ca\/conocimiento\/vila-rodona-posa-en-marxa-una-nova-app-per-apropar-el-govern-municipal-a-la-ciutadania\/#primaryimage\"},\"image\":{\"@id\":\"https:\/\/www.eagora.app\/ca\/conocimiento\/vila-rodona-posa-en-marxa-una-nova-app-per-apropar-el-govern-municipal-a-la-ciutadania\/#primaryimage\"},\"thumbnailUrl\":\"https:\/\/www.eagora.app\/wp-content\/uploads\/2023\/05\/rodona.jpg\",\"datePublished\":\"2022-02-21T11:00:31+00:00\",\"dateModified\":\"2023-05-12T10:32:57+00:00\",\"description\":\"L\u2019Ajuntament de Vila-Rodona fa un pas m\u00e9s en l\u2019\u00e0mbit de la transpar\u00e8ncia i posa en marxa\u00a0 l\u2019app eAgora, una\u00a0nova eina tecnol\u00f2gica que t\u00e9 per objectiu\u00a0facilitar la comunicaci\u00f3 amb la ciutadania i oferir un recurs per a poder proposar iniciatives i publicar esdeveniments per part de tothom.\",\"breadcrumb\":{\"@id\":\"https:\/\/www.eagora.app\/ca\/conocimiento\/vila-rodona-posa-en-marxa-una-nova-app-per-apropar-el-govern-municipal-a-la-ciutadania\/#breadcrumb\"},\"inLanguage\":\"ca\",\"potentialAction\":[{\"@type\":\"ReadAction\",\"target\":[\"https:\/\/www.eagora.app\/ca\/conocimiento\/vila-rodona-posa-en-marxa-una-nova-app-per-apropar-el-govern-municipal-a-la-ciutadania\/\"]}]},{\"@type\":\"ImageObject\",\"inLanguage\":\"ca\",\"@id\":\"https:\/\/www.eagora.app\/ca\/conocimiento\/vila-rodona-posa-en-marxa-una-nova-app-per-apropar-el-govern-municipal-a-la-ciutadania\/#primaryimage\",\"url\":\"https:\/\/www.eagora.app\/wp-content\/uploads\/2023\/05\/rodona.jpg\",\"contentUrl\":\"https:\/\/www.eagora.app\/wp-content\/uploads\/2023\/05\/rodona.jpg\",\"width\":643,\"height\":355},{\"@type\":\"BreadcrumbList\",\"@id\":\"https:\/\/www.eagora.app\/ca\/conocimiento\/vila-rodona-posa-en-marxa-una-nova-app-per-apropar-el-govern-municipal-a-la-ciutadania\/#breadcrumb\",\"itemListElement\":[{\"@type\":\"ListItem\",\"position\":1,\"name\":\"Inicio\",\"item\":\"https:\/\/www.eagora.app\/ca\/\"},{\"@type\":\"ListItem\",\"position\":2,\"name\":\"Coneixement\",\"item\":\"https:\/\/www.eagora.app\/ca\/coneixement\/\"},{\"@type\":\"ListItem\",\"position\":3,\"name\":\"Vila-rodona posa en marxa una nova app per apropar el govern municipal a la ciutadania\"}]},{\"@type\":\"WebSite\",\"@id\":\"https:\/\/www.eagora.app\/ca\/#website\",\"url\":\"https:\/\/www.eagora.app\/ca\/\",\"name\":\"eAgora\",\"description\":\"La plataforma que nos conecta\",\"publisher\":{\"@id\":\"https:\/\/www.eagora.app\/ca\/#organization\"},\"potentialAction\":[{\"@type\":\"SearchAction\",\"target\":{\"@type\":\"EntryPoint\",\"urlTemplate\":\"https:\/\/www.eagora.app\/ca\/?s={search_term_string}\"},\"query-input\":{\"@type\":\"PropertyValueSpecification\",\"valueRequired\":true,\"valueName\":\"search_term_string\"}}],\"inLanguage\":\"ca\"},{\"@type\":\"Organization\",\"@id\":\"https:\/\/www.eagora.app\/ca\/#organization\",\"name\":\"eAgora\",\"url\":\"https:\/\/www.eagora.app\/ca\/\",\"logo\":{\"@type\":\"ImageObject\",\"inLanguage\":\"ca\",\"@id\":\"https:\/\/www.eagora.app\/ca\/#\/schema\/logo\/image\/\",\"url\":\"https:\/\/www.eagora.app\/wp-content\/uploads\/2023\/02\/logo-eagora-emails.jpg\",\"contentUrl\":\"https:\/\/www.eagora.app\/wp-content\/uploads\/2023\/02\/logo-eagora-emails.jpg\",\"width\":550,\"height\":146,\"caption\":\"eAgora\"},\"image\":{\"@id\":\"https:\/\/www.eagora.app\/ca\/#\/schema\/logo\/image\/\"},\"sameAs\":[\"https:\/\/www.facebook.com\/eAgoraApp\",\"https:\/\/x.com\/EagoraApp\",\"https:\/\/www.instagram.com\/eagora.app\/\",\"https:\/\/www.linkedin.com\/company\/eagora\",\"https:\/\/www.youtube.com\/@eAgoraApp\"]},{\"@type\":\"Person\",\"@id\":\"https:\/\/www.eagora.app\/ca\/#\/schema\/person\/2c0bcd4ab853064ddae221de085fc6cb\",\"name\":\"eAgora\",\"image\":{\"@type\":\"ImageObject\",\"inLanguage\":\"ca\",\"@id\":\"https:\/\/www.eagora.app\/ca\/#\/schema\/person\/image\/\",\"url\":\"https:\/\/secure.gravatar.com\/avatar\/4064788de93df47d7b610fff59afd18d60068c3080ef7ed5ca23850e566aef16?s=96&d=mm&r=g\",\"contentUrl\":\"https:\/\/secure.gravatar.com\/avatar\/4064788de93df47d7b610fff59afd18d60068c3080ef7ed5ca23850e566aef16?s=96&d=mm&r=g\",\"caption\":\"eAgora\"},\"sameAs\":[\"https:\/\/v2.eagora.app\"]}]}<\/script>\n<!-- \/ Yoast SEO Premium plugin. -->","yoast_head_json":{"title":"Vila-rodona posa en marxa una nova app per apropar el govern municipal a la ciutadania","description":"L\u2019Ajuntament de Vila-Rodona fa un pas m\u00e9s en l\u2019\u00e0mbit de la transpar\u00e8ncia i posa en marxa\u00a0 l\u2019app eAgora, una\u00a0nova eina tecnol\u00f2gica que t\u00e9 per objectiu\u00a0facilitar la comunicaci\u00f3 amb la ciutadania i oferir un recurs per a poder proposar iniciatives i publicar esdeveniments per part de tothom.","robots":{"index":"index","follow":"follow","max-snippet":"max-snippet:-1","max-image-preview":"max-image-preview:large","max-video-preview":"max-video-preview:-1"},"canonical":"https:\/\/www.eagora.app\/ca\/conocimiento\/vila-rodona-posa-en-marxa-una-nova-app-per-apropar-el-govern-municipal-a-la-ciutadania\/","og_locale":"ca_ES","og_type":"article","og_title":"Vila-rodona posa en marxa una nova app per apropar el govern municipal a la ciutadania","og_description":"L\u2019Ajuntament de Vila-Rodona fa un pas m\u00e9s en l\u2019\u00e0mbit de la transpar\u00e8ncia i posa en marxa\u00a0 l\u2019app eAgora, una\u00a0nova eina tecnol\u00f2gica que t\u00e9 per objectiu\u00a0facilitar la comunicaci\u00f3 amb la ciutadania i oferir un recurs per a poder proposar iniciatives i publicar esdeveniments per part de tothom.","og_url":"https:\/\/www.eagora.app\/ca\/conocimiento\/vila-rodona-posa-en-marxa-una-nova-app-per-apropar-el-govern-municipal-a-la-ciutadania\/","og_site_name":"eAgora","article_publisher":"https:\/\/www.facebook.com\/eAgoraApp","article_published_time":"2022-02-21T11:00:31+00:00","article_modified_time":"2023-05-12T10:32:57+00:00","og_image":[{"width":643,"height":355,"url":"https:\/\/www.eagora.app\/wp-content\/uploads\/2023\/05\/rodona.jpg","type":"image\/jpeg"}],"author":"eAgora","twitter_card":"summary_large_image","twitter_creator":"@EagoraApp","twitter_site":"@EagoraApp","twitter_misc":{"Escrit per":"eAgora","Temps estimat de lectura":"2 minuts"},"schema":{"@context":"https:\/\/schema.org","@graph":[{"@type":"Article","@id":"https:\/\/www.eagora.app\/ca\/conocimiento\/vila-rodona-posa-en-marxa-una-nova-app-per-apropar-el-govern-municipal-a-la-ciutadania\/#article","isPartOf":{"@id":"https:\/\/www.eagora.app\/ca\/conocimiento\/vila-rodona-posa-en-marxa-una-nova-app-per-apropar-el-govern-municipal-a-la-ciutadania\/"},"author":{"name":"eAgora","@id":"https:\/\/www.eagora.app\/ca\/#\/schema\/person\/2c0bcd4ab853064ddae221de085fc6cb"},"headline":"Vila-rodona posa en marxa una nova app per apropar el govern municipal a la ciutadania","datePublished":"2022-02-21T11:00:31+00:00","dateModified":"2023-05-12T10:32:57+00:00","mainEntityOfPage":{"@id":"https:\/\/www.eagora.app\/ca\/conocimiento\/vila-rodona-posa-en-marxa-una-nova-app-per-apropar-el-govern-municipal-a-la-ciutadania\/"},"wordCount":401,"publisher":{"@id":"https:\/\/www.eagora.app\/ca\/#organization"},"image":{"@id":"https:\/\/www.eagora.app\/ca\/conocimiento\/vila-rodona-posa-en-marxa-una-nova-app-per-apropar-el-govern-municipal-a-la-ciutadania\/#primaryimage"},"thumbnailUrl":"https:\/\/www.eagora.app\/wp-content\/uploads\/2023\/05\/rodona.jpg","articleSection":["Premsa"],"inLanguage":"ca"},{"@type":"WebPage","@id":"https:\/\/www.eagora.app\/ca\/conocimiento\/vila-rodona-posa-en-marxa-una-nova-app-per-apropar-el-govern-municipal-a-la-ciutadania\/","url":"https:\/\/www.eagora.app\/ca\/conocimiento\/vila-rodona-posa-en-marxa-una-nova-app-per-apropar-el-govern-municipal-a-la-ciutadania\/","name":"Vila-rodona posa en marxa una nova app per apropar el govern municipal a la ciutadania","isPartOf":{"@id":"https:\/\/www.eagora.app\/ca\/#website"},"primaryImageOfPage":{"@id":"https:\/\/www.eagora.app\/ca\/conocimiento\/vila-rodona-posa-en-marxa-una-nova-app-per-apropar-el-govern-municipal-a-la-ciutadania\/#primaryimage"},"image":{"@id":"https:\/\/www.eagora.app\/ca\/conocimiento\/vila-rodona-posa-en-marxa-una-nova-app-per-apropar-el-govern-municipal-a-la-ciutadania\/#primaryimage"},"thumbnailUrl":"https:\/\/www.eagora.app\/wp-content\/uploads\/2023\/05\/rodona.jpg","datePublished":"2022-02-21T11:00:31+00:00","dateModified":"2023-05-12T10:32:57+00:00","description":"L\u2019Ajuntament de Vila-Rodona fa un pas m\u00e9s en l\u2019\u00e0mbit de la transpar\u00e8ncia i posa en marxa\u00a0 l\u2019app eAgora, una\u00a0nova eina tecnol\u00f2gica que t\u00e9 per objectiu\u00a0facilitar la comunicaci\u00f3 amb la ciutadania i oferir un recurs per a poder proposar iniciatives i publicar esdeveniments per part de tothom.","breadcrumb":{"@id":"https:\/\/www.eagora.app\/ca\/conocimiento\/vila-rodona-posa-en-marxa-una-nova-app-per-apropar-el-govern-municipal-a-la-ciutadania\/#breadcrumb"},"inLanguage":"ca","potentialAction":[{"@type":"ReadAction","target":["https:\/\/www.eagora.app\/ca\/conocimiento\/vila-rodona-posa-en-marxa-una-nova-app-per-apropar-el-govern-municipal-a-la-ciutadania\/"]}]},{"@type":"ImageObject","inLanguage":"ca","@id":"https:\/\/www.eagora.app\/ca\/conocimiento\/vila-rodona-posa-en-marxa-una-nova-app-per-apropar-el-govern-municipal-a-la-ciutadania\/#primaryimage","url":"https:\/\/www.eagora.app\/wp-content\/uploads\/2023\/05\/rodona.jpg","contentUrl":"https:\/\/www.eagora.app\/wp-content\/uploads\/2023\/05\/rodona.jpg","width":643,"height":355},{"@type":"BreadcrumbList","@id":"https:\/\/www.eagora.app\/ca\/conocimiento\/vila-rodona-posa-en-marxa-una-nova-app-per-apropar-el-govern-municipal-a-la-ciutadania\/#breadcrumb","itemListElement":[{"@type":"ListItem","position":1,"name":"Inicio","item":"https:\/\/www.eagora.app\/ca\/"},{"@type":"ListItem","position":2,"name":"Coneixement","item":"https:\/\/www.eagora.app\/ca\/coneixement\/"},{"@type":"ListItem","position":3,"name":"Vila-rodona posa en marxa una nova app per apropar el govern municipal a la ciutadania"}]},{"@type":"WebSite","@id":"https:\/\/www.eagora.app\/ca\/#website","url":"https:\/\/www.eagora.app\/ca\/","name":"eAgora","description":"La plataforma que nos conecta","publisher":{"@id":"https:\/\/www.eagora.app\/ca\/#organization"},"potentialAction":[{"@type":"SearchAction","target":{"@type":"EntryPoint","urlTemplate":"https:\/\/www.eagora.app\/ca\/?s={search_term_string}"},"query-input":{"@type":"PropertyValueSpecification","valueRequired":true,"valueName":"search_term_string"}}],"inLanguage":"ca"},{"@type":"Organization","@id":"https:\/\/www.eagora.app\/ca\/#organization","name":"eAgora","url":"https:\/\/www.eagora.app\/ca\/","logo":{"@type":"ImageObject","inLanguage":"ca","@id":"https:\/\/www.eagora.app\/ca\/#\/schema\/logo\/image\/","url":"https:\/\/www.eagora.app\/wp-content\/uploads\/2023\/02\/logo-eagora-emails.jpg","contentUrl":"https:\/\/www.eagora.app\/wp-content\/uploads\/2023\/02\/logo-eagora-emails.jpg","width":550,"height":146,"caption":"eAgora"},"image":{"@id":"https:\/\/www.eagora.app\/ca\/#\/schema\/logo\/image\/"},"sameAs":["https:\/\/www.facebook.com\/eAgoraApp","https:\/\/x.com\/EagoraApp","https:\/\/www.instagram.com\/eagora.app\/","https:\/\/www.linkedin.com\/company\/eagora","https:\/\/www.youtube.com\/@eAgoraApp"]},{"@type":"Person","@id":"https:\/\/www.eagora.app\/ca\/#\/schema\/person\/2c0bcd4ab853064ddae221de085fc6cb","name":"eAgora","image":{"@type":"ImageObject","inLanguage":"ca","@id":"https:\/\/www.eagora.app\/ca\/#\/schema\/person\/image\/","url":"https:\/\/secure.gravatar.com\/avatar\/4064788de93df47d7b610fff59afd18d60068c3080ef7ed5ca23850e566aef16?s=96&d=mm&r=g","contentUrl":"https:\/\/secure.gravatar.com\/avatar\/4064788de93df47d7b610fff59afd18d60068c3080ef7ed5ca23850e566aef16?s=96&d=mm&r=g","caption":"eAgora"},"sameAs":["https:\/\/v2.eagora.app"]}]}},"jetpack_featured_media_url":"https:\/\/www.eagora.app\/wp-content\/uploads\/2023\/05\/rodona.jpg","jetpack_sharing_enabled":true,"_links":{"self":[{"href":"https:\/\/www.eagora.app\/ca\/wp-json\/wp\/v2\/posts\/14582","targetHints":{"allow":["GET"]}}],"collection":[{"href":"https:\/\/www.eagora.app\/ca\/wp-json\/wp\/v2\/posts"}],"about":[{"href":"https:\/\/www.eagora.app\/ca\/wp-json\/wp\/v2\/types\/post"}],"author":[{"embeddable":true,"href":"https:\/\/www.eagora.app\/ca\/wp-json\/wp\/v2\/users\/1"}],"replies":[{"embeddable":true,"href":"https:\/\/www.eagora.app\/ca\/wp-json\/wp\/v2\/comments?post=14582"}],"version-history":[{"count":0,"href":"https:\/\/www.eagora.app\/ca\/wp-json\/wp\/v2\/posts\/14582\/revisions"}],"wp:featuredmedia":[{"embeddable":true,"href":"https:\/\/www.eagora.app\/ca\/wp-json\/wp\/v2\/media\/14583"}],"wp:attachment":[{"href":"https:\/\/www.eagora.app\/ca\/wp-json\/wp\/v2\/media?parent=14582"}],"wp:term":[{"taxonomy":"category","embeddable":true,"href":"https:\/\/www.eagora.app\/ca\/wp-json\/wp\/v2\/categories?post=14582"},{"taxonomy":"post_tag","embeddable":true,"href":"https:\/\/www.eagora.app\/ca\/wp-json\/wp\/v2\/tags?post=14582"}],"curies":[{"name":"wp","href":"https:\/\/api.w.org\/{rel}","templated":true}]}}