{"id":14566,"date":"2022-01-14T13:00:47","date_gmt":"2022-01-14T11:00:47","guid":{"rendered":"https:\/\/www.eagora.app\/?p=14566"},"modified":"2023-05-12T12:15:44","modified_gmt":"2023-05-12T10:15:44","slug":"pollenca-es-digitalitza","status":"publish","type":"post","link":"https:\/\/www.eagora.app\/ca\/conocimiento\/pollenca-es-digitalitza\/","title":{"rendered":"Pollen\u00e7a es digitalitza"},"content":{"rendered":"<p>L\u2019Ajuntament ha anunciat avui mat\u00ed que est\u00e0 treballant amb\u00a0<a href=\"https:\/\/www.eagora.app\/es\/\">eAgora<\/a>, una aplicaci\u00f3 m\u00f2bil per fomentar la participaci\u00f3 ciutadana.<\/p>\n<p>A la nota de premsa facilitada per l\u2019Ajuntament expliquen que es tracta d\u2019una \u201cnova aplicaci\u00f3 m\u00f2bil gratu\u00efta, es connecta l\u2019administraci\u00f3 p\u00fablica amb la ciutadania, el teixit associatiu i els comer\u00e7os; i un quadre de comandament (web) per a l\u2019Ajuntament. La plataforma \u00e9s modular i es poden afegir gradualment totes aquelles funcionalitats que siguin necess\u00e0ries en el municipi.\u201d<\/p>\n<p>A la p\u00e0gina web de l\u2019aplicaci\u00f3 s\u2019anuncien com \u201cMolt m\u00e9s que una APP municipal, la primera soluci\u00f3 \u2018all-in-one\u2019 modular del mercat\u201d i recalquen la seva utilitat per a l\u2019apropament a l\u2019Agenda 2030.<\/p>\n<p>Alguns municipis de Catalunya com el de Cadaqu\u00e8s o el de Breda entre d\u2019altres ja la fan servir i sembla que promou la transici\u00f3 al paradigma de ciutat intel\u00b7ligent.<\/p>\n<p>De moment encara no est\u00e0 en funcionament pels ciutadans i no han anunciat encara una data probable, quedarem a l\u2019espera de noves informacions per part de l\u2019Ajuntament.<\/p>\n<p>&nbsp;<\/p>\n<p>La font original d&#8217;aquesta not\u00edcia \u00e9s:\u00a0<a href=\"https:\/\/sompollenca.com\/municipi\/2022\/01\/14\/pollenca-es-digitalitza\/\">https:\/\/sompollenca.com\/municipi\/2022\/01\/14\/pollenca-es-digitalitza\/<\/a><\/p>\n","protected":false},"excerpt":{"rendered":"<p>L\u2019Ajuntament ha anunciat avui mat\u00ed que est\u00e0 treballant amb\u00a0eAgora, una aplicaci\u00f3 m\u00f2bil per fomentar la participaci\u00f3 ciutadana. A la nota de premsa facilitada per l\u2019Ajuntament expliquen que es tracta d\u2019una \u201cnova aplicaci\u00f3 m\u00f2bil gratu\u00efta, es connecta l\u2019administraci\u00f3 p\u00fablica amb la ciutadania, el teixit associatiu i els comer\u00e7os; i un quadre de comandament (web) per a [&hellip;]<\/p>\n","protected":false},"author":1,"featured_media":0,"comment_status":"closed","ping_status":"open","sticky":false,"template":"","format":"standard","meta":{"content-type":"","_jetpack_memberships_contains_paid_content":false,"_joinchat":[],"footnotes":""},"categories":[117],"tags":[],"class_list":["post-14566","post","type-post","status-publish","format-standard","hentry","category-premsa"],"yoast_head":"<!-- This site is optimized with the Yoast SEO Premium plugin v27.0 (Yoast SEO v27.0) - https:\/\/yoast.com\/product\/yoast-seo-premium-wordpress\/ -->\n<title>Pollen\u00e7a es digitalitza - eAgora<\/title>\n<meta name=\"description\" content=\"L\u2019Ajuntament ha anunciat avui mat\u00ed que est\u00e0 treballant amb\u00a0eAgora, una aplicaci\u00f3 m\u00f2bil per fomentar la participaci\u00f3 ciutadana.\" \/>\n<meta name=\"robots\" content=\"index, follow, max-snippet:-1, max-image-preview:large, max-video-preview:-1\" \/>\n<link rel=\"canonical\" href=\"https:\/\/www.eagora.app\/ca\/conocimiento\/pollenca-es-digitalitza\/\" \/>\n<meta property=\"og:locale\" content=\"ca_ES\" \/>\n<meta property=\"og:type\" content=\"article\" \/>\n<meta property=\"og:title\" content=\"Pollen\u00e7a es digitalitza\" \/>\n<meta property=\"og:description\" content=\"L\u2019Ajuntament ha anunciat avui mat\u00ed que est\u00e0 treballant amb\u00a0eAgora, una aplicaci\u00f3 m\u00f2bil per fomentar la participaci\u00f3 ciutadana.\" \/>\n<meta property=\"og:url\" content=\"https:\/\/www.eagora.app\/ca\/conocimiento\/pollenca-es-digitalitza\/\" \/>\n<meta property=\"og:site_name\" content=\"eAgora\" \/>\n<meta property=\"article:publisher\" content=\"https:\/\/www.facebook.com\/eAgoraApp\" \/>\n<meta property=\"article:published_time\" content=\"2022-01-14T11:00:47+00:00\" \/>\n<meta property=\"article:modified_time\" content=\"2023-05-12T10:15:44+00:00\" \/>\n<meta name=\"author\" content=\"eAgora\" \/>\n<meta name=\"twitter:card\" content=\"summary_large_image\" \/>\n<meta name=\"twitter:creator\" content=\"@EagoraApp\" \/>\n<meta name=\"twitter:site\" content=\"@EagoraApp\" \/>\n<meta name=\"twitter:label1\" content=\"Escrit per\" \/>\n\t<meta name=\"twitter:data1\" content=\"eAgora\" \/>\n\t<meta name=\"twitter:label2\" content=\"Temps estimat de lectura\" \/>\n\t<meta name=\"twitter:data2\" content=\"1 minut\" \/>\n<script type=\"application\/ld+json\" class=\"yoast-schema-graph\">{\"@context\":\"https:\/\/schema.org\",\"@graph\":[{\"@type\":\"Article\",\"@id\":\"https:\/\/www.eagora.app\/ca\/conocimiento\/pollenca-es-digitalitza\/#article\",\"isPartOf\":{\"@id\":\"https:\/\/www.eagora.app\/ca\/conocimiento\/pollenca-es-digitalitza\/\"},\"author\":{\"name\":\"eAgora\",\"@id\":\"https:\/\/www.eagora.app\/ca\/#\/schema\/person\/2c0bcd4ab853064ddae221de085fc6cb\"},\"headline\":\"Pollen\u00e7a es digitalitza\",\"datePublished\":\"2022-01-14T11:00:47+00:00\",\"dateModified\":\"2023-05-12T10:15:44+00:00\",\"mainEntityOfPage\":{\"@id\":\"https:\/\/www.eagora.app\/ca\/conocimiento\/pollenca-es-digitalitza\/\"},\"wordCount\":202,\"publisher\":{\"@id\":\"https:\/\/www.eagora.app\/ca\/#organization\"},\"articleSection\":[\"Premsa\"],\"inLanguage\":\"ca\"},{\"@type\":\"WebPage\",\"@id\":\"https:\/\/www.eagora.app\/ca\/conocimiento\/pollenca-es-digitalitza\/\",\"url\":\"https:\/\/www.eagora.app\/ca\/conocimiento\/pollenca-es-digitalitza\/\",\"name\":\"Pollen\u00e7a es digitalitza - eAgora\",\"isPartOf\":{\"@id\":\"https:\/\/www.eagora.app\/ca\/#website\"},\"datePublished\":\"2022-01-14T11:00:47+00:00\",\"dateModified\":\"2023-05-12T10:15:44+00:00\",\"description\":\"L\u2019Ajuntament ha anunciat avui mat\u00ed que est\u00e0 treballant amb\u00a0eAgora, una aplicaci\u00f3 m\u00f2bil per fomentar la participaci\u00f3 ciutadana.\",\"breadcrumb\":{\"@id\":\"https:\/\/www.eagora.app\/ca\/conocimiento\/pollenca-es-digitalitza\/#breadcrumb\"},\"inLanguage\":\"ca\",\"potentialAction\":[{\"@type\":\"ReadAction\",\"target\":[\"https:\/\/www.eagora.app\/ca\/conocimiento\/pollenca-es-digitalitza\/\"]}]},{\"@type\":\"BreadcrumbList\",\"@id\":\"https:\/\/www.eagora.app\/ca\/conocimiento\/pollenca-es-digitalitza\/#breadcrumb\",\"itemListElement\":[{\"@type\":\"ListItem\",\"position\":1,\"name\":\"Inicio\",\"item\":\"https:\/\/www.eagora.app\/ca\/\"},{\"@type\":\"ListItem\",\"position\":2,\"name\":\"Coneixement\",\"item\":\"https:\/\/www.eagora.app\/ca\/coneixement\/\"},{\"@type\":\"ListItem\",\"position\":3,\"name\":\"Pollen\u00e7a es digitalitza\"}]},{\"@type\":\"WebSite\",\"@id\":\"https:\/\/www.eagora.app\/ca\/#website\",\"url\":\"https:\/\/www.eagora.app\/ca\/\",\"name\":\"eAgora\",\"description\":\"La plataforma que nos conecta\",\"publisher\":{\"@id\":\"https:\/\/www.eagora.app\/ca\/#organization\"},\"potentialAction\":[{\"@type\":\"SearchAction\",\"target\":{\"@type\":\"EntryPoint\",\"urlTemplate\":\"https:\/\/www.eagora.app\/ca\/?s={search_term_string}\"},\"query-input\":{\"@type\":\"PropertyValueSpecification\",\"valueRequired\":true,\"valueName\":\"search_term_string\"}}],\"inLanguage\":\"ca\"},{\"@type\":\"Organization\",\"@id\":\"https:\/\/www.eagora.app\/ca\/#organization\",\"name\":\"eAgora\",\"url\":\"https:\/\/www.eagora.app\/ca\/\",\"logo\":{\"@type\":\"ImageObject\",\"inLanguage\":\"ca\",\"@id\":\"https:\/\/www.eagora.app\/ca\/#\/schema\/logo\/image\/\",\"url\":\"https:\/\/www.eagora.app\/wp-content\/uploads\/2023\/02\/logo-eagora-emails.jpg\",\"contentUrl\":\"https:\/\/www.eagora.app\/wp-content\/uploads\/2023\/02\/logo-eagora-emails.jpg\",\"width\":550,\"height\":146,\"caption\":\"eAgora\"},\"image\":{\"@id\":\"https:\/\/www.eagora.app\/ca\/#\/schema\/logo\/image\/\"},\"sameAs\":[\"https:\/\/www.facebook.com\/eAgoraApp\",\"https:\/\/x.com\/EagoraApp\",\"https:\/\/www.instagram.com\/eagora.app\/\",\"https:\/\/www.linkedin.com\/company\/eagora\",\"https:\/\/www.youtube.com\/@eAgoraApp\"]},{\"@type\":\"Person\",\"@id\":\"https:\/\/www.eagora.app\/ca\/#\/schema\/person\/2c0bcd4ab853064ddae221de085fc6cb\",\"name\":\"eAgora\",\"image\":{\"@type\":\"ImageObject\",\"inLanguage\":\"ca\",\"@id\":\"https:\/\/www.eagora.app\/ca\/#\/schema\/person\/image\/\",\"url\":\"https:\/\/secure.gravatar.com\/avatar\/4064788de93df47d7b610fff59afd18d60068c3080ef7ed5ca23850e566aef16?s=96&d=mm&r=g\",\"contentUrl\":\"https:\/\/secure.gravatar.com\/avatar\/4064788de93df47d7b610fff59afd18d60068c3080ef7ed5ca23850e566aef16?s=96&d=mm&r=g\",\"caption\":\"eAgora\"},\"sameAs\":[\"https:\/\/v2.eagora.app\"]}]}<\/script>\n<!-- \/ Yoast SEO Premium plugin. -->","yoast_head_json":{"title":"Pollen\u00e7a es digitalitza - eAgora","description":"L\u2019Ajuntament ha anunciat avui mat\u00ed que est\u00e0 treballant amb\u00a0eAgora, una aplicaci\u00f3 m\u00f2bil per fomentar la participaci\u00f3 ciutadana.","robots":{"index":"index","follow":"follow","max-snippet":"max-snippet:-1","max-image-preview":"max-image-preview:large","max-video-preview":"max-video-preview:-1"},"canonical":"https:\/\/www.eagora.app\/ca\/conocimiento\/pollenca-es-digitalitza\/","og_locale":"ca_ES","og_type":"article","og_title":"Pollen\u00e7a es digitalitza","og_description":"L\u2019Ajuntament ha anunciat avui mat\u00ed que est\u00e0 treballant amb\u00a0eAgora, una aplicaci\u00f3 m\u00f2bil per fomentar la participaci\u00f3 ciutadana.","og_url":"https:\/\/www.eagora.app\/ca\/conocimiento\/pollenca-es-digitalitza\/","og_site_name":"eAgora","article_publisher":"https:\/\/www.facebook.com\/eAgoraApp","article_published_time":"2022-01-14T11:00:47+00:00","article_modified_time":"2023-05-12T10:15:44+00:00","author":"eAgora","twitter_card":"summary_large_image","twitter_creator":"@EagoraApp","twitter_site":"@EagoraApp","twitter_misc":{"Escrit per":"eAgora","Temps estimat de lectura":"1 minut"},"schema":{"@context":"https:\/\/schema.org","@graph":[{"@type":"Article","@id":"https:\/\/www.eagora.app\/ca\/conocimiento\/pollenca-es-digitalitza\/#article","isPartOf":{"@id":"https:\/\/www.eagora.app\/ca\/conocimiento\/pollenca-es-digitalitza\/"},"author":{"name":"eAgora","@id":"https:\/\/www.eagora.app\/ca\/#\/schema\/person\/2c0bcd4ab853064ddae221de085fc6cb"},"headline":"Pollen\u00e7a es digitalitza","datePublished":"2022-01-14T11:00:47+00:00","dateModified":"2023-05-12T10:15:44+00:00","mainEntityOfPage":{"@id":"https:\/\/www.eagora.app\/ca\/conocimiento\/pollenca-es-digitalitza\/"},"wordCount":202,"publisher":{"@id":"https:\/\/www.eagora.app\/ca\/#organization"},"articleSection":["Premsa"],"inLanguage":"ca"},{"@type":"WebPage","@id":"https:\/\/www.eagora.app\/ca\/conocimiento\/pollenca-es-digitalitza\/","url":"https:\/\/www.eagora.app\/ca\/conocimiento\/pollenca-es-digitalitza\/","name":"Pollen\u00e7a es digitalitza - eAgora","isPartOf":{"@id":"https:\/\/www.eagora.app\/ca\/#website"},"datePublished":"2022-01-14T11:00:47+00:00","dateModified":"2023-05-12T10:15:44+00:00","description":"L\u2019Ajuntament ha anunciat avui mat\u00ed que est\u00e0 treballant amb\u00a0eAgora, una aplicaci\u00f3 m\u00f2bil per fomentar la participaci\u00f3 ciutadana.","breadcrumb":{"@id":"https:\/\/www.eagora.app\/ca\/conocimiento\/pollenca-es-digitalitza\/#breadcrumb"},"inLanguage":"ca","potentialAction":[{"@type":"ReadAction","target":["https:\/\/www.eagora.app\/ca\/conocimiento\/pollenca-es-digitalitza\/"]}]},{"@type":"BreadcrumbList","@id":"https:\/\/www.eagora.app\/ca\/conocimiento\/pollenca-es-digitalitza\/#breadcrumb","itemListElement":[{"@type":"ListItem","position":1,"name":"Inicio","item":"https:\/\/www.eagora.app\/ca\/"},{"@type":"ListItem","position":2,"name":"Coneixement","item":"https:\/\/www.eagora.app\/ca\/coneixement\/"},{"@type":"ListItem","position":3,"name":"Pollen\u00e7a es digitalitza"}]},{"@type":"WebSite","@id":"https:\/\/www.eagora.app\/ca\/#website","url":"https:\/\/www.eagora.app\/ca\/","name":"eAgora","description":"La plataforma que nos conecta","publisher":{"@id":"https:\/\/www.eagora.app\/ca\/#organization"},"potentialAction":[{"@type":"SearchAction","target":{"@type":"EntryPoint","urlTemplate":"https:\/\/www.eagora.app\/ca\/?s={search_term_string}"},"query-input":{"@type":"PropertyValueSpecification","valueRequired":true,"valueName":"search_term_string"}}],"inLanguage":"ca"},{"@type":"Organization","@id":"https:\/\/www.eagora.app\/ca\/#organization","name":"eAgora","url":"https:\/\/www.eagora.app\/ca\/","logo":{"@type":"ImageObject","inLanguage":"ca","@id":"https:\/\/www.eagora.app\/ca\/#\/schema\/logo\/image\/","url":"https:\/\/www.eagora.app\/wp-content\/uploads\/2023\/02\/logo-eagora-emails.jpg","contentUrl":"https:\/\/www.eagora.app\/wp-content\/uploads\/2023\/02\/logo-eagora-emails.jpg","width":550,"height":146,"caption":"eAgora"},"image":{"@id":"https:\/\/www.eagora.app\/ca\/#\/schema\/logo\/image\/"},"sameAs":["https:\/\/www.facebook.com\/eAgoraApp","https:\/\/x.com\/EagoraApp","https:\/\/www.instagram.com\/eagora.app\/","https:\/\/www.linkedin.com\/company\/eagora","https:\/\/www.youtube.com\/@eAgoraApp"]},{"@type":"Person","@id":"https:\/\/www.eagora.app\/ca\/#\/schema\/person\/2c0bcd4ab853064ddae221de085fc6cb","name":"eAgora","image":{"@type":"ImageObject","inLanguage":"ca","@id":"https:\/\/www.eagora.app\/ca\/#\/schema\/person\/image\/","url":"https:\/\/secure.gravatar.com\/avatar\/4064788de93df47d7b610fff59afd18d60068c3080ef7ed5ca23850e566aef16?s=96&d=mm&r=g","contentUrl":"https:\/\/secure.gravatar.com\/avatar\/4064788de93df47d7b610fff59afd18d60068c3080ef7ed5ca23850e566aef16?s=96&d=mm&r=g","caption":"eAgora"},"sameAs":["https:\/\/v2.eagora.app"]}]}},"jetpack_featured_media_url":"","jetpack_sharing_enabled":true,"_links":{"self":[{"href":"https:\/\/www.eagora.app\/ca\/wp-json\/wp\/v2\/posts\/14566","targetHints":{"allow":["GET"]}}],"collection":[{"href":"https:\/\/www.eagora.app\/ca\/wp-json\/wp\/v2\/posts"}],"about":[{"href":"https:\/\/www.eagora.app\/ca\/wp-json\/wp\/v2\/types\/post"}],"author":[{"embeddable":true,"href":"https:\/\/www.eagora.app\/ca\/wp-json\/wp\/v2\/users\/1"}],"replies":[{"embeddable":true,"href":"https:\/\/www.eagora.app\/ca\/wp-json\/wp\/v2\/comments?post=14566"}],"version-history":[{"count":0,"href":"https:\/\/www.eagora.app\/ca\/wp-json\/wp\/v2\/posts\/14566\/revisions"}],"wp:attachment":[{"href":"https:\/\/www.eagora.app\/ca\/wp-json\/wp\/v2\/media?parent=14566"}],"wp:term":[{"taxonomy":"category","embeddable":true,"href":"https:\/\/www.eagora.app\/ca\/wp-json\/wp\/v2\/categories?post=14566"},{"taxonomy":"post_tag","embeddable":true,"href":"https:\/\/www.eagora.app\/ca\/wp-json\/wp\/v2\/tags?post=14566"}],"curies":[{"name":"wp","href":"https:\/\/api.w.org\/{rel}","templated":true}]}}