{"id":14548,"date":"2022-06-05T15:00:11","date_gmt":"2022-06-05T13:00:11","guid":{"rendered":"https:\/\/www.eagora.app\/?p=14548"},"modified":"2023-05-12T10:40:09","modified_gmt":"2023-05-12T08:40:09","slug":"els-alcaldes-del-futur-hauran-de-governar-amb-el-mobil-a-la-ma","status":"publish","type":"post","link":"https:\/\/www.eagora.app\/ca\/conocimiento\/els-alcaldes-del-futur-hauran-de-governar-amb-el-mobil-a-la-ma\/","title":{"rendered":"\u201cEls alcaldes del futur hauran de governar amb el m\u00f2bil a la m\u00e0\u201d"},"content":{"rendered":"<p class=\"paragraph\" data-gtm-element-container=\"modulo-texto-link\">Qui tingui vocaci\u00f3 de servei al seu poble i vulgui presentar-se d\u2019alcalde o regidor al seu municipi, que tingui clar que\u00a0<strong>la manera de governar actual i la del futur ser\u00e0 molt diferent<\/strong>. I \u00e9s que el tel\u00e8fon m\u00f2bil s\u2019ha convertit en l\u2019eina clau tant de gesti\u00f3 com d\u2019interacci\u00f3 dels ciutadans amb el seu Ajuntament i, per tant, amb el seu alcalde.<\/p>\n<p class=\"paragraph\" data-gtm-element-container=\"modulo-texto-link\">I \u00e9s que\u00a0<strong>els alcaldes del futur no podran governar d\u2019esquena a les noves eines digitals<\/strong>\u00a0que expo-nencialment s\u2019estan implantant en el nostre dia a dia. I aix\u00f2 suposar\u00e0 que un alcalde haur\u00e0 d\u2019estar molt m\u00e9s atent als missatges que pugui r<strong>ebre per WhatsApp o per Twitter<\/strong>, no tindr\u00e0 tota la llibertat per decidir les partides d\u2019inversi\u00f3 dels pressupostos municipals o haur\u00e0 de\u00a0<strong>posar a votaci\u00f3 els noms dels nous carrers dels seus municipis a trav\u00e9s d\u2019una enquesta digital<\/strong>.<\/p>\n<div id=\"_wmass_35369999980926514\">\n<div id=\"jw-2651426514\"><\/div>\n<\/div>\n<p class=\"paragraph\" data-gtm-element-container=\"modulo-texto-link\">El podcast\u00a0<strong><i>RAC&amp;GO<\/i>\u00a0<\/strong>ha convidat l\u2019emprenedor\u00a0<strong>Mart\u00edn Garrido<\/strong>, CEO de l\u2019empresa emergent\u00a0<strong>eAgora<\/strong>, perqu\u00e8 expliqui els nous models de governan\u00e7a local que s\u2019estan imposant en un futur i la con-clusi\u00f3 \u00e9s clara: \u201c<strong>els alcaldes del futur hauran de governar amb el m\u00f2bil a la m\u00e0<\/strong>\u201d. La\u00a0<i>start-up<\/i>\u00a0eAgo-ra ofereix a tots els ajuntaments una plataforma de serveis\u00a0<i>all in one<\/i>, o el que \u00e9s el mateix,\u00a0<strong>una \u00fanica app on pots trobar tots els serveis i informacions que un ciutad\u00e0 necessita<\/strong>\u00a0en la seva relaci\u00f3 amb l\u2019ajuntament que li correspon. D\u2019aquesta manera s\u2019evita haver d\u2019accedir a diferents platafor-mes depenent de les gestions que un hagi de fer.<\/p>\n<p class=\"paragraph\" data-gtm-element-container=\"modulo-texto-link\">Al podcast tamb\u00e9\u00a0<strong>hi han participat tres alcaldes i regidors de tres municipis de Catalunya<\/strong>\u00a0que han compartit les seves experi\u00e8ncies de pol\u00edtiques municipals adaptades al proc\u00e9s exponencial de digitalitzaci\u00f3 en qu\u00e8 ens trobem.<\/p>\n<p class=\"paragraph\" data-gtm-element-container=\"modulo-texto-link\">&#8211;\u00a0<strong>Marc Solsona, alcalde de Mollerussa<\/strong>, el municipi que ha rebut el\u00a0<strong>Premi al Model de Gesti\u00f3 P\u00fablica Adaptada a la Digitalitzaci\u00f3<\/strong>, explica que una de les raons principals per les quals creu que un alcalde es pot guanyar la confian\u00e7a dels seus vilatans \u00e9s si est\u00e0 molt atent a les demandes iq\u00fcestions que li envien per les diferents xarxes i solucions digitals disponibles.<\/p>\n<p data-gtm-element-container=\"modulo-texto-link\">&#8211;\u00a0<strong>Jordi Molinera<\/strong>, fins fa algunes setmanes\u00a0<strong>coalcalde d\u2019Altafulla<\/strong>, explica que van implementar un nou proc\u00e9s de pressupostos participatius al seu municipi i que han rebut algunes propostes sobre les quals \u201cno hi havia pensat\u201d i que \u201cs\u2019han implantat perqu\u00e8 fan m\u00e9s f\u00e0cil i agra\u00efda la vida dels nos-tres vilatans\u201d. Aix\u00f2 s\u00ed, assegura que \u201cencara manca incloure molta m\u00e9s gent en aquest proc\u00e9s de participaci\u00f3 ciutadana a trav\u00e9s de les eines digitals\u201d.<\/p>\n<p data-gtm-element-container=\"modulo-texto-link\">&#8211;\u00a0<strong>Francis Roig, regidora de Mont-roig del Camp<\/strong>, explica que al seu municipi han iniciat un projecte per feminitzar els noms dels carrers del poble. Nom\u00e9s un 8% dels noms dels carrers corresponi-en a dones i \u201caix\u00f2 no podia continuar igual en un futur\u201d. La participaci\u00f3 ha estat \u201cmolt positiva\u201d i aviat s\u2019anunciaran els resultats finals de les votacions.<\/p>\n<p data-gtm-element-container=\"modulo-texto-link\">L\u2019empresa emergent eAgora ha estat escollida entre les tres iniciatives emprenedores que l\u2019empresa\u00a0<strong>CELLNEX<\/strong>, a trav\u00e9s de la seva fundaci\u00f3, ha decidit ajudar a impulsar en el seu proc\u00e9s de creixement. Aix\u00ed, tot un grup de directius s\u00e8nior de la companyia estan ajudant i assessorant\u00a0<strong>eAgora<\/strong>\u00a0en els aspectes financers, legals, de gesti\u00f3 de persones i de model de negoci, a trav\u00e9s del projecte\u00a0<strong>CELLNEX Bridge<\/strong>.<\/p>\n<p data-gtm-element-container=\"modulo-texto-link\">\n<p data-gtm-element-container=\"modulo-texto-link\">La font original d&#8217;aquesta not\u00edcia \u00e9s:\u00a0<a href=\"https:\/\/www.rac1.cat\/societat\/20220605\/4112134942999\/alcaldes-tecnologia-governar-ajuntaments-emprenedoria-podcast-racgo.html#foto-3\">https:\/\/www.rac1.cat\/societat\/20220605\/4112134942999\/alcaldes-tecnologia-governar-ajuntaments-emprenedoria-podcast-racgo.html#foto-3<\/a><\/p>\n","protected":false},"excerpt":{"rendered":"<p>Qui tingui vocaci\u00f3 de servei al seu poble i vulgui presentar-se d\u2019alcalde o regidor al seu municipi, que tingui clar que\u00a0la manera de governar actual i la del futur ser\u00e0 molt diferent. I \u00e9s que el tel\u00e8fon m\u00f2bil s\u2019ha convertit en l\u2019eina clau tant de gesti\u00f3 com d\u2019interacci\u00f3 dels ciutadans amb el seu Ajuntament i, [&hellip;]<\/p>\n","protected":false},"author":1,"featured_media":14549,"comment_status":"closed","ping_status":"open","sticky":false,"template":"","format":"standard","meta":{"content-type":"","_jetpack_memberships_contains_paid_content":false,"_joinchat":[],"footnotes":""},"categories":[117],"tags":[],"class_list":["post-14548","post","type-post","status-publish","format-standard","has-post-thumbnail","hentry","category-premsa"],"yoast_head":"<!-- This site is optimized with the Yoast SEO Premium plugin v27.0 (Yoast SEO v27.0) - https:\/\/yoast.com\/product\/yoast-seo-premium-wordpress\/ -->\n<title>\u201cEls alcaldes del futur hauran de governar amb el m\u00f2bil a la m\u00e0\u201d<\/title>\n<meta name=\"description\" content=\"El podcast \u2018RAC&amp;GO\u2019 presenta l\u2019empresa emergent eAgora que permet als municipis reunir en una \u00fanica plataforma totes les gestions que els ciutadans han de fer amb el seu Ajuntament\" \/>\n<meta name=\"robots\" content=\"index, follow, max-snippet:-1, max-image-preview:large, max-video-preview:-1\" \/>\n<link rel=\"canonical\" href=\"https:\/\/www.eagora.app\/ca\/conocimiento\/els-alcaldes-del-futur-hauran-de-governar-amb-el-mobil-a-la-ma\/\" \/>\n<meta property=\"og:locale\" content=\"ca_ES\" \/>\n<meta property=\"og:type\" content=\"article\" \/>\n<meta property=\"og:title\" content=\"\u201cEls alcaldes del futur hauran de governar amb el m\u00f2bil a la m\u00e0\u201d\" \/>\n<meta property=\"og:description\" content=\"El podcast \u2018RAC&amp;GO\u2019 presenta l\u2019empresa emergent eAgora que permet als municipis reunir en una \u00fanica plataforma totes les gestions que els ciutadans han de fer amb el seu Ajuntament\" \/>\n<meta property=\"og:url\" content=\"https:\/\/www.eagora.app\/ca\/conocimiento\/els-alcaldes-del-futur-hauran-de-governar-amb-el-mobil-a-la-ma\/\" \/>\n<meta property=\"og:site_name\" content=\"eAgora\" \/>\n<meta property=\"article:publisher\" content=\"https:\/\/www.facebook.com\/eAgoraApp\" \/>\n<meta property=\"article:published_time\" content=\"2022-06-05T13:00:11+00:00\" \/>\n<meta property=\"article:modified_time\" content=\"2023-05-12T08:40:09+00:00\" \/>\n<meta property=\"og:image\" content=\"https:\/\/www.eagora.app\/wp-content\/uploads\/2023\/05\/RAC1-NOTICIA.jpeg\" \/>\n\t<meta property=\"og:image:width\" content=\"1126\" \/>\n\t<meta property=\"og:image:height\" content=\"636\" \/>\n\t<meta property=\"og:image:type\" content=\"image\/jpeg\" \/>\n<meta name=\"author\" content=\"eAgora\" \/>\n<meta name=\"twitter:card\" content=\"summary_large_image\" \/>\n<meta name=\"twitter:creator\" content=\"@EagoraApp\" \/>\n<meta name=\"twitter:site\" content=\"@EagoraApp\" \/>\n<meta name=\"twitter:label1\" content=\"Escrit per\" \/>\n\t<meta name=\"twitter:data1\" content=\"eAgora\" \/>\n\t<meta name=\"twitter:label2\" content=\"Temps estimat de lectura\" \/>\n\t<meta name=\"twitter:data2\" content=\"3 minuts\" \/>\n<script type=\"application\/ld+json\" class=\"yoast-schema-graph\">{\"@context\":\"https:\/\/schema.org\",\"@graph\":[{\"@type\":\"Article\",\"@id\":\"https:\/\/www.eagora.app\/ca\/conocimiento\/els-alcaldes-del-futur-hauran-de-governar-amb-el-mobil-a-la-ma\/#article\",\"isPartOf\":{\"@id\":\"https:\/\/www.eagora.app\/ca\/conocimiento\/els-alcaldes-del-futur-hauran-de-governar-amb-el-mobil-a-la-ma\/\"},\"author\":{\"name\":\"eAgora\",\"@id\":\"https:\/\/www.eagora.app\/ca\/#\/schema\/person\/2c0bcd4ab853064ddae221de085fc6cb\"},\"headline\":\"\u201cEls alcaldes del futur hauran de governar amb el m\u00f2bil a la m\u00e0\u201d\",\"datePublished\":\"2022-06-05T13:00:11+00:00\",\"dateModified\":\"2023-05-12T08:40:09+00:00\",\"mainEntityOfPage\":{\"@id\":\"https:\/\/www.eagora.app\/ca\/conocimiento\/els-alcaldes-del-futur-hauran-de-governar-amb-el-mobil-a-la-ma\/\"},\"wordCount\":620,\"publisher\":{\"@id\":\"https:\/\/www.eagora.app\/ca\/#organization\"},\"image\":{\"@id\":\"https:\/\/www.eagora.app\/ca\/conocimiento\/els-alcaldes-del-futur-hauran-de-governar-amb-el-mobil-a-la-ma\/#primaryimage\"},\"thumbnailUrl\":\"https:\/\/www.eagora.app\/wp-content\/uploads\/2023\/05\/RAC1-NOTICIA.jpeg\",\"articleSection\":[\"Premsa\"],\"inLanguage\":\"ca\"},{\"@type\":\"WebPage\",\"@id\":\"https:\/\/www.eagora.app\/ca\/conocimiento\/els-alcaldes-del-futur-hauran-de-governar-amb-el-mobil-a-la-ma\/\",\"url\":\"https:\/\/www.eagora.app\/ca\/conocimiento\/els-alcaldes-del-futur-hauran-de-governar-amb-el-mobil-a-la-ma\/\",\"name\":\"\u201cEls alcaldes del futur hauran de governar amb el m\u00f2bil a la m\u00e0\u201d\",\"isPartOf\":{\"@id\":\"https:\/\/www.eagora.app\/ca\/#website\"},\"primaryImageOfPage\":{\"@id\":\"https:\/\/www.eagora.app\/ca\/conocimiento\/els-alcaldes-del-futur-hauran-de-governar-amb-el-mobil-a-la-ma\/#primaryimage\"},\"image\":{\"@id\":\"https:\/\/www.eagora.app\/ca\/conocimiento\/els-alcaldes-del-futur-hauran-de-governar-amb-el-mobil-a-la-ma\/#primaryimage\"},\"thumbnailUrl\":\"https:\/\/www.eagora.app\/wp-content\/uploads\/2023\/05\/RAC1-NOTICIA.jpeg\",\"datePublished\":\"2022-06-05T13:00:11+00:00\",\"dateModified\":\"2023-05-12T08:40:09+00:00\",\"description\":\"El podcast \u2018RAC&GO\u2019 presenta l\u2019empresa emergent eAgora que permet als municipis reunir en una \u00fanica plataforma totes les gestions que els ciutadans han de fer amb el seu Ajuntament\",\"breadcrumb\":{\"@id\":\"https:\/\/www.eagora.app\/ca\/conocimiento\/els-alcaldes-del-futur-hauran-de-governar-amb-el-mobil-a-la-ma\/#breadcrumb\"},\"inLanguage\":\"ca\",\"potentialAction\":[{\"@type\":\"ReadAction\",\"target\":[\"https:\/\/www.eagora.app\/ca\/conocimiento\/els-alcaldes-del-futur-hauran-de-governar-amb-el-mobil-a-la-ma\/\"]}]},{\"@type\":\"ImageObject\",\"inLanguage\":\"ca\",\"@id\":\"https:\/\/www.eagora.app\/ca\/conocimiento\/els-alcaldes-del-futur-hauran-de-governar-amb-el-mobil-a-la-ma\/#primaryimage\",\"url\":\"https:\/\/www.eagora.app\/wp-content\/uploads\/2023\/05\/RAC1-NOTICIA.jpeg\",\"contentUrl\":\"https:\/\/www.eagora.app\/wp-content\/uploads\/2023\/05\/RAC1-NOTICIA.jpeg\",\"width\":1126,\"height\":636},{\"@type\":\"BreadcrumbList\",\"@id\":\"https:\/\/www.eagora.app\/ca\/conocimiento\/els-alcaldes-del-futur-hauran-de-governar-amb-el-mobil-a-la-ma\/#breadcrumb\",\"itemListElement\":[{\"@type\":\"ListItem\",\"position\":1,\"name\":\"Inicio\",\"item\":\"https:\/\/www.eagora.app\/ca\/\"},{\"@type\":\"ListItem\",\"position\":2,\"name\":\"Coneixement\",\"item\":\"https:\/\/www.eagora.app\/ca\/coneixement\/\"},{\"@type\":\"ListItem\",\"position\":3,\"name\":\"\u201cEls alcaldes del futur hauran de governar amb el m\u00f2bil a la m\u00e0\u201d\"}]},{\"@type\":\"WebSite\",\"@id\":\"https:\/\/www.eagora.app\/ca\/#website\",\"url\":\"https:\/\/www.eagora.app\/ca\/\",\"name\":\"eAgora\",\"description\":\"La plataforma que nos conecta\",\"publisher\":{\"@id\":\"https:\/\/www.eagora.app\/ca\/#organization\"},\"potentialAction\":[{\"@type\":\"SearchAction\",\"target\":{\"@type\":\"EntryPoint\",\"urlTemplate\":\"https:\/\/www.eagora.app\/ca\/?s={search_term_string}\"},\"query-input\":{\"@type\":\"PropertyValueSpecification\",\"valueRequired\":true,\"valueName\":\"search_term_string\"}}],\"inLanguage\":\"ca\"},{\"@type\":\"Organization\",\"@id\":\"https:\/\/www.eagora.app\/ca\/#organization\",\"name\":\"eAgora\",\"url\":\"https:\/\/www.eagora.app\/ca\/\",\"logo\":{\"@type\":\"ImageObject\",\"inLanguage\":\"ca\",\"@id\":\"https:\/\/www.eagora.app\/ca\/#\/schema\/logo\/image\/\",\"url\":\"https:\/\/www.eagora.app\/wp-content\/uploads\/2023\/02\/logo-eagora-emails.jpg\",\"contentUrl\":\"https:\/\/www.eagora.app\/wp-content\/uploads\/2023\/02\/logo-eagora-emails.jpg\",\"width\":550,\"height\":146,\"caption\":\"eAgora\"},\"image\":{\"@id\":\"https:\/\/www.eagora.app\/ca\/#\/schema\/logo\/image\/\"},\"sameAs\":[\"https:\/\/www.facebook.com\/eAgoraApp\",\"https:\/\/x.com\/EagoraApp\",\"https:\/\/www.instagram.com\/eagora.app\/\",\"https:\/\/www.linkedin.com\/company\/eagora\",\"https:\/\/www.youtube.com\/@eAgoraApp\"]},{\"@type\":\"Person\",\"@id\":\"https:\/\/www.eagora.app\/ca\/#\/schema\/person\/2c0bcd4ab853064ddae221de085fc6cb\",\"name\":\"eAgora\",\"image\":{\"@type\":\"ImageObject\",\"inLanguage\":\"ca\",\"@id\":\"https:\/\/www.eagora.app\/ca\/#\/schema\/person\/image\/\",\"url\":\"https:\/\/secure.gravatar.com\/avatar\/4064788de93df47d7b610fff59afd18d60068c3080ef7ed5ca23850e566aef16?s=96&d=mm&r=g\",\"contentUrl\":\"https:\/\/secure.gravatar.com\/avatar\/4064788de93df47d7b610fff59afd18d60068c3080ef7ed5ca23850e566aef16?s=96&d=mm&r=g\",\"caption\":\"eAgora\"},\"sameAs\":[\"https:\/\/v2.eagora.app\"]}]}<\/script>\n<!-- \/ Yoast SEO Premium plugin. -->","yoast_head_json":{"title":"\u201cEls alcaldes del futur hauran de governar amb el m\u00f2bil a la m\u00e0\u201d","description":"El podcast \u2018RAC&GO\u2019 presenta l\u2019empresa emergent eAgora que permet als municipis reunir en una \u00fanica plataforma totes les gestions que els ciutadans han de fer amb el seu Ajuntament","robots":{"index":"index","follow":"follow","max-snippet":"max-snippet:-1","max-image-preview":"max-image-preview:large","max-video-preview":"max-video-preview:-1"},"canonical":"https:\/\/www.eagora.app\/ca\/conocimiento\/els-alcaldes-del-futur-hauran-de-governar-amb-el-mobil-a-la-ma\/","og_locale":"ca_ES","og_type":"article","og_title":"\u201cEls alcaldes del futur hauran de governar amb el m\u00f2bil a la m\u00e0\u201d","og_description":"El podcast \u2018RAC&GO\u2019 presenta l\u2019empresa emergent eAgora que permet als municipis reunir en una \u00fanica plataforma totes les gestions que els ciutadans han de fer amb el seu Ajuntament","og_url":"https:\/\/www.eagora.app\/ca\/conocimiento\/els-alcaldes-del-futur-hauran-de-governar-amb-el-mobil-a-la-ma\/","og_site_name":"eAgora","article_publisher":"https:\/\/www.facebook.com\/eAgoraApp","article_published_time":"2022-06-05T13:00:11+00:00","article_modified_time":"2023-05-12T08:40:09+00:00","og_image":[{"width":1126,"height":636,"url":"https:\/\/www.eagora.app\/wp-content\/uploads\/2023\/05\/RAC1-NOTICIA.jpeg","type":"image\/jpeg"}],"author":"eAgora","twitter_card":"summary_large_image","twitter_creator":"@EagoraApp","twitter_site":"@EagoraApp","twitter_misc":{"Escrit per":"eAgora","Temps estimat de lectura":"3 minuts"},"schema":{"@context":"https:\/\/schema.org","@graph":[{"@type":"Article","@id":"https:\/\/www.eagora.app\/ca\/conocimiento\/els-alcaldes-del-futur-hauran-de-governar-amb-el-mobil-a-la-ma\/#article","isPartOf":{"@id":"https:\/\/www.eagora.app\/ca\/conocimiento\/els-alcaldes-del-futur-hauran-de-governar-amb-el-mobil-a-la-ma\/"},"author":{"name":"eAgora","@id":"https:\/\/www.eagora.app\/ca\/#\/schema\/person\/2c0bcd4ab853064ddae221de085fc6cb"},"headline":"\u201cEls alcaldes del futur hauran de governar amb el m\u00f2bil a la m\u00e0\u201d","datePublished":"2022-06-05T13:00:11+00:00","dateModified":"2023-05-12T08:40:09+00:00","mainEntityOfPage":{"@id":"https:\/\/www.eagora.app\/ca\/conocimiento\/els-alcaldes-del-futur-hauran-de-governar-amb-el-mobil-a-la-ma\/"},"wordCount":620,"publisher":{"@id":"https:\/\/www.eagora.app\/ca\/#organization"},"image":{"@id":"https:\/\/www.eagora.app\/ca\/conocimiento\/els-alcaldes-del-futur-hauran-de-governar-amb-el-mobil-a-la-ma\/#primaryimage"},"thumbnailUrl":"https:\/\/www.eagora.app\/wp-content\/uploads\/2023\/05\/RAC1-NOTICIA.jpeg","articleSection":["Premsa"],"inLanguage":"ca"},{"@type":"WebPage","@id":"https:\/\/www.eagora.app\/ca\/conocimiento\/els-alcaldes-del-futur-hauran-de-governar-amb-el-mobil-a-la-ma\/","url":"https:\/\/www.eagora.app\/ca\/conocimiento\/els-alcaldes-del-futur-hauran-de-governar-amb-el-mobil-a-la-ma\/","name":"\u201cEls alcaldes del futur hauran de governar amb el m\u00f2bil a la m\u00e0\u201d","isPartOf":{"@id":"https:\/\/www.eagora.app\/ca\/#website"},"primaryImageOfPage":{"@id":"https:\/\/www.eagora.app\/ca\/conocimiento\/els-alcaldes-del-futur-hauran-de-governar-amb-el-mobil-a-la-ma\/#primaryimage"},"image":{"@id":"https:\/\/www.eagora.app\/ca\/conocimiento\/els-alcaldes-del-futur-hauran-de-governar-amb-el-mobil-a-la-ma\/#primaryimage"},"thumbnailUrl":"https:\/\/www.eagora.app\/wp-content\/uploads\/2023\/05\/RAC1-NOTICIA.jpeg","datePublished":"2022-06-05T13:00:11+00:00","dateModified":"2023-05-12T08:40:09+00:00","description":"El podcast \u2018RAC&GO\u2019 presenta l\u2019empresa emergent eAgora que permet als municipis reunir en una \u00fanica plataforma totes les gestions que els ciutadans han de fer amb el seu Ajuntament","breadcrumb":{"@id":"https:\/\/www.eagora.app\/ca\/conocimiento\/els-alcaldes-del-futur-hauran-de-governar-amb-el-mobil-a-la-ma\/#breadcrumb"},"inLanguage":"ca","potentialAction":[{"@type":"ReadAction","target":["https:\/\/www.eagora.app\/ca\/conocimiento\/els-alcaldes-del-futur-hauran-de-governar-amb-el-mobil-a-la-ma\/"]}]},{"@type":"ImageObject","inLanguage":"ca","@id":"https:\/\/www.eagora.app\/ca\/conocimiento\/els-alcaldes-del-futur-hauran-de-governar-amb-el-mobil-a-la-ma\/#primaryimage","url":"https:\/\/www.eagora.app\/wp-content\/uploads\/2023\/05\/RAC1-NOTICIA.jpeg","contentUrl":"https:\/\/www.eagora.app\/wp-content\/uploads\/2023\/05\/RAC1-NOTICIA.jpeg","width":1126,"height":636},{"@type":"BreadcrumbList","@id":"https:\/\/www.eagora.app\/ca\/conocimiento\/els-alcaldes-del-futur-hauran-de-governar-amb-el-mobil-a-la-ma\/#breadcrumb","itemListElement":[{"@type":"ListItem","position":1,"name":"Inicio","item":"https:\/\/www.eagora.app\/ca\/"},{"@type":"ListItem","position":2,"name":"Coneixement","item":"https:\/\/www.eagora.app\/ca\/coneixement\/"},{"@type":"ListItem","position":3,"name":"\u201cEls alcaldes del futur hauran de governar amb el m\u00f2bil a la m\u00e0\u201d"}]},{"@type":"WebSite","@id":"https:\/\/www.eagora.app\/ca\/#website","url":"https:\/\/www.eagora.app\/ca\/","name":"eAgora","description":"La plataforma que nos conecta","publisher":{"@id":"https:\/\/www.eagora.app\/ca\/#organization"},"potentialAction":[{"@type":"SearchAction","target":{"@type":"EntryPoint","urlTemplate":"https:\/\/www.eagora.app\/ca\/?s={search_term_string}"},"query-input":{"@type":"PropertyValueSpecification","valueRequired":true,"valueName":"search_term_string"}}],"inLanguage":"ca"},{"@type":"Organization","@id":"https:\/\/www.eagora.app\/ca\/#organization","name":"eAgora","url":"https:\/\/www.eagora.app\/ca\/","logo":{"@type":"ImageObject","inLanguage":"ca","@id":"https:\/\/www.eagora.app\/ca\/#\/schema\/logo\/image\/","url":"https:\/\/www.eagora.app\/wp-content\/uploads\/2023\/02\/logo-eagora-emails.jpg","contentUrl":"https:\/\/www.eagora.app\/wp-content\/uploads\/2023\/02\/logo-eagora-emails.jpg","width":550,"height":146,"caption":"eAgora"},"image":{"@id":"https:\/\/www.eagora.app\/ca\/#\/schema\/logo\/image\/"},"sameAs":["https:\/\/www.facebook.com\/eAgoraApp","https:\/\/x.com\/EagoraApp","https:\/\/www.instagram.com\/eagora.app\/","https:\/\/www.linkedin.com\/company\/eagora","https:\/\/www.youtube.com\/@eAgoraApp"]},{"@type":"Person","@id":"https:\/\/www.eagora.app\/ca\/#\/schema\/person\/2c0bcd4ab853064ddae221de085fc6cb","name":"eAgora","image":{"@type":"ImageObject","inLanguage":"ca","@id":"https:\/\/www.eagora.app\/ca\/#\/schema\/person\/image\/","url":"https:\/\/secure.gravatar.com\/avatar\/4064788de93df47d7b610fff59afd18d60068c3080ef7ed5ca23850e566aef16?s=96&d=mm&r=g","contentUrl":"https:\/\/secure.gravatar.com\/avatar\/4064788de93df47d7b610fff59afd18d60068c3080ef7ed5ca23850e566aef16?s=96&d=mm&r=g","caption":"eAgora"},"sameAs":["https:\/\/v2.eagora.app"]}]}},"jetpack_featured_media_url":"https:\/\/www.eagora.app\/wp-content\/uploads\/2023\/05\/RAC1-NOTICIA.jpeg","jetpack_sharing_enabled":true,"_links":{"self":[{"href":"https:\/\/www.eagora.app\/ca\/wp-json\/wp\/v2\/posts\/14548","targetHints":{"allow":["GET"]}}],"collection":[{"href":"https:\/\/www.eagora.app\/ca\/wp-json\/wp\/v2\/posts"}],"about":[{"href":"https:\/\/www.eagora.app\/ca\/wp-json\/wp\/v2\/types\/post"}],"author":[{"embeddable":true,"href":"https:\/\/www.eagora.app\/ca\/wp-json\/wp\/v2\/users\/1"}],"replies":[{"embeddable":true,"href":"https:\/\/www.eagora.app\/ca\/wp-json\/wp\/v2\/comments?post=14548"}],"version-history":[{"count":0,"href":"https:\/\/www.eagora.app\/ca\/wp-json\/wp\/v2\/posts\/14548\/revisions"}],"wp:featuredmedia":[{"embeddable":true,"href":"https:\/\/www.eagora.app\/ca\/wp-json\/wp\/v2\/media\/14549"}],"wp:attachment":[{"href":"https:\/\/www.eagora.app\/ca\/wp-json\/wp\/v2\/media?parent=14548"}],"wp:term":[{"taxonomy":"category","embeddable":true,"href":"https:\/\/www.eagora.app\/ca\/wp-json\/wp\/v2\/categories?post=14548"},{"taxonomy":"post_tag","embeddable":true,"href":"https:\/\/www.eagora.app\/ca\/wp-json\/wp\/v2\/tags?post=14548"}],"curies":[{"name":"wp","href":"https:\/\/api.w.org\/{rel}","templated":true}]}}