{"id":14509,"date":"2022-06-01T09:00:08","date_gmt":"2022-06-01T07:00:08","guid":{"rendered":"https:\/\/www.eagora.app\/?p=14509"},"modified":"2023-05-12T08:49:23","modified_gmt":"2023-05-12T06:49:23","slug":"limpuls-duna-estrategia-deconomia-circular-permet-incrementar-el-retorn-social-i-economic-del-turisme","status":"publish","type":"post","link":"https:\/\/www.eagora.app\/ca\/conocimiento\/limpuls-duna-estrategia-deconomia-circular-permet-incrementar-el-retorn-social-i-economic-del-turisme\/","title":{"rendered":"L\u2019impuls d\u2019una estrat\u00e8gia d\u2019economia circular permet incrementar el retorn social i econ\u00f2mic del turisme"},"content":{"rendered":"<p style=\"font-weight: 300;\">La jornada \u201cEconomia circular i turisme: un nou full de ruta?\u201d, celebrada aquest dimecres a l\u2019Auditori Diputaci\u00f3, s\u2019ha adre\u00e7at a empreses i organitzacions tur\u00edstiques de la Costa Daurada i les Terres de l\u2019Ebre. Organitzada des del Patronat de Turisme de la Diputaci\u00f3 i el centre tecnol\u00f2gic Eurecat, ha comptat amb una confer\u00e8ncia inspiradora, una taula de debat i una taula amb experi\u00e8ncies de l\u2019\u00e0mbit tur\u00edstic. S\u2019han analitzat les oportunitats i els reptes que suposa la transici\u00f3 cap a l\u2019economia circular i quins aspectes clau cal considerar. A m\u00e9s, s\u2019han compartit iniciatives del sector tur\u00edstic per part d\u2019experts en gesti\u00f3 de destinacions i sostenibilitat, administracions i empreses del sector de c\u00e0mping, hotel i del lleure, tant de Catalunya com de la Comunitat Valenciana o les Balears.<\/p>\n<p style=\"font-weight: 300;\">\n<p style=\"font-weight: 300;\">La vicepresidenta del Patronat de Turisme de la Diputaci\u00f3, Cam\u00ed Mendoza, ha participat a la presentaci\u00f3 de la jornada i ha destacat l\u2019aposta per la sostenibilitat de les marques Costa Daurada i les Terres de l\u2019Ebre en aquesta darrera d\u00e8cada. Aquesta, ha dit, \u201cs\u2019ha tradu\u00eft en assoliments com la designaci\u00f3 de les Terres de l\u2019Ebre com a una de les millors destinacions sostenibles del m\u00f3n de manera ininterrompuda des de 2016, o el treball conjunt a trav\u00e9s de la Carta Europea del Turisme Sostenible amb la qual el Parc Natural de la Serra de Montsant ha estat acreditat\u201d. Per a Mendoza, la incorporaci\u00f3 dels agents socials i econ\u00f2mics locals, juntament amb el respecte pels entorns i la identitat de les comunitats residents \u201cs\u00f3n factors clau per a un turisme sostenible a les nostres destinacions\u201d.<\/p>\n<p style=\"font-weight: 300;\">\n<p style=\"font-weight: 300;\">Segons el director de la Unitat de Residus, Energia i Impacte Ambiental de l\u2019\u00c0rea de Sostenibilitat d\u2019Eurecat, Frederic Clarens, la hibridaci\u00f3 de tecnologies entre sectors, la formaci\u00f3 dels treballadors, la sensibilitzaci\u00f3 dels usuaris, aix\u00ed com el desenvolupament d\u2019experi\u00e8ncies circulars centrades en el turista \u201cpermetran generar un elevat retorn social i econ\u00f2mic\u201d. Ha afegit que \u201cper millorar la resili\u00e8ncia del turisme cal implementar la simbiosi amb els sectors industrials agroalimentari, energ\u00e8tic, aigua, residus, construcci\u00f3 i mobilitat\u201d.<\/p>\n<p style=\"font-weight: 300;\">\n<p style=\"font-weight: 300;\">Per al director de Consultoria Tecnol\u00f2gica d\u2019Eurecat, Roger Font, \u201cser capa\u00e7os de desenvolupar nous models de negoci circulars \u00e9s clau pel futur del sector\u201d i per aix\u00f2 \u00e9s important acompanyar-lo en incloure la circularitat en la seva estrat\u00e8gia de negoci. \u201cHem de ser conscients que cada vegada m\u00e9s la societat es preocupa per l\u2019impacte mediambiental de la seva activitat i ara mateix ja \u00e9s un valor diferencial per a les empreses tur\u00edstiques\u201d, ha remarcat.<\/p>\n<p style=\"font-weight: 300;\">\n<p style=\"font-weight: 300;\">Entre les experi\u00e8ncies presentades, hi ha la de PortAventura World que \u201cha apostat des del seu origen per un model de gesti\u00f3 responsable i sostenible\u201d i que, com ha explicat la seva directora de Serveis Centrals i Sostenibilitat, Choni Fern\u00e1ndez, \u201ca nivell mediambiental \u00e9s el primer ressort carb\u00f3 neutre d\u2019Europa, promou l\u2019estalvi i reutilitzaci\u00f3 d\u2019aigua, valoritza el 97% dels residus que genera i elimina o substitueix el 93 per cent dels pl\u00e0stics d\u2019un sol \u00fas utilitzats en els restaurants\u201d. Per a Fern\u00e1ndez, \u201cel comprom\u00eds de frenar el canvi clim\u00e0tic ha de guiar la presa de decisions de les empreses\u201d.<\/p>\n<p style=\"font-weight: 300;\">Aix\u00ed mateix, a la confer\u00e8ncia principal, la professora titular del Departament d\u2019Economia Aplicada i directora del Laboratori Interdisciplinari d\u2019Economia Circular i Turisme de la\u00a0Universitat de les Illes Balears, Marta Jacob, ha assegurat que \u201cles empreses i les destinacions tur\u00edstiques poden aprofitar moltes iniciatives d\u2019economia circular per reduir el consum de recursos naturals, la generaci\u00f3 de residus org\u00e0nics i pl\u00e0stics i les emissions de CO2, i reutilitzar, reciclar i recuperar productes, serveis, residus, materials, aigua i energia, per\u00f2 tamb\u00e9 per aconseguir una major rendibilitat i augmentar els ingressos en la prestaci\u00f3 de serveis\u201d.<\/p>\n<p style=\"font-weight: 300;\">\n<p style=\"font-weight: 300;\"><b><strong>Taller de turisme d\u2019aplicaci\u00f3 pr\u00e0ctica, els dies 16 i 17 de juny<\/strong><\/b><\/p>\n<p style=\"font-weight: 300;\">Per aprofundir de forma pr\u00e0ctica en l\u2019aplicaci\u00f3 de l\u2019economia circular per part de les empreses i organitzacions tur\u00edstiques, el dia 16 de juny a Tortosa i el 17 de juny a Cambrils, tindr\u00e0 lloc el Taller de Turisme del LABIIT \u2018L\u2019impuls de l\u2019economia circular a l\u2019activitat tur\u00edstica. Com implementar un full de ruta?\u2019.<\/p>\n<p style=\"font-weight: 300;\">Impartit per l\u2019impulsor i dinamitzador de la plataforma eAgora i cofundador d\u2019Itinere Circular, Jofre Tessier, s\u2019hi donaran les directrius de com realitzar una diagnosi de l\u2019organitzaci\u00f3 i pautes per plantejar un full de ruta circular que contribueixi a un turisme m\u00e9s sostenible i regeneratiu alineat amb els Objectius de Desenvolupament Sostenible (ODS).<\/p>\n<p>&nbsp;<\/p>\n<p>La font original d&#8217;aquesta not\u00edcia \u00e9s:\u00a0<a href=\"https:\/\/www.dipta.cat\/noticies\/impuls-estrategia-economia-circular-permet-incrementar-retorn-social-economic-del-turisme\">https:\/\/www.dipta.cat\/noticies\/impuls-estrategia-economia-circular-permet-incrementar-retorn-social-economic-del-turisme<\/a><\/p>\n","protected":false},"excerpt":{"rendered":"<p>La jornada \u201cEconomia circular i turisme: un nou full de ruta?\u201d, celebrada aquest dimecres a l\u2019Auditori Diputaci\u00f3, s\u2019ha adre\u00e7at a empreses i organitzacions tur\u00edstiques de la Costa Daurada i les Terres de l\u2019Ebre. Organitzada des del Patronat de Turisme de la Diputaci\u00f3 i el centre tecnol\u00f2gic Eurecat, ha comptat amb una confer\u00e8ncia inspiradora, una taula [&hellip;]<\/p>\n","protected":false},"author":1,"featured_media":14510,"comment_status":"closed","ping_status":"open","sticky":false,"template":"","format":"standard","meta":{"content-type":"","_jetpack_memberships_contains_paid_content":false,"_joinchat":[],"footnotes":""},"categories":[117],"tags":[],"class_list":["post-14509","post","type-post","status-publish","format-standard","has-post-thumbnail","hentry","category-premsa"],"yoast_head":"<!-- This site is optimized with the Yoast SEO Premium plugin v27.0 (Yoast SEO v27.0) - https:\/\/yoast.com\/product\/yoast-seo-premium-wordpress\/ -->\n<title>L\u2019impuls d\u2019una estrat\u00e8gia d\u2019economia circular permet incrementar el retorn social i econ\u00f2mic del turisme<\/title>\n<meta name=\"description\" content=\"La jornada \u201cEconomia circular i turisme: un nou full de ruta?\u201d, organitzada pel Patronat de Turisme de la Diputaci\u00f3 i el centre tecnol\u00f2gic Eurecat, ha presentat diverses iniciatives tant privades com p\u00fabliques.\" \/>\n<meta name=\"robots\" content=\"index, follow, max-snippet:-1, max-image-preview:large, max-video-preview:-1\" \/>\n<link rel=\"canonical\" href=\"https:\/\/www.eagora.app\/ca\/conocimiento\/limpuls-duna-estrategia-deconomia-circular-permet-incrementar-el-retorn-social-i-economic-del-turisme\/\" \/>\n<meta property=\"og:locale\" content=\"ca_ES\" \/>\n<meta property=\"og:type\" content=\"article\" \/>\n<meta property=\"og:title\" content=\"L\u2019impuls d\u2019una estrat\u00e8gia d\u2019economia circular permet incrementar el retorn social i econ\u00f2mic del turisme\" \/>\n<meta property=\"og:description\" content=\"La jornada \u201cEconomia circular i turisme: un nou full de ruta?\u201d, organitzada pel Patronat de Turisme de la Diputaci\u00f3 i el centre tecnol\u00f2gic Eurecat, ha presentat diverses iniciatives tant privades com p\u00fabliques.\" \/>\n<meta property=\"og:url\" content=\"https:\/\/www.eagora.app\/ca\/conocimiento\/limpuls-duna-estrategia-deconomia-circular-permet-incrementar-el-retorn-social-i-economic-del-turisme\/\" \/>\n<meta property=\"og:site_name\" content=\"eAgora\" \/>\n<meta property=\"article:publisher\" content=\"https:\/\/www.facebook.com\/eAgoraApp\" \/>\n<meta property=\"article:published_time\" content=\"2022-06-01T07:00:08+00:00\" \/>\n<meta property=\"article:modified_time\" content=\"2023-05-12T06:49:23+00:00\" \/>\n<meta property=\"og:image\" content=\"https:\/\/www.eagora.app\/wp-content\/uploads\/2023\/05\/ponents_jornadaEconomiaCircularLABIIT.jpg\" \/>\n\t<meta property=\"og:image:width\" content=\"1378\" \/>\n\t<meta property=\"og:image:height\" content=\"918\" \/>\n\t<meta property=\"og:image:type\" content=\"image\/jpeg\" \/>\n<meta name=\"author\" content=\"eAgora\" \/>\n<meta name=\"twitter:card\" content=\"summary_large_image\" \/>\n<meta name=\"twitter:creator\" content=\"@EagoraApp\" \/>\n<meta name=\"twitter:site\" content=\"@EagoraApp\" \/>\n<meta name=\"twitter:label1\" content=\"Escrit per\" \/>\n\t<meta name=\"twitter:data1\" content=\"eAgora\" \/>\n\t<meta name=\"twitter:label2\" content=\"Temps estimat de lectura\" \/>\n\t<meta name=\"twitter:data2\" content=\"4 minuts\" \/>\n<script type=\"application\/ld+json\" class=\"yoast-schema-graph\">{\"@context\":\"https:\/\/schema.org\",\"@graph\":[{\"@type\":\"Article\",\"@id\":\"https:\/\/www.eagora.app\/ca\/conocimiento\/limpuls-duna-estrategia-deconomia-circular-permet-incrementar-el-retorn-social-i-economic-del-turisme\/#article\",\"isPartOf\":{\"@id\":\"https:\/\/www.eagora.app\/ca\/conocimiento\/limpuls-duna-estrategia-deconomia-circular-permet-incrementar-el-retorn-social-i-economic-del-turisme\/\"},\"author\":{\"name\":\"eAgora\",\"@id\":\"https:\/\/www.eagora.app\/ca\/#\/schema\/person\/2c0bcd4ab853064ddae221de085fc6cb\"},\"headline\":\"L\u2019impuls d\u2019una estrat\u00e8gia d\u2019economia circular permet incrementar el retorn social i econ\u00f2mic del turisme\",\"datePublished\":\"2022-06-01T07:00:08+00:00\",\"dateModified\":\"2023-05-12T06:49:23+00:00\",\"mainEntityOfPage\":{\"@id\":\"https:\/\/www.eagora.app\/ca\/conocimiento\/limpuls-duna-estrategia-deconomia-circular-permet-incrementar-el-retorn-social-i-economic-del-turisme\/\"},\"wordCount\":817,\"publisher\":{\"@id\":\"https:\/\/www.eagora.app\/ca\/#organization\"},\"image\":{\"@id\":\"https:\/\/www.eagora.app\/ca\/conocimiento\/limpuls-duna-estrategia-deconomia-circular-permet-incrementar-el-retorn-social-i-economic-del-turisme\/#primaryimage\"},\"thumbnailUrl\":\"https:\/\/www.eagora.app\/wp-content\/uploads\/2023\/05\/ponents_jornadaEconomiaCircularLABIIT.jpg\",\"articleSection\":[\"Premsa\"],\"inLanguage\":\"ca\"},{\"@type\":\"WebPage\",\"@id\":\"https:\/\/www.eagora.app\/ca\/conocimiento\/limpuls-duna-estrategia-deconomia-circular-permet-incrementar-el-retorn-social-i-economic-del-turisme\/\",\"url\":\"https:\/\/www.eagora.app\/ca\/conocimiento\/limpuls-duna-estrategia-deconomia-circular-permet-incrementar-el-retorn-social-i-economic-del-turisme\/\",\"name\":\"L\u2019impuls d\u2019una estrat\u00e8gia d\u2019economia circular permet incrementar el retorn social i econ\u00f2mic del turisme\",\"isPartOf\":{\"@id\":\"https:\/\/www.eagora.app\/ca\/#website\"},\"primaryImageOfPage\":{\"@id\":\"https:\/\/www.eagora.app\/ca\/conocimiento\/limpuls-duna-estrategia-deconomia-circular-permet-incrementar-el-retorn-social-i-economic-del-turisme\/#primaryimage\"},\"image\":{\"@id\":\"https:\/\/www.eagora.app\/ca\/conocimiento\/limpuls-duna-estrategia-deconomia-circular-permet-incrementar-el-retorn-social-i-economic-del-turisme\/#primaryimage\"},\"thumbnailUrl\":\"https:\/\/www.eagora.app\/wp-content\/uploads\/2023\/05\/ponents_jornadaEconomiaCircularLABIIT.jpg\",\"datePublished\":\"2022-06-01T07:00:08+00:00\",\"dateModified\":\"2023-05-12T06:49:23+00:00\",\"description\":\"La jornada \u201cEconomia circular i turisme: un nou full de ruta?\u201d, organitzada pel Patronat de Turisme de la Diputaci\u00f3 i el centre tecnol\u00f2gic Eurecat, ha presentat diverses iniciatives tant privades com p\u00fabliques.\",\"breadcrumb\":{\"@id\":\"https:\/\/www.eagora.app\/ca\/conocimiento\/limpuls-duna-estrategia-deconomia-circular-permet-incrementar-el-retorn-social-i-economic-del-turisme\/#breadcrumb\"},\"inLanguage\":\"ca\",\"potentialAction\":[{\"@type\":\"ReadAction\",\"target\":[\"https:\/\/www.eagora.app\/ca\/conocimiento\/limpuls-duna-estrategia-deconomia-circular-permet-incrementar-el-retorn-social-i-economic-del-turisme\/\"]}]},{\"@type\":\"ImageObject\",\"inLanguage\":\"ca\",\"@id\":\"https:\/\/www.eagora.app\/ca\/conocimiento\/limpuls-duna-estrategia-deconomia-circular-permet-incrementar-el-retorn-social-i-economic-del-turisme\/#primaryimage\",\"url\":\"https:\/\/www.eagora.app\/wp-content\/uploads\/2023\/05\/ponents_jornadaEconomiaCircularLABIIT.jpg\",\"contentUrl\":\"https:\/\/www.eagora.app\/wp-content\/uploads\/2023\/05\/ponents_jornadaEconomiaCircularLABIIT.jpg\",\"width\":1378,\"height\":918},{\"@type\":\"BreadcrumbList\",\"@id\":\"https:\/\/www.eagora.app\/ca\/conocimiento\/limpuls-duna-estrategia-deconomia-circular-permet-incrementar-el-retorn-social-i-economic-del-turisme\/#breadcrumb\",\"itemListElement\":[{\"@type\":\"ListItem\",\"position\":1,\"name\":\"Inicio\",\"item\":\"https:\/\/www.eagora.app\/ca\/\"},{\"@type\":\"ListItem\",\"position\":2,\"name\":\"Coneixement\",\"item\":\"https:\/\/www.eagora.app\/ca\/coneixement\/\"},{\"@type\":\"ListItem\",\"position\":3,\"name\":\"L\u2019impuls d\u2019una estrat\u00e8gia d\u2019economia circular permet incrementar el retorn social i econ\u00f2mic del turisme\"}]},{\"@type\":\"WebSite\",\"@id\":\"https:\/\/www.eagora.app\/ca\/#website\",\"url\":\"https:\/\/www.eagora.app\/ca\/\",\"name\":\"eAgora\",\"description\":\"La plataforma que nos conecta\",\"publisher\":{\"@id\":\"https:\/\/www.eagora.app\/ca\/#organization\"},\"potentialAction\":[{\"@type\":\"SearchAction\",\"target\":{\"@type\":\"EntryPoint\",\"urlTemplate\":\"https:\/\/www.eagora.app\/ca\/?s={search_term_string}\"},\"query-input\":{\"@type\":\"PropertyValueSpecification\",\"valueRequired\":true,\"valueName\":\"search_term_string\"}}],\"inLanguage\":\"ca\"},{\"@type\":\"Organization\",\"@id\":\"https:\/\/www.eagora.app\/ca\/#organization\",\"name\":\"eAgora\",\"url\":\"https:\/\/www.eagora.app\/ca\/\",\"logo\":{\"@type\":\"ImageObject\",\"inLanguage\":\"ca\",\"@id\":\"https:\/\/www.eagora.app\/ca\/#\/schema\/logo\/image\/\",\"url\":\"https:\/\/www.eagora.app\/wp-content\/uploads\/2023\/02\/logo-eagora-emails.jpg\",\"contentUrl\":\"https:\/\/www.eagora.app\/wp-content\/uploads\/2023\/02\/logo-eagora-emails.jpg\",\"width\":550,\"height\":146,\"caption\":\"eAgora\"},\"image\":{\"@id\":\"https:\/\/www.eagora.app\/ca\/#\/schema\/logo\/image\/\"},\"sameAs\":[\"https:\/\/www.facebook.com\/eAgoraApp\",\"https:\/\/x.com\/EagoraApp\",\"https:\/\/www.instagram.com\/eagora.app\/\",\"https:\/\/www.linkedin.com\/company\/eagora\",\"https:\/\/www.youtube.com\/@eAgoraApp\"]},{\"@type\":\"Person\",\"@id\":\"https:\/\/www.eagora.app\/ca\/#\/schema\/person\/2c0bcd4ab853064ddae221de085fc6cb\",\"name\":\"eAgora\",\"image\":{\"@type\":\"ImageObject\",\"inLanguage\":\"ca\",\"@id\":\"https:\/\/www.eagora.app\/ca\/#\/schema\/person\/image\/\",\"url\":\"https:\/\/secure.gravatar.com\/avatar\/4064788de93df47d7b610fff59afd18d60068c3080ef7ed5ca23850e566aef16?s=96&d=mm&r=g\",\"contentUrl\":\"https:\/\/secure.gravatar.com\/avatar\/4064788de93df47d7b610fff59afd18d60068c3080ef7ed5ca23850e566aef16?s=96&d=mm&r=g\",\"caption\":\"eAgora\"},\"sameAs\":[\"https:\/\/v2.eagora.app\"]}]}<\/script>\n<!-- \/ Yoast SEO Premium plugin. -->","yoast_head_json":{"title":"L\u2019impuls d\u2019una estrat\u00e8gia d\u2019economia circular permet incrementar el retorn social i econ\u00f2mic del turisme","description":"La jornada \u201cEconomia circular i turisme: un nou full de ruta?\u201d, organitzada pel Patronat de Turisme de la Diputaci\u00f3 i el centre tecnol\u00f2gic Eurecat, ha presentat diverses iniciatives tant privades com p\u00fabliques.","robots":{"index":"index","follow":"follow","max-snippet":"max-snippet:-1","max-image-preview":"max-image-preview:large","max-video-preview":"max-video-preview:-1"},"canonical":"https:\/\/www.eagora.app\/ca\/conocimiento\/limpuls-duna-estrategia-deconomia-circular-permet-incrementar-el-retorn-social-i-economic-del-turisme\/","og_locale":"ca_ES","og_type":"article","og_title":"L\u2019impuls d\u2019una estrat\u00e8gia d\u2019economia circular permet incrementar el retorn social i econ\u00f2mic del turisme","og_description":"La jornada \u201cEconomia circular i turisme: un nou full de ruta?\u201d, organitzada pel Patronat de Turisme de la Diputaci\u00f3 i el centre tecnol\u00f2gic Eurecat, ha presentat diverses iniciatives tant privades com p\u00fabliques.","og_url":"https:\/\/www.eagora.app\/ca\/conocimiento\/limpuls-duna-estrategia-deconomia-circular-permet-incrementar-el-retorn-social-i-economic-del-turisme\/","og_site_name":"eAgora","article_publisher":"https:\/\/www.facebook.com\/eAgoraApp","article_published_time":"2022-06-01T07:00:08+00:00","article_modified_time":"2023-05-12T06:49:23+00:00","og_image":[{"width":1378,"height":918,"url":"https:\/\/www.eagora.app\/wp-content\/uploads\/2023\/05\/ponents_jornadaEconomiaCircularLABIIT.jpg","type":"image\/jpeg"}],"author":"eAgora","twitter_card":"summary_large_image","twitter_creator":"@EagoraApp","twitter_site":"@EagoraApp","twitter_misc":{"Escrit per":"eAgora","Temps estimat de lectura":"4 minuts"},"schema":{"@context":"https:\/\/schema.org","@graph":[{"@type":"Article","@id":"https:\/\/www.eagora.app\/ca\/conocimiento\/limpuls-duna-estrategia-deconomia-circular-permet-incrementar-el-retorn-social-i-economic-del-turisme\/#article","isPartOf":{"@id":"https:\/\/www.eagora.app\/ca\/conocimiento\/limpuls-duna-estrategia-deconomia-circular-permet-incrementar-el-retorn-social-i-economic-del-turisme\/"},"author":{"name":"eAgora","@id":"https:\/\/www.eagora.app\/ca\/#\/schema\/person\/2c0bcd4ab853064ddae221de085fc6cb"},"headline":"L\u2019impuls d\u2019una estrat\u00e8gia d\u2019economia circular permet incrementar el retorn social i econ\u00f2mic del turisme","datePublished":"2022-06-01T07:00:08+00:00","dateModified":"2023-05-12T06:49:23+00:00","mainEntityOfPage":{"@id":"https:\/\/www.eagora.app\/ca\/conocimiento\/limpuls-duna-estrategia-deconomia-circular-permet-incrementar-el-retorn-social-i-economic-del-turisme\/"},"wordCount":817,"publisher":{"@id":"https:\/\/www.eagora.app\/ca\/#organization"},"image":{"@id":"https:\/\/www.eagora.app\/ca\/conocimiento\/limpuls-duna-estrategia-deconomia-circular-permet-incrementar-el-retorn-social-i-economic-del-turisme\/#primaryimage"},"thumbnailUrl":"https:\/\/www.eagora.app\/wp-content\/uploads\/2023\/05\/ponents_jornadaEconomiaCircularLABIIT.jpg","articleSection":["Premsa"],"inLanguage":"ca"},{"@type":"WebPage","@id":"https:\/\/www.eagora.app\/ca\/conocimiento\/limpuls-duna-estrategia-deconomia-circular-permet-incrementar-el-retorn-social-i-economic-del-turisme\/","url":"https:\/\/www.eagora.app\/ca\/conocimiento\/limpuls-duna-estrategia-deconomia-circular-permet-incrementar-el-retorn-social-i-economic-del-turisme\/","name":"L\u2019impuls d\u2019una estrat\u00e8gia d\u2019economia circular permet incrementar el retorn social i econ\u00f2mic del turisme","isPartOf":{"@id":"https:\/\/www.eagora.app\/ca\/#website"},"primaryImageOfPage":{"@id":"https:\/\/www.eagora.app\/ca\/conocimiento\/limpuls-duna-estrategia-deconomia-circular-permet-incrementar-el-retorn-social-i-economic-del-turisme\/#primaryimage"},"image":{"@id":"https:\/\/www.eagora.app\/ca\/conocimiento\/limpuls-duna-estrategia-deconomia-circular-permet-incrementar-el-retorn-social-i-economic-del-turisme\/#primaryimage"},"thumbnailUrl":"https:\/\/www.eagora.app\/wp-content\/uploads\/2023\/05\/ponents_jornadaEconomiaCircularLABIIT.jpg","datePublished":"2022-06-01T07:00:08+00:00","dateModified":"2023-05-12T06:49:23+00:00","description":"La jornada \u201cEconomia circular i turisme: un nou full de ruta?\u201d, organitzada pel Patronat de Turisme de la Diputaci\u00f3 i el centre tecnol\u00f2gic Eurecat, ha presentat diverses iniciatives tant privades com p\u00fabliques.","breadcrumb":{"@id":"https:\/\/www.eagora.app\/ca\/conocimiento\/limpuls-duna-estrategia-deconomia-circular-permet-incrementar-el-retorn-social-i-economic-del-turisme\/#breadcrumb"},"inLanguage":"ca","potentialAction":[{"@type":"ReadAction","target":["https:\/\/www.eagora.app\/ca\/conocimiento\/limpuls-duna-estrategia-deconomia-circular-permet-incrementar-el-retorn-social-i-economic-del-turisme\/"]}]},{"@type":"ImageObject","inLanguage":"ca","@id":"https:\/\/www.eagora.app\/ca\/conocimiento\/limpuls-duna-estrategia-deconomia-circular-permet-incrementar-el-retorn-social-i-economic-del-turisme\/#primaryimage","url":"https:\/\/www.eagora.app\/wp-content\/uploads\/2023\/05\/ponents_jornadaEconomiaCircularLABIIT.jpg","contentUrl":"https:\/\/www.eagora.app\/wp-content\/uploads\/2023\/05\/ponents_jornadaEconomiaCircularLABIIT.jpg","width":1378,"height":918},{"@type":"BreadcrumbList","@id":"https:\/\/www.eagora.app\/ca\/conocimiento\/limpuls-duna-estrategia-deconomia-circular-permet-incrementar-el-retorn-social-i-economic-del-turisme\/#breadcrumb","itemListElement":[{"@type":"ListItem","position":1,"name":"Inicio","item":"https:\/\/www.eagora.app\/ca\/"},{"@type":"ListItem","position":2,"name":"Coneixement","item":"https:\/\/www.eagora.app\/ca\/coneixement\/"},{"@type":"ListItem","position":3,"name":"L\u2019impuls d\u2019una estrat\u00e8gia d\u2019economia circular permet incrementar el retorn social i econ\u00f2mic del turisme"}]},{"@type":"WebSite","@id":"https:\/\/www.eagora.app\/ca\/#website","url":"https:\/\/www.eagora.app\/ca\/","name":"eAgora","description":"La plataforma que nos conecta","publisher":{"@id":"https:\/\/www.eagora.app\/ca\/#organization"},"potentialAction":[{"@type":"SearchAction","target":{"@type":"EntryPoint","urlTemplate":"https:\/\/www.eagora.app\/ca\/?s={search_term_string}"},"query-input":{"@type":"PropertyValueSpecification","valueRequired":true,"valueName":"search_term_string"}}],"inLanguage":"ca"},{"@type":"Organization","@id":"https:\/\/www.eagora.app\/ca\/#organization","name":"eAgora","url":"https:\/\/www.eagora.app\/ca\/","logo":{"@type":"ImageObject","inLanguage":"ca","@id":"https:\/\/www.eagora.app\/ca\/#\/schema\/logo\/image\/","url":"https:\/\/www.eagora.app\/wp-content\/uploads\/2023\/02\/logo-eagora-emails.jpg","contentUrl":"https:\/\/www.eagora.app\/wp-content\/uploads\/2023\/02\/logo-eagora-emails.jpg","width":550,"height":146,"caption":"eAgora"},"image":{"@id":"https:\/\/www.eagora.app\/ca\/#\/schema\/logo\/image\/"},"sameAs":["https:\/\/www.facebook.com\/eAgoraApp","https:\/\/x.com\/EagoraApp","https:\/\/www.instagram.com\/eagora.app\/","https:\/\/www.linkedin.com\/company\/eagora","https:\/\/www.youtube.com\/@eAgoraApp"]},{"@type":"Person","@id":"https:\/\/www.eagora.app\/ca\/#\/schema\/person\/2c0bcd4ab853064ddae221de085fc6cb","name":"eAgora","image":{"@type":"ImageObject","inLanguage":"ca","@id":"https:\/\/www.eagora.app\/ca\/#\/schema\/person\/image\/","url":"https:\/\/secure.gravatar.com\/avatar\/4064788de93df47d7b610fff59afd18d60068c3080ef7ed5ca23850e566aef16?s=96&d=mm&r=g","contentUrl":"https:\/\/secure.gravatar.com\/avatar\/4064788de93df47d7b610fff59afd18d60068c3080ef7ed5ca23850e566aef16?s=96&d=mm&r=g","caption":"eAgora"},"sameAs":["https:\/\/v2.eagora.app"]}]}},"jetpack_featured_media_url":"https:\/\/www.eagora.app\/wp-content\/uploads\/2023\/05\/ponents_jornadaEconomiaCircularLABIIT.jpg","jetpack_sharing_enabled":true,"_links":{"self":[{"href":"https:\/\/www.eagora.app\/ca\/wp-json\/wp\/v2\/posts\/14509","targetHints":{"allow":["GET"]}}],"collection":[{"href":"https:\/\/www.eagora.app\/ca\/wp-json\/wp\/v2\/posts"}],"about":[{"href":"https:\/\/www.eagora.app\/ca\/wp-json\/wp\/v2\/types\/post"}],"author":[{"embeddable":true,"href":"https:\/\/www.eagora.app\/ca\/wp-json\/wp\/v2\/users\/1"}],"replies":[{"embeddable":true,"href":"https:\/\/www.eagora.app\/ca\/wp-json\/wp\/v2\/comments?post=14509"}],"version-history":[{"count":0,"href":"https:\/\/www.eagora.app\/ca\/wp-json\/wp\/v2\/posts\/14509\/revisions"}],"wp:featuredmedia":[{"embeddable":true,"href":"https:\/\/www.eagora.app\/ca\/wp-json\/wp\/v2\/media\/14510"}],"wp:attachment":[{"href":"https:\/\/www.eagora.app\/ca\/wp-json\/wp\/v2\/media?parent=14509"}],"wp:term":[{"taxonomy":"category","embeddable":true,"href":"https:\/\/www.eagora.app\/ca\/wp-json\/wp\/v2\/categories?post=14509"},{"taxonomy":"post_tag","embeddable":true,"href":"https:\/\/www.eagora.app\/ca\/wp-json\/wp\/v2\/tags?post=14509"}],"curies":[{"name":"wp","href":"https:\/\/api.w.org\/{rel}","templated":true}]}}