{"id":13729,"date":"2023-04-18T10:10:56","date_gmt":"2023-04-18T08:10:56","guid":{"rendered":"https:\/\/www.eagora.app\/eagora-es-una-plataforma-al-servei-entre-el-ciutada-i-ladministracio-publica\/"},"modified":"2023-04-18T10:10:56","modified_gmt":"2023-04-18T08:10:56","slug":"eagora-es-una-plataforma-al-servei-entre-el-ciutada-i-ladministracio-publica","status":"publish","type":"post","link":"https:\/\/www.eagora.app\/ca\/conocimiento\/eagora-es-una-plataforma-al-servei-entre-el-ciutada-i-ladministracio-publica\/","title":{"rendered":"eAgora \u00e9s una plataforma al servei entre el ciutad\u00e0 i l&#8217;administraci\u00f3 p\u00fablica"},"content":{"rendered":"<p>FONT: <a href=\"https:\/\/granadasocial.org\/historias-de-talento\/inteligencia-colectiva-en-la-administracion-publica-con-eagora\/\"><strong>Granada Social<\/strong><\/a><\/p>\n<p>Granada Social va tenir una recent conversa amb <a href=\"https:\/\/www.linkedin.com\/in\/martingarridor\/?originalSubdomain=es\">Mart\u00edn Garrido Ram\u00edrez<\/a>, CEO i cofundador <a href=\"https:\/\/www.eagora.app\/\">d&#8217;eAgora<\/a>, una plataforma digital que connecta ciutats i persones amb administracions p\u00fabliques i entitats del tercer sector per a ajudar a resoldre els reptes actuals. Es van parlar temes crucials com l&#8217;Agenda 2030, la transici\u00f3 energ\u00e8tica, la desafecci\u00f3 pol\u00edtica i la construcci\u00f3 de vincles socials.<\/p>\n<p>Durant la xerrada, es va destacar el paper fonamental de la intel\u00b7lig\u00e8ncia col\u00b7lectiva en la millora dels processos i la reducci\u00f3 de costos per a l&#8217;administraci\u00f3 p\u00fablica. La plataforma <a href=\"https:\/\/www.eagora.app\/\">eAgora<\/a> es presenta com una soluci\u00f3 innovadora i efica\u00e7 per a connectar i contribuir a la construcci\u00f3 de vincles socials i una millor qualitat de vida per a tots.<\/p>\n<p>A m\u00e9s, es va parlar sobre l&#8217;expansi\u00f3 de la plataforma <a href=\"https:\/\/www.eagora.app\/\">eAgora<\/a> en altres pa\u00efsos d&#8217;Europa i Am\u00e8rica Llatina. L&#8217;empresa ha obtingut finan\u00e7ament per a invertir en tecnologia i desenvolupament, i planeja visitar Granada per a trobar nous inversors. El seu objectiu \u00e9s demostrar que la seva eina funciona en qualsevol lloc, i que pot contribuir a resoldre problemes i desafiaments en diferents pa\u00efsos i contextos.<\/p>\n<p>La startup \u00e9s participant de la primera edici\u00f3 del programa d&#8217;acceleraci\u00f3 <a href=\"https:\/\/thecellnexfoundation.org\/cellnex-bridge\/\">Cellnex Bridge<\/a> amb <a href=\"https:\/\/aticcolab.com\/\">Aticcolab<\/a>.<\/p>\n<p><iframe style=\"border-radius: 12px;\" src=\"https:\/\/open.spotify.com\/embed\/episode\/74OVGTSEv9wPI6lFQLVh9Y?utm_source=generator&amp;theme=0\" width=\"100%\" height=\"152\" frameborder=\"0\" allowfullscreen=\"allowfullscreen\"><\/iframe><\/p>\n<p><iframe src=\"https:\/\/www.ivoox.com\/player_ej_106246296_6_1.html?c1=368abf\" width=\"100%\" height=\"200\" frameborder=\"0\" scrolling=\"no\" allowfullscreen=\"allowfullscreen\"><\/iframe><\/p>\n","protected":false},"excerpt":{"rendered":"<p>FONT: Granada Social Granada Social va tenir una recent conversa amb Mart\u00edn Garrido Ram\u00edrez, CEO i cofundador d&#8217;eAgora, una plataforma digital que connecta ciutats i persones amb administracions p\u00fabliques i entitats del tercer sector per a ajudar a resoldre els reptes actuals. Es van parlar temes crucials com l&#8217;Agenda 2030, la transici\u00f3 energ\u00e8tica, la desafecci\u00f3 [&hellip;]<\/p>\n","protected":false},"author":12,"featured_media":13720,"comment_status":"closed","ping_status":"open","sticky":false,"template":"","format":"standard","meta":{"content-type":"","_jetpack_memberships_contains_paid_content":false,"_joinchat":[],"footnotes":""},"categories":[117],"tags":[],"class_list":["post-13729","post","type-post","status-publish","format-standard","has-post-thumbnail","hentry","category-premsa"],"yoast_head":"<!-- This site is optimized with the Yoast SEO Premium plugin v27.0 (Yoast SEO v27.0) - https:\/\/yoast.com\/product\/yoast-seo-premium-wordpress\/ -->\n<title>eAgora \u00e9s una plataforma al servei entre el ciutad\u00e0 i l&#039;administraci\u00f3 p\u00fablica<\/title>\n<meta name=\"description\" content=\"Granada Social va tenir una recent conversa amb Mart\u00edn Garrido Ram\u00edrez, CEO i cofundador d&#039;eAgora, una plataforma digital que connecta ciutats i persones amb administracions p\u00fabliques i entitats del tercer sector per a ajudar a resoldre els reptes actuals.\" \/>\n<meta name=\"robots\" content=\"index, follow, max-snippet:-1, max-image-preview:large, max-video-preview:-1\" \/>\n<link rel=\"canonical\" href=\"https:\/\/www.eagora.app\/ca\/conocimiento\/eagora-es-una-plataforma-al-servei-entre-el-ciutada-i-ladministracio-publica\/\" \/>\n<meta property=\"og:locale\" content=\"ca_ES\" \/>\n<meta property=\"og:type\" content=\"article\" \/>\n<meta property=\"og:title\" content=\"eAgora \u00e9s una plataforma al servei entre el ciutad\u00e0 i l&#039;administraci\u00f3 p\u00fablica\" \/>\n<meta property=\"og:description\" content=\"Granada Social va tenir una recent conversa amb Mart\u00edn Garrido Ram\u00edrez, CEO i cofundador d&#039;eAgora, una plataforma digital que connecta ciutats i persones amb administracions p\u00fabliques i entitats del tercer sector per a ajudar a resoldre els reptes actuals.\" \/>\n<meta property=\"og:url\" content=\"https:\/\/www.eagora.app\/ca\/conocimiento\/eagora-es-una-plataforma-al-servei-entre-el-ciutada-i-ladministracio-publica\/\" \/>\n<meta property=\"og:site_name\" content=\"eAgora\" \/>\n<meta property=\"article:publisher\" content=\"https:\/\/www.facebook.com\/eAgoraApp\" \/>\n<meta property=\"article:published_time\" content=\"2023-04-18T08:10:56+00:00\" \/>\n<meta property=\"og:image\" content=\"https:\/\/www.eagora.app\/wp-content\/uploads\/2023\/04\/eAgora-es-una-plataforma-al-servicio-entre-el-ciudadano-y-la-administracion-publica.jpg\" \/>\n\t<meta property=\"og:image:width\" content=\"800\" \/>\n\t<meta property=\"og:image:height\" content=\"705\" \/>\n\t<meta property=\"og:image:type\" content=\"image\/jpeg\" \/>\n<meta name=\"author\" content=\"Alexandra Gallego\" \/>\n<meta name=\"twitter:card\" content=\"summary_large_image\" \/>\n<meta name=\"twitter:creator\" content=\"@EagoraApp\" \/>\n<meta name=\"twitter:site\" content=\"@EagoraApp\" \/>\n<meta name=\"twitter:label1\" content=\"Escrit per\" \/>\n\t<meta name=\"twitter:data1\" content=\"Alexandra Gallego\" \/>\n\t<meta name=\"twitter:label2\" content=\"Temps estimat de lectura\" \/>\n\t<meta name=\"twitter:data2\" content=\"1 minut\" \/>\n<script type=\"application\/ld+json\" class=\"yoast-schema-graph\">{\"@context\":\"https:\/\/schema.org\",\"@graph\":[{\"@type\":\"Article\",\"@id\":\"https:\/\/www.eagora.app\/ca\/conocimiento\/eagora-es-una-plataforma-al-servei-entre-el-ciutada-i-ladministracio-publica\/#article\",\"isPartOf\":{\"@id\":\"https:\/\/www.eagora.app\/ca\/conocimiento\/eagora-es-una-plataforma-al-servei-entre-el-ciutada-i-ladministracio-publica\/\"},\"author\":{\"name\":\"Alexandra Gallego\",\"@id\":\"https:\/\/www.eagora.app\/ca\/#\/schema\/person\/a4a60fc1ef1735a32fe2ec549cdbfd52\"},\"headline\":\"eAgora \u00e9s una plataforma al servei entre el ciutad\u00e0 i l&#8217;administraci\u00f3 p\u00fablica\",\"datePublished\":\"2023-04-18T08:10:56+00:00\",\"mainEntityOfPage\":{\"@id\":\"https:\/\/www.eagora.app\/ca\/conocimiento\/eagora-es-una-plataforma-al-servei-entre-el-ciutada-i-ladministracio-publica\/\"},\"wordCount\":234,\"publisher\":{\"@id\":\"https:\/\/www.eagora.app\/ca\/#organization\"},\"image\":{\"@id\":\"https:\/\/www.eagora.app\/ca\/conocimiento\/eagora-es-una-plataforma-al-servei-entre-el-ciutada-i-ladministracio-publica\/#primaryimage\"},\"thumbnailUrl\":\"https:\/\/www.eagora.app\/wp-content\/uploads\/2023\/04\/eAgora-es-una-plataforma-al-servicio-entre-el-ciudadano-y-la-administracion-publica.jpg\",\"articleSection\":[\"Premsa\"],\"inLanguage\":\"ca\"},{\"@type\":\"WebPage\",\"@id\":\"https:\/\/www.eagora.app\/ca\/conocimiento\/eagora-es-una-plataforma-al-servei-entre-el-ciutada-i-ladministracio-publica\/\",\"url\":\"https:\/\/www.eagora.app\/ca\/conocimiento\/eagora-es-una-plataforma-al-servei-entre-el-ciutada-i-ladministracio-publica\/\",\"name\":\"eAgora \u00e9s una plataforma al servei entre el ciutad\u00e0 i l'administraci\u00f3 p\u00fablica\",\"isPartOf\":{\"@id\":\"https:\/\/www.eagora.app\/ca\/#website\"},\"primaryImageOfPage\":{\"@id\":\"https:\/\/www.eagora.app\/ca\/conocimiento\/eagora-es-una-plataforma-al-servei-entre-el-ciutada-i-ladministracio-publica\/#primaryimage\"},\"image\":{\"@id\":\"https:\/\/www.eagora.app\/ca\/conocimiento\/eagora-es-una-plataforma-al-servei-entre-el-ciutada-i-ladministracio-publica\/#primaryimage\"},\"thumbnailUrl\":\"https:\/\/www.eagora.app\/wp-content\/uploads\/2023\/04\/eAgora-es-una-plataforma-al-servicio-entre-el-ciudadano-y-la-administracion-publica.jpg\",\"datePublished\":\"2023-04-18T08:10:56+00:00\",\"description\":\"Granada Social va tenir una recent conversa amb Mart\u00edn Garrido Ram\u00edrez, CEO i cofundador d'eAgora, una plataforma digital que connecta ciutats i persones amb administracions p\u00fabliques i entitats del tercer sector per a ajudar a resoldre els reptes actuals.\",\"breadcrumb\":{\"@id\":\"https:\/\/www.eagora.app\/ca\/conocimiento\/eagora-es-una-plataforma-al-servei-entre-el-ciutada-i-ladministracio-publica\/#breadcrumb\"},\"inLanguage\":\"ca\",\"potentialAction\":[{\"@type\":\"ReadAction\",\"target\":[\"https:\/\/www.eagora.app\/ca\/conocimiento\/eagora-es-una-plataforma-al-servei-entre-el-ciutada-i-ladministracio-publica\/\"]}]},{\"@type\":\"ImageObject\",\"inLanguage\":\"ca\",\"@id\":\"https:\/\/www.eagora.app\/ca\/conocimiento\/eagora-es-una-plataforma-al-servei-entre-el-ciutada-i-ladministracio-publica\/#primaryimage\",\"url\":\"https:\/\/www.eagora.app\/wp-content\/uploads\/2023\/04\/eAgora-es-una-plataforma-al-servicio-entre-el-ciudadano-y-la-administracion-publica.jpg\",\"contentUrl\":\"https:\/\/www.eagora.app\/wp-content\/uploads\/2023\/04\/eAgora-es-una-plataforma-al-servicio-entre-el-ciudadano-y-la-administracion-publica.jpg\",\"width\":800,\"height\":705,\"caption\":\"eAgora es una plataforma al servicio entre el ciudadano y la administracio\u0301n pu\u0301blica\"},{\"@type\":\"BreadcrumbList\",\"@id\":\"https:\/\/www.eagora.app\/ca\/conocimiento\/eagora-es-una-plataforma-al-servei-entre-el-ciutada-i-ladministracio-publica\/#breadcrumb\",\"itemListElement\":[{\"@type\":\"ListItem\",\"position\":1,\"name\":\"Inicio\",\"item\":\"https:\/\/www.eagora.app\/ca\/\"},{\"@type\":\"ListItem\",\"position\":2,\"name\":\"Coneixement\",\"item\":\"https:\/\/www.eagora.app\/ca\/coneixement\/\"},{\"@type\":\"ListItem\",\"position\":3,\"name\":\"eAgora \u00e9s una plataforma al servei entre el ciutad\u00e0 i l&#8217;administraci\u00f3 p\u00fablica\"}]},{\"@type\":\"WebSite\",\"@id\":\"https:\/\/www.eagora.app\/ca\/#website\",\"url\":\"https:\/\/www.eagora.app\/ca\/\",\"name\":\"eAgora\",\"description\":\"La plataforma que nos conecta\",\"publisher\":{\"@id\":\"https:\/\/www.eagora.app\/ca\/#organization\"},\"potentialAction\":[{\"@type\":\"SearchAction\",\"target\":{\"@type\":\"EntryPoint\",\"urlTemplate\":\"https:\/\/www.eagora.app\/ca\/?s={search_term_string}\"},\"query-input\":{\"@type\":\"PropertyValueSpecification\",\"valueRequired\":true,\"valueName\":\"search_term_string\"}}],\"inLanguage\":\"ca\"},{\"@type\":\"Organization\",\"@id\":\"https:\/\/www.eagora.app\/ca\/#organization\",\"name\":\"eAgora\",\"url\":\"https:\/\/www.eagora.app\/ca\/\",\"logo\":{\"@type\":\"ImageObject\",\"inLanguage\":\"ca\",\"@id\":\"https:\/\/www.eagora.app\/ca\/#\/schema\/logo\/image\/\",\"url\":\"https:\/\/www.eagora.app\/wp-content\/uploads\/2023\/02\/logo-eagora-emails.jpg\",\"contentUrl\":\"https:\/\/www.eagora.app\/wp-content\/uploads\/2023\/02\/logo-eagora-emails.jpg\",\"width\":550,\"height\":146,\"caption\":\"eAgora\"},\"image\":{\"@id\":\"https:\/\/www.eagora.app\/ca\/#\/schema\/logo\/image\/\"},\"sameAs\":[\"https:\/\/www.facebook.com\/eAgoraApp\",\"https:\/\/x.com\/EagoraApp\",\"https:\/\/www.instagram.com\/eagora.app\/\",\"https:\/\/www.linkedin.com\/company\/eagora\",\"https:\/\/www.youtube.com\/@eAgoraApp\"]},{\"@type\":\"Person\",\"@id\":\"https:\/\/www.eagora.app\/ca\/#\/schema\/person\/a4a60fc1ef1735a32fe2ec549cdbfd52\",\"name\":\"Alexandra Gallego\",\"image\":{\"@type\":\"ImageObject\",\"inLanguage\":\"ca\",\"@id\":\"https:\/\/www.eagora.app\/ca\/#\/schema\/person\/image\/\",\"url\":\"https:\/\/secure.gravatar.com\/avatar\/040b2e489de6f908c77a3de90c4ff9b87097b9ca5726a0c9c132b167326130cc?s=96&d=mm&r=g\",\"contentUrl\":\"https:\/\/secure.gravatar.com\/avatar\/040b2e489de6f908c77a3de90c4ff9b87097b9ca5726a0c9c132b167326130cc?s=96&d=mm&r=g\",\"caption\":\"Alexandra Gallego\"}}]}<\/script>\n<!-- \/ Yoast SEO Premium plugin. -->","yoast_head_json":{"title":"eAgora \u00e9s una plataforma al servei entre el ciutad\u00e0 i l'administraci\u00f3 p\u00fablica","description":"Granada Social va tenir una recent conversa amb Mart\u00edn Garrido Ram\u00edrez, CEO i cofundador d'eAgora, una plataforma digital que connecta ciutats i persones amb administracions p\u00fabliques i entitats del tercer sector per a ajudar a resoldre els reptes actuals.","robots":{"index":"index","follow":"follow","max-snippet":"max-snippet:-1","max-image-preview":"max-image-preview:large","max-video-preview":"max-video-preview:-1"},"canonical":"https:\/\/www.eagora.app\/ca\/conocimiento\/eagora-es-una-plataforma-al-servei-entre-el-ciutada-i-ladministracio-publica\/","og_locale":"ca_ES","og_type":"article","og_title":"eAgora \u00e9s una plataforma al servei entre el ciutad\u00e0 i l'administraci\u00f3 p\u00fablica","og_description":"Granada Social va tenir una recent conversa amb Mart\u00edn Garrido Ram\u00edrez, CEO i cofundador d'eAgora, una plataforma digital que connecta ciutats i persones amb administracions p\u00fabliques i entitats del tercer sector per a ajudar a resoldre els reptes actuals.","og_url":"https:\/\/www.eagora.app\/ca\/conocimiento\/eagora-es-una-plataforma-al-servei-entre-el-ciutada-i-ladministracio-publica\/","og_site_name":"eAgora","article_publisher":"https:\/\/www.facebook.com\/eAgoraApp","article_published_time":"2023-04-18T08:10:56+00:00","og_image":[{"width":800,"height":705,"url":"https:\/\/www.eagora.app\/wp-content\/uploads\/2023\/04\/eAgora-es-una-plataforma-al-servicio-entre-el-ciudadano-y-la-administracion-publica.jpg","type":"image\/jpeg"}],"author":"Alexandra Gallego","twitter_card":"summary_large_image","twitter_creator":"@EagoraApp","twitter_site":"@EagoraApp","twitter_misc":{"Escrit per":"Alexandra Gallego","Temps estimat de lectura":"1 minut"},"schema":{"@context":"https:\/\/schema.org","@graph":[{"@type":"Article","@id":"https:\/\/www.eagora.app\/ca\/conocimiento\/eagora-es-una-plataforma-al-servei-entre-el-ciutada-i-ladministracio-publica\/#article","isPartOf":{"@id":"https:\/\/www.eagora.app\/ca\/conocimiento\/eagora-es-una-plataforma-al-servei-entre-el-ciutada-i-ladministracio-publica\/"},"author":{"name":"Alexandra Gallego","@id":"https:\/\/www.eagora.app\/ca\/#\/schema\/person\/a4a60fc1ef1735a32fe2ec549cdbfd52"},"headline":"eAgora \u00e9s una plataforma al servei entre el ciutad\u00e0 i l&#8217;administraci\u00f3 p\u00fablica","datePublished":"2023-04-18T08:10:56+00:00","mainEntityOfPage":{"@id":"https:\/\/www.eagora.app\/ca\/conocimiento\/eagora-es-una-plataforma-al-servei-entre-el-ciutada-i-ladministracio-publica\/"},"wordCount":234,"publisher":{"@id":"https:\/\/www.eagora.app\/ca\/#organization"},"image":{"@id":"https:\/\/www.eagora.app\/ca\/conocimiento\/eagora-es-una-plataforma-al-servei-entre-el-ciutada-i-ladministracio-publica\/#primaryimage"},"thumbnailUrl":"https:\/\/www.eagora.app\/wp-content\/uploads\/2023\/04\/eAgora-es-una-plataforma-al-servicio-entre-el-ciudadano-y-la-administracion-publica.jpg","articleSection":["Premsa"],"inLanguage":"ca"},{"@type":"WebPage","@id":"https:\/\/www.eagora.app\/ca\/conocimiento\/eagora-es-una-plataforma-al-servei-entre-el-ciutada-i-ladministracio-publica\/","url":"https:\/\/www.eagora.app\/ca\/conocimiento\/eagora-es-una-plataforma-al-servei-entre-el-ciutada-i-ladministracio-publica\/","name":"eAgora \u00e9s una plataforma al servei entre el ciutad\u00e0 i l'administraci\u00f3 p\u00fablica","isPartOf":{"@id":"https:\/\/www.eagora.app\/ca\/#website"},"primaryImageOfPage":{"@id":"https:\/\/www.eagora.app\/ca\/conocimiento\/eagora-es-una-plataforma-al-servei-entre-el-ciutada-i-ladministracio-publica\/#primaryimage"},"image":{"@id":"https:\/\/www.eagora.app\/ca\/conocimiento\/eagora-es-una-plataforma-al-servei-entre-el-ciutada-i-ladministracio-publica\/#primaryimage"},"thumbnailUrl":"https:\/\/www.eagora.app\/wp-content\/uploads\/2023\/04\/eAgora-es-una-plataforma-al-servicio-entre-el-ciudadano-y-la-administracion-publica.jpg","datePublished":"2023-04-18T08:10:56+00:00","description":"Granada Social va tenir una recent conversa amb Mart\u00edn Garrido Ram\u00edrez, CEO i cofundador d'eAgora, una plataforma digital que connecta ciutats i persones amb administracions p\u00fabliques i entitats del tercer sector per a ajudar a resoldre els reptes actuals.","breadcrumb":{"@id":"https:\/\/www.eagora.app\/ca\/conocimiento\/eagora-es-una-plataforma-al-servei-entre-el-ciutada-i-ladministracio-publica\/#breadcrumb"},"inLanguage":"ca","potentialAction":[{"@type":"ReadAction","target":["https:\/\/www.eagora.app\/ca\/conocimiento\/eagora-es-una-plataforma-al-servei-entre-el-ciutada-i-ladministracio-publica\/"]}]},{"@type":"ImageObject","inLanguage":"ca","@id":"https:\/\/www.eagora.app\/ca\/conocimiento\/eagora-es-una-plataforma-al-servei-entre-el-ciutada-i-ladministracio-publica\/#primaryimage","url":"https:\/\/www.eagora.app\/wp-content\/uploads\/2023\/04\/eAgora-es-una-plataforma-al-servicio-entre-el-ciudadano-y-la-administracion-publica.jpg","contentUrl":"https:\/\/www.eagora.app\/wp-content\/uploads\/2023\/04\/eAgora-es-una-plataforma-al-servicio-entre-el-ciudadano-y-la-administracion-publica.jpg","width":800,"height":705,"caption":"eAgora es una plataforma al servicio entre el ciudadano y la administracio\u0301n pu\u0301blica"},{"@type":"BreadcrumbList","@id":"https:\/\/www.eagora.app\/ca\/conocimiento\/eagora-es-una-plataforma-al-servei-entre-el-ciutada-i-ladministracio-publica\/#breadcrumb","itemListElement":[{"@type":"ListItem","position":1,"name":"Inicio","item":"https:\/\/www.eagora.app\/ca\/"},{"@type":"ListItem","position":2,"name":"Coneixement","item":"https:\/\/www.eagora.app\/ca\/coneixement\/"},{"@type":"ListItem","position":3,"name":"eAgora \u00e9s una plataforma al servei entre el ciutad\u00e0 i l&#8217;administraci\u00f3 p\u00fablica"}]},{"@type":"WebSite","@id":"https:\/\/www.eagora.app\/ca\/#website","url":"https:\/\/www.eagora.app\/ca\/","name":"eAgora","description":"La plataforma que nos conecta","publisher":{"@id":"https:\/\/www.eagora.app\/ca\/#organization"},"potentialAction":[{"@type":"SearchAction","target":{"@type":"EntryPoint","urlTemplate":"https:\/\/www.eagora.app\/ca\/?s={search_term_string}"},"query-input":{"@type":"PropertyValueSpecification","valueRequired":true,"valueName":"search_term_string"}}],"inLanguage":"ca"},{"@type":"Organization","@id":"https:\/\/www.eagora.app\/ca\/#organization","name":"eAgora","url":"https:\/\/www.eagora.app\/ca\/","logo":{"@type":"ImageObject","inLanguage":"ca","@id":"https:\/\/www.eagora.app\/ca\/#\/schema\/logo\/image\/","url":"https:\/\/www.eagora.app\/wp-content\/uploads\/2023\/02\/logo-eagora-emails.jpg","contentUrl":"https:\/\/www.eagora.app\/wp-content\/uploads\/2023\/02\/logo-eagora-emails.jpg","width":550,"height":146,"caption":"eAgora"},"image":{"@id":"https:\/\/www.eagora.app\/ca\/#\/schema\/logo\/image\/"},"sameAs":["https:\/\/www.facebook.com\/eAgoraApp","https:\/\/x.com\/EagoraApp","https:\/\/www.instagram.com\/eagora.app\/","https:\/\/www.linkedin.com\/company\/eagora","https:\/\/www.youtube.com\/@eAgoraApp"]},{"@type":"Person","@id":"https:\/\/www.eagora.app\/ca\/#\/schema\/person\/a4a60fc1ef1735a32fe2ec549cdbfd52","name":"Alexandra Gallego","image":{"@type":"ImageObject","inLanguage":"ca","@id":"https:\/\/www.eagora.app\/ca\/#\/schema\/person\/image\/","url":"https:\/\/secure.gravatar.com\/avatar\/040b2e489de6f908c77a3de90c4ff9b87097b9ca5726a0c9c132b167326130cc?s=96&d=mm&r=g","contentUrl":"https:\/\/secure.gravatar.com\/avatar\/040b2e489de6f908c77a3de90c4ff9b87097b9ca5726a0c9c132b167326130cc?s=96&d=mm&r=g","caption":"Alexandra Gallego"}}]}},"jetpack_featured_media_url":"https:\/\/www.eagora.app\/wp-content\/uploads\/2023\/04\/eAgora-es-una-plataforma-al-servicio-entre-el-ciudadano-y-la-administracion-publica.jpg","jetpack_sharing_enabled":true,"_links":{"self":[{"href":"https:\/\/www.eagora.app\/ca\/wp-json\/wp\/v2\/posts\/13729","targetHints":{"allow":["GET"]}}],"collection":[{"href":"https:\/\/www.eagora.app\/ca\/wp-json\/wp\/v2\/posts"}],"about":[{"href":"https:\/\/www.eagora.app\/ca\/wp-json\/wp\/v2\/types\/post"}],"author":[{"embeddable":true,"href":"https:\/\/www.eagora.app\/ca\/wp-json\/wp\/v2\/users\/12"}],"replies":[{"embeddable":true,"href":"https:\/\/www.eagora.app\/ca\/wp-json\/wp\/v2\/comments?post=13729"}],"version-history":[{"count":0,"href":"https:\/\/www.eagora.app\/ca\/wp-json\/wp\/v2\/posts\/13729\/revisions"}],"wp:featuredmedia":[{"embeddable":true,"href":"https:\/\/www.eagora.app\/ca\/wp-json\/wp\/v2\/media\/13720"}],"wp:attachment":[{"href":"https:\/\/www.eagora.app\/ca\/wp-json\/wp\/v2\/media?parent=13729"}],"wp:term":[{"taxonomy":"category","embeddable":true,"href":"https:\/\/www.eagora.app\/ca\/wp-json\/wp\/v2\/categories?post=13729"},{"taxonomy":"post_tag","embeddable":true,"href":"https:\/\/www.eagora.app\/ca\/wp-json\/wp\/v2\/tags?post=13729"}],"curies":[{"name":"wp","href":"https:\/\/api.w.org\/{rel}","templated":true}]}}