{"id":13703,"date":"2023-04-18T09:29:32","date_gmt":"2023-04-18T07:29:32","guid":{"rendered":"https:\/\/www.eagora.app\/projectes-seleccionats-a-benicassim-activa-2023\/"},"modified":"2023-04-18T09:29:32","modified_gmt":"2023-04-18T07:29:32","slug":"projectes-seleccionats-a-benicassim-activa-2023","status":"publish","type":"post","link":"https:\/\/www.eagora.app\/ca\/conocimiento\/projectes-seleccionats-a-benicassim-activa-2023\/","title":{"rendered":"Projectes seleccionats a \u2018Benic\u00e0ssim Activa 2023\u2019"},"content":{"rendered":"<p>FONT: <a href=\"https:\/\/castellondiario.com\/proyectos-seleccionados-en-benicassim-activa-2023\/\"><strong>Castell\u00f3n diario<\/strong><\/a><\/p>\n<div>\n<p><strong>El 65% dels projectes emprenedors de \u2018Benic\u00e0ssim Activa\u2019 en els \u00faltims cinc anys s\u00f3n de dones.<\/strong><\/p>\n<\/div>\n<div class=\"entry-content\">\n<p>El registre de <strong>Benic\u00e0ssim Activa<\/strong> es va tancar el 12 de mar\u00e7 amb un total de <strong>42 propostes de negocis presentades<\/strong>. El programa t\u00e9 com a objectiu ajudar a sis emprenedors i emprenedores a desenvolupar els seus projectes i aconseguir materialitzar les seves idees de negoci, aix\u00ed com a cr\u00e9ixer en el municipi de <strong>Benic\u00e0ssim<\/strong>. Al llarg de les cinc edicions del projecte <strong>Benic\u00e0ssim Activa,<\/strong> 30 projectes han passat pel programa, dels quals el <strong>63,3% s\u00f3n dones emprenedores<\/strong>,<\/p>\n<blockquote><p>Pel que ens sentim profundament orgullosos d&#8217;elles al costat dels seus companys. Benic\u00e0ssim Activa s&#8217;ha convertit en una eina per a impulsar especialment els projectes de talent femen\u00ed. En aquesta ocasi\u00f3, el comit\u00e8 seleccionador ha triat a Carlos Pascual, Marlene V\u00e1zquez, Jaime Mart\u00ednez, Sabrina La Font, Paula Fuentes i Sandra Claret com els seleccionats per a dur a terme el programa d&#8217;acompanyament.<\/p><\/blockquote>\n<p>La regidora d&#8217;emprenedoria de l&#8217;Ajuntament de Benic\u00e0ssim, <strong>Vanesa Batalla<\/strong>, ha destacat aquesta selecci\u00f3.<\/p>\n<p><strong>El jurat de Benic\u00e0ssim Activa 2023<\/strong>, compost per la Diputaci\u00f3 de Castell\u00f3, el CEEI Centre d&#8217;Empreses i Innovaci\u00f3 de Castell\u00f3, la Fundaci\u00f3 General de l&#8217;UJI Universitat Jaume I de Castell\u00f3, ESPAITEC Parc Cient\u00edfic i Tecnol\u00f2gic i la Cambra de Comer\u00e7 de Castell\u00f3, <strong>ha seleccionat els projectes de la cinquena edici\u00f3 del programa<\/strong>. Aquests projectes s&#8217;han donat a con\u00e8ixer durant l&#8217;esdeveniment de <strong>Talent Local<\/strong> que va tenir lloc aquesta setmana en <strong>Vila Elisa<\/strong>, juntament amb la pon\u00e8ncia de <strong>Mart\u00edn Garrido, CEO i cofundador de eAgora<\/strong>, emprenedor social, orador de TEDx i membre de Acumen.<\/p>\n<p><strong>Sabrina de la Font<\/strong>, motivada per la seva passi\u00f3 per transformar espais i convertir-los en nous ambients adaptats a les necessitats dels seus usuaris, participa en el programa Benic\u00e0ssim Activa amb el seu projecte \u00ab46ymedio Assessorament i Decoraci\u00f3 d&#8217;Interiors\u00bb. <strong>Jaime Mart\u00ednez<\/strong>, per part seva, s&#8217;uneix al programa amb un negoci de drons per a proporcionar serveis de v\u00eddeos corporatius, inspeccions, termografies o fumigaci\u00f3 i adob de camps. <strong>Sandra Claret<\/strong>, qui es defineix com <em>coach<\/em> de canvi d&#8217;h\u00e0bits i gesti\u00f3 del canvi, es presenta amb la seva empresa anomenada \u00abLa Central B\u00e9 Start\u00bb. <strong>Carlos Pascual<\/strong>, per part seva, lidera una empresa de reforma de locals comercials per a transformar-los en habitatges completament habitables. Tamb\u00e9 trobem \u00abEls Mobles de <strong>Marlene V\u00e1zquez<\/strong>\u00bb, que busca oferir solucions per a la reutilitzaci\u00f3 de mobles de fusta. Finalment, <strong>Paula Fuentes<\/strong> t\u00e9 el somni d&#8217;obrir un obrador en el qual vendre rebosteria creativa personalitzada.<\/p>\n<p>Els seleccionats rebran formaci\u00f3 i eines per a <strong>desenvolupar els seus models de negoci a Benic\u00e0ssim<\/strong>. Aquest programa d&#8217;acompanyament per a emprenedors es dividir\u00e0 en <strong>quatre etapes<\/strong> amb una durada aproximada de vuit mesos. Durant el programa, els emprenedors treballaran en les instal\u00b7lacions de<strong> Coworking Benic\u00e0ssim<\/strong>, on s&#8217;oferiran noves accions per a unir i potenciar el<strong> #TalentLocal<\/strong> del municipi, connectant als nous emprenedors amb les empreses ja establertes a trav\u00e9s de formacions, <em>networking<\/em> i esdeveniments de motivaci\u00f3, entre altres novetats que es potenciaran en aquesta edici\u00f3.<\/p>\n<p><img fetchpriority=\"high\" decoding=\"async\" class=\"wp-image-13674 aligncenter\" src=\"https:\/\/www.eagora.app\/wp-content\/uploads\/2023\/04\/benicassim-activa-23-b-2-300x225.jpg\" alt=\"benicassim-activa-23-b-2\" width=\"478\" height=\"358\" srcset=\"https:\/\/www.eagora.app\/wp-content\/uploads\/2023\/04\/benicassim-activa-23-b-2-300x225.jpg 300w, https:\/\/www.eagora.app\/wp-content\/uploads\/2023\/04\/benicassim-activa-23-b-2-768x576.jpg 768w, https:\/\/www.eagora.app\/wp-content\/uploads\/2023\/04\/benicassim-activa-23-b-2-600x450.jpg 600w, https:\/\/www.eagora.app\/wp-content\/uploads\/2023\/04\/benicassim-activa-23-b-2.jpg 800w\" sizes=\"(max-width: 478px) 100vw, 478px\" \/><\/p>\n<\/div>\n","protected":false},"excerpt":{"rendered":"<p>FONT: Castell\u00f3n diario El 65% dels projectes emprenedors de \u2018Benic\u00e0ssim Activa\u2019 en els \u00faltims cinc anys s\u00f3n de dones. El registre de Benic\u00e0ssim Activa es va tancar el 12 de mar\u00e7 amb un total de 42 propostes de negocis presentades. El programa t\u00e9 com a objectiu ajudar a sis emprenedors i emprenedores a desenvolupar els [&hellip;]<\/p>\n","protected":false},"author":12,"featured_media":13695,"comment_status":"closed","ping_status":"open","sticky":false,"template":"","format":"standard","meta":{"content-type":"","_jetpack_memberships_contains_paid_content":false,"_joinchat":[],"footnotes":""},"categories":[117],"tags":[],"class_list":["post-13703","post","type-post","status-publish","format-standard","has-post-thumbnail","hentry","category-premsa"],"yoast_head":"<!-- This site is optimized with the Yoast SEO Premium plugin v27.0 (Yoast SEO v27.0) - https:\/\/yoast.com\/product\/yoast-seo-premium-wordpress\/ -->\n<title>Projectes seleccionats a \u2018Benic\u00e0ssim Activa 2023\u2019 - eAgora<\/title>\n<meta name=\"robots\" content=\"index, follow, max-snippet:-1, max-image-preview:large, max-video-preview:-1\" \/>\n<link rel=\"canonical\" href=\"https:\/\/www.eagora.app\/ca\/conocimiento\/projectes-seleccionats-a-benicassim-activa-2023\/\" \/>\n<meta property=\"og:locale\" content=\"ca_ES\" \/>\n<meta property=\"og:type\" content=\"article\" \/>\n<meta property=\"og:title\" content=\"Projectes seleccionats a \u2018Benic\u00e0ssim Activa 2023\u2019\" \/>\n<meta property=\"og:description\" content=\"FONT: Castell\u00f3n diario El 65% dels projectes emprenedors de \u2018Benic\u00e0ssim Activa\u2019 en els \u00faltims cinc anys s\u00f3n de dones. El registre de Benic\u00e0ssim Activa es va tancar el 12 de mar\u00e7 amb un total de 42 propostes de negocis presentades. El programa t\u00e9 com a objectiu ajudar a sis emprenedors i emprenedores a desenvolupar els [&hellip;]\" \/>\n<meta property=\"og:url\" content=\"https:\/\/www.eagora.app\/ca\/conocimiento\/projectes-seleccionats-a-benicassim-activa-2023\/\" \/>\n<meta property=\"og:site_name\" content=\"eAgora\" \/>\n<meta property=\"article:publisher\" content=\"https:\/\/www.facebook.com\/eAgoraApp\" \/>\n<meta property=\"article:published_time\" content=\"2023-04-18T07:29:32+00:00\" \/>\n<meta property=\"og:image\" content=\"https:\/\/www.eagora.app\/wp-content\/uploads\/2023\/04\/benicasim-activa-23.jpg\" \/>\n\t<meta property=\"og:image:width\" content=\"800\" \/>\n\t<meta property=\"og:image:height\" content=\"674\" \/>\n\t<meta property=\"og:image:type\" content=\"image\/jpeg\" \/>\n<meta name=\"author\" content=\"Alexandra Gallego\" \/>\n<meta name=\"twitter:card\" content=\"summary_large_image\" \/>\n<meta name=\"twitter:creator\" content=\"@EagoraApp\" \/>\n<meta name=\"twitter:site\" content=\"@EagoraApp\" \/>\n<meta name=\"twitter:label1\" content=\"Escrit per\" \/>\n\t<meta name=\"twitter:data1\" content=\"Alexandra Gallego\" \/>\n\t<meta name=\"twitter:label2\" content=\"Temps estimat de lectura\" \/>\n\t<meta name=\"twitter:data2\" content=\"3 minuts\" \/>\n<script type=\"application\/ld+json\" class=\"yoast-schema-graph\">{\"@context\":\"https:\/\/schema.org\",\"@graph\":[{\"@type\":\"Article\",\"@id\":\"https:\/\/www.eagora.app\/ca\/conocimiento\/projectes-seleccionats-a-benicassim-activa-2023\/#article\",\"isPartOf\":{\"@id\":\"https:\/\/www.eagora.app\/ca\/conocimiento\/projectes-seleccionats-a-benicassim-activa-2023\/\"},\"author\":{\"name\":\"Alexandra Gallego\",\"@id\":\"https:\/\/www.eagora.app\/ca\/#\/schema\/person\/a4a60fc1ef1735a32fe2ec549cdbfd52\"},\"headline\":\"Projectes seleccionats a \u2018Benic\u00e0ssim Activa 2023\u2019\",\"datePublished\":\"2023-04-18T07:29:32+00:00\",\"mainEntityOfPage\":{\"@id\":\"https:\/\/www.eagora.app\/ca\/conocimiento\/projectes-seleccionats-a-benicassim-activa-2023\/\"},\"wordCount\":540,\"publisher\":{\"@id\":\"https:\/\/www.eagora.app\/ca\/#organization\"},\"image\":{\"@id\":\"https:\/\/www.eagora.app\/ca\/conocimiento\/projectes-seleccionats-a-benicassim-activa-2023\/#primaryimage\"},\"thumbnailUrl\":\"https:\/\/www.eagora.app\/wp-content\/uploads\/2023\/04\/benicasim-activa-23.jpg\",\"articleSection\":[\"Premsa\"],\"inLanguage\":\"ca\"},{\"@type\":\"WebPage\",\"@id\":\"https:\/\/www.eagora.app\/ca\/conocimiento\/projectes-seleccionats-a-benicassim-activa-2023\/\",\"url\":\"https:\/\/www.eagora.app\/ca\/conocimiento\/projectes-seleccionats-a-benicassim-activa-2023\/\",\"name\":\"Projectes seleccionats a \u2018Benic\u00e0ssim Activa 2023\u2019 - eAgora\",\"isPartOf\":{\"@id\":\"https:\/\/www.eagora.app\/ca\/#website\"},\"primaryImageOfPage\":{\"@id\":\"https:\/\/www.eagora.app\/ca\/conocimiento\/projectes-seleccionats-a-benicassim-activa-2023\/#primaryimage\"},\"image\":{\"@id\":\"https:\/\/www.eagora.app\/ca\/conocimiento\/projectes-seleccionats-a-benicassim-activa-2023\/#primaryimage\"},\"thumbnailUrl\":\"https:\/\/www.eagora.app\/wp-content\/uploads\/2023\/04\/benicasim-activa-23.jpg\",\"datePublished\":\"2023-04-18T07:29:32+00:00\",\"breadcrumb\":{\"@id\":\"https:\/\/www.eagora.app\/ca\/conocimiento\/projectes-seleccionats-a-benicassim-activa-2023\/#breadcrumb\"},\"inLanguage\":\"ca\",\"potentialAction\":[{\"@type\":\"ReadAction\",\"target\":[\"https:\/\/www.eagora.app\/ca\/conocimiento\/projectes-seleccionats-a-benicassim-activa-2023\/\"]}]},{\"@type\":\"ImageObject\",\"inLanguage\":\"ca\",\"@id\":\"https:\/\/www.eagora.app\/ca\/conocimiento\/projectes-seleccionats-a-benicassim-activa-2023\/#primaryimage\",\"url\":\"https:\/\/www.eagora.app\/wp-content\/uploads\/2023\/04\/benicasim-activa-23.jpg\",\"contentUrl\":\"https:\/\/www.eagora.app\/wp-content\/uploads\/2023\/04\/benicasim-activa-23.jpg\",\"width\":800,\"height\":674,\"caption\":\"Proyectos seleccionados en \u2018Benic\u00e0ssim Activa 2023\u2019\"},{\"@type\":\"BreadcrumbList\",\"@id\":\"https:\/\/www.eagora.app\/ca\/conocimiento\/projectes-seleccionats-a-benicassim-activa-2023\/#breadcrumb\",\"itemListElement\":[{\"@type\":\"ListItem\",\"position\":1,\"name\":\"Inicio\",\"item\":\"https:\/\/www.eagora.app\/ca\/\"},{\"@type\":\"ListItem\",\"position\":2,\"name\":\"Coneixement\",\"item\":\"https:\/\/www.eagora.app\/ca\/coneixement\/\"},{\"@type\":\"ListItem\",\"position\":3,\"name\":\"Projectes seleccionats a \u2018Benic\u00e0ssim Activa 2023\u2019\"}]},{\"@type\":\"WebSite\",\"@id\":\"https:\/\/www.eagora.app\/ca\/#website\",\"url\":\"https:\/\/www.eagora.app\/ca\/\",\"name\":\"eAgora\",\"description\":\"La plataforma que nos conecta\",\"publisher\":{\"@id\":\"https:\/\/www.eagora.app\/ca\/#organization\"},\"potentialAction\":[{\"@type\":\"SearchAction\",\"target\":{\"@type\":\"EntryPoint\",\"urlTemplate\":\"https:\/\/www.eagora.app\/ca\/?s={search_term_string}\"},\"query-input\":{\"@type\":\"PropertyValueSpecification\",\"valueRequired\":true,\"valueName\":\"search_term_string\"}}],\"inLanguage\":\"ca\"},{\"@type\":\"Organization\",\"@id\":\"https:\/\/www.eagora.app\/ca\/#organization\",\"name\":\"eAgora\",\"url\":\"https:\/\/www.eagora.app\/ca\/\",\"logo\":{\"@type\":\"ImageObject\",\"inLanguage\":\"ca\",\"@id\":\"https:\/\/www.eagora.app\/ca\/#\/schema\/logo\/image\/\",\"url\":\"https:\/\/www.eagora.app\/wp-content\/uploads\/2023\/02\/logo-eagora-emails.jpg\",\"contentUrl\":\"https:\/\/www.eagora.app\/wp-content\/uploads\/2023\/02\/logo-eagora-emails.jpg\",\"width\":550,\"height\":146,\"caption\":\"eAgora\"},\"image\":{\"@id\":\"https:\/\/www.eagora.app\/ca\/#\/schema\/logo\/image\/\"},\"sameAs\":[\"https:\/\/www.facebook.com\/eAgoraApp\",\"https:\/\/x.com\/EagoraApp\",\"https:\/\/www.instagram.com\/eagora.app\/\",\"https:\/\/www.linkedin.com\/company\/eagora\",\"https:\/\/www.youtube.com\/@eAgoraApp\"]},{\"@type\":\"Person\",\"@id\":\"https:\/\/www.eagora.app\/ca\/#\/schema\/person\/a4a60fc1ef1735a32fe2ec549cdbfd52\",\"name\":\"Alexandra Gallego\",\"image\":{\"@type\":\"ImageObject\",\"inLanguage\":\"ca\",\"@id\":\"https:\/\/www.eagora.app\/ca\/#\/schema\/person\/image\/\",\"url\":\"https:\/\/secure.gravatar.com\/avatar\/040b2e489de6f908c77a3de90c4ff9b87097b9ca5726a0c9c132b167326130cc?s=96&d=mm&r=g\",\"contentUrl\":\"https:\/\/secure.gravatar.com\/avatar\/040b2e489de6f908c77a3de90c4ff9b87097b9ca5726a0c9c132b167326130cc?s=96&d=mm&r=g\",\"caption\":\"Alexandra Gallego\"}}]}<\/script>\n<!-- \/ Yoast SEO Premium plugin. -->","yoast_head_json":{"title":"Projectes seleccionats a \u2018Benic\u00e0ssim Activa 2023\u2019 - eAgora","robots":{"index":"index","follow":"follow","max-snippet":"max-snippet:-1","max-image-preview":"max-image-preview:large","max-video-preview":"max-video-preview:-1"},"canonical":"https:\/\/www.eagora.app\/ca\/conocimiento\/projectes-seleccionats-a-benicassim-activa-2023\/","og_locale":"ca_ES","og_type":"article","og_title":"Projectes seleccionats a \u2018Benic\u00e0ssim Activa 2023\u2019","og_description":"FONT: Castell\u00f3n diario El 65% dels projectes emprenedors de \u2018Benic\u00e0ssim Activa\u2019 en els \u00faltims cinc anys s\u00f3n de dones. El registre de Benic\u00e0ssim Activa es va tancar el 12 de mar\u00e7 amb un total de 42 propostes de negocis presentades. El programa t\u00e9 com a objectiu ajudar a sis emprenedors i emprenedores a desenvolupar els [&hellip;]","og_url":"https:\/\/www.eagora.app\/ca\/conocimiento\/projectes-seleccionats-a-benicassim-activa-2023\/","og_site_name":"eAgora","article_publisher":"https:\/\/www.facebook.com\/eAgoraApp","article_published_time":"2023-04-18T07:29:32+00:00","og_image":[{"width":800,"height":674,"url":"https:\/\/www.eagora.app\/wp-content\/uploads\/2023\/04\/benicasim-activa-23.jpg","type":"image\/jpeg"}],"author":"Alexandra Gallego","twitter_card":"summary_large_image","twitter_creator":"@EagoraApp","twitter_site":"@EagoraApp","twitter_misc":{"Escrit per":"Alexandra Gallego","Temps estimat de lectura":"3 minuts"},"schema":{"@context":"https:\/\/schema.org","@graph":[{"@type":"Article","@id":"https:\/\/www.eagora.app\/ca\/conocimiento\/projectes-seleccionats-a-benicassim-activa-2023\/#article","isPartOf":{"@id":"https:\/\/www.eagora.app\/ca\/conocimiento\/projectes-seleccionats-a-benicassim-activa-2023\/"},"author":{"name":"Alexandra Gallego","@id":"https:\/\/www.eagora.app\/ca\/#\/schema\/person\/a4a60fc1ef1735a32fe2ec549cdbfd52"},"headline":"Projectes seleccionats a \u2018Benic\u00e0ssim Activa 2023\u2019","datePublished":"2023-04-18T07:29:32+00:00","mainEntityOfPage":{"@id":"https:\/\/www.eagora.app\/ca\/conocimiento\/projectes-seleccionats-a-benicassim-activa-2023\/"},"wordCount":540,"publisher":{"@id":"https:\/\/www.eagora.app\/ca\/#organization"},"image":{"@id":"https:\/\/www.eagora.app\/ca\/conocimiento\/projectes-seleccionats-a-benicassim-activa-2023\/#primaryimage"},"thumbnailUrl":"https:\/\/www.eagora.app\/wp-content\/uploads\/2023\/04\/benicasim-activa-23.jpg","articleSection":["Premsa"],"inLanguage":"ca"},{"@type":"WebPage","@id":"https:\/\/www.eagora.app\/ca\/conocimiento\/projectes-seleccionats-a-benicassim-activa-2023\/","url":"https:\/\/www.eagora.app\/ca\/conocimiento\/projectes-seleccionats-a-benicassim-activa-2023\/","name":"Projectes seleccionats a \u2018Benic\u00e0ssim Activa 2023\u2019 - eAgora","isPartOf":{"@id":"https:\/\/www.eagora.app\/ca\/#website"},"primaryImageOfPage":{"@id":"https:\/\/www.eagora.app\/ca\/conocimiento\/projectes-seleccionats-a-benicassim-activa-2023\/#primaryimage"},"image":{"@id":"https:\/\/www.eagora.app\/ca\/conocimiento\/projectes-seleccionats-a-benicassim-activa-2023\/#primaryimage"},"thumbnailUrl":"https:\/\/www.eagora.app\/wp-content\/uploads\/2023\/04\/benicasim-activa-23.jpg","datePublished":"2023-04-18T07:29:32+00:00","breadcrumb":{"@id":"https:\/\/www.eagora.app\/ca\/conocimiento\/projectes-seleccionats-a-benicassim-activa-2023\/#breadcrumb"},"inLanguage":"ca","potentialAction":[{"@type":"ReadAction","target":["https:\/\/www.eagora.app\/ca\/conocimiento\/projectes-seleccionats-a-benicassim-activa-2023\/"]}]},{"@type":"ImageObject","inLanguage":"ca","@id":"https:\/\/www.eagora.app\/ca\/conocimiento\/projectes-seleccionats-a-benicassim-activa-2023\/#primaryimage","url":"https:\/\/www.eagora.app\/wp-content\/uploads\/2023\/04\/benicasim-activa-23.jpg","contentUrl":"https:\/\/www.eagora.app\/wp-content\/uploads\/2023\/04\/benicasim-activa-23.jpg","width":800,"height":674,"caption":"Proyectos seleccionados en \u2018Benic\u00e0ssim Activa 2023\u2019"},{"@type":"BreadcrumbList","@id":"https:\/\/www.eagora.app\/ca\/conocimiento\/projectes-seleccionats-a-benicassim-activa-2023\/#breadcrumb","itemListElement":[{"@type":"ListItem","position":1,"name":"Inicio","item":"https:\/\/www.eagora.app\/ca\/"},{"@type":"ListItem","position":2,"name":"Coneixement","item":"https:\/\/www.eagora.app\/ca\/coneixement\/"},{"@type":"ListItem","position":3,"name":"Projectes seleccionats a \u2018Benic\u00e0ssim Activa 2023\u2019"}]},{"@type":"WebSite","@id":"https:\/\/www.eagora.app\/ca\/#website","url":"https:\/\/www.eagora.app\/ca\/","name":"eAgora","description":"La plataforma que nos conecta","publisher":{"@id":"https:\/\/www.eagora.app\/ca\/#organization"},"potentialAction":[{"@type":"SearchAction","target":{"@type":"EntryPoint","urlTemplate":"https:\/\/www.eagora.app\/ca\/?s={search_term_string}"},"query-input":{"@type":"PropertyValueSpecification","valueRequired":true,"valueName":"search_term_string"}}],"inLanguage":"ca"},{"@type":"Organization","@id":"https:\/\/www.eagora.app\/ca\/#organization","name":"eAgora","url":"https:\/\/www.eagora.app\/ca\/","logo":{"@type":"ImageObject","inLanguage":"ca","@id":"https:\/\/www.eagora.app\/ca\/#\/schema\/logo\/image\/","url":"https:\/\/www.eagora.app\/wp-content\/uploads\/2023\/02\/logo-eagora-emails.jpg","contentUrl":"https:\/\/www.eagora.app\/wp-content\/uploads\/2023\/02\/logo-eagora-emails.jpg","width":550,"height":146,"caption":"eAgora"},"image":{"@id":"https:\/\/www.eagora.app\/ca\/#\/schema\/logo\/image\/"},"sameAs":["https:\/\/www.facebook.com\/eAgoraApp","https:\/\/x.com\/EagoraApp","https:\/\/www.instagram.com\/eagora.app\/","https:\/\/www.linkedin.com\/company\/eagora","https:\/\/www.youtube.com\/@eAgoraApp"]},{"@type":"Person","@id":"https:\/\/www.eagora.app\/ca\/#\/schema\/person\/a4a60fc1ef1735a32fe2ec549cdbfd52","name":"Alexandra Gallego","image":{"@type":"ImageObject","inLanguage":"ca","@id":"https:\/\/www.eagora.app\/ca\/#\/schema\/person\/image\/","url":"https:\/\/secure.gravatar.com\/avatar\/040b2e489de6f908c77a3de90c4ff9b87097b9ca5726a0c9c132b167326130cc?s=96&d=mm&r=g","contentUrl":"https:\/\/secure.gravatar.com\/avatar\/040b2e489de6f908c77a3de90c4ff9b87097b9ca5726a0c9c132b167326130cc?s=96&d=mm&r=g","caption":"Alexandra Gallego"}}]}},"jetpack_featured_media_url":"https:\/\/www.eagora.app\/wp-content\/uploads\/2023\/04\/benicasim-activa-23.jpg","jetpack_sharing_enabled":true,"_links":{"self":[{"href":"https:\/\/www.eagora.app\/ca\/wp-json\/wp\/v2\/posts\/13703","targetHints":{"allow":["GET"]}}],"collection":[{"href":"https:\/\/www.eagora.app\/ca\/wp-json\/wp\/v2\/posts"}],"about":[{"href":"https:\/\/www.eagora.app\/ca\/wp-json\/wp\/v2\/types\/post"}],"author":[{"embeddable":true,"href":"https:\/\/www.eagora.app\/ca\/wp-json\/wp\/v2\/users\/12"}],"replies":[{"embeddable":true,"href":"https:\/\/www.eagora.app\/ca\/wp-json\/wp\/v2\/comments?post=13703"}],"version-history":[{"count":0,"href":"https:\/\/www.eagora.app\/ca\/wp-json\/wp\/v2\/posts\/13703\/revisions"}],"wp:featuredmedia":[{"embeddable":true,"href":"https:\/\/www.eagora.app\/ca\/wp-json\/wp\/v2\/media\/13695"}],"wp:attachment":[{"href":"https:\/\/www.eagora.app\/ca\/wp-json\/wp\/v2\/media?parent=13703"}],"wp:term":[{"taxonomy":"category","embeddable":true,"href":"https:\/\/www.eagora.app\/ca\/wp-json\/wp\/v2\/categories?post=13703"},{"taxonomy":"post_tag","embeddable":true,"href":"https:\/\/www.eagora.app\/ca\/wp-json\/wp\/v2\/tags?post=13703"}],"curies":[{"name":"wp","href":"https:\/\/api.w.org\/{rel}","templated":true}]}}